
{"id":240305,"date":"2021-09-24T11:49:43","date_gmt":"2021-09-24T09:49:43","guid":{"rendered":"https:\/\/www.cinevox.be\/?p=240305"},"modified":"2021-09-27T09:36:10","modified_gmt":"2021-09-27T07:36:10","slug":"rendez-vous-chez-nadette-ok","status":"publish","type":"post","link":"https:\/\/w-l-c.be\/fr\/rendez-vous-chez-nadette-ok\/","title":{"rendered":"Rendez-vous \u00ab\u00a0Chez Nadette\u00a0\u00bb"},"content":{"rendered":"<p><strong>Lundi soir, juste \u00e0 temps pour c\u00e9l\u00e9brer les 50 ans de la F\u00e9d\u00e9ration Wallonie Bruxelles, la RTBF lance sur La Une juste avant le JT une mini-s\u00e9rie audacieuse et in\u00e9dite, <em>Chez Nadette<\/em>, cr\u00e9\u00e9e par Thierry de Coster, Christelle Delbrouck et Laura Fautr\u00e9, d\u00e9claration d&rsquo;amour \u00e0 la Wallonie, \u00e0 ses langues, \u00e0 son \u00e2me et \u00e0 ses habitant\u00b7es.<\/strong><\/p>\n<p class=\"p1\"><span class=\"s1\"><em>Chez Nadette<\/em>, c\u2019est un bistrot de village tenu par une m\u00e8re et sa fille. C&rsquo;est une histoire de femmes au c\u0153ur de la Wallonie, c&rsquo;est la saveur du Wallon au gr\u00e9 des confidences.\u00a0<\/span><\/p>\n<p class=\"p1\"><span class=\"s1\">Nadette c&rsquo;est aussi la maman du village, la maman, et la r\u00e9f\u00e9rence. C&rsquo;est elle qui remet r\u00e9guli\u00e8rement l&rsquo;Eglise au milieu du village, comme on dit. <\/span><\/p>\n<p class=\"p1\"><span class=\"s1\">La fanfare locale se dispute sur l&rsquo;\u00e9rection d&rsquo;une nouvelle statue d\u00e9di\u00e9e au soldat inconnu? Pourquoi pas, mais avant \u00e7a, o\u00f9 est celle de la femme inconnue, celle qui a fait vivre le village pendant la guerre, revendique Nadette?<\/span><\/p>\n<p><img loading=\"lazy\" decoding=\"async\" class=\"alignnone size-large wp-image-240308\" src=\"https:\/\/www.cinevox.be\/wp-content\/uploads\/2021\/09\/Chez-Nadette4-800x450.jpeg\" alt=\"\" width=\"618\" height=\"348\" srcset=\"https:\/\/w-l-c.be\/wp-content\/uploads\/2021\/09\/Chez-Nadette4-800x450.jpeg 800w, https:\/\/w-l-c.be\/wp-content\/uploads\/2021\/09\/Chez-Nadette4-480x270.jpeg 480w, https:\/\/w-l-c.be\/wp-content\/uploads\/2021\/09\/Chez-Nadette4-200x113.jpeg 200w, https:\/\/w-l-c.be\/wp-content\/uploads\/2021\/09\/Chez-Nadette4-768x432.jpeg 768w, https:\/\/w-l-c.be\/wp-content\/uploads\/2021\/09\/Chez-Nadette4-1536x864.jpeg 1536w, https:\/\/w-l-c.be\/wp-content\/uploads\/2021\/09\/Chez-Nadette4-599x337.jpeg 599w, https:\/\/w-l-c.be\/wp-content\/uploads\/2021\/09\/Chez-Nadette4.jpeg 1920w\" sizes=\"auto, (max-width: 618px) 100vw, 618px\" \/><\/p>\n<p>Le cur\u00e9 s&rsquo;offusque qu&rsquo;on peigne les ongles de la statue de Marie, faisant d&rsquo;elle une quasi prostitu\u00e9e? Mais quel sort r\u00e9serve-t-on aux Marie-Madeleine d&rsquo;aujourd&rsquo;hui? Quelle place pour elle, Nadette, m\u00e8re c\u00e9libataire qui vit seule avec sa fille?<\/p>\n<p class=\"p2\">Chez Nadette, c&rsquo;est le point de ralliement des habitant\u00b7es du village, mais aussi des gens de passage. C&rsquo;est l\u00e0 que surgissent les questions qui habitent l&rsquo;\u00e2me wallonne, l\u00e0 que se confrontent tradition et modernit\u00e9, f\u00e9minisme et ruralit\u00e9.<\/p>\n<p>Si le wallon est la langue de choix des diff\u00e9rents personnages, il s&rsquo;efface vite au profit de l&rsquo;histoire, des destins singuliers des h\u00e9ro\u00efnes de la s\u00e9rie, m\u00e8re et fille, et de celles et ceux qu&rsquo;elles croisent.<\/p>\n<p><img loading=\"lazy\" decoding=\"async\" class=\"alignnone size-large wp-image-240310\" src=\"https:\/\/www.cinevox.be\/wp-content\/uploads\/2021\/09\/Chez-Nadette2-800x450.jpeg\" alt=\"\" width=\"618\" height=\"348\" srcset=\"https:\/\/w-l-c.be\/wp-content\/uploads\/2021\/09\/Chez-Nadette2-800x450.jpeg 800w, https:\/\/w-l-c.be\/wp-content\/uploads\/2021\/09\/Chez-Nadette2-480x270.jpeg 480w, https:\/\/w-l-c.be\/wp-content\/uploads\/2021\/09\/Chez-Nadette2-200x113.jpeg 200w, https:\/\/w-l-c.be\/wp-content\/uploads\/2021\/09\/Chez-Nadette2-768x432.jpeg 768w, https:\/\/w-l-c.be\/wp-content\/uploads\/2021\/09\/Chez-Nadette2-1536x864.jpeg 1536w, https:\/\/w-l-c.be\/wp-content\/uploads\/2021\/09\/Chez-Nadette2-599x337.jpeg 599w, https:\/\/w-l-c.be\/wp-content\/uploads\/2021\/09\/Chez-Nadette2.jpeg 1920w\" sizes=\"auto, (max-width: 618px) 100vw, 618px\" \/><\/p>\n<p>Derri\u00e8re cette langue locale qui ancre une r\u00e9gion et un territoire dans l&rsquo;histoire et la tradition, des th\u00e9matiques \u00e9tonnamment modernes surgissent. Ainsi Nadette, la \u00ab\u00a0rebouteuse\u00a0\u00bb houspill\u00e9e par le m\u00e9decin du village, fait ressurgir l&rsquo;image de la sorci\u00e8re savante, figure de proue ultra-contemporaine de l&rsquo;\u00e9co-f\u00e9minisme.<\/p>\n<p><em>Chez Nadette<\/em> vient \u00e0 l&rsquo;origine d&rsquo;une envie de Thierry de Coster de continuer \u00e0 explorer l&rsquo;identit\u00e9 wallonne, apr\u00e8s l&rsquo;exp\u00e9rience \u00ab\u00a0Stoemp, P\u00e8k\u00e8t et des Rawettes\u00a0\u00bb. Pour imaginer cette s\u00e9rie au format atypique, il s&rsquo;est tourn\u00e9 vers Christelle Delbrouck, <em>\u00ab\u00a0une amie de longue route, une com\u00e9dienne de talent et une femme extraordinaire\u00a0\u00bb<\/em>, originaire du Nord de la Province du Luxembourg, et vers la jeune com\u00e9dienne Laura Fautr\u00e9, l&rsquo;h\u00e9ro\u00efne notamment du tr\u00e8s beau court m\u00e9trage <em>Qui vive<\/em> d&rsquo;Ana\u00efs Debus, qu&rsquo;il d\u00e9couvre dans le seule-en-sc\u00e8ne <em>Ma Pucelette<\/em>, qui tourne autour du folklore wasmois.<\/p>\n<p><img loading=\"lazy\" decoding=\"async\" class=\"alignnone size-large wp-image-240312\" src=\"https:\/\/www.cinevox.be\/wp-content\/uploads\/2021\/09\/Chez-Nadette5-800x450.jpeg\" alt=\"\" width=\"618\" height=\"348\" srcset=\"https:\/\/w-l-c.be\/wp-content\/uploads\/2021\/09\/Chez-Nadette5-800x450.jpeg 800w, https:\/\/w-l-c.be\/wp-content\/uploads\/2021\/09\/Chez-Nadette5-480x270.jpeg 480w, https:\/\/w-l-c.be\/wp-content\/uploads\/2021\/09\/Chez-Nadette5-200x113.jpeg 200w, https:\/\/w-l-c.be\/wp-content\/uploads\/2021\/09\/Chez-Nadette5-768x432.jpeg 768w, https:\/\/w-l-c.be\/wp-content\/uploads\/2021\/09\/Chez-Nadette5-1536x864.jpeg 1536w, https:\/\/w-l-c.be\/wp-content\/uploads\/2021\/09\/Chez-Nadette5-599x337.jpeg 599w, https:\/\/w-l-c.be\/wp-content\/uploads\/2021\/09\/Chez-Nadette5.jpeg 1920w\" sizes=\"auto, (max-width: 618px) 100vw, 618px\" \/><\/p>\n<p>Pour lui, avant d&rsquo;\u00eatre une s\u00e9rie en wallon, <em>Chez Nadette<\/em> est avant tout <em>\u00ab\u00a0une histoire de femmes, de terroir et de campagne, qui interroge la place de la femme dans le monde rural, port\u00e9e par deux h\u00e9ro\u00efnes qui nous montrent aussi comment \u00eatre plus intelligent\u00b7es en soci\u00e9t\u00e9, comment mieux vivre ensemble.\u00a0\u00bb\u00a0<\/em><\/p>\n<p>Alors que ce format court est souvent d\u00e9clin\u00e9 sur le ton de l&rsquo;humour, l&rsquo;\u00e9quipe de <em>Chez Nadette<\/em> r\u00eavait plut\u00f4t de proposer de petites \u00ab\u00a0<em>bulles po\u00e9tiques<\/em>\u00ab\u00a0, de \u00ab\u00a0<em>parler d&rsquo;amour et d&rsquo;\u00e9motions, tout en s&rsquo;int\u00e9ressant \u00e0 notre histoire wallonne.<\/em>\u00a0\u00bb S&rsquo;il s&rsquo;agit d&rsquo;une fiction, les trois auteur\u00b7ices ont rencontr\u00e9 de nombreux\u00b7ses wallon\u00b7nes pour imaginer la s\u00e9rie, se nourrissant de ce travail de recherche quasi documentaire.<\/p>\n<p>La RTBF se r\u00e9jouit d&rsquo;ailleurs, via Sandrine Graulich, cheffe \u00e9ditoriale de La Une, de cette audace consistant \u00e0 <em>\u00ab\u00a0oser un programme en wallon, autour de simples mais fortes valeurs humaines, incarn\u00e9es par un duo m\u00e8re\/fille.\u00a0\u00bb\u00a0<\/em><\/p>\n<p><em>\u00ab\u00a0Le programme \u00e9vite les \u00e9cueils d&rsquo;une Wallonie fantasm\u00e9e et qui serait un peu surann\u00e9e,<\/em> rench\u00e9rit Marc Janssens, responsable du p\u00f4le fiction \u00e0 la RTBF, <em>pour livrer un beau et \u00e9mouvant portrait de femmes.\u00a0\u00bb<\/em><\/p>\n<p><img loading=\"lazy\" decoding=\"async\" class=\"alignnone size-large wp-image-240314\" src=\"https:\/\/www.cinevox.be\/wp-content\/uploads\/2021\/09\/Chez-Nadette3-800x450.jpeg\" alt=\"\" width=\"618\" height=\"348\" srcset=\"https:\/\/w-l-c.be\/wp-content\/uploads\/2021\/09\/Chez-Nadette3-800x450.jpeg 800w, https:\/\/w-l-c.be\/wp-content\/uploads\/2021\/09\/Chez-Nadette3-480x270.jpeg 480w, https:\/\/w-l-c.be\/wp-content\/uploads\/2021\/09\/Chez-Nadette3-200x113.jpeg 200w, https:\/\/w-l-c.be\/wp-content\/uploads\/2021\/09\/Chez-Nadette3-768x432.jpeg 768w, https:\/\/w-l-c.be\/wp-content\/uploads\/2021\/09\/Chez-Nadette3-1536x864.jpeg 1536w, https:\/\/w-l-c.be\/wp-content\/uploads\/2021\/09\/Chez-Nadette3-599x337.jpeg 599w, https:\/\/w-l-c.be\/wp-content\/uploads\/2021\/09\/Chez-Nadette3.jpeg 1920w\" sizes=\"auto, (max-width: 618px) 100vw, 618px\" \/><\/p>\n<p>Si la s\u00e9rie effectivement \u00e9vite le pittoresque, c&rsquo;est aussi car son langage, le wallon, ou plut\u00f4t le frallon comme l&rsquo;appelle son jeune producteur David Mathy, s&rsquo;impose d\u00e8s la premi\u00e8re seconde, comme une \u00e9vidence, une musique dont il n&rsquo;est pas n\u00e9cessaire de conna\u00eetre toutes les notes, mais par laquelle on se laisse bercer.<\/p>\n<p>Les 10 premiers \u00e9pisodes diffus\u00e9s \u00e0 l&rsquo;antenne \u00e0 partir de lundi ne seront d&rsquo;ailleurs pas sous-titr\u00e9s. <em>\u00ab\u00a0C&rsquo;\u00e9tait important pour nous. Je suis wallon,<\/em> continue David Mathy, <em>j&rsquo;ai entendu cette langue toute mon enfance, et je l&rsquo;entends encore. En Wallonie, les gens commencent leur phrase en fran\u00e7ais, et les terminent en wallon. C&rsquo;est la langue de l&rsquo;\u00e9motion, souvent leur langue maternelle. La langue, c&rsquo;est plus qu&rsquo;un h\u00e9ritage, c&rsquo;est un point de vue sur le monde.\u00a0\u00bb<\/em><\/p>\n<p>David Mathy produit \u00ab Chez Nadette \u00bb pour Koko arrose la culture, en compagnie de Benoit Roland et 1080 films, duo d\u00e9j\u00e0 \u00e0 la man\u0153uvre pour Baraki.<\/p>\n<p>D\u00e8s lundi, laissez-vous donc surprendre par ce format inattendu, ces deux h\u00e9ro\u00efnes fortes, atypiques, cette plong\u00e9e au coeur de la Wallonie d&rsquo;hier et d&rsquo;aujourd&rsquo;hui.<\/p>\n<p>&nbsp;<\/p>\n","protected":false},"excerpt":{"rendered":"<p>Lundi soir, juste \u00e0 temps pour c\u00e9l\u00e9brer les 50 ans de la F\u00e9d\u00e9ration Wallonie Bruxelles, la RTBF lance sur La Une juste avant le JT une mini-s\u00e9rie audacieuse et in\u00e9dite, Chez Nadette, cr\u00e9\u00e9e par Thierry de Coster, Christelle Delbrouck et Laura Fautr\u00e9, d\u00e9claration d&rsquo;amour \u00e0 la Wallonie, \u00e0 ses langues, \u00e0 son \u00e2me et \u00e0 &hellip;<\/p>\n","protected":false},"author":343,"featured_media":240306,"comment_status":"closed","ping_status":"closed","sticky":false,"template":"","format":"standard","meta":{"ngg_post_thumbnail":0,"footnotes":""},"categories":[14],"tags":[6477,4187],"class_list":["post-240305","post","type-post","status-publish","format-standard","has-post-thumbnail","","category-home-cinema","tag-chez-nadette","tag-newsletter-fr"],"yoast_head":"<!-- This site is optimized with the Yoast SEO plugin v20.4 - https:\/\/yoast.com\/wordpress\/plugins\/seo\/ -->\n<title>Rendez-vous &quot;Chez Nadette&quot; - w-l-c<\/title>\n<meta name=\"robots\" content=\"noindex, follow, max-snippet:-1, max-image-preview:large, max-video-preview:-1\" \/>\n<meta property=\"og:locale\" content=\"fr_FR\" \/>\n<meta property=\"og:type\" content=\"article\" \/>\n<meta property=\"og:title\" content=\"Rendez-vous &quot;Chez Nadette&quot; - w-l-c\" \/>\n<meta property=\"og:description\" content=\"Lundi soir, juste \u00e0 temps pour c\u00e9l\u00e9brer les 50 ans de la F\u00e9d\u00e9ration Wallonie Bruxelles, la RTBF lance sur La Une juste avant le JT une mini-s\u00e9rie audacieuse et in\u00e9dite, Chez Nadette, cr\u00e9\u00e9e par Thierry de Coster, Christelle Delbrouck et Laura Fautr\u00e9, d\u00e9claration d&rsquo;amour \u00e0 la Wallonie, \u00e0 ses langues, \u00e0 son \u00e2me et \u00e0 &hellip;\" \/>\n<meta property=\"og:url\" content=\"https:\/\/w-l-c.be\/fr\/rendez-vous-chez-nadette-ok\/\" \/>\n<meta property=\"og:site_name\" content=\"w-l-c\" \/>\n<meta property=\"article:published_time\" content=\"2021-09-24T09:49:43+00:00\" \/>\n<meta property=\"article:modified_time\" content=\"2021-09-27T07:36:10+00:00\" \/>\n<meta property=\"og:image\" content=\"https:\/\/w-l-c.be\/wp-content\/uploads\/2021\/09\/Chez-Nadette.jpeg\" \/>\n\t<meta property=\"og:image:width\" content=\"1920\" \/>\n\t<meta property=\"og:image:height\" content=\"1080\" \/>\n\t<meta property=\"og:image:type\" content=\"image\/jpeg\" \/>\n<meta name=\"author\" content=\"Aurore Engelen\" \/>\n<meta name=\"twitter:card\" content=\"summary_large_image\" \/>\n<meta name=\"twitter:label1\" content=\"\u00c9crit par\" \/>\n\t<meta name=\"twitter:data1\" content=\"Aurore Engelen\" \/>\n\t<meta name=\"twitter:label2\" content=\"Dur\u00e9e de lecture estim\u00e9e\" \/>\n\t<meta name=\"twitter:data2\" content=\"5 minutes\" \/>\n<script type=\"application\/ld+json\" class=\"yoast-schema-graph\">{\"@context\":\"https:\/\/schema.org\",\"@graph\":[{\"@type\":\"WebPage\",\"@id\":\"https:\/\/w-l-c.be\/fr\/rendez-vous-chez-nadette-ok\/\",\"url\":\"https:\/\/w-l-c.be\/fr\/rendez-vous-chez-nadette-ok\/\",\"name\":\"Rendez-vous \\\"Chez Nadette\\\" - w-l-c\",\"isPartOf\":{\"@id\":\"https:\/\/w-l-c.be\/fr\/#website\"},\"datePublished\":\"2021-09-24T09:49:43+00:00\",\"dateModified\":\"2021-09-27T07:36:10+00:00\",\"author\":{\"@id\":\"https:\/\/w-l-c.be\/fr\/#\/schema\/person\/8084b68c6b176142d073695c654dc7cf\"},\"breadcrumb\":{\"@id\":\"https:\/\/w-l-c.be\/fr\/rendez-vous-chez-nadette-ok\/#breadcrumb\"},\"inLanguage\":\"fr-FR\",\"potentialAction\":[{\"@type\":\"ReadAction\",\"target\":[\"https:\/\/w-l-c.be\/fr\/rendez-vous-chez-nadette-ok\/\"]}]},{\"@type\":\"BreadcrumbList\",\"@id\":\"https:\/\/w-l-c.be\/fr\/rendez-vous-chez-nadette-ok\/#breadcrumb\",\"itemListElement\":[{\"@type\":\"ListItem\",\"position\":1,\"name\":\"Accueil\",\"item\":\"https:\/\/w-l-c.be\/fr\/\"},{\"@type\":\"ListItem\",\"position\":2,\"name\":\"Rendez-vous \u00ab\u00a0Chez Nadette\u00a0\u00bb\"}]},{\"@type\":\"WebSite\",\"@id\":\"https:\/\/w-l-c.be\/fr\/#website\",\"url\":\"https:\/\/w-l-c.be\/fr\/\",\"name\":\"w-l-c\",\"description\":\"Le cin\u00e9ma vu par les belges\",\"potentialAction\":[{\"@type\":\"SearchAction\",\"target\":{\"@type\":\"EntryPoint\",\"urlTemplate\":\"https:\/\/w-l-c.be\/fr\/?s={search_term_string}\"},\"query-input\":\"required name=search_term_string\"}],\"inLanguage\":\"fr-FR\"},{\"@type\":\"Person\",\"@id\":\"https:\/\/w-l-c.be\/fr\/#\/schema\/person\/8084b68c6b176142d073695c654dc7cf\",\"name\":\"Aurore Engelen\",\"url\":\"https:\/\/w-l-c.be\/fr\/author\/aurore-engelen\/\"}]}<\/script>\n<!-- \/ Yoast SEO plugin. -->","yoast_head_json":{"title":"Rendez-vous \"Chez Nadette\" - w-l-c","robots":{"index":"noindex","follow":"follow","max-snippet":"max-snippet:-1","max-image-preview":"max-image-preview:large","max-video-preview":"max-video-preview:-1"},"og_locale":"fr_FR","og_type":"article","og_title":"Rendez-vous \"Chez Nadette\" - w-l-c","og_description":"Lundi soir, juste \u00e0 temps pour c\u00e9l\u00e9brer les 50 ans de la F\u00e9d\u00e9ration Wallonie Bruxelles, la RTBF lance sur La Une juste avant le JT une mini-s\u00e9rie audacieuse et in\u00e9dite, Chez Nadette, cr\u00e9\u00e9e par Thierry de Coster, Christelle Delbrouck et Laura Fautr\u00e9, d\u00e9claration d&rsquo;amour \u00e0 la Wallonie, \u00e0 ses langues, \u00e0 son \u00e2me et \u00e0 &hellip;","og_url":"https:\/\/w-l-c.be\/fr\/rendez-vous-chez-nadette-ok\/","og_site_name":"w-l-c","article_published_time":"2021-09-24T09:49:43+00:00","article_modified_time":"2021-09-27T07:36:10+00:00","og_image":[{"width":1920,"height":1080,"url":"https:\/\/w-l-c.be\/wp-content\/uploads\/2021\/09\/Chez-Nadette.jpeg","type":"image\/jpeg"}],"author":"Aurore Engelen","twitter_card":"summary_large_image","twitter_misc":{"\u00c9crit par":"Aurore Engelen","Dur\u00e9e de lecture estim\u00e9e":"5 minutes"},"schema":{"@context":"https:\/\/schema.org","@graph":[{"@type":"WebPage","@id":"https:\/\/w-l-c.be\/fr\/rendez-vous-chez-nadette-ok\/","url":"https:\/\/w-l-c.be\/fr\/rendez-vous-chez-nadette-ok\/","name":"Rendez-vous \"Chez Nadette\" - w-l-c","isPartOf":{"@id":"https:\/\/w-l-c.be\/fr\/#website"},"datePublished":"2021-09-24T09:49:43+00:00","dateModified":"2021-09-27T07:36:10+00:00","author":{"@id":"https:\/\/w-l-c.be\/fr\/#\/schema\/person\/8084b68c6b176142d073695c654dc7cf"},"breadcrumb":{"@id":"https:\/\/w-l-c.be\/fr\/rendez-vous-chez-nadette-ok\/#breadcrumb"},"inLanguage":"fr-FR","potentialAction":[{"@type":"ReadAction","target":["https:\/\/w-l-c.be\/fr\/rendez-vous-chez-nadette-ok\/"]}]},{"@type":"BreadcrumbList","@id":"https:\/\/w-l-c.be\/fr\/rendez-vous-chez-nadette-ok\/#breadcrumb","itemListElement":[{"@type":"ListItem","position":1,"name":"Accueil","item":"https:\/\/w-l-c.be\/fr\/"},{"@type":"ListItem","position":2,"name":"Rendez-vous \u00ab\u00a0Chez Nadette\u00a0\u00bb"}]},{"@type":"WebSite","@id":"https:\/\/w-l-c.be\/fr\/#website","url":"https:\/\/w-l-c.be\/fr\/","name":"w-l-c","description":"Le cin\u00e9ma vu par les belges","potentialAction":[{"@type":"SearchAction","target":{"@type":"EntryPoint","urlTemplate":"https:\/\/w-l-c.be\/fr\/?s={search_term_string}"},"query-input":"required name=search_term_string"}],"inLanguage":"fr-FR"},{"@type":"Person","@id":"https:\/\/w-l-c.be\/fr\/#\/schema\/person\/8084b68c6b176142d073695c654dc7cf","name":"Aurore Engelen","url":"https:\/\/w-l-c.be\/fr\/author\/aurore-engelen\/"}]}},"_links":{"self":[{"href":"https:\/\/w-l-c.be\/fr\/wp-json\/wp\/v2\/posts\/240305","targetHints":{"allow":["GET"]}}],"collection":[{"href":"https:\/\/w-l-c.be\/fr\/wp-json\/wp\/v2\/posts"}],"about":[{"href":"https:\/\/w-l-c.be\/fr\/wp-json\/wp\/v2\/types\/post"}],"author":[{"embeddable":true,"href":"https:\/\/w-l-c.be\/fr\/wp-json\/wp\/v2\/users\/343"}],"replies":[{"embeddable":true,"href":"https:\/\/w-l-c.be\/fr\/wp-json\/wp\/v2\/comments?post=240305"}],"version-history":[{"count":0,"href":"https:\/\/w-l-c.be\/fr\/wp-json\/wp\/v2\/posts\/240305\/revisions"}],"wp:featuredmedia":[{"embeddable":true,"href":"https:\/\/w-l-c.be\/fr\/wp-json\/wp\/v2\/media\/240306"}],"wp:attachment":[{"href":"https:\/\/w-l-c.be\/fr\/wp-json\/wp\/v2\/media?parent=240305"}],"wp:term":[{"taxonomy":"category","embeddable":true,"href":"https:\/\/w-l-c.be\/fr\/wp-json\/wp\/v2\/categories?post=240305"},{"taxonomy":"post_tag","embeddable":true,"href":"https:\/\/w-l-c.be\/fr\/wp-json\/wp\/v2\/tags?post=240305"}],"curies":[{"name":"wp","href":"https:\/\/api.w.org\/{rel}","templated":true}]}}