
{"id":240366,"date":"2021-09-27T08:23:55","date_gmt":"2021-09-27T06:23:55","guid":{"rendered":"https:\/\/www.cinevox.be\/?p=240366"},"modified":"2021-09-27T08:23:55","modified_gmt":"2021-09-27T06:23:55","slug":"stage-a-lagence-belge-du-court-metrage-2","status":"publish","type":"post","link":"https:\/\/w-l-c.be\/fr\/stage-a-lagence-belge-du-court-metrage-2\/","title":{"rendered":"Stage \u00e0 l&rsquo;Agence belge du court m\u00e9trage"},"content":{"rendered":"<p><strong>L&rsquo;Agence belge du court me\u0301trage est une agence de distribution et un agent de ventes. Elle a pour mission de promouvoir et diffuser les courts me\u0301trages belges sur ses terres et a\u0300 l&rsquo;e\u0301tranger via les inscriptions en festivals, les ventes te\u0301le\u0301s, ou encore la diffusion salle.<\/strong><\/p>\n<p><strong>Description du poste :<\/strong><\/p>\n<p>COMMUNICATION (40%)<\/p>\n<ul>\n<li>Assister a\u0300 la re\u0301daction et a\u0300 la mise en forme des newsletters ;<\/li>\n<li>Tenir a\u0300 jour le site web (nouveaux films, e\u0301ve\u0301nements, se\u0301lections&#8230;)<\/li>\n<\/ul>\n<p>DIFFUSION (60%)<\/p>\n<ul>\n<li>Visionner les films du catalogue de diffusion ;<\/li>\n<li>Comple\u0301ter le catalogue (mots-cle\u0301s, informations sur le film, etc.) ;<\/li>\n<li>Contribuer a\u0300 la mise a\u0300 jour de la base de donne\u0301es ;<\/li>\n<li>Assister a\u0300 l\u2019organisation des e\u0301ve\u0301nements ponctuels ;<\/li>\n<li>Assister au suivi des demandes de diffusions (envoi du mate\u0301riel, contact des e\u0301quipes de films&#8230;).<\/li>\n<\/ul>\n<p><strong>Profil recherche\u0301 :<\/strong><\/p>\n<ul>\n<li>Int\u00e9r\u00eat pour le cin\u00e9ma<\/li>\n<li>Facilit\u00e9s en anglais (la mai\u0302trise du ne\u0301erlandais est un atout)<\/li>\n<li>Personne consciencieuse, rigoureuse et organis\u00e9e<\/li>\n<li>Bonne orthographe<\/li>\n<li>Autonomie et esprit d\u2019initiative<\/li>\n<\/ul>\n<p>Diplo\u0302me requis et\/ou e\u0301tudes en cours : Diplo\u0302me d&rsquo;e\u0301tudes supe\u0301rieures ou master en cours en Sciences humaines, gestion culturelle, communication.<br \/>\nExpe\u0301rience professionnelle e\u0301ventuelle : Pas d&rsquo;expe\u0301rience professionnelle requise, mais c&rsquo;est un plus. Frais de transports rembourse\u0301s mais stage non re\u0301mune\u0301re\u0301.<\/p>\n<p>De\u0301but du stage : 4 octobre.<br \/>\nDure\u0301e du stage : minimum 3 mois (jusqu\u2019aux conge\u0301s de fin d\u2019anne\u0301e).<\/p>\n<p><strong>Contact :<\/strong><\/p>\n<p>Merci d\u2019envoyer un CV et une lettre de motivation avant le vendredi 1er octobre 2021 \u00e0 Mathilde Brunet, Coordinatrice, <a href=\"mailto:mathilde@agenceducourt.be\">mathilde@agenceducourt.be<\/a><\/p>\n","protected":false},"excerpt":{"rendered":"<p>L&rsquo;Agence belge du court me\u0301trage est une agence de distribution et un agent de ventes. Elle a pour mission de promouvoir et diffuser les courts me\u0301trages belges sur ses terres et a\u0300 l&rsquo;e\u0301tranger via les inscriptions en festivals, les ventes te\u0301le\u0301s, ou encore la diffusion salle. Description du poste : COMMUNICATION (40%) Assister a\u0300 la &hellip;<\/p>\n","protected":false},"author":343,"featured_media":210485,"comment_status":"closed","ping_status":"closed","sticky":false,"template":"","format":"standard","meta":{"ngg_post_thumbnail":0,"footnotes":""},"categories":[20],"tags":[],"class_list":["post-240366","post","type-post","status-publish","format-standard","has-post-thumbnail","","category-cinejobs"],"yoast_head":"<!-- This site is optimized with the Yoast SEO plugin v20.4 - https:\/\/yoast.com\/wordpress\/plugins\/seo\/ -->\n<title>Stage \u00e0 l&#039;Agence belge du court m\u00e9trage - w-l-c<\/title>\n<meta name=\"robots\" content=\"noindex, follow, max-snippet:-1, max-image-preview:large, max-video-preview:-1\" \/>\n<meta property=\"og:locale\" content=\"fr_FR\" \/>\n<meta property=\"og:type\" content=\"article\" \/>\n<meta property=\"og:title\" content=\"Stage \u00e0 l&#039;Agence belge du court m\u00e9trage - w-l-c\" \/>\n<meta property=\"og:description\" content=\"L&rsquo;Agence belge du court me\u0301trage est une agence de distribution et un agent de ventes. Elle a pour mission de promouvoir et diffuser les courts me\u0301trages belges sur ses terres et a\u0300 l&rsquo;e\u0301tranger via les inscriptions en festivals, les ventes te\u0301le\u0301s, ou encore la diffusion salle. Description du poste : COMMUNICATION (40%) Assister a\u0300 la &hellip;\" \/>\n<meta property=\"og:url\" content=\"https:\/\/w-l-c.be\/fr\/stage-a-lagence-belge-du-court-metrage-2\/\" \/>\n<meta property=\"og:site_name\" content=\"w-l-c\" \/>\n<meta property=\"article:published_time\" content=\"2021-09-27T06:23:55+00:00\" \/>\n<meta property=\"og:image\" content=\"https:\/\/w-l-c.be\/wp-content\/uploads\/2018\/06\/LogoAgenceCourt.jpg\" \/>\n\t<meta property=\"og:image:width\" content=\"600\" \/>\n\t<meta property=\"og:image:height\" content=\"300\" \/>\n\t<meta property=\"og:image:type\" content=\"image\/jpeg\" \/>\n<meta name=\"author\" content=\"Aurore Engelen\" \/>\n<meta name=\"twitter:card\" content=\"summary_large_image\" \/>\n<meta name=\"twitter:label1\" content=\"\u00c9crit par\" \/>\n\t<meta name=\"twitter:data1\" content=\"Aurore Engelen\" \/>\n\t<meta name=\"twitter:label2\" content=\"Dur\u00e9e de lecture estim\u00e9e\" \/>\n\t<meta name=\"twitter:data2\" content=\"1 minute\" \/>\n<script type=\"application\/ld+json\" class=\"yoast-schema-graph\">{\"@context\":\"https:\/\/schema.org\",\"@graph\":[{\"@type\":\"WebPage\",\"@id\":\"https:\/\/w-l-c.be\/fr\/stage-a-lagence-belge-du-court-metrage-2\/\",\"url\":\"https:\/\/w-l-c.be\/fr\/stage-a-lagence-belge-du-court-metrage-2\/\",\"name\":\"Stage \u00e0 l'Agence belge du court m\u00e9trage - w-l-c\",\"isPartOf\":{\"@id\":\"https:\/\/w-l-c.be\/fr\/#website\"},\"datePublished\":\"2021-09-27T06:23:55+00:00\",\"dateModified\":\"2021-09-27T06:23:55+00:00\",\"author\":{\"@id\":\"https:\/\/w-l-c.be\/fr\/#\/schema\/person\/8084b68c6b176142d073695c654dc7cf\"},\"breadcrumb\":{\"@id\":\"https:\/\/w-l-c.be\/fr\/stage-a-lagence-belge-du-court-metrage-2\/#breadcrumb\"},\"inLanguage\":\"fr-FR\",\"potentialAction\":[{\"@type\":\"ReadAction\",\"target\":[\"https:\/\/w-l-c.be\/fr\/stage-a-lagence-belge-du-court-metrage-2\/\"]}]},{\"@type\":\"BreadcrumbList\",\"@id\":\"https:\/\/w-l-c.be\/fr\/stage-a-lagence-belge-du-court-metrage-2\/#breadcrumb\",\"itemListElement\":[{\"@type\":\"ListItem\",\"position\":1,\"name\":\"Accueil\",\"item\":\"https:\/\/w-l-c.be\/fr\/\"},{\"@type\":\"ListItem\",\"position\":2,\"name\":\"Stage \u00e0 l&rsquo;Agence belge du court m\u00e9trage\"}]},{\"@type\":\"WebSite\",\"@id\":\"https:\/\/w-l-c.be\/fr\/#website\",\"url\":\"https:\/\/w-l-c.be\/fr\/\",\"name\":\"w-l-c\",\"description\":\"Le cin\u00e9ma vu par les belges\",\"potentialAction\":[{\"@type\":\"SearchAction\",\"target\":{\"@type\":\"EntryPoint\",\"urlTemplate\":\"https:\/\/w-l-c.be\/fr\/?s={search_term_string}\"},\"query-input\":\"required name=search_term_string\"}],\"inLanguage\":\"fr-FR\"},{\"@type\":\"Person\",\"@id\":\"https:\/\/w-l-c.be\/fr\/#\/schema\/person\/8084b68c6b176142d073695c654dc7cf\",\"name\":\"Aurore Engelen\",\"url\":\"https:\/\/w-l-c.be\/fr\/author\/aurore-engelen\/\"}]}<\/script>\n<!-- \/ Yoast SEO plugin. -->","yoast_head_json":{"title":"Stage \u00e0 l'Agence belge du court m\u00e9trage - w-l-c","robots":{"index":"noindex","follow":"follow","max-snippet":"max-snippet:-1","max-image-preview":"max-image-preview:large","max-video-preview":"max-video-preview:-1"},"og_locale":"fr_FR","og_type":"article","og_title":"Stage \u00e0 l'Agence belge du court m\u00e9trage - w-l-c","og_description":"L&rsquo;Agence belge du court me\u0301trage est une agence de distribution et un agent de ventes. Elle a pour mission de promouvoir et diffuser les courts me\u0301trages belges sur ses terres et a\u0300 l&rsquo;e\u0301tranger via les inscriptions en festivals, les ventes te\u0301le\u0301s, ou encore la diffusion salle. Description du poste : COMMUNICATION (40%) Assister a\u0300 la &hellip;","og_url":"https:\/\/w-l-c.be\/fr\/stage-a-lagence-belge-du-court-metrage-2\/","og_site_name":"w-l-c","article_published_time":"2021-09-27T06:23:55+00:00","og_image":[{"width":600,"height":300,"url":"https:\/\/w-l-c.be\/wp-content\/uploads\/2018\/06\/LogoAgenceCourt.jpg","type":"image\/jpeg"}],"author":"Aurore Engelen","twitter_card":"summary_large_image","twitter_misc":{"\u00c9crit par":"Aurore Engelen","Dur\u00e9e de lecture estim\u00e9e":"1 minute"},"schema":{"@context":"https:\/\/schema.org","@graph":[{"@type":"WebPage","@id":"https:\/\/w-l-c.be\/fr\/stage-a-lagence-belge-du-court-metrage-2\/","url":"https:\/\/w-l-c.be\/fr\/stage-a-lagence-belge-du-court-metrage-2\/","name":"Stage \u00e0 l'Agence belge du court m\u00e9trage - w-l-c","isPartOf":{"@id":"https:\/\/w-l-c.be\/fr\/#website"},"datePublished":"2021-09-27T06:23:55+00:00","dateModified":"2021-09-27T06:23:55+00:00","author":{"@id":"https:\/\/w-l-c.be\/fr\/#\/schema\/person\/8084b68c6b176142d073695c654dc7cf"},"breadcrumb":{"@id":"https:\/\/w-l-c.be\/fr\/stage-a-lagence-belge-du-court-metrage-2\/#breadcrumb"},"inLanguage":"fr-FR","potentialAction":[{"@type":"ReadAction","target":["https:\/\/w-l-c.be\/fr\/stage-a-lagence-belge-du-court-metrage-2\/"]}]},{"@type":"BreadcrumbList","@id":"https:\/\/w-l-c.be\/fr\/stage-a-lagence-belge-du-court-metrage-2\/#breadcrumb","itemListElement":[{"@type":"ListItem","position":1,"name":"Accueil","item":"https:\/\/w-l-c.be\/fr\/"},{"@type":"ListItem","position":2,"name":"Stage \u00e0 l&rsquo;Agence belge du court m\u00e9trage"}]},{"@type":"WebSite","@id":"https:\/\/w-l-c.be\/fr\/#website","url":"https:\/\/w-l-c.be\/fr\/","name":"w-l-c","description":"Le cin\u00e9ma vu par les belges","potentialAction":[{"@type":"SearchAction","target":{"@type":"EntryPoint","urlTemplate":"https:\/\/w-l-c.be\/fr\/?s={search_term_string}"},"query-input":"required name=search_term_string"}],"inLanguage":"fr-FR"},{"@type":"Person","@id":"https:\/\/w-l-c.be\/fr\/#\/schema\/person\/8084b68c6b176142d073695c654dc7cf","name":"Aurore Engelen","url":"https:\/\/w-l-c.be\/fr\/author\/aurore-engelen\/"}]}},"_links":{"self":[{"href":"https:\/\/w-l-c.be\/fr\/wp-json\/wp\/v2\/posts\/240366","targetHints":{"allow":["GET"]}}],"collection":[{"href":"https:\/\/w-l-c.be\/fr\/wp-json\/wp\/v2\/posts"}],"about":[{"href":"https:\/\/w-l-c.be\/fr\/wp-json\/wp\/v2\/types\/post"}],"author":[{"embeddable":true,"href":"https:\/\/w-l-c.be\/fr\/wp-json\/wp\/v2\/users\/343"}],"replies":[{"embeddable":true,"href":"https:\/\/w-l-c.be\/fr\/wp-json\/wp\/v2\/comments?post=240366"}],"version-history":[{"count":0,"href":"https:\/\/w-l-c.be\/fr\/wp-json\/wp\/v2\/posts\/240366\/revisions"}],"wp:featuredmedia":[{"embeddable":true,"href":"https:\/\/w-l-c.be\/fr\/wp-json\/wp\/v2\/media\/210485"}],"wp:attachment":[{"href":"https:\/\/w-l-c.be\/fr\/wp-json\/wp\/v2\/media?parent=240366"}],"wp:term":[{"taxonomy":"category","embeddable":true,"href":"https:\/\/w-l-c.be\/fr\/wp-json\/wp\/v2\/categories?post=240366"},{"taxonomy":"post_tag","embeddable":true,"href":"https:\/\/w-l-c.be\/fr\/wp-json\/wp\/v2\/tags?post=240366"}],"curies":[{"name":"wp","href":"https:\/\/api.w.org\/{rel}","templated":true}]}}