
{"id":240384,"date":"2021-09-28T09:48:48","date_gmt":"2021-09-28T07:48:48","guid":{"rendered":"https:\/\/www.cinevox.be\/?p=240384"},"modified":"2021-09-28T09:48:48","modified_gmt":"2021-09-28T07:48:48","slug":"4-cinevox-happening-sinon-rien-au-fiff","status":"publish","type":"post","link":"https:\/\/w-l-c.be\/fr\/4-cinevox-happening-sinon-rien-au-fiff\/","title":{"rendered":"4 Cinevox Happening sinon rien au FIFF!"},"content":{"rendered":"<p><strong>Le 36e Festival International du Film Francophone de Namur d\u00e9bute ce vendredi, et nous sommes ravis de nous y associer cette ann\u00e9e encore \u00e0 travers 4 Cinevox Happenings exceptionnels!<\/strong><\/p>\n<p>Vous pourrez ainsi d\u00e9couvrir en avant-premi\u00e8re 4 films d&rsquo;exception:<\/p>\n<h4><em>Red Sandra<\/em> de Jan Verheyen, Samedi 2 octobre \u00e0 18h<\/h4>\n<p>William et Olga sont confront\u00e9s \u00e0 un diagnostic inattendu. Leur fille unique Sandra (6 ans) souffre de Leucodystrophie m\u00e9tachromatique, une maladie musculaire rare. Il lui reste environ un an \u00e0 vivre. Le monde de la famille s\u2019\u00e9croule. Le p\u00e8re refuse de perdre espoir et se jette corps et \u00e2me dans un combat contre l\u2019industrie pharmaceutique.<\/p>\n<h4><em>Mon L\u00e9gionnaire<\/em> de Rachel Lang, Samedi 2 octobre \u00e0 21h<\/h4>\n<p>Ils viennent de partout, ils ont d\u00e9sormais une chose en commun, ils appartiennent \u00e0 l\u2019\u00e9lite de l\u2019arm\u00e9e fran\u00e7aise: la L\u00e9gion \u00c9trang\u00e8re, leur nouvelle famille. <i>Mon L\u00e9gionnaire<\/i>\u00a0raconte leurs histoires : celle de ces couples qui se construisent en territoire hostile, celle de ces hommes qui se battent pour la France, celle de ces femmes qui luttent pour garder leur amour bien vivant.<\/p>\n<p><img loading=\"lazy\" decoding=\"async\" class=\"alignnone size-large wp-image-240387\" src=\"https:\/\/www.cinevox.be\/wp-content\/uploads\/2021\/09\/FotoJet-copie-800x400.jpg\" alt=\"\" width=\"618\" height=\"309\" srcset=\"https:\/\/w-l-c.be\/wp-content\/uploads\/2021\/09\/FotoJet-copie-800x400.jpg 800w, https:\/\/w-l-c.be\/wp-content\/uploads\/2021\/09\/FotoJet-copie-480x240.jpg 480w, https:\/\/w-l-c.be\/wp-content\/uploads\/2021\/09\/FotoJet-copie-768x384.jpg 768w, https:\/\/w-l-c.be\/wp-content\/uploads\/2021\/09\/FotoJet-copie-660x330.jpg 660w, https:\/\/w-l-c.be\/wp-content\/uploads\/2021\/09\/FotoJet-copie-1050x525.jpg 1050w, https:\/\/w-l-c.be\/wp-content\/uploads\/2021\/09\/FotoJet-copie.jpg 1200w\" sizes=\"auto, (max-width: 618px) 100vw, 618px\" \/><\/p>\n<h4><em>Aya<\/em> de Simon Gillard Coulibaly, Mercredi 6 octobre \u00e0 18h<\/h4>\n<p>Aya grandit avec sa m\u00e8re sur l\u2019\u00eele de Lahou. Joyeuse et insouciante, elle aime cueillir des noix de coco et dormir sur le sable. Pourtant, son paradis est vou\u00e9 \u00e0 dispara\u00eetre sous les eaux. Alors que les vagues menacent sa maison, Aya fait un choix : la mer peut bien monter, elle ne quittera pas son \u00eele.<\/p>\n<h4><em>La Mesure des Choses<\/em> de Patric Jean, Mercredi 6 octobre \u00e0 21h<\/h4>\n<p>En M\u00e9diterran\u00e9e, un lieu r\u00e9el et fictif \u00e0 la fois, la voix de D\u00e9dale donne les derniers conseils de sagesse \u00e0 Icare qui s\u2019appr\u00eate \u00e0 s\u2019envoler. Ce faisant, il questionne notre monde contemporain o\u00f9 se m\u00ealent la destruction, mais aussi la beaut\u00e9 et l\u2019humanit\u00e9. Comme une gigantesque promenade po\u00e9tique tout autour de la mer, le film nous questionne avec une urgence \u00e9tonnante : notre volont\u00e9 de mesurer le monde pour le ma\u00eetriser n\u2019est-elle pas tomb\u00e9e dans une d\u00e9mesure qui perd son sens pour l\u2019\u00eatre humain et nous fait nous br\u00fbler les ailes ? Une invitation pleine d\u2019espoir aux prochaines g\u00e9n\u00e9rations \u00e0 trouver la \u00ab juste mesure \u00bb.<\/p>\n<p>&nbsp;<\/p>\n<p>Pour vous inscrire rien de plus simple, rendez-vous <a href=\"https:\/\/www.cinevox.be\/fr\/vos-cinewishes\/#\/fan-groups\/0b72b143-bae4-4a92-99ae-8d9be68df70c\">ici<\/a>!<\/p>\n","protected":false},"excerpt":{"rendered":"<p>Le 36e Festival International du Film Francophone de Namur d\u00e9bute ce vendredi, et nous sommes ravis de nous y associer cette ann\u00e9e encore \u00e0 travers 4 Cinevox Happenings exceptionnels! Vous pourrez ainsi d\u00e9couvrir en avant-premi\u00e8re 4 films d&rsquo;exception: Red Sandra de Jan Verheyen, Samedi 2 octobre \u00e0 18h William et Olga sont confront\u00e9s \u00e0 un &hellip;<\/p>\n","protected":false},"author":343,"featured_media":240385,"comment_status":"closed","ping_status":"closed","sticky":false,"template":"","format":"standard","meta":{"ngg_post_thumbnail":0,"footnotes":""},"categories":[12],"tags":[4187],"class_list":["post-240384","post","type-post","status-publish","format-standard","has-post-thumbnail","","category-awards","tag-newsletter-fr"],"yoast_head":"<!-- This site is optimized with the Yoast SEO plugin v20.4 - https:\/\/yoast.com\/wordpress\/plugins\/seo\/ -->\n<title>4 Cinevox Happening sinon rien au FIFF! - w-l-c<\/title>\n<meta name=\"robots\" content=\"noindex, follow, max-snippet:-1, max-image-preview:large, max-video-preview:-1\" \/>\n<meta property=\"og:locale\" content=\"fr_FR\" \/>\n<meta property=\"og:type\" content=\"article\" \/>\n<meta property=\"og:title\" content=\"4 Cinevox Happening sinon rien au FIFF! - w-l-c\" \/>\n<meta property=\"og:description\" content=\"Le 36e Festival International du Film Francophone de Namur d\u00e9bute ce vendredi, et nous sommes ravis de nous y associer cette ann\u00e9e encore \u00e0 travers 4 Cinevox Happenings exceptionnels! Vous pourrez ainsi d\u00e9couvrir en avant-premi\u00e8re 4 films d&rsquo;exception: Red Sandra de Jan Verheyen, Samedi 2 octobre \u00e0 18h William et Olga sont confront\u00e9s \u00e0 un &hellip;\" \/>\n<meta property=\"og:url\" content=\"https:\/\/w-l-c.be\/fr\/4-cinevox-happening-sinon-rien-au-fiff\/\" \/>\n<meta property=\"og:site_name\" content=\"w-l-c\" \/>\n<meta property=\"article:published_time\" content=\"2021-09-28T07:48:48+00:00\" \/>\n<meta property=\"og:image\" content=\"https:\/\/w-l-c.be\/wp-content\/uploads\/2021\/09\/FotoJet-5.jpg\" \/>\n\t<meta property=\"og:image:width\" content=\"1200\" \/>\n\t<meta property=\"og:image:height\" content=\"600\" \/>\n\t<meta property=\"og:image:type\" content=\"image\/jpeg\" \/>\n<meta name=\"author\" content=\"Aurore Engelen\" \/>\n<meta name=\"twitter:card\" content=\"summary_large_image\" \/>\n<meta name=\"twitter:label1\" content=\"\u00c9crit par\" \/>\n\t<meta name=\"twitter:data1\" content=\"Aurore Engelen\" \/>\n\t<meta name=\"twitter:label2\" content=\"Dur\u00e9e de lecture estim\u00e9e\" \/>\n\t<meta name=\"twitter:data2\" content=\"2 minutes\" \/>\n<script type=\"application\/ld+json\" class=\"yoast-schema-graph\">{\"@context\":\"https:\/\/schema.org\",\"@graph\":[{\"@type\":\"WebPage\",\"@id\":\"https:\/\/w-l-c.be\/fr\/4-cinevox-happening-sinon-rien-au-fiff\/\",\"url\":\"https:\/\/w-l-c.be\/fr\/4-cinevox-happening-sinon-rien-au-fiff\/\",\"name\":\"4 Cinevox Happening sinon rien au FIFF! - w-l-c\",\"isPartOf\":{\"@id\":\"https:\/\/w-l-c.be\/fr\/#website\"},\"datePublished\":\"2021-09-28T07:48:48+00:00\",\"dateModified\":\"2021-09-28T07:48:48+00:00\",\"author\":{\"@id\":\"https:\/\/w-l-c.be\/fr\/#\/schema\/person\/8084b68c6b176142d073695c654dc7cf\"},\"breadcrumb\":{\"@id\":\"https:\/\/w-l-c.be\/fr\/4-cinevox-happening-sinon-rien-au-fiff\/#breadcrumb\"},\"inLanguage\":\"fr-FR\",\"potentialAction\":[{\"@type\":\"ReadAction\",\"target\":[\"https:\/\/w-l-c.be\/fr\/4-cinevox-happening-sinon-rien-au-fiff\/\"]}]},{\"@type\":\"BreadcrumbList\",\"@id\":\"https:\/\/w-l-c.be\/fr\/4-cinevox-happening-sinon-rien-au-fiff\/#breadcrumb\",\"itemListElement\":[{\"@type\":\"ListItem\",\"position\":1,\"name\":\"Accueil\",\"item\":\"https:\/\/w-l-c.be\/fr\/\"},{\"@type\":\"ListItem\",\"position\":2,\"name\":\"4 Cinevox Happening sinon rien au FIFF!\"}]},{\"@type\":\"WebSite\",\"@id\":\"https:\/\/w-l-c.be\/fr\/#website\",\"url\":\"https:\/\/w-l-c.be\/fr\/\",\"name\":\"w-l-c\",\"description\":\"Le cin\u00e9ma vu par les belges\",\"potentialAction\":[{\"@type\":\"SearchAction\",\"target\":{\"@type\":\"EntryPoint\",\"urlTemplate\":\"https:\/\/w-l-c.be\/fr\/?s={search_term_string}\"},\"query-input\":\"required name=search_term_string\"}],\"inLanguage\":\"fr-FR\"},{\"@type\":\"Person\",\"@id\":\"https:\/\/w-l-c.be\/fr\/#\/schema\/person\/8084b68c6b176142d073695c654dc7cf\",\"name\":\"Aurore Engelen\",\"url\":\"https:\/\/w-l-c.be\/fr\/author\/aurore-engelen\/\"}]}<\/script>\n<!-- \/ Yoast SEO plugin. -->","yoast_head_json":{"title":"4 Cinevox Happening sinon rien au FIFF! - w-l-c","robots":{"index":"noindex","follow":"follow","max-snippet":"max-snippet:-1","max-image-preview":"max-image-preview:large","max-video-preview":"max-video-preview:-1"},"og_locale":"fr_FR","og_type":"article","og_title":"4 Cinevox Happening sinon rien au FIFF! - w-l-c","og_description":"Le 36e Festival International du Film Francophone de Namur d\u00e9bute ce vendredi, et nous sommes ravis de nous y associer cette ann\u00e9e encore \u00e0 travers 4 Cinevox Happenings exceptionnels! Vous pourrez ainsi d\u00e9couvrir en avant-premi\u00e8re 4 films d&rsquo;exception: Red Sandra de Jan Verheyen, Samedi 2 octobre \u00e0 18h William et Olga sont confront\u00e9s \u00e0 un &hellip;","og_url":"https:\/\/w-l-c.be\/fr\/4-cinevox-happening-sinon-rien-au-fiff\/","og_site_name":"w-l-c","article_published_time":"2021-09-28T07:48:48+00:00","og_image":[{"width":1200,"height":600,"url":"https:\/\/w-l-c.be\/wp-content\/uploads\/2021\/09\/FotoJet-5.jpg","type":"image\/jpeg"}],"author":"Aurore Engelen","twitter_card":"summary_large_image","twitter_misc":{"\u00c9crit par":"Aurore Engelen","Dur\u00e9e de lecture estim\u00e9e":"2 minutes"},"schema":{"@context":"https:\/\/schema.org","@graph":[{"@type":"WebPage","@id":"https:\/\/w-l-c.be\/fr\/4-cinevox-happening-sinon-rien-au-fiff\/","url":"https:\/\/w-l-c.be\/fr\/4-cinevox-happening-sinon-rien-au-fiff\/","name":"4 Cinevox Happening sinon rien au FIFF! - w-l-c","isPartOf":{"@id":"https:\/\/w-l-c.be\/fr\/#website"},"datePublished":"2021-09-28T07:48:48+00:00","dateModified":"2021-09-28T07:48:48+00:00","author":{"@id":"https:\/\/w-l-c.be\/fr\/#\/schema\/person\/8084b68c6b176142d073695c654dc7cf"},"breadcrumb":{"@id":"https:\/\/w-l-c.be\/fr\/4-cinevox-happening-sinon-rien-au-fiff\/#breadcrumb"},"inLanguage":"fr-FR","potentialAction":[{"@type":"ReadAction","target":["https:\/\/w-l-c.be\/fr\/4-cinevox-happening-sinon-rien-au-fiff\/"]}]},{"@type":"BreadcrumbList","@id":"https:\/\/w-l-c.be\/fr\/4-cinevox-happening-sinon-rien-au-fiff\/#breadcrumb","itemListElement":[{"@type":"ListItem","position":1,"name":"Accueil","item":"https:\/\/w-l-c.be\/fr\/"},{"@type":"ListItem","position":2,"name":"4 Cinevox Happening sinon rien au FIFF!"}]},{"@type":"WebSite","@id":"https:\/\/w-l-c.be\/fr\/#website","url":"https:\/\/w-l-c.be\/fr\/","name":"w-l-c","description":"Le cin\u00e9ma vu par les belges","potentialAction":[{"@type":"SearchAction","target":{"@type":"EntryPoint","urlTemplate":"https:\/\/w-l-c.be\/fr\/?s={search_term_string}"},"query-input":"required name=search_term_string"}],"inLanguage":"fr-FR"},{"@type":"Person","@id":"https:\/\/w-l-c.be\/fr\/#\/schema\/person\/8084b68c6b176142d073695c654dc7cf","name":"Aurore Engelen","url":"https:\/\/w-l-c.be\/fr\/author\/aurore-engelen\/"}]}},"_links":{"self":[{"href":"https:\/\/w-l-c.be\/fr\/wp-json\/wp\/v2\/posts\/240384","targetHints":{"allow":["GET"]}}],"collection":[{"href":"https:\/\/w-l-c.be\/fr\/wp-json\/wp\/v2\/posts"}],"about":[{"href":"https:\/\/w-l-c.be\/fr\/wp-json\/wp\/v2\/types\/post"}],"author":[{"embeddable":true,"href":"https:\/\/w-l-c.be\/fr\/wp-json\/wp\/v2\/users\/343"}],"replies":[{"embeddable":true,"href":"https:\/\/w-l-c.be\/fr\/wp-json\/wp\/v2\/comments?post=240384"}],"version-history":[{"count":0,"href":"https:\/\/w-l-c.be\/fr\/wp-json\/wp\/v2\/posts\/240384\/revisions"}],"wp:featuredmedia":[{"embeddable":true,"href":"https:\/\/w-l-c.be\/fr\/wp-json\/wp\/v2\/media\/240385"}],"wp:attachment":[{"href":"https:\/\/w-l-c.be\/fr\/wp-json\/wp\/v2\/media?parent=240384"}],"wp:term":[{"taxonomy":"category","embeddable":true,"href":"https:\/\/w-l-c.be\/fr\/wp-json\/wp\/v2\/categories?post=240384"},{"taxonomy":"post_tag","embeddable":true,"href":"https:\/\/w-l-c.be\/fr\/wp-json\/wp\/v2\/tags?post=240384"}],"curies":[{"name":"wp","href":"https:\/\/api.w.org\/{rel}","templated":true}]}}