
{"id":240837,"date":"2021-10-19T10:38:21","date_gmt":"2021-10-19T08:38:21","guid":{"rendered":"https:\/\/www.cinevox.be\/?p=240837"},"modified":"2021-10-19T12:34:40","modified_gmt":"2021-10-19T10:34:40","slug":"juwaa-devoile-en-avant-premiere-au-fespaco","status":"publish","type":"post","link":"https:\/\/w-l-c.be\/fr\/juwaa-devoile-en-avant-premiere-au-fespaco\/","title":{"rendered":"\u00ab\u00a0Juwaa\u00a0\u00bb d\u00e9voil\u00e9 en avant-premi\u00e8re au Fespaco!"},"content":{"rendered":"<p><strong>C&rsquo;est aujourd&rsquo;hui que sera d\u00e9voil\u00e9 en avant-premi\u00e8re mondiale <em>Juwaa<\/em>, premier long m\u00e9trage de Nganji Mutiri, au Fespaco, Festival Panafricain du CIn\u00e9ma et de la T\u00e9l\u00e9vision de Ouagadougou, le festival th\u00e9matique historique du continent africain.<\/strong><\/p>\n<p class=\"p3\"><span class=\"s2\">R\u00e9alis\u00e9 \u00e0 Bruxelles et \u00e0 Kinshasa, <em>Juwaa<\/em> raconte les retrouvailles d\u2019un fils, Amani, et d\u2019une m\u00e8re, Riziki, une dizaine d\u2019ann\u00e9es apr\u00e8s une nuit traumatique dont personne n\u2019ose v\u00e9ritablement\u00a0 parler.<\/span><\/p>\n<p><img loading=\"lazy\" decoding=\"async\" class=\"alignnone size-large wp-image-240838\" src=\"https:\/\/www.cinevox.be\/wp-content\/uploads\/2021\/10\/OnlinePoster_Film_JUWAA_by_NGANJI_MUTIRI_Belgique_Congo_DDP-422x600.jpg\" alt=\"Affiche-Juwaa\" width=\"422\" height=\"600\" srcset=\"https:\/\/w-l-c.be\/wp-content\/uploads\/2021\/10\/OnlinePoster_Film_JUWAA_by_NGANJI_MUTIRI_Belgique_Congo_DDP-422x600.jpg 422w, https:\/\/w-l-c.be\/wp-content\/uploads\/2021\/10\/OnlinePoster_Film_JUWAA_by_NGANJI_MUTIRI_Belgique_Congo_DDP-190x270.jpg 190w, https:\/\/w-l-c.be\/wp-content\/uploads\/2021\/10\/OnlinePoster_Film_JUWAA_by_NGANJI_MUTIRI_Belgique_Congo_DDP-768x1092.jpg 768w, https:\/\/w-l-c.be\/wp-content\/uploads\/2021\/10\/OnlinePoster_Film_JUWAA_by_NGANJI_MUTIRI_Belgique_Congo_DDP-1081x1536.jpg 1081w, https:\/\/w-l-c.be\/wp-content\/uploads\/2021\/10\/OnlinePoster_Film_JUWAA_by_NGANJI_MUTIRI_Belgique_Congo_DDP-1441x2048.jpg 1441w, https:\/\/w-l-c.be\/wp-content\/uploads\/2021\/10\/OnlinePoster_Film_JUWAA_by_NGANJI_MUTIRI_Belgique_Congo_DDP-scaled.jpg 1801w\" sizes=\"auto, (max-width: 422px) 100vw, 422px\" \/><\/p>\n<p>Dans les r\u00f4les principaux, on retrouve Babetida Sadjo, actuellement \u00e0 l&rsquo;affiche de la saison 2 d&rsquo;<a href=\"https:\/\/www.cinevox.be\/fr\/into-the-night-s02-attachez-vos-ceintures-ok\/\"><em>Into the Night<\/em><\/a>, dont elle est l&rsquo;un des h\u00e9ro\u00efnes principales, et Edson Anibal, que l&rsquo;on a pu voir dans <em>La Terre et le sang<\/em>, et dans <a href=\"https:\/\/www.cinevox.be\/fr\/poissonsexe-comedie-romantique-poetique-et-futuriste\/\"><em>Poissonsexe<\/em><\/a>.<\/p>\n<p>Souvenez-vous, il y a quelques mois, nous rencontrions le jeune com\u00e9dien sur le tournage du film.<\/p>\n<p><iframe loading=\"lazy\" title=\"2mn avec... Edson Anibal\" width=\"618\" height=\"464\" src=\"https:\/\/www.youtube.com\/embed\/H0lo4mpJ0pQ?feature=oembed\" frameborder=\"0\" allow=\"accelerometer; autoplay; clipboard-write; encrypted-media; gyroscope; picture-in-picture; web-share\" referrerpolicy=\"strict-origin-when-cross-origin\" allowfullscreen><\/iframe><\/p>\n<p>Nous y croisions \u00e9galement Nganji Mutiri, le r\u00e9alisateur.<\/p>\n<p><iframe loading=\"lazy\" title=\"2mn avec... Nganji Mutiri\" width=\"618\" height=\"464\" src=\"https:\/\/www.youtube.com\/embed\/QlQD-KHSpFQ?feature=oembed\" frameborder=\"0\" allow=\"accelerometer; autoplay; clipboard-write; encrypted-media; gyroscope; picture-in-picture; web-share\" referrerpolicy=\"strict-origin-when-cross-origin\" allowfullscreen><\/iframe><\/p>\n<p>Au casting, on retrouve \u00e9galement Claudio Dos Santos (photo d&rsquo;illustration), Senso Nzuzi, Ady Batista, Egon Di Mateo ou Gilles Remiche. On en reparle tr\u00e8s vite!<\/p>\n<p>&nbsp;<\/p>\n","protected":false},"excerpt":{"rendered":"<p>C&rsquo;est aujourd&rsquo;hui que sera d\u00e9voil\u00e9 en avant-premi\u00e8re mondiale Juwaa, premier long m\u00e9trage de Nganji Mutiri, au Fespaco, Festival Panafricain du CIn\u00e9ma et de la T\u00e9l\u00e9vision de Ouagadougou, le festival th\u00e9matique historique du continent africain. R\u00e9alis\u00e9 \u00e0 Bruxelles et \u00e0 Kinshasa, Juwaa raconte les retrouvailles d\u2019un fils, Amani, et d\u2019une m\u00e8re, Riziki, une dizaine d\u2019ann\u00e9es apr\u00e8s &hellip;<\/p>\n","protected":false},"author":343,"featured_media":240840,"comment_status":"closed","ping_status":"closed","sticky":false,"template":"","format":"standard","meta":{"ngg_post_thumbnail":0,"footnotes":""},"categories":[53,12],"tags":[3987,4696,6519,4187,4697],"class_list":["post-240837","post","type-post","status-publish","format-standard","has-post-thumbnail","","category-coming-soon","category-awards","tag-babetida-sadjo","tag-edson-anibal","tag-juwaa","tag-newsletter-fr","tag-nganji-mutiri"],"yoast_head":"<!-- This site is optimized with the Yoast SEO plugin v20.4 - https:\/\/yoast.com\/wordpress\/plugins\/seo\/ -->\n<title>&quot;Juwaa&quot; d\u00e9voil\u00e9 en avant-premi\u00e8re au Fespaco! - w-l-c<\/title>\n<meta name=\"robots\" content=\"noindex, follow, max-snippet:-1, max-image-preview:large, max-video-preview:-1\" \/>\n<meta property=\"og:locale\" content=\"fr_FR\" \/>\n<meta property=\"og:type\" content=\"article\" \/>\n<meta property=\"og:title\" content=\"&quot;Juwaa&quot; d\u00e9voil\u00e9 en avant-premi\u00e8re au Fespaco! - w-l-c\" \/>\n<meta property=\"og:description\" content=\"C&rsquo;est aujourd&rsquo;hui que sera d\u00e9voil\u00e9 en avant-premi\u00e8re mondiale Juwaa, premier long m\u00e9trage de Nganji Mutiri, au Fespaco, Festival Panafricain du CIn\u00e9ma et de la T\u00e9l\u00e9vision de Ouagadougou, le festival th\u00e9matique historique du continent africain. R\u00e9alis\u00e9 \u00e0 Bruxelles et \u00e0 Kinshasa, Juwaa raconte les retrouvailles d\u2019un fils, Amani, et d\u2019une m\u00e8re, Riziki, une dizaine d\u2019ann\u00e9es apr\u00e8s &hellip;\" \/>\n<meta property=\"og:url\" content=\"https:\/\/w-l-c.be\/fr\/juwaa-devoile-en-avant-premiere-au-fespaco\/\" \/>\n<meta property=\"og:site_name\" content=\"w-l-c\" \/>\n<meta property=\"article:published_time\" content=\"2021-10-19T08:38:21+00:00\" \/>\n<meta property=\"article:modified_time\" content=\"2021-10-19T10:34:40+00:00\" \/>\n<meta property=\"og:image\" content=\"https:\/\/w-l-c.be\/wp-content\/uploads\/2021\/10\/JUWAA_NGANJI_MUTIRI_Stills_1.jpg\" \/>\n\t<meta property=\"og:image:width\" content=\"737\" \/>\n\t<meta property=\"og:image:height\" content=\"309\" \/>\n\t<meta property=\"og:image:type\" content=\"image\/jpeg\" \/>\n<meta name=\"author\" content=\"Aurore Engelen\" \/>\n<meta name=\"twitter:card\" content=\"summary_large_image\" \/>\n<meta name=\"twitter:label1\" content=\"\u00c9crit par\" \/>\n\t<meta name=\"twitter:data1\" content=\"Aurore Engelen\" \/>\n\t<meta name=\"twitter:label2\" content=\"Dur\u00e9e de lecture estim\u00e9e\" \/>\n\t<meta name=\"twitter:data2\" content=\"1 minute\" \/>\n<script type=\"application\/ld+json\" class=\"yoast-schema-graph\">{\"@context\":\"https:\/\/schema.org\",\"@graph\":[{\"@type\":\"WebPage\",\"@id\":\"https:\/\/w-l-c.be\/fr\/juwaa-devoile-en-avant-premiere-au-fespaco\/\",\"url\":\"https:\/\/w-l-c.be\/fr\/juwaa-devoile-en-avant-premiere-au-fespaco\/\",\"name\":\"\\\"Juwaa\\\" d\u00e9voil\u00e9 en avant-premi\u00e8re au Fespaco! - w-l-c\",\"isPartOf\":{\"@id\":\"https:\/\/w-l-c.be\/fr\/#website\"},\"datePublished\":\"2021-10-19T08:38:21+00:00\",\"dateModified\":\"2021-10-19T10:34:40+00:00\",\"author\":{\"@id\":\"https:\/\/w-l-c.be\/fr\/#\/schema\/person\/8084b68c6b176142d073695c654dc7cf\"},\"breadcrumb\":{\"@id\":\"https:\/\/w-l-c.be\/fr\/juwaa-devoile-en-avant-premiere-au-fespaco\/#breadcrumb\"},\"inLanguage\":\"fr-FR\",\"potentialAction\":[{\"@type\":\"ReadAction\",\"target\":[\"https:\/\/w-l-c.be\/fr\/juwaa-devoile-en-avant-premiere-au-fespaco\/\"]}]},{\"@type\":\"BreadcrumbList\",\"@id\":\"https:\/\/w-l-c.be\/fr\/juwaa-devoile-en-avant-premiere-au-fespaco\/#breadcrumb\",\"itemListElement\":[{\"@type\":\"ListItem\",\"position\":1,\"name\":\"Accueil\",\"item\":\"https:\/\/w-l-c.be\/fr\/\"},{\"@type\":\"ListItem\",\"position\":2,\"name\":\"\u00ab\u00a0Juwaa\u00a0\u00bb d\u00e9voil\u00e9 en avant-premi\u00e8re au Fespaco!\"}]},{\"@type\":\"WebSite\",\"@id\":\"https:\/\/w-l-c.be\/fr\/#website\",\"url\":\"https:\/\/w-l-c.be\/fr\/\",\"name\":\"w-l-c\",\"description\":\"Le cin\u00e9ma vu par les belges\",\"potentialAction\":[{\"@type\":\"SearchAction\",\"target\":{\"@type\":\"EntryPoint\",\"urlTemplate\":\"https:\/\/w-l-c.be\/fr\/?s={search_term_string}\"},\"query-input\":\"required name=search_term_string\"}],\"inLanguage\":\"fr-FR\"},{\"@type\":\"Person\",\"@id\":\"https:\/\/w-l-c.be\/fr\/#\/schema\/person\/8084b68c6b176142d073695c654dc7cf\",\"name\":\"Aurore Engelen\",\"url\":\"https:\/\/w-l-c.be\/fr\/author\/aurore-engelen\/\"}]}<\/script>\n<!-- \/ Yoast SEO plugin. -->","yoast_head_json":{"title":"\"Juwaa\" d\u00e9voil\u00e9 en avant-premi\u00e8re au Fespaco! - w-l-c","robots":{"index":"noindex","follow":"follow","max-snippet":"max-snippet:-1","max-image-preview":"max-image-preview:large","max-video-preview":"max-video-preview:-1"},"og_locale":"fr_FR","og_type":"article","og_title":"\"Juwaa\" d\u00e9voil\u00e9 en avant-premi\u00e8re au Fespaco! - w-l-c","og_description":"C&rsquo;est aujourd&rsquo;hui que sera d\u00e9voil\u00e9 en avant-premi\u00e8re mondiale Juwaa, premier long m\u00e9trage de Nganji Mutiri, au Fespaco, Festival Panafricain du CIn\u00e9ma et de la T\u00e9l\u00e9vision de Ouagadougou, le festival th\u00e9matique historique du continent africain. R\u00e9alis\u00e9 \u00e0 Bruxelles et \u00e0 Kinshasa, Juwaa raconte les retrouvailles d\u2019un fils, Amani, et d\u2019une m\u00e8re, Riziki, une dizaine d\u2019ann\u00e9es apr\u00e8s &hellip;","og_url":"https:\/\/w-l-c.be\/fr\/juwaa-devoile-en-avant-premiere-au-fespaco\/","og_site_name":"w-l-c","article_published_time":"2021-10-19T08:38:21+00:00","article_modified_time":"2021-10-19T10:34:40+00:00","og_image":[{"width":737,"height":309,"url":"https:\/\/w-l-c.be\/wp-content\/uploads\/2021\/10\/JUWAA_NGANJI_MUTIRI_Stills_1.jpg","type":"image\/jpeg"}],"author":"Aurore Engelen","twitter_card":"summary_large_image","twitter_misc":{"\u00c9crit par":"Aurore Engelen","Dur\u00e9e de lecture estim\u00e9e":"1 minute"},"schema":{"@context":"https:\/\/schema.org","@graph":[{"@type":"WebPage","@id":"https:\/\/w-l-c.be\/fr\/juwaa-devoile-en-avant-premiere-au-fespaco\/","url":"https:\/\/w-l-c.be\/fr\/juwaa-devoile-en-avant-premiere-au-fespaco\/","name":"\"Juwaa\" d\u00e9voil\u00e9 en avant-premi\u00e8re au Fespaco! - w-l-c","isPartOf":{"@id":"https:\/\/w-l-c.be\/fr\/#website"},"datePublished":"2021-10-19T08:38:21+00:00","dateModified":"2021-10-19T10:34:40+00:00","author":{"@id":"https:\/\/w-l-c.be\/fr\/#\/schema\/person\/8084b68c6b176142d073695c654dc7cf"},"breadcrumb":{"@id":"https:\/\/w-l-c.be\/fr\/juwaa-devoile-en-avant-premiere-au-fespaco\/#breadcrumb"},"inLanguage":"fr-FR","potentialAction":[{"@type":"ReadAction","target":["https:\/\/w-l-c.be\/fr\/juwaa-devoile-en-avant-premiere-au-fespaco\/"]}]},{"@type":"BreadcrumbList","@id":"https:\/\/w-l-c.be\/fr\/juwaa-devoile-en-avant-premiere-au-fespaco\/#breadcrumb","itemListElement":[{"@type":"ListItem","position":1,"name":"Accueil","item":"https:\/\/w-l-c.be\/fr\/"},{"@type":"ListItem","position":2,"name":"\u00ab\u00a0Juwaa\u00a0\u00bb d\u00e9voil\u00e9 en avant-premi\u00e8re au Fespaco!"}]},{"@type":"WebSite","@id":"https:\/\/w-l-c.be\/fr\/#website","url":"https:\/\/w-l-c.be\/fr\/","name":"w-l-c","description":"Le cin\u00e9ma vu par les belges","potentialAction":[{"@type":"SearchAction","target":{"@type":"EntryPoint","urlTemplate":"https:\/\/w-l-c.be\/fr\/?s={search_term_string}"},"query-input":"required name=search_term_string"}],"inLanguage":"fr-FR"},{"@type":"Person","@id":"https:\/\/w-l-c.be\/fr\/#\/schema\/person\/8084b68c6b176142d073695c654dc7cf","name":"Aurore Engelen","url":"https:\/\/w-l-c.be\/fr\/author\/aurore-engelen\/"}]}},"_links":{"self":[{"href":"https:\/\/w-l-c.be\/fr\/wp-json\/wp\/v2\/posts\/240837","targetHints":{"allow":["GET"]}}],"collection":[{"href":"https:\/\/w-l-c.be\/fr\/wp-json\/wp\/v2\/posts"}],"about":[{"href":"https:\/\/w-l-c.be\/fr\/wp-json\/wp\/v2\/types\/post"}],"author":[{"embeddable":true,"href":"https:\/\/w-l-c.be\/fr\/wp-json\/wp\/v2\/users\/343"}],"replies":[{"embeddable":true,"href":"https:\/\/w-l-c.be\/fr\/wp-json\/wp\/v2\/comments?post=240837"}],"version-history":[{"count":0,"href":"https:\/\/w-l-c.be\/fr\/wp-json\/wp\/v2\/posts\/240837\/revisions"}],"wp:featuredmedia":[{"embeddable":true,"href":"https:\/\/w-l-c.be\/fr\/wp-json\/wp\/v2\/media\/240840"}],"wp:attachment":[{"href":"https:\/\/w-l-c.be\/fr\/wp-json\/wp\/v2\/media?parent=240837"}],"wp:term":[{"taxonomy":"category","embeddable":true,"href":"https:\/\/w-l-c.be\/fr\/wp-json\/wp\/v2\/categories?post=240837"},{"taxonomy":"post_tag","embeddable":true,"href":"https:\/\/w-l-c.be\/fr\/wp-json\/wp\/v2\/tags?post=240837"}],"curies":[{"name":"wp","href":"https:\/\/api.w.org\/{rel}","templated":true}]}}