
{"id":241790,"date":"2021-12-16T08:38:24","date_gmt":"2021-12-16T07:38:24","guid":{"rendered":"https:\/\/www.cinevox.be\/?p=241790"},"modified":"2021-12-22T12:07:03","modified_gmt":"2021-12-22T11:07:03","slug":"dreaming-walls-a-berlin","status":"publish","type":"post","link":"https:\/\/w-l-c.be\/fr\/dreaming-walls-a-berlin\/","title":{"rendered":"\u00ab\u00a0Dreaming Walls\u00a0\u00bb \u00e0 Berlin"},"content":{"rendered":"<p><em style=\"font-weight: bold;\">Dreaming Walls<\/em><b>, le nouveau film d&rsquo;Am\u00e9lie Van Elmbt (<\/b><em style=\"font-weight: bold;\">La T\u00eate la premi\u00e8re, Dr\u00f4le de p\u00e8re, <\/em><strong>Prix Cinevox au FIFF en 2017<\/strong><b>) et Maya Duverdier sera montr\u00e9 en avant-premi\u00e8re mondiale au prochain Festival de Berlin, dans la section Panorama.<\/b><\/p>\n<p>Am\u00e9lie Van Elmbt et Maya Duverdier ont pos\u00e9 leur cam\u00e9ra et leur regard au coeur d&rsquo;un lieu mythique de la contreculture new yorkaise, le Chelsea Hotel, alors que ce refuge d\u2019artistes est sur le point d&rsquo;\u00eatre transform\u00e9 en h\u00f4tel de luxe.\u00a0Le l\u00e9gendaire Chelsea\u00a0Hotel, pilier de la contre-culture des ann\u00e9es 1960 et refuge d\u2019artistes et\u00a0d\u2019intellectuels c\u00e9l\u00e8bres dont Patti\u00a0Smith, Janis Joplin, Sid Vicious et les\u00a0superstars de la Factory de Warhol, est en cours de r\u00e9novation. Bient\u00f4t il\u00a0r\u00e9-ouvrira ses\u00a0portes au public et deviendra l&rsquo;un des h\u00f4tels de luxe les plus\u00a0en vogue de New York. Cinquante et un r\u00e9sidents, pensionnaires\u00a0de longue date,\u00a0y habitent toujours. Entre peur de l\u2019avenir, lassitude, et excitation, ils\u00a0continuent de vivre et cr\u00e9er au milieu des\u00a0travaux. Dans ce quotidien en\u00a0chantier, le film parcours le corps de l\u2019h\u00f4tel et en explore les survivances du\u00a0pass\u00e9, \u00e0 la recherche\u00a0de son esprit unique qui a forg\u00e9 et perp\u00e9tue son mythe.<\/p>\n<p>Un projet intrigant et ambitieux, dont on reparlera tr\u00e8s bient\u00f4t!<\/p>\n<p><img loading=\"lazy\" decoding=\"async\" class=\"alignnone size-large wp-image-241793\" src=\"https:\/\/www.cinevox.be\/wp-content\/uploads\/2021\/12\/dreaming_walls-photo8-800x595.jpeg\" alt=\"\" width=\"618\" height=\"460\" srcset=\"https:\/\/w-l-c.be\/wp-content\/uploads\/2021\/12\/dreaming_walls-photo8-800x595.jpeg 800w, https:\/\/w-l-c.be\/wp-content\/uploads\/2021\/12\/dreaming_walls-photo8-363x270.jpeg 363w, https:\/\/w-l-c.be\/wp-content\/uploads\/2021\/12\/dreaming_walls-photo8-768x571.jpeg 768w, https:\/\/w-l-c.be\/wp-content\/uploads\/2021\/12\/dreaming_walls-photo8.jpeg 1030w\" sizes=\"auto, (max-width: 618px) 100vw, 618px\" \/><\/p>\n<p>&nbsp;<\/p>\n<div class=\"synopsis__credits ease-btm\" data-scroll=\"in\" data-events=\"scroll\"><\/div>\n","protected":false},"excerpt":{"rendered":"<p>Dreaming Walls, le nouveau film d&rsquo;Am\u00e9lie Van Elmbt (La T\u00eate la premi\u00e8re, Dr\u00f4le de p\u00e8re, Prix Cinevox au FIFF en 2017) et Maya Duverdier sera montr\u00e9 en avant-premi\u00e8re mondiale au prochain Festival de Berlin, dans la section Panorama. Am\u00e9lie Van Elmbt et Maya Duverdier ont pos\u00e9 leur cam\u00e9ra et leur regard au coeur d&rsquo;un lieu &hellip;<\/p>\n","protected":false},"author":343,"featured_media":241791,"comment_status":"closed","ping_status":"closed","sticky":false,"template":"","format":"standard","meta":{"ngg_post_thumbnail":0,"footnotes":""},"categories":[1923,12],"tags":[2737,6599,4187],"class_list":["post-241790","post","type-post","status-publish","format-standard","has-post-thumbnail","","category-en-bref","category-awards","tag-amelie-van-elmbt","tag-dreaming-walls","tag-newsletter-fr"],"yoast_head":"<!-- This site is optimized with the Yoast SEO plugin v20.4 - https:\/\/yoast.com\/wordpress\/plugins\/seo\/ -->\n<title>&quot;Dreaming Walls&quot; \u00e0 Berlin - w-l-c<\/title>\n<meta name=\"robots\" content=\"noindex, follow, max-snippet:-1, max-image-preview:large, max-video-preview:-1\" \/>\n<meta property=\"og:locale\" content=\"fr_FR\" \/>\n<meta property=\"og:type\" content=\"article\" \/>\n<meta property=\"og:title\" content=\"&quot;Dreaming Walls&quot; \u00e0 Berlin - w-l-c\" \/>\n<meta property=\"og:description\" content=\"Dreaming Walls, le nouveau film d&rsquo;Am\u00e9lie Van Elmbt (La T\u00eate la premi\u00e8re, Dr\u00f4le de p\u00e8re, Prix Cinevox au FIFF en 2017) et Maya Duverdier sera montr\u00e9 en avant-premi\u00e8re mondiale au prochain Festival de Berlin, dans la section Panorama. Am\u00e9lie Van Elmbt et Maya Duverdier ont pos\u00e9 leur cam\u00e9ra et leur regard au coeur d&rsquo;un lieu &hellip;\" \/>\n<meta property=\"og:url\" content=\"https:\/\/w-l-c.be\/fr\/dreaming-walls-a-berlin\/\" \/>\n<meta property=\"og:site_name\" content=\"w-l-c\" \/>\n<meta property=\"article:published_time\" content=\"2021-12-16T07:38:24+00:00\" \/>\n<meta property=\"article:modified_time\" content=\"2021-12-22T11:07:03+00:00\" \/>\n<meta property=\"og:image\" content=\"https:\/\/w-l-c.be\/wp-content\/uploads\/2021\/12\/dreaming_walls-photo11.jpeg\" \/>\n\t<meta property=\"og:image:width\" content=\"1030\" \/>\n\t<meta property=\"og:image:height\" content=\"763\" \/>\n\t<meta property=\"og:image:type\" content=\"image\/jpeg\" \/>\n<meta name=\"author\" content=\"Aurore Engelen\" \/>\n<meta name=\"twitter:card\" content=\"summary_large_image\" \/>\n<meta name=\"twitter:label1\" content=\"\u00c9crit par\" \/>\n\t<meta name=\"twitter:data1\" content=\"Aurore Engelen\" \/>\n\t<meta name=\"twitter:label2\" content=\"Dur\u00e9e de lecture estim\u00e9e\" \/>\n\t<meta name=\"twitter:data2\" content=\"1 minute\" \/>\n<script type=\"application\/ld+json\" class=\"yoast-schema-graph\">{\"@context\":\"https:\/\/schema.org\",\"@graph\":[{\"@type\":\"WebPage\",\"@id\":\"https:\/\/w-l-c.be\/fr\/dreaming-walls-a-berlin\/\",\"url\":\"https:\/\/w-l-c.be\/fr\/dreaming-walls-a-berlin\/\",\"name\":\"\\\"Dreaming Walls\\\" \u00e0 Berlin - w-l-c\",\"isPartOf\":{\"@id\":\"https:\/\/w-l-c.be\/fr\/#website\"},\"datePublished\":\"2021-12-16T07:38:24+00:00\",\"dateModified\":\"2021-12-22T11:07:03+00:00\",\"author\":{\"@id\":\"https:\/\/w-l-c.be\/fr\/#\/schema\/person\/8084b68c6b176142d073695c654dc7cf\"},\"breadcrumb\":{\"@id\":\"https:\/\/w-l-c.be\/fr\/dreaming-walls-a-berlin\/#breadcrumb\"},\"inLanguage\":\"fr-FR\",\"potentialAction\":[{\"@type\":\"ReadAction\",\"target\":[\"https:\/\/w-l-c.be\/fr\/dreaming-walls-a-berlin\/\"]}]},{\"@type\":\"BreadcrumbList\",\"@id\":\"https:\/\/w-l-c.be\/fr\/dreaming-walls-a-berlin\/#breadcrumb\",\"itemListElement\":[{\"@type\":\"ListItem\",\"position\":1,\"name\":\"Accueil\",\"item\":\"https:\/\/w-l-c.be\/fr\/\"},{\"@type\":\"ListItem\",\"position\":2,\"name\":\"\u00ab\u00a0Dreaming Walls\u00a0\u00bb \u00e0 Berlin\"}]},{\"@type\":\"WebSite\",\"@id\":\"https:\/\/w-l-c.be\/fr\/#website\",\"url\":\"https:\/\/w-l-c.be\/fr\/\",\"name\":\"w-l-c\",\"description\":\"Le cin\u00e9ma vu par les belges\",\"potentialAction\":[{\"@type\":\"SearchAction\",\"target\":{\"@type\":\"EntryPoint\",\"urlTemplate\":\"https:\/\/w-l-c.be\/fr\/?s={search_term_string}\"},\"query-input\":\"required name=search_term_string\"}],\"inLanguage\":\"fr-FR\"},{\"@type\":\"Person\",\"@id\":\"https:\/\/w-l-c.be\/fr\/#\/schema\/person\/8084b68c6b176142d073695c654dc7cf\",\"name\":\"Aurore Engelen\",\"url\":\"https:\/\/w-l-c.be\/fr\/author\/aurore-engelen\/\"}]}<\/script>\n<!-- \/ Yoast SEO plugin. -->","yoast_head_json":{"title":"\"Dreaming Walls\" \u00e0 Berlin - w-l-c","robots":{"index":"noindex","follow":"follow","max-snippet":"max-snippet:-1","max-image-preview":"max-image-preview:large","max-video-preview":"max-video-preview:-1"},"og_locale":"fr_FR","og_type":"article","og_title":"\"Dreaming Walls\" \u00e0 Berlin - w-l-c","og_description":"Dreaming Walls, le nouveau film d&rsquo;Am\u00e9lie Van Elmbt (La T\u00eate la premi\u00e8re, Dr\u00f4le de p\u00e8re, Prix Cinevox au FIFF en 2017) et Maya Duverdier sera montr\u00e9 en avant-premi\u00e8re mondiale au prochain Festival de Berlin, dans la section Panorama. Am\u00e9lie Van Elmbt et Maya Duverdier ont pos\u00e9 leur cam\u00e9ra et leur regard au coeur d&rsquo;un lieu &hellip;","og_url":"https:\/\/w-l-c.be\/fr\/dreaming-walls-a-berlin\/","og_site_name":"w-l-c","article_published_time":"2021-12-16T07:38:24+00:00","article_modified_time":"2021-12-22T11:07:03+00:00","og_image":[{"width":1030,"height":763,"url":"https:\/\/w-l-c.be\/wp-content\/uploads\/2021\/12\/dreaming_walls-photo11.jpeg","type":"image\/jpeg"}],"author":"Aurore Engelen","twitter_card":"summary_large_image","twitter_misc":{"\u00c9crit par":"Aurore Engelen","Dur\u00e9e de lecture estim\u00e9e":"1 minute"},"schema":{"@context":"https:\/\/schema.org","@graph":[{"@type":"WebPage","@id":"https:\/\/w-l-c.be\/fr\/dreaming-walls-a-berlin\/","url":"https:\/\/w-l-c.be\/fr\/dreaming-walls-a-berlin\/","name":"\"Dreaming Walls\" \u00e0 Berlin - w-l-c","isPartOf":{"@id":"https:\/\/w-l-c.be\/fr\/#website"},"datePublished":"2021-12-16T07:38:24+00:00","dateModified":"2021-12-22T11:07:03+00:00","author":{"@id":"https:\/\/w-l-c.be\/fr\/#\/schema\/person\/8084b68c6b176142d073695c654dc7cf"},"breadcrumb":{"@id":"https:\/\/w-l-c.be\/fr\/dreaming-walls-a-berlin\/#breadcrumb"},"inLanguage":"fr-FR","potentialAction":[{"@type":"ReadAction","target":["https:\/\/w-l-c.be\/fr\/dreaming-walls-a-berlin\/"]}]},{"@type":"BreadcrumbList","@id":"https:\/\/w-l-c.be\/fr\/dreaming-walls-a-berlin\/#breadcrumb","itemListElement":[{"@type":"ListItem","position":1,"name":"Accueil","item":"https:\/\/w-l-c.be\/fr\/"},{"@type":"ListItem","position":2,"name":"\u00ab\u00a0Dreaming Walls\u00a0\u00bb \u00e0 Berlin"}]},{"@type":"WebSite","@id":"https:\/\/w-l-c.be\/fr\/#website","url":"https:\/\/w-l-c.be\/fr\/","name":"w-l-c","description":"Le cin\u00e9ma vu par les belges","potentialAction":[{"@type":"SearchAction","target":{"@type":"EntryPoint","urlTemplate":"https:\/\/w-l-c.be\/fr\/?s={search_term_string}"},"query-input":"required name=search_term_string"}],"inLanguage":"fr-FR"},{"@type":"Person","@id":"https:\/\/w-l-c.be\/fr\/#\/schema\/person\/8084b68c6b176142d073695c654dc7cf","name":"Aurore Engelen","url":"https:\/\/w-l-c.be\/fr\/author\/aurore-engelen\/"}]}},"_links":{"self":[{"href":"https:\/\/w-l-c.be\/fr\/wp-json\/wp\/v2\/posts\/241790","targetHints":{"allow":["GET"]}}],"collection":[{"href":"https:\/\/w-l-c.be\/fr\/wp-json\/wp\/v2\/posts"}],"about":[{"href":"https:\/\/w-l-c.be\/fr\/wp-json\/wp\/v2\/types\/post"}],"author":[{"embeddable":true,"href":"https:\/\/w-l-c.be\/fr\/wp-json\/wp\/v2\/users\/343"}],"replies":[{"embeddable":true,"href":"https:\/\/w-l-c.be\/fr\/wp-json\/wp\/v2\/comments?post=241790"}],"version-history":[{"count":0,"href":"https:\/\/w-l-c.be\/fr\/wp-json\/wp\/v2\/posts\/241790\/revisions"}],"wp:featuredmedia":[{"embeddable":true,"href":"https:\/\/w-l-c.be\/fr\/wp-json\/wp\/v2\/media\/241791"}],"wp:attachment":[{"href":"https:\/\/w-l-c.be\/fr\/wp-json\/wp\/v2\/media?parent=241790"}],"wp:term":[{"taxonomy":"category","embeddable":true,"href":"https:\/\/w-l-c.be\/fr\/wp-json\/wp\/v2\/categories?post=241790"},{"taxonomy":"post_tag","embeddable":true,"href":"https:\/\/w-l-c.be\/fr\/wp-json\/wp\/v2\/tags?post=241790"}],"curies":[{"name":"wp","href":"https:\/\/api.w.org\/{rel}","templated":true}]}}