
{"id":241994,"date":"2021-12-21T22:34:45","date_gmt":"2021-12-21T21:34:45","guid":{"rendered":"https:\/\/www.cinevox.be\/?p=241994"},"modified":"2021-12-22T12:21:01","modified_gmt":"2021-12-22T11:21:01","slug":"un-monde-et-tes-morte-helene-shorlistes-pour-les-oscars","status":"publish","type":"post","link":"https:\/\/w-l-c.be\/fr\/un-monde-et-tes-morte-helene-shorlistes-pour-les-oscars\/","title":{"rendered":"\u00ab\u00a0Un monde\u00a0\u00bb et \u00ab\u00a0T&rsquo;es morte H\u00e9l\u00e8ne\u00a0\u00bb shorlist\u00e9s pour les Oscars!"},"content":{"rendered":"<p><strong>On vient de d\u00e9couvrir la liste des longs m\u00e9trages pr\u00e9-retenus pour l&rsquo;Oscar du Meilleur film en langue \u00e9trang\u00e8re, et pour le Meilleur court m\u00e9trage, et parmi eux figurent deux films belges!<\/strong><\/p>\n<p><a href=\"https:\/\/www.cinevox.be\/fr\/un-monde-lecole-a-hauteur-denfant\/\"><em>Un monde<\/em><\/a>, premier long m\u00e9trage de Laura Wandel, a marqu\u00e9 les esprits en juillet dernier, alors qu&rsquo;il \u00e9tait pr\u00e9sent\u00e9 dans la prestigieuse section Un certain regard \u00e0 Cannes. Il y a d&rsquo;ailleurs remport\u00e9 le Prix Fipresci, le prix de la presse.<\/p>\n<p><em>Un monde<\/em> offre une v\u00e9ritable\u00a0immersion aussi puissante que bouleversante dans la vie de Nora, 6 ans, l\u00e2ch\u00e9e dans le grand bain de la grande \u00e9cole, et t\u00e9moin, \u00e0 sa hauteur, du champ de bataille que peut \u00eatre une cour de r\u00e9cr\u00e9ation.<\/p>\n<p>Le film fait partie des quinze finalistes en lice pour l&rsquo;Oscar du Meilleur film \u00e9tranger.<\/p>\n<p>Autre bel exploit, celui du jeune cin\u00e9aste Michiel Blanchart, dont le court m\u00e9trage, <em>T&rsquo;es morte H\u00e9l\u00e8ne<\/em> est retenu parmi les 15 films pr\u00e9-retenus pour l&rsquo;Oscar du Meilleur court m\u00e9trage. Il y a quelques jours, on apprenait <a href=\"https:\/\/www.cinevox.be\/fr\/michiel-blanchart-sam-raimi-youre-dead-helen\/\">que le film ferait l&rsquo;objet d&rsquo;un remake<\/a> am\u00e9ricain, version long m\u00e9trage, et coproduit par Sam Raimi, rien que \u00e7a!<\/p>\n<p>On se souvient qu&rsquo;en 2020, un court m\u00e9trage belge int\u00e9grait le \u00ab\u00a0final 5\u00a0\u00bb, <em>Une soeur<\/em>, de Delphine Girard. En 2021, un autre film belge, <em>Da Yie<\/em> d&rsquo;Anthony Nti, faisait \u00e9galement partie des finalistes!<\/p>\n<p>Rendez-vous mi-f\u00e9vrier pour l&rsquo;annonce des nominations finales, et le 27 mars 2022 pour la 94e C\u00e9r\u00e9monie des Oscars!<\/p>\n","protected":false},"excerpt":{"rendered":"<p>On vient de d\u00e9couvrir la liste des longs m\u00e9trages pr\u00e9-retenus pour l&rsquo;Oscar du Meilleur film en langue \u00e9trang\u00e8re, et pour le Meilleur court m\u00e9trage, et parmi eux figurent deux films belges! Un monde, premier long m\u00e9trage de Laura Wandel, a marqu\u00e9 les esprits en juillet dernier, alors qu&rsquo;il \u00e9tait pr\u00e9sent\u00e9 dans la prestigieuse section Un &hellip;<\/p>\n","protected":false},"author":343,"featured_media":241995,"comment_status":"closed","ping_status":"closed","sticky":false,"template":"","format":"standard","meta":{"ngg_post_thumbnail":0,"footnotes":""},"categories":[12],"tags":[2496,5812,4187,2526,6285],"class_list":["post-241994","post","type-post","status-publish","format-standard","has-post-thumbnail","","category-awards","tag-laura-wandel","tag-michiel-blanchart","tag-newsletter-fr","tag-oscars","tag-un-monde"],"yoast_head":"<!-- This site is optimized with the Yoast SEO plugin v20.4 - https:\/\/yoast.com\/wordpress\/plugins\/seo\/ -->\n<title>&quot;Un monde&quot; et &quot;T&#039;es morte H\u00e9l\u00e8ne&quot; shorlist\u00e9s pour les Oscars! - w-l-c<\/title>\n<meta name=\"robots\" content=\"noindex, follow, max-snippet:-1, max-image-preview:large, max-video-preview:-1\" \/>\n<meta property=\"og:locale\" content=\"fr_FR\" \/>\n<meta property=\"og:type\" content=\"article\" \/>\n<meta property=\"og:title\" content=\"&quot;Un monde&quot; et &quot;T&#039;es morte H\u00e9l\u00e8ne&quot; shorlist\u00e9s pour les Oscars! - w-l-c\" \/>\n<meta property=\"og:description\" content=\"On vient de d\u00e9couvrir la liste des longs m\u00e9trages pr\u00e9-retenus pour l&rsquo;Oscar du Meilleur film en langue \u00e9trang\u00e8re, et pour le Meilleur court m\u00e9trage, et parmi eux figurent deux films belges! Un monde, premier long m\u00e9trage de Laura Wandel, a marqu\u00e9 les esprits en juillet dernier, alors qu&rsquo;il \u00e9tait pr\u00e9sent\u00e9 dans la prestigieuse section Un &hellip;\" \/>\n<meta property=\"og:url\" content=\"https:\/\/w-l-c.be\/fr\/un-monde-et-tes-morte-helene-shorlistes-pour-les-oscars\/\" \/>\n<meta property=\"og:site_name\" content=\"w-l-c\" \/>\n<meta property=\"article:published_time\" content=\"2021-12-21T21:34:45+00:00\" \/>\n<meta property=\"article:modified_time\" content=\"2021-12-22T11:21:01+00:00\" \/>\n<meta property=\"og:image\" content=\"https:\/\/w-l-c.be\/wp-content\/uploads\/2021\/12\/FotoJet-6.jpg\" \/>\n\t<meta property=\"og:image:width\" content=\"1200\" \/>\n\t<meta property=\"og:image:height\" content=\"600\" \/>\n\t<meta property=\"og:image:type\" content=\"image\/jpeg\" \/>\n<meta name=\"author\" content=\"Aurore Engelen\" \/>\n<meta name=\"twitter:card\" content=\"summary_large_image\" \/>\n<meta name=\"twitter:label1\" content=\"\u00c9crit par\" \/>\n\t<meta name=\"twitter:data1\" content=\"Aurore Engelen\" \/>\n\t<meta name=\"twitter:label2\" content=\"Dur\u00e9e de lecture estim\u00e9e\" \/>\n\t<meta name=\"twitter:data2\" content=\"1 minute\" \/>\n<script type=\"application\/ld+json\" class=\"yoast-schema-graph\">{\"@context\":\"https:\/\/schema.org\",\"@graph\":[{\"@type\":\"WebPage\",\"@id\":\"https:\/\/w-l-c.be\/fr\/un-monde-et-tes-morte-helene-shorlistes-pour-les-oscars\/\",\"url\":\"https:\/\/w-l-c.be\/fr\/un-monde-et-tes-morte-helene-shorlistes-pour-les-oscars\/\",\"name\":\"\\\"Un monde\\\" et \\\"T'es morte H\u00e9l\u00e8ne\\\" shorlist\u00e9s pour les Oscars! - w-l-c\",\"isPartOf\":{\"@id\":\"https:\/\/w-l-c.be\/fr\/#website\"},\"datePublished\":\"2021-12-21T21:34:45+00:00\",\"dateModified\":\"2021-12-22T11:21:01+00:00\",\"author\":{\"@id\":\"https:\/\/w-l-c.be\/fr\/#\/schema\/person\/8084b68c6b176142d073695c654dc7cf\"},\"breadcrumb\":{\"@id\":\"https:\/\/w-l-c.be\/fr\/un-monde-et-tes-morte-helene-shorlistes-pour-les-oscars\/#breadcrumb\"},\"inLanguage\":\"fr-FR\",\"potentialAction\":[{\"@type\":\"ReadAction\",\"target\":[\"https:\/\/w-l-c.be\/fr\/un-monde-et-tes-morte-helene-shorlistes-pour-les-oscars\/\"]}]},{\"@type\":\"BreadcrumbList\",\"@id\":\"https:\/\/w-l-c.be\/fr\/un-monde-et-tes-morte-helene-shorlistes-pour-les-oscars\/#breadcrumb\",\"itemListElement\":[{\"@type\":\"ListItem\",\"position\":1,\"name\":\"Accueil\",\"item\":\"https:\/\/w-l-c.be\/fr\/\"},{\"@type\":\"ListItem\",\"position\":2,\"name\":\"\u00ab\u00a0Un monde\u00a0\u00bb et \u00ab\u00a0T&rsquo;es morte H\u00e9l\u00e8ne\u00a0\u00bb shorlist\u00e9s pour les Oscars!\"}]},{\"@type\":\"WebSite\",\"@id\":\"https:\/\/w-l-c.be\/fr\/#website\",\"url\":\"https:\/\/w-l-c.be\/fr\/\",\"name\":\"w-l-c\",\"description\":\"Le cin\u00e9ma vu par les belges\",\"potentialAction\":[{\"@type\":\"SearchAction\",\"target\":{\"@type\":\"EntryPoint\",\"urlTemplate\":\"https:\/\/w-l-c.be\/fr\/?s={search_term_string}\"},\"query-input\":\"required name=search_term_string\"}],\"inLanguage\":\"fr-FR\"},{\"@type\":\"Person\",\"@id\":\"https:\/\/w-l-c.be\/fr\/#\/schema\/person\/8084b68c6b176142d073695c654dc7cf\",\"name\":\"Aurore Engelen\",\"url\":\"https:\/\/w-l-c.be\/fr\/author\/aurore-engelen\/\"}]}<\/script>\n<!-- \/ Yoast SEO plugin. -->","yoast_head_json":{"title":"\"Un monde\" et \"T'es morte H\u00e9l\u00e8ne\" shorlist\u00e9s pour les Oscars! - w-l-c","robots":{"index":"noindex","follow":"follow","max-snippet":"max-snippet:-1","max-image-preview":"max-image-preview:large","max-video-preview":"max-video-preview:-1"},"og_locale":"fr_FR","og_type":"article","og_title":"\"Un monde\" et \"T'es morte H\u00e9l\u00e8ne\" shorlist\u00e9s pour les Oscars! - w-l-c","og_description":"On vient de d\u00e9couvrir la liste des longs m\u00e9trages pr\u00e9-retenus pour l&rsquo;Oscar du Meilleur film en langue \u00e9trang\u00e8re, et pour le Meilleur court m\u00e9trage, et parmi eux figurent deux films belges! Un monde, premier long m\u00e9trage de Laura Wandel, a marqu\u00e9 les esprits en juillet dernier, alors qu&rsquo;il \u00e9tait pr\u00e9sent\u00e9 dans la prestigieuse section Un &hellip;","og_url":"https:\/\/w-l-c.be\/fr\/un-monde-et-tes-morte-helene-shorlistes-pour-les-oscars\/","og_site_name":"w-l-c","article_published_time":"2021-12-21T21:34:45+00:00","article_modified_time":"2021-12-22T11:21:01+00:00","og_image":[{"width":1200,"height":600,"url":"https:\/\/w-l-c.be\/wp-content\/uploads\/2021\/12\/FotoJet-6.jpg","type":"image\/jpeg"}],"author":"Aurore Engelen","twitter_card":"summary_large_image","twitter_misc":{"\u00c9crit par":"Aurore Engelen","Dur\u00e9e de lecture estim\u00e9e":"1 minute"},"schema":{"@context":"https:\/\/schema.org","@graph":[{"@type":"WebPage","@id":"https:\/\/w-l-c.be\/fr\/un-monde-et-tes-morte-helene-shorlistes-pour-les-oscars\/","url":"https:\/\/w-l-c.be\/fr\/un-monde-et-tes-morte-helene-shorlistes-pour-les-oscars\/","name":"\"Un monde\" et \"T'es morte H\u00e9l\u00e8ne\" shorlist\u00e9s pour les Oscars! - w-l-c","isPartOf":{"@id":"https:\/\/w-l-c.be\/fr\/#website"},"datePublished":"2021-12-21T21:34:45+00:00","dateModified":"2021-12-22T11:21:01+00:00","author":{"@id":"https:\/\/w-l-c.be\/fr\/#\/schema\/person\/8084b68c6b176142d073695c654dc7cf"},"breadcrumb":{"@id":"https:\/\/w-l-c.be\/fr\/un-monde-et-tes-morte-helene-shorlistes-pour-les-oscars\/#breadcrumb"},"inLanguage":"fr-FR","potentialAction":[{"@type":"ReadAction","target":["https:\/\/w-l-c.be\/fr\/un-monde-et-tes-morte-helene-shorlistes-pour-les-oscars\/"]}]},{"@type":"BreadcrumbList","@id":"https:\/\/w-l-c.be\/fr\/un-monde-et-tes-morte-helene-shorlistes-pour-les-oscars\/#breadcrumb","itemListElement":[{"@type":"ListItem","position":1,"name":"Accueil","item":"https:\/\/w-l-c.be\/fr\/"},{"@type":"ListItem","position":2,"name":"\u00ab\u00a0Un monde\u00a0\u00bb et \u00ab\u00a0T&rsquo;es morte H\u00e9l\u00e8ne\u00a0\u00bb shorlist\u00e9s pour les Oscars!"}]},{"@type":"WebSite","@id":"https:\/\/w-l-c.be\/fr\/#website","url":"https:\/\/w-l-c.be\/fr\/","name":"w-l-c","description":"Le cin\u00e9ma vu par les belges","potentialAction":[{"@type":"SearchAction","target":{"@type":"EntryPoint","urlTemplate":"https:\/\/w-l-c.be\/fr\/?s={search_term_string}"},"query-input":"required name=search_term_string"}],"inLanguage":"fr-FR"},{"@type":"Person","@id":"https:\/\/w-l-c.be\/fr\/#\/schema\/person\/8084b68c6b176142d073695c654dc7cf","name":"Aurore Engelen","url":"https:\/\/w-l-c.be\/fr\/author\/aurore-engelen\/"}]}},"_links":{"self":[{"href":"https:\/\/w-l-c.be\/fr\/wp-json\/wp\/v2\/posts\/241994","targetHints":{"allow":["GET"]}}],"collection":[{"href":"https:\/\/w-l-c.be\/fr\/wp-json\/wp\/v2\/posts"}],"about":[{"href":"https:\/\/w-l-c.be\/fr\/wp-json\/wp\/v2\/types\/post"}],"author":[{"embeddable":true,"href":"https:\/\/w-l-c.be\/fr\/wp-json\/wp\/v2\/users\/343"}],"replies":[{"embeddable":true,"href":"https:\/\/w-l-c.be\/fr\/wp-json\/wp\/v2\/comments?post=241994"}],"version-history":[{"count":0,"href":"https:\/\/w-l-c.be\/fr\/wp-json\/wp\/v2\/posts\/241994\/revisions"}],"wp:featuredmedia":[{"embeddable":true,"href":"https:\/\/w-l-c.be\/fr\/wp-json\/wp\/v2\/media\/241995"}],"wp:attachment":[{"href":"https:\/\/w-l-c.be\/fr\/wp-json\/wp\/v2\/media?parent=241994"}],"wp:term":[{"taxonomy":"category","embeddable":true,"href":"https:\/\/w-l-c.be\/fr\/wp-json\/wp\/v2\/categories?post=241994"},{"taxonomy":"post_tag","embeddable":true,"href":"https:\/\/w-l-c.be\/fr\/wp-json\/wp\/v2\/tags?post=241994"}],"curies":[{"name":"wp","href":"https:\/\/api.w.org\/{rel}","templated":true}]}}