
{"id":243792,"date":"2022-03-14T13:12:47","date_gmt":"2022-03-14T12:12:47","guid":{"rendered":"https:\/\/www.cinevox.be\/?p=243792"},"modified":"2022-03-15T08:36:29","modified_gmt":"2022-03-15T07:36:29","slug":"juwaa","status":"publish","type":"post","link":"https:\/\/w-l-c.be\/fr\/juwaa\/","title":{"rendered":"\u00ab\u00a0Juwaa\u00a0\u00bb, de m\u00e8re en fils"},"content":{"rendered":"<p class=\"p1\"><b>Ce 15 mars sera d\u00e9voil\u00e9 \u00e0 Mons en avant-premi\u00e8re Juwaa, premier long m\u00e9trage de Nganji Mutiri livre avec <i>Juwaa<\/i>, portrait intime de retrouvailles emp\u00each\u00e9es par l\u2019histoire, l\u2019absence et les non-dits entre une m\u00e8re et son fils, entre Bruxelles et Kinshasa, incarn\u00e9s par Babetida Sadjo et Edson Anibal.<\/b><\/p>\n<p class=\"p1\">Amani a 10 ans lorsqu\u2019il est s\u00e9par\u00e9 de sa m\u00e8re Riziki, journaliste politique, suite \u00e0 de violents \u00e9v\u00e8nements \u00e0 Kinshasa o\u00f9 son p\u00e8re trouve la mort. 10 ans plus tard, il d\u00e9barque \u00e0 Bruxelles pour poursuivre ses \u00e9tudes, et par la force des choses, la retrouver. Mais impossible pour lui de tirer un trait sur les 10 ans d\u2019absence, v\u00e9cus comme un abandon. Le jeune homme faute de se trouver va peu \u00e0 peu se perdre, emp\u00each\u00e9 de renouer le lien avec une m\u00e8re qu\u2019il estime d\u00e9missionnaire et infid\u00e8le.<span class=\"Apple-converted-space\">\u00a0<\/span><\/p>\n<p class=\"p1\"><i>Juwaa<\/i> est le premier long m\u00e9trage de Nganji Mutiri, artiste multi-facette originaire de Bukavu, install\u00e9 \u00e0 Bruxelles. Com\u00e9dien, photographe, auteur, il a r\u00e9alis\u00e9 quelques courts m\u00e9trages avant de se lancer dans l\u2019aventure du long, dans le cadre d\u2019un appel \u00e0 projet pour les films \u00e0 production l\u00e9g\u00e8re, lanc\u00e9 par le Centre du Cin\u00e9ma et de l\u2019Audiovisuel de la F\u00e9d\u00e9ration Wallonie Bruxelles, soutenant des films produits dans une \u00e9conomie modeste, int\u00e9grant artistiquement ces contraintes, via en g\u00e9n\u00e9ral une certaine unit\u00e9 de temps et de lieux, et un nombre restreint de personnages.<span class=\"Apple-converted-space\"> Souvenez-vous, il y a quelques mois, nous faisions un <a href=\"https:\/\/www.cinevox.be\/fr\/sur-le-tournage-de-le-soleil-dans-les-yeux\/\">saut sur le tournage<\/a>.<\/span><\/p>\n<p><img loading=\"lazy\" decoding=\"async\" class=\"alignnone size-large wp-image-243806\" src=\"https:\/\/www.cinevox.be\/wp-content\/uploads\/2022\/03\/Capture-de\u0301cran-2022-03-14-a\u0300-13.10.54-800x530.png\" alt=\"Juwaa-Nganji-Mutiri\" width=\"618\" height=\"409\" srcset=\"https:\/\/w-l-c.be\/wp-content\/uploads\/2022\/03\/Capture-de\u0301cran-2022-03-14-a\u0300-13.10.54-800x530.png 800w, https:\/\/w-l-c.be\/wp-content\/uploads\/2022\/03\/Capture-de\u0301cran-2022-03-14-a\u0300-13.10.54-407x270.png 407w, https:\/\/w-l-c.be\/wp-content\/uploads\/2022\/03\/Capture-de\u0301cran-2022-03-14-a\u0300-13.10.54-768x509.png 768w, https:\/\/w-l-c.be\/wp-content\/uploads\/2022\/03\/Capture-de\u0301cran-2022-03-14-a\u0300-13.10.54-310x205.png 310w, https:\/\/w-l-c.be\/wp-content\/uploads\/2022\/03\/Capture-de\u0301cran-2022-03-14-a\u0300-13.10.54.png 1482w\" sizes=\"auto, (max-width: 618px) 100vw, 618px\" \/><\/p>\n<p class=\"p1\">Ainsi <i>Juwaa<\/i> se concentre sur le parcours d\u2019Amani, le pas de deux que sa m\u00e8re tente maladroitement de mener avec lui. Nganji Mutiri s\u2019interroge et nous interroge, comment restaurer le lien filial et maternel par-del\u00e0 l\u2019absence et la distance? Comment le renouer quand r\u00e8gnent les non-dits, et quand la v\u00e9rit\u00e9 doit encore \u00eatre r\u00e9v\u00e9l\u00e9e?<span class=\"Apple-converted-space\">\u00a0<\/span><\/p>\n<p class=\"p1\">Amani ne sait pas tout des raisons du d\u00e9part de sa m\u00e8re. Il sait le deuil, il sait la mort, il sait le sang. Mais que sait-il de ce qu\u2019elle a fui, en r\u00e9alit\u00e9? Journaliste politique, elle a \u00e9chapp\u00e9 de justesse \u00e0 la mort qui n\u2019a pas \u00e9pargn\u00e9 son mari, le p\u00e8re d\u2019Amani. Rester, c\u2019\u00e9tait mettre son fils en danger. Partir avec lui, l\u2019ins\u00e9curiser, le d\u00e9raciner.<\/p>\n<p class=\"p1\">Mais les bonnes raisons sont parfois solubles dans le temps. Quand Amani retrouve sa m\u00e8re, elle a refait sa vie, s\u2019est r\u00e9invent\u00e9e, sans lui, qui peine encore \u00e0 s\u2019inventer. Cette relation distendue va laisser de la place \u00e0 d\u2019autres relations potentiellement toxiques. Amani et Riziki vont devoir faire la paix avec leur pass\u00e9, lever le voile qui assombrit leur histoire<span class=\"Apple-converted-space\">\u00a0 <\/span>&#8211; et qui recouvre les cauchemars d\u2019Amani.<\/p>\n<p class=\"p1\"><i>Juwaa<\/i> se concentre sur ce noeud relationnel traumatique, et ses cons\u00e9quences dans la vie d\u2019Amani. Cette relation conflictuelle jette le trouble sur toutes ses autres relations. Autour de ce couple gravite d\u2019autres personnages, famille, amis, amantes, qui tous mettent en lumi\u00e8re l\u2019aspect dysfonctionnel de la relation primaire, la relation matricielle, qui d\u00e9finit le rapport au monde.<\/p>\n<p><img loading=\"lazy\" decoding=\"async\" class=\"alignnone size-large wp-image-243808\" src=\"https:\/\/www.cinevox.be\/wp-content\/uploads\/2022\/03\/Capture-de\u0301cran-2022-03-14-a\u0300-13.11.14-800x534.png\" alt=\"Juwaa-Nganji-Mutiri\" width=\"618\" height=\"413\" srcset=\"https:\/\/w-l-c.be\/wp-content\/uploads\/2022\/03\/Capture-de\u0301cran-2022-03-14-a\u0300-13.11.14-800x534.png 800w, https:\/\/w-l-c.be\/wp-content\/uploads\/2022\/03\/Capture-de\u0301cran-2022-03-14-a\u0300-13.11.14-405x270.png 405w, https:\/\/w-l-c.be\/wp-content\/uploads\/2022\/03\/Capture-de\u0301cran-2022-03-14-a\u0300-13.11.14-768x512.png 768w, https:\/\/w-l-c.be\/wp-content\/uploads\/2022\/03\/Capture-de\u0301cran-2022-03-14-a\u0300-13.11.14-110x75.png 110w, https:\/\/w-l-c.be\/wp-content\/uploads\/2022\/03\/Capture-de\u0301cran-2022-03-14-a\u0300-13.11.14.png 1478w\" sizes=\"auto, (max-width: 618px) 100vw, 618px\" \/><\/p>\n<p class=\"p1\">Avec peu de moyens mais un sens aigu de l\u2019image et de la direction artistique, Nganji Mutiri met en sc\u00e8ne son couple m\u00e8re-fils, interrogeant au passage l\u2019identit\u00e9 noire de ses personnages, partag\u00e9s entre deux continents, et autant de fa\u00e7on de vivre leur identit\u00e9. Amani s\u2019interroge sur le nouveau couple que forme sa m\u00e8re avec Rapha\u00ebl, un homme m\u00e9tis, sur son recours nouveau \u00e0 la religion.<\/p>\n<p class=\"p1\">Le film est port\u00e9 par deux com\u00e9diens largement investis dans leur r\u00f4le: le jeune Edson Animal, dont c\u2019est le premier grand r\u00f4le, qui incarne avec justesse l\u2019ambivalence d\u2019un jeune homme qui cherche sa place en tant qu\u2019homme et que fils; et Babetida Sadjo, vue r\u00e9cemment dans <i>And Breathe Normally <\/i>de l\u2019Islandaise Isold Uggadottir, ou encore dans la s\u00e9rie Netflix <i>Into the Night <\/i>, et que l\u2019on a plaisir \u00e0 revoir dans un film belge apr\u00e8s <em>Wasteland<\/em> de Pieter Van Hees en 2014 d\u00e9j\u00e0.<span class=\"Apple-converted-space\">\u00a0<\/span><\/p>\n<p class=\"p1\">Apr\u00e8s avoir \u00e9t\u00e9 d\u00e9voil\u00e9 en avant-premi\u00e8re mondiale au Fespaco, <em>Juwaa<\/em> sera projet\u00e9 en avant-premi\u00e8re europ\u00e9enne au Festival International du Film de Mons ce 15 mars.<span class=\"Apple-converted-space\">\u00a0<\/span><\/p>\n","protected":false},"excerpt":{"rendered":"<p>Ce 15 mars sera d\u00e9voil\u00e9 \u00e0 Mons en avant-premi\u00e8re Juwaa, premier long m\u00e9trage de Nganji Mutiri livre avec Juwaa, portrait intime de retrouvailles emp\u00each\u00e9es par l\u2019histoire, l\u2019absence et les non-dits entre une m\u00e8re et son fils, entre Bruxelles et Kinshasa, incarn\u00e9s par Babetida Sadjo et Edson Anibal. Amani a 10 ans lorsqu\u2019il est s\u00e9par\u00e9 de &hellip;<\/p>\n","protected":false},"author":343,"featured_media":243804,"comment_status":"closed","ping_status":"closed","sticky":false,"template":"","format":"standard","meta":{"ngg_post_thumbnail":0,"footnotes":""},"categories":[53,12],"tags":[3987,4696,6519,4187,4697],"class_list":["post-243792","post","type-post","status-publish","format-standard","has-post-thumbnail","","category-coming-soon","category-awards","tag-babetida-sadjo","tag-edson-anibal","tag-juwaa","tag-newsletter-fr","tag-nganji-mutiri"],"yoast_head":"<!-- This site is optimized with the Yoast SEO plugin v20.4 - https:\/\/yoast.com\/wordpress\/plugins\/seo\/ -->\n<title>&quot;Juwaa&quot;, de m\u00e8re en fils - w-l-c<\/title>\n<meta name=\"robots\" content=\"noindex, follow, max-snippet:-1, max-image-preview:large, max-video-preview:-1\" \/>\n<meta property=\"og:locale\" content=\"fr_FR\" \/>\n<meta property=\"og:type\" content=\"article\" \/>\n<meta property=\"og:title\" content=\"&quot;Juwaa&quot;, de m\u00e8re en fils - w-l-c\" \/>\n<meta property=\"og:description\" content=\"Ce 15 mars sera d\u00e9voil\u00e9 \u00e0 Mons en avant-premi\u00e8re Juwaa, premier long m\u00e9trage de Nganji Mutiri livre avec Juwaa, portrait intime de retrouvailles emp\u00each\u00e9es par l\u2019histoire, l\u2019absence et les non-dits entre une m\u00e8re et son fils, entre Bruxelles et Kinshasa, incarn\u00e9s par Babetida Sadjo et Edson Anibal. Amani a 10 ans lorsqu\u2019il est s\u00e9par\u00e9 de &hellip;\" \/>\n<meta property=\"og:url\" content=\"https:\/\/w-l-c.be\/fr\/juwaa\/\" \/>\n<meta property=\"og:site_name\" content=\"w-l-c\" \/>\n<meta property=\"article:published_time\" content=\"2022-03-14T12:12:47+00:00\" \/>\n<meta property=\"article:modified_time\" content=\"2022-03-15T07:36:29+00:00\" \/>\n<meta property=\"og:image\" content=\"https:\/\/w-l-c.be\/wp-content\/uploads\/2022\/03\/Capture-de\u0301cran-2022-03-14-a\u0300-13.11.41.png\" \/>\n\t<meta property=\"og:image:width\" content=\"1482\" \/>\n\t<meta property=\"og:image:height\" content=\"964\" \/>\n\t<meta property=\"og:image:type\" content=\"image\/png\" \/>\n<meta name=\"author\" content=\"Aurore Engelen\" \/>\n<meta name=\"twitter:card\" content=\"summary_large_image\" \/>\n<meta name=\"twitter:label1\" content=\"\u00c9crit par\" \/>\n\t<meta name=\"twitter:data1\" content=\"Aurore Engelen\" \/>\n\t<meta name=\"twitter:label2\" content=\"Dur\u00e9e de lecture estim\u00e9e\" \/>\n\t<meta name=\"twitter:data2\" content=\"4 minutes\" \/>\n<script type=\"application\/ld+json\" class=\"yoast-schema-graph\">{\"@context\":\"https:\/\/schema.org\",\"@graph\":[{\"@type\":\"WebPage\",\"@id\":\"https:\/\/w-l-c.be\/fr\/juwaa\/\",\"url\":\"https:\/\/w-l-c.be\/fr\/juwaa\/\",\"name\":\"\\\"Juwaa\\\", de m\u00e8re en fils - w-l-c\",\"isPartOf\":{\"@id\":\"https:\/\/w-l-c.be\/fr\/#website\"},\"datePublished\":\"2022-03-14T12:12:47+00:00\",\"dateModified\":\"2022-03-15T07:36:29+00:00\",\"author\":{\"@id\":\"https:\/\/w-l-c.be\/fr\/#\/schema\/person\/8084b68c6b176142d073695c654dc7cf\"},\"breadcrumb\":{\"@id\":\"https:\/\/w-l-c.be\/fr\/juwaa\/#breadcrumb\"},\"inLanguage\":\"fr-FR\",\"potentialAction\":[{\"@type\":\"ReadAction\",\"target\":[\"https:\/\/w-l-c.be\/fr\/juwaa\/\"]}]},{\"@type\":\"BreadcrumbList\",\"@id\":\"https:\/\/w-l-c.be\/fr\/juwaa\/#breadcrumb\",\"itemListElement\":[{\"@type\":\"ListItem\",\"position\":1,\"name\":\"Accueil\",\"item\":\"https:\/\/w-l-c.be\/fr\/\"},{\"@type\":\"ListItem\",\"position\":2,\"name\":\"\u00ab\u00a0Juwaa\u00a0\u00bb, de m\u00e8re en fils\"}]},{\"@type\":\"WebSite\",\"@id\":\"https:\/\/w-l-c.be\/fr\/#website\",\"url\":\"https:\/\/w-l-c.be\/fr\/\",\"name\":\"w-l-c\",\"description\":\"Le cin\u00e9ma vu par les belges\",\"potentialAction\":[{\"@type\":\"SearchAction\",\"target\":{\"@type\":\"EntryPoint\",\"urlTemplate\":\"https:\/\/w-l-c.be\/fr\/?s={search_term_string}\"},\"query-input\":\"required name=search_term_string\"}],\"inLanguage\":\"fr-FR\"},{\"@type\":\"Person\",\"@id\":\"https:\/\/w-l-c.be\/fr\/#\/schema\/person\/8084b68c6b176142d073695c654dc7cf\",\"name\":\"Aurore Engelen\",\"url\":\"https:\/\/w-l-c.be\/fr\/author\/aurore-engelen\/\"}]}<\/script>\n<!-- \/ Yoast SEO plugin. -->","yoast_head_json":{"title":"\"Juwaa\", de m\u00e8re en fils - w-l-c","robots":{"index":"noindex","follow":"follow","max-snippet":"max-snippet:-1","max-image-preview":"max-image-preview:large","max-video-preview":"max-video-preview:-1"},"og_locale":"fr_FR","og_type":"article","og_title":"\"Juwaa\", de m\u00e8re en fils - w-l-c","og_description":"Ce 15 mars sera d\u00e9voil\u00e9 \u00e0 Mons en avant-premi\u00e8re Juwaa, premier long m\u00e9trage de Nganji Mutiri livre avec Juwaa, portrait intime de retrouvailles emp\u00each\u00e9es par l\u2019histoire, l\u2019absence et les non-dits entre une m\u00e8re et son fils, entre Bruxelles et Kinshasa, incarn\u00e9s par Babetida Sadjo et Edson Anibal. Amani a 10 ans lorsqu\u2019il est s\u00e9par\u00e9 de &hellip;","og_url":"https:\/\/w-l-c.be\/fr\/juwaa\/","og_site_name":"w-l-c","article_published_time":"2022-03-14T12:12:47+00:00","article_modified_time":"2022-03-15T07:36:29+00:00","og_image":[{"width":1482,"height":964,"url":"https:\/\/w-l-c.be\/wp-content\/uploads\/2022\/03\/Capture-de\u0301cran-2022-03-14-a\u0300-13.11.41.png","type":"image\/png"}],"author":"Aurore Engelen","twitter_card":"summary_large_image","twitter_misc":{"\u00c9crit par":"Aurore Engelen","Dur\u00e9e de lecture estim\u00e9e":"4 minutes"},"schema":{"@context":"https:\/\/schema.org","@graph":[{"@type":"WebPage","@id":"https:\/\/w-l-c.be\/fr\/juwaa\/","url":"https:\/\/w-l-c.be\/fr\/juwaa\/","name":"\"Juwaa\", de m\u00e8re en fils - w-l-c","isPartOf":{"@id":"https:\/\/w-l-c.be\/fr\/#website"},"datePublished":"2022-03-14T12:12:47+00:00","dateModified":"2022-03-15T07:36:29+00:00","author":{"@id":"https:\/\/w-l-c.be\/fr\/#\/schema\/person\/8084b68c6b176142d073695c654dc7cf"},"breadcrumb":{"@id":"https:\/\/w-l-c.be\/fr\/juwaa\/#breadcrumb"},"inLanguage":"fr-FR","potentialAction":[{"@type":"ReadAction","target":["https:\/\/w-l-c.be\/fr\/juwaa\/"]}]},{"@type":"BreadcrumbList","@id":"https:\/\/w-l-c.be\/fr\/juwaa\/#breadcrumb","itemListElement":[{"@type":"ListItem","position":1,"name":"Accueil","item":"https:\/\/w-l-c.be\/fr\/"},{"@type":"ListItem","position":2,"name":"\u00ab\u00a0Juwaa\u00a0\u00bb, de m\u00e8re en fils"}]},{"@type":"WebSite","@id":"https:\/\/w-l-c.be\/fr\/#website","url":"https:\/\/w-l-c.be\/fr\/","name":"w-l-c","description":"Le cin\u00e9ma vu par les belges","potentialAction":[{"@type":"SearchAction","target":{"@type":"EntryPoint","urlTemplate":"https:\/\/w-l-c.be\/fr\/?s={search_term_string}"},"query-input":"required name=search_term_string"}],"inLanguage":"fr-FR"},{"@type":"Person","@id":"https:\/\/w-l-c.be\/fr\/#\/schema\/person\/8084b68c6b176142d073695c654dc7cf","name":"Aurore Engelen","url":"https:\/\/w-l-c.be\/fr\/author\/aurore-engelen\/"}]}},"_links":{"self":[{"href":"https:\/\/w-l-c.be\/fr\/wp-json\/wp\/v2\/posts\/243792","targetHints":{"allow":["GET"]}}],"collection":[{"href":"https:\/\/w-l-c.be\/fr\/wp-json\/wp\/v2\/posts"}],"about":[{"href":"https:\/\/w-l-c.be\/fr\/wp-json\/wp\/v2\/types\/post"}],"author":[{"embeddable":true,"href":"https:\/\/w-l-c.be\/fr\/wp-json\/wp\/v2\/users\/343"}],"replies":[{"embeddable":true,"href":"https:\/\/w-l-c.be\/fr\/wp-json\/wp\/v2\/comments?post=243792"}],"version-history":[{"count":0,"href":"https:\/\/w-l-c.be\/fr\/wp-json\/wp\/v2\/posts\/243792\/revisions"}],"wp:featuredmedia":[{"embeddable":true,"href":"https:\/\/w-l-c.be\/fr\/wp-json\/wp\/v2\/media\/243804"}],"wp:attachment":[{"href":"https:\/\/w-l-c.be\/fr\/wp-json\/wp\/v2\/media?parent=243792"}],"wp:term":[{"taxonomy":"category","embeddable":true,"href":"https:\/\/w-l-c.be\/fr\/wp-json\/wp\/v2\/categories?post=243792"},{"taxonomy":"post_tag","embeddable":true,"href":"https:\/\/w-l-c.be\/fr\/wp-json\/wp\/v2\/tags?post=243792"}],"curies":[{"name":"wp","href":"https:\/\/api.w.org\/{rel}","templated":true}]}}