
{"id":244968,"date":"2022-05-11T09:55:05","date_gmt":"2022-05-11T07:55:05","guid":{"rendered":"https:\/\/www.cinevox.be\/?p=244968"},"modified":"2022-05-11T10:50:05","modified_gmt":"2022-05-11T08:50:05","slug":"abada-et-la-couleur-des-rois-dans-tout-court","status":"publish","type":"post","link":"https:\/\/w-l-c.be\/fr\/abada-et-la-couleur-des-rois-dans-tout-court\/","title":{"rendered":"\u00ab\u00a0Abada\u00a0\u00bb et \u00ab\u00a0La Couleur des Rois\u00a0\u00bb dans Tout Court"},"content":{"rendered":"<p><strong>Au programme de Tout Court ce soir, le magazine du court m\u00e9trage de La Trois: <em>Abada de<\/em>\u00a0Jean-Beno\u00eet Ugeux (<em>Eastpak, La Musique, Fratres<\/em>), et <em>La Couleur des Rois<\/em> de Julien et Simon Dara.<\/strong><\/p>\n<hr \/>\n<h4><em><strong>Abada<\/strong><\/em> de Jean-Beno\u00eet Ugeux<\/h4>\n<p><em>Avec\u00a0Pierre Sartenaer, Douglas Grauwels<\/em><\/p>\n<p>Le fils a \u00e9crit une bande dessin\u00e9e sur son enfance.<br class=\"autobr\" \/>Il l\u2019a envoy\u00e9 \u00e0 son p\u00e8re qui vit dans le sud depuis des ann\u00e9es.<br class=\"autobr\" \/>Mais le p\u00e8re n\u2019a pas tellement eu envie de lire cette histoire dans laquelle il se retrouve \u00e0 poil une case sur deux.<\/p>\n<p><iframe loading=\"lazy\" title=\"Abada \/ Teaser\" src=\"https:\/\/player.vimeo.com\/video\/487188844?dnt=1&amp;app_id=122963\" width=\"618\" height=\"348\" frameborder=\"0\" allow=\"autoplay; fullscreen; picture-in-picture; clipboard-write; encrypted-media\"><\/iframe><\/p>\n<hr \/>\n<h4><em><strong>La Couleur des Rois<\/strong> <\/em>de Julien et Simon Dara<\/h4>\n<p><em>Avec S\u00e9bastien Houdani, Malik Zidi, Rachid Dja\u00efdani, Seloua M&rsquo;Hamdi, Henry-No\u00ebl Tabary, Salim Talbi, Alain Eloy.<\/em><\/p>\n<p>Adel est un jeune co-pilote. Un soir, \u00e0 la sortie d&rsquo;un examen de routine, il se fait violemment agresser par deux hommes qui lui brisent une bouteille sur le visage. Il risque alors de devenir aveugle. Cet \u00e9v\u00e9nement le replonge dans les souvenirs de son retour parmi les siens, trois ans plus t\u00f4t.<\/p>\n<p><img loading=\"lazy\" decoding=\"async\" class=\"alignnone size-large wp-image-240407\" src=\"https:\/\/www.cinevox.be\/wp-content\/uploads\/2021\/09\/LCDR-PHOTO2-800x500.png\" alt=\"\" width=\"618\" height=\"386\" srcset=\"https:\/\/w-l-c.be\/wp-content\/uploads\/2021\/09\/LCDR-PHOTO2-800x500.png 800w, https:\/\/w-l-c.be\/wp-content\/uploads\/2021\/09\/LCDR-PHOTO2-432x270.png 432w, https:\/\/w-l-c.be\/wp-content\/uploads\/2021\/09\/LCDR-PHOTO2-768x480.png 768w, https:\/\/w-l-c.be\/wp-content\/uploads\/2021\/09\/LCDR-PHOTO2.png 1280w\" sizes=\"auto, (max-width: 618px) 100vw, 618px\" \/><\/p>\n","protected":false},"excerpt":{"rendered":"<p>Au programme de Tout Court ce soir, le magazine du court m\u00e9trage de La Trois: Abada de\u00a0Jean-Beno\u00eet Ugeux (Eastpak, La Musique, Fratres), et La Couleur des Rois de Julien et Simon Dara. Abada de Jean-Beno\u00eet Ugeux Avec\u00a0Pierre Sartenaer, Douglas Grauwels Le fils a \u00e9crit une bande dessin\u00e9e sur son enfance.Il l\u2019a envoy\u00e9 \u00e0 son p\u00e8re &hellip;<\/p>\n","protected":false},"author":343,"featured_media":244969,"comment_status":"closed","ping_status":"closed","sticky":false,"template":"","format":"standard","meta":{"ngg_post_thumbnail":0,"footnotes":""},"categories":[14],"tags":[4187],"class_list":["post-244968","post","type-post","status-publish","format-standard","has-post-thumbnail","","category-home-cinema","tag-newsletter-fr"],"yoast_head":"<!-- This site is optimized with the Yoast SEO plugin v20.4 - https:\/\/yoast.com\/wordpress\/plugins\/seo\/ -->\n<title>&quot;Abada&quot; et &quot;La Couleur des Rois&quot; dans Tout Court - w-l-c<\/title>\n<meta name=\"robots\" content=\"noindex, follow, max-snippet:-1, max-image-preview:large, max-video-preview:-1\" \/>\n<meta property=\"og:locale\" content=\"fr_FR\" \/>\n<meta property=\"og:type\" content=\"article\" \/>\n<meta property=\"og:title\" content=\"&quot;Abada&quot; et &quot;La Couleur des Rois&quot; dans Tout Court - w-l-c\" \/>\n<meta property=\"og:description\" content=\"Au programme de Tout Court ce soir, le magazine du court m\u00e9trage de La Trois: Abada de\u00a0Jean-Beno\u00eet Ugeux (Eastpak, La Musique, Fratres), et La Couleur des Rois de Julien et Simon Dara. Abada de Jean-Beno\u00eet Ugeux Avec\u00a0Pierre Sartenaer, Douglas Grauwels Le fils a \u00e9crit une bande dessin\u00e9e sur son enfance.Il l\u2019a envoy\u00e9 \u00e0 son p\u00e8re &hellip;\" \/>\n<meta property=\"og:url\" content=\"https:\/\/w-l-c.be\/fr\/abada-et-la-couleur-des-rois-dans-tout-court\/\" \/>\n<meta property=\"og:site_name\" content=\"w-l-c\" \/>\n<meta property=\"article:published_time\" content=\"2022-05-11T07:55:05+00:00\" \/>\n<meta property=\"article:modified_time\" content=\"2022-05-11T08:50:05+00:00\" \/>\n<meta property=\"og:image\" content=\"https:\/\/w-l-c.be\/wp-content\/uploads\/2022\/05\/FotoJet.jpg\" \/>\n\t<meta property=\"og:image:width\" content=\"1200\" \/>\n\t<meta property=\"og:image:height\" content=\"600\" \/>\n\t<meta property=\"og:image:type\" content=\"image\/jpeg\" \/>\n<meta name=\"author\" content=\"Aurore Engelen\" \/>\n<meta name=\"twitter:card\" content=\"summary_large_image\" \/>\n<meta name=\"twitter:label1\" content=\"\u00c9crit par\" \/>\n\t<meta name=\"twitter:data1\" content=\"Aurore Engelen\" \/>\n\t<meta name=\"twitter:label2\" content=\"Dur\u00e9e de lecture estim\u00e9e\" \/>\n\t<meta name=\"twitter:data2\" content=\"1 minute\" \/>\n<script type=\"application\/ld+json\" class=\"yoast-schema-graph\">{\"@context\":\"https:\/\/schema.org\",\"@graph\":[{\"@type\":\"WebPage\",\"@id\":\"https:\/\/w-l-c.be\/fr\/abada-et-la-couleur-des-rois-dans-tout-court\/\",\"url\":\"https:\/\/w-l-c.be\/fr\/abada-et-la-couleur-des-rois-dans-tout-court\/\",\"name\":\"\\\"Abada\\\" et \\\"La Couleur des Rois\\\" dans Tout Court - w-l-c\",\"isPartOf\":{\"@id\":\"https:\/\/w-l-c.be\/fr\/#website\"},\"datePublished\":\"2022-05-11T07:55:05+00:00\",\"dateModified\":\"2022-05-11T08:50:05+00:00\",\"author\":{\"@id\":\"https:\/\/w-l-c.be\/fr\/#\/schema\/person\/8084b68c6b176142d073695c654dc7cf\"},\"breadcrumb\":{\"@id\":\"https:\/\/w-l-c.be\/fr\/abada-et-la-couleur-des-rois-dans-tout-court\/#breadcrumb\"},\"inLanguage\":\"fr-FR\",\"potentialAction\":[{\"@type\":\"ReadAction\",\"target\":[\"https:\/\/w-l-c.be\/fr\/abada-et-la-couleur-des-rois-dans-tout-court\/\"]}]},{\"@type\":\"BreadcrumbList\",\"@id\":\"https:\/\/w-l-c.be\/fr\/abada-et-la-couleur-des-rois-dans-tout-court\/#breadcrumb\",\"itemListElement\":[{\"@type\":\"ListItem\",\"position\":1,\"name\":\"Accueil\",\"item\":\"https:\/\/w-l-c.be\/fr\/\"},{\"@type\":\"ListItem\",\"position\":2,\"name\":\"\u00ab\u00a0Abada\u00a0\u00bb et \u00ab\u00a0La Couleur des Rois\u00a0\u00bb dans Tout Court\"}]},{\"@type\":\"WebSite\",\"@id\":\"https:\/\/w-l-c.be\/fr\/#website\",\"url\":\"https:\/\/w-l-c.be\/fr\/\",\"name\":\"w-l-c\",\"description\":\"Le cin\u00e9ma vu par les belges\",\"potentialAction\":[{\"@type\":\"SearchAction\",\"target\":{\"@type\":\"EntryPoint\",\"urlTemplate\":\"https:\/\/w-l-c.be\/fr\/?s={search_term_string}\"},\"query-input\":\"required name=search_term_string\"}],\"inLanguage\":\"fr-FR\"},{\"@type\":\"Person\",\"@id\":\"https:\/\/w-l-c.be\/fr\/#\/schema\/person\/8084b68c6b176142d073695c654dc7cf\",\"name\":\"Aurore Engelen\",\"url\":\"https:\/\/w-l-c.be\/fr\/author\/aurore-engelen\/\"}]}<\/script>\n<!-- \/ Yoast SEO plugin. -->","yoast_head_json":{"title":"\"Abada\" et \"La Couleur des Rois\" dans Tout Court - w-l-c","robots":{"index":"noindex","follow":"follow","max-snippet":"max-snippet:-1","max-image-preview":"max-image-preview:large","max-video-preview":"max-video-preview:-1"},"og_locale":"fr_FR","og_type":"article","og_title":"\"Abada\" et \"La Couleur des Rois\" dans Tout Court - w-l-c","og_description":"Au programme de Tout Court ce soir, le magazine du court m\u00e9trage de La Trois: Abada de\u00a0Jean-Beno\u00eet Ugeux (Eastpak, La Musique, Fratres), et La Couleur des Rois de Julien et Simon Dara. Abada de Jean-Beno\u00eet Ugeux Avec\u00a0Pierre Sartenaer, Douglas Grauwels Le fils a \u00e9crit une bande dessin\u00e9e sur son enfance.Il l\u2019a envoy\u00e9 \u00e0 son p\u00e8re &hellip;","og_url":"https:\/\/w-l-c.be\/fr\/abada-et-la-couleur-des-rois-dans-tout-court\/","og_site_name":"w-l-c","article_published_time":"2022-05-11T07:55:05+00:00","article_modified_time":"2022-05-11T08:50:05+00:00","og_image":[{"width":1200,"height":600,"url":"https:\/\/w-l-c.be\/wp-content\/uploads\/2022\/05\/FotoJet.jpg","type":"image\/jpeg"}],"author":"Aurore Engelen","twitter_card":"summary_large_image","twitter_misc":{"\u00c9crit par":"Aurore Engelen","Dur\u00e9e de lecture estim\u00e9e":"1 minute"},"schema":{"@context":"https:\/\/schema.org","@graph":[{"@type":"WebPage","@id":"https:\/\/w-l-c.be\/fr\/abada-et-la-couleur-des-rois-dans-tout-court\/","url":"https:\/\/w-l-c.be\/fr\/abada-et-la-couleur-des-rois-dans-tout-court\/","name":"\"Abada\" et \"La Couleur des Rois\" dans Tout Court - w-l-c","isPartOf":{"@id":"https:\/\/w-l-c.be\/fr\/#website"},"datePublished":"2022-05-11T07:55:05+00:00","dateModified":"2022-05-11T08:50:05+00:00","author":{"@id":"https:\/\/w-l-c.be\/fr\/#\/schema\/person\/8084b68c6b176142d073695c654dc7cf"},"breadcrumb":{"@id":"https:\/\/w-l-c.be\/fr\/abada-et-la-couleur-des-rois-dans-tout-court\/#breadcrumb"},"inLanguage":"fr-FR","potentialAction":[{"@type":"ReadAction","target":["https:\/\/w-l-c.be\/fr\/abada-et-la-couleur-des-rois-dans-tout-court\/"]}]},{"@type":"BreadcrumbList","@id":"https:\/\/w-l-c.be\/fr\/abada-et-la-couleur-des-rois-dans-tout-court\/#breadcrumb","itemListElement":[{"@type":"ListItem","position":1,"name":"Accueil","item":"https:\/\/w-l-c.be\/fr\/"},{"@type":"ListItem","position":2,"name":"\u00ab\u00a0Abada\u00a0\u00bb et \u00ab\u00a0La Couleur des Rois\u00a0\u00bb dans Tout Court"}]},{"@type":"WebSite","@id":"https:\/\/w-l-c.be\/fr\/#website","url":"https:\/\/w-l-c.be\/fr\/","name":"w-l-c","description":"Le cin\u00e9ma vu par les belges","potentialAction":[{"@type":"SearchAction","target":{"@type":"EntryPoint","urlTemplate":"https:\/\/w-l-c.be\/fr\/?s={search_term_string}"},"query-input":"required name=search_term_string"}],"inLanguage":"fr-FR"},{"@type":"Person","@id":"https:\/\/w-l-c.be\/fr\/#\/schema\/person\/8084b68c6b176142d073695c654dc7cf","name":"Aurore Engelen","url":"https:\/\/w-l-c.be\/fr\/author\/aurore-engelen\/"}]}},"_links":{"self":[{"href":"https:\/\/w-l-c.be\/fr\/wp-json\/wp\/v2\/posts\/244968","targetHints":{"allow":["GET"]}}],"collection":[{"href":"https:\/\/w-l-c.be\/fr\/wp-json\/wp\/v2\/posts"}],"about":[{"href":"https:\/\/w-l-c.be\/fr\/wp-json\/wp\/v2\/types\/post"}],"author":[{"embeddable":true,"href":"https:\/\/w-l-c.be\/fr\/wp-json\/wp\/v2\/users\/343"}],"replies":[{"embeddable":true,"href":"https:\/\/w-l-c.be\/fr\/wp-json\/wp\/v2\/comments?post=244968"}],"version-history":[{"count":0,"href":"https:\/\/w-l-c.be\/fr\/wp-json\/wp\/v2\/posts\/244968\/revisions"}],"wp:featuredmedia":[{"embeddable":true,"href":"https:\/\/w-l-c.be\/fr\/wp-json\/wp\/v2\/media\/244969"}],"wp:attachment":[{"href":"https:\/\/w-l-c.be\/fr\/wp-json\/wp\/v2\/media?parent=244968"}],"wp:term":[{"taxonomy":"category","embeddable":true,"href":"https:\/\/w-l-c.be\/fr\/wp-json\/wp\/v2\/categories?post=244968"},{"taxonomy":"post_tag","embeddable":true,"href":"https:\/\/w-l-c.be\/fr\/wp-json\/wp\/v2\/tags?post=244968"}],"curies":[{"name":"wp","href":"https:\/\/api.w.org\/{rel}","templated":true}]}}