
{"id":244972,"date":"2022-05-11T10:00:27","date_gmt":"2022-05-11T08:00:27","guid":{"rendered":"https:\/\/www.cinevox.be\/?p=244972"},"modified":"2022-05-11T10:00:27","modified_gmt":"2022-05-11T08:00:27","slug":"stage-de-jeu-face-camera-avec-arnaud-dufeys-haute-garonne","status":"publish","type":"post","link":"https:\/\/w-l-c.be\/fr\/stage-de-jeu-face-camera-avec-arnaud-dufeys-haute-garonne\/","title":{"rendered":"Stage de jeu face cam\u00e9ra avec Arnaud Dufeys (Haute-Garonne)"},"content":{"rendered":"<div class=\"page\" title=\"Page 1\">\n<div class=\"layoutArea\">\n<div class=\"column\">\n<p><strong>Vous avez toujours e\u0301te\u0301 intrigue\u0301.e a\u0300 l\u2019ide\u0301e d\u2019e\u0302tre filme\u0301.e ? A l\u2019ide\u0301e de faire l\u2019acteur.trice devant une came\u0301ra ? Les Sisters of Saleich vous proposent de participer a\u0300 un stage pour apprendre a\u0300 comment \u00ab\u00a0jouer\u00a0\u00bb face a\u0300 une came\u0301ra, avec le re\u0301alisateur belge Arnaud Dufeys.<\/strong><\/p>\n<p>Au cine\u0301ma, la frontie\u0300re entre l\u2019acteur.trice et le personnage est souvent floue. On pourrait dire que \u00ab\u00a0jouer\u00a0\u00bb, c\u2019est se de\u0301brouiller pour vivre la sce\u0300ne le plus intense\u0301ment possible.<\/p>\n<p>Pour ce faire, chacun.e a besoin de trouver les outils qui vont lui permettre d&rsquo;oublier, au moins durant le temps ou\u0300 il joue, qu&rsquo;une sce\u0300ne a e\u0301te\u0301 e\u0301crite. Durant le stage, Arnaud proposera aux participant.e.s des exercices et mises en situation qui permettront a\u0300 chacun.e de mieux prendre conscience des atouts qui lui sont propres. En partageant son expe\u0301rience et en s&rsquo;appuyant sur certaines me\u0301thodes simples, il veillera a\u0300 ce que chaque participant.e parvienne a\u0300 e\u0302tre a\u0300 l\u2019aise pour mieux \u00ab\u00a0jouer\u00a0\u00bb et \u00ab\u00a0composer\u00a0\u00bb son ro\u0302le.<\/p>\n<p>Ce stage s\u2019adresse a\u0300 tous les niveaux, curieux.ses, amateur.e.s, professionnel.le.s, et a\u0300 tous a\u0302ges a\u0300 partir de 12 ans.<\/p>\n<div class=\"page\" title=\"Page 1\">\n<div class=\"layoutArea\">\n<div class=\"column\">\n<h4>Infos pratiques:<\/h4>\n<p><strong>Ou\u0300<\/strong> ?<\/p>\n<p>Chez Les Sisters of Saleich<br \/>\n7 Chemin du Mont Situe\u0301e \u2013 31260 Saleich<\/p>\n<p><strong>Quand ?<\/strong><\/p>\n<p>du 25 au 29 Juillet 2022<\/p>\n<p><strong>Qui est le re\u0301alisateur ?<\/strong><\/p>\n<p>Arnaud Dufeys est un re\u0301alisateur belge, diplo\u0302me\u0301 en re\u0301alisation cine\u0301matographique a\u0300 l\u2019Institut des Arts de Diffusion (IAD). Son premier court me\u0301trage, \u00ab Atomes \u00bb a e\u0301te\u0301 multiprime\u0301 et diffuse\u0301 dans plus de 60 festivals internationaux. En 2014, il a re\u0301alise\u0301 \u00ab Vertiges \u00bb, un autre court me\u0301trage co produit par la RTBF (te\u0301le\u0301vision belge) et qui traite de proble\u0301matiques adolescentes. Il a lui-me\u0302me produit des documentaires et courts me\u0301trages, a e\u0301te\u0301 re\u0301alisateur du journal te\u0301le\u0301vise\u0301 et d&rsquo;un pilote de l&rsquo;une des prochaines se\u0301ries belge. Depuis 2020, il a commence\u0301 a\u0300 donner des cours pour les e\u0301tudiants en Master de l\u2019e\u0301cole Arts de Mons. Actuellement il de\u0301veloppe plusieurs projets de longs me\u0301trages, parmi lesquels une adaptation de l&rsquo;\u0153uvre litte\u0301raire \u00ab Roman avec Cocai\u0308ne \u00bb de M. Ague\u0301ev.<\/p>\n<\/div>\n<\/div>\n<\/div>\n<div class=\"page\" title=\"Page 2\">\n<div class=\"layoutArea\">\n<div class=\"column\">\n<p><strong>Prix:<\/strong><\/p>\n<p>pour la semaine de stage : 420 \u20ac (repas du midi inclus)<\/p>\n<p>375 \u20ac si vous vous inscrivez au stage avant le 30 Juin 2022<\/p>\n<p>Ces tarifs n\u2019incluent pas l\u2019he\u0301bergement et les repas du soir, ni le petit de\u0301jeuner. Tarifs disponibles sur demande.<\/p>\n<p><strong>Pour toutes informations comple\u0301mentaires :<\/strong><\/p>\n<p>Eve Commenge \u2013 sistersofsaleich@gmail.com \u2013 06.16.21.98.11<\/p>\n<\/div>\n<\/div>\n<\/div>\n<\/div>\n<\/div>\n<\/div>\n","protected":false},"excerpt":{"rendered":"<p>Vous avez toujours e\u0301te\u0301 intrigue\u0301.e a\u0300 l\u2019ide\u0301e d\u2019e\u0302tre filme\u0301.e ? A l\u2019ide\u0301e de faire l\u2019acteur.trice devant une came\u0301ra ? Les Sisters of Saleich vous proposent de participer a\u0300 un stage pour apprendre a\u0300 comment \u00ab\u00a0jouer\u00a0\u00bb face a\u0300 une came\u0301ra, avec le re\u0301alisateur belge Arnaud Dufeys. Au cine\u0301ma, la frontie\u0300re entre l\u2019acteur.trice et le personnage est &hellip;<\/p>\n","protected":false},"author":343,"featured_media":244973,"comment_status":"closed","ping_status":"closed","sticky":false,"template":"","format":"standard","meta":{"ngg_post_thumbnail":0,"footnotes":""},"categories":[20],"tags":[],"class_list":["post-244972","post","type-post","status-publish","format-standard","has-post-thumbnail","","category-cinejobs"],"yoast_head":"<!-- This site is optimized with the Yoast SEO plugin v20.4 - https:\/\/yoast.com\/wordpress\/plugins\/seo\/ -->\n<title>Stage de jeu face cam\u00e9ra avec Arnaud Dufeys (Haute-Garonne) - w-l-c<\/title>\n<meta name=\"robots\" content=\"noindex, follow, max-snippet:-1, max-image-preview:large, max-video-preview:-1\" \/>\n<meta property=\"og:locale\" content=\"fr_FR\" \/>\n<meta property=\"og:type\" content=\"article\" \/>\n<meta property=\"og:title\" content=\"Stage de jeu face cam\u00e9ra avec Arnaud Dufeys (Haute-Garonne) - w-l-c\" \/>\n<meta property=\"og:description\" content=\"Vous avez toujours e\u0301te\u0301 intrigue\u0301.e a\u0300 l\u2019ide\u0301e d\u2019e\u0302tre filme\u0301.e ? A l\u2019ide\u0301e de faire l\u2019acteur.trice devant une came\u0301ra ? Les Sisters of Saleich vous proposent de participer a\u0300 un stage pour apprendre a\u0300 comment \u00ab\u00a0jouer\u00a0\u00bb face a\u0300 une came\u0301ra, avec le re\u0301alisateur belge Arnaud Dufeys. Au cine\u0301ma, la frontie\u0300re entre l\u2019acteur.trice et le personnage est &hellip;\" \/>\n<meta property=\"og:url\" content=\"https:\/\/w-l-c.be\/fr\/stage-de-jeu-face-camera-avec-arnaud-dufeys-haute-garonne\/\" \/>\n<meta property=\"og:site_name\" content=\"w-l-c\" \/>\n<meta property=\"article:published_time\" content=\"2022-05-11T08:00:27+00:00\" \/>\n<meta property=\"og:image\" content=\"https:\/\/w-l-c.be\/wp-content\/uploads\/2022\/05\/STAGE-DE-JEU-FACE-A-UNE-CAMERA-FACE.png\" \/>\n\t<meta property=\"og:image:width\" content=\"940\" \/>\n\t<meta property=\"og:image:height\" content=\"436\" \/>\n\t<meta property=\"og:image:type\" content=\"image\/png\" \/>\n<meta name=\"author\" content=\"Aurore Engelen\" \/>\n<meta name=\"twitter:card\" content=\"summary_large_image\" \/>\n<meta name=\"twitter:label1\" content=\"\u00c9crit par\" \/>\n\t<meta name=\"twitter:data1\" content=\"Aurore Engelen\" \/>\n\t<meta name=\"twitter:label2\" content=\"Dur\u00e9e de lecture estim\u00e9e\" \/>\n\t<meta name=\"twitter:data2\" content=\"2 minutes\" \/>\n<script type=\"application\/ld+json\" class=\"yoast-schema-graph\">{\"@context\":\"https:\/\/schema.org\",\"@graph\":[{\"@type\":\"WebPage\",\"@id\":\"https:\/\/w-l-c.be\/fr\/stage-de-jeu-face-camera-avec-arnaud-dufeys-haute-garonne\/\",\"url\":\"https:\/\/w-l-c.be\/fr\/stage-de-jeu-face-camera-avec-arnaud-dufeys-haute-garonne\/\",\"name\":\"Stage de jeu face cam\u00e9ra avec Arnaud Dufeys (Haute-Garonne) - w-l-c\",\"isPartOf\":{\"@id\":\"https:\/\/w-l-c.be\/fr\/#website\"},\"datePublished\":\"2022-05-11T08:00:27+00:00\",\"dateModified\":\"2022-05-11T08:00:27+00:00\",\"author\":{\"@id\":\"https:\/\/w-l-c.be\/fr\/#\/schema\/person\/8084b68c6b176142d073695c654dc7cf\"},\"breadcrumb\":{\"@id\":\"https:\/\/w-l-c.be\/fr\/stage-de-jeu-face-camera-avec-arnaud-dufeys-haute-garonne\/#breadcrumb\"},\"inLanguage\":\"fr-FR\",\"potentialAction\":[{\"@type\":\"ReadAction\",\"target\":[\"https:\/\/w-l-c.be\/fr\/stage-de-jeu-face-camera-avec-arnaud-dufeys-haute-garonne\/\"]}]},{\"@type\":\"BreadcrumbList\",\"@id\":\"https:\/\/w-l-c.be\/fr\/stage-de-jeu-face-camera-avec-arnaud-dufeys-haute-garonne\/#breadcrumb\",\"itemListElement\":[{\"@type\":\"ListItem\",\"position\":1,\"name\":\"Accueil\",\"item\":\"https:\/\/w-l-c.be\/fr\/\"},{\"@type\":\"ListItem\",\"position\":2,\"name\":\"Stage de jeu face cam\u00e9ra avec Arnaud Dufeys (Haute-Garonne)\"}]},{\"@type\":\"WebSite\",\"@id\":\"https:\/\/w-l-c.be\/fr\/#website\",\"url\":\"https:\/\/w-l-c.be\/fr\/\",\"name\":\"w-l-c\",\"description\":\"Le cin\u00e9ma vu par les belges\",\"potentialAction\":[{\"@type\":\"SearchAction\",\"target\":{\"@type\":\"EntryPoint\",\"urlTemplate\":\"https:\/\/w-l-c.be\/fr\/?s={search_term_string}\"},\"query-input\":\"required name=search_term_string\"}],\"inLanguage\":\"fr-FR\"},{\"@type\":\"Person\",\"@id\":\"https:\/\/w-l-c.be\/fr\/#\/schema\/person\/8084b68c6b176142d073695c654dc7cf\",\"name\":\"Aurore Engelen\",\"url\":\"https:\/\/w-l-c.be\/fr\/author\/aurore-engelen\/\"}]}<\/script>\n<!-- \/ Yoast SEO plugin. -->","yoast_head_json":{"title":"Stage de jeu face cam\u00e9ra avec Arnaud Dufeys (Haute-Garonne) - w-l-c","robots":{"index":"noindex","follow":"follow","max-snippet":"max-snippet:-1","max-image-preview":"max-image-preview:large","max-video-preview":"max-video-preview:-1"},"og_locale":"fr_FR","og_type":"article","og_title":"Stage de jeu face cam\u00e9ra avec Arnaud Dufeys (Haute-Garonne) - w-l-c","og_description":"Vous avez toujours e\u0301te\u0301 intrigue\u0301.e a\u0300 l\u2019ide\u0301e d\u2019e\u0302tre filme\u0301.e ? A l\u2019ide\u0301e de faire l\u2019acteur.trice devant une came\u0301ra ? Les Sisters of Saleich vous proposent de participer a\u0300 un stage pour apprendre a\u0300 comment \u00ab\u00a0jouer\u00a0\u00bb face a\u0300 une came\u0301ra, avec le re\u0301alisateur belge Arnaud Dufeys. Au cine\u0301ma, la frontie\u0300re entre l\u2019acteur.trice et le personnage est &hellip;","og_url":"https:\/\/w-l-c.be\/fr\/stage-de-jeu-face-camera-avec-arnaud-dufeys-haute-garonne\/","og_site_name":"w-l-c","article_published_time":"2022-05-11T08:00:27+00:00","og_image":[{"width":940,"height":436,"url":"https:\/\/w-l-c.be\/wp-content\/uploads\/2022\/05\/STAGE-DE-JEU-FACE-A-UNE-CAMERA-FACE.png","type":"image\/png"}],"author":"Aurore Engelen","twitter_card":"summary_large_image","twitter_misc":{"\u00c9crit par":"Aurore Engelen","Dur\u00e9e de lecture estim\u00e9e":"2 minutes"},"schema":{"@context":"https:\/\/schema.org","@graph":[{"@type":"WebPage","@id":"https:\/\/w-l-c.be\/fr\/stage-de-jeu-face-camera-avec-arnaud-dufeys-haute-garonne\/","url":"https:\/\/w-l-c.be\/fr\/stage-de-jeu-face-camera-avec-arnaud-dufeys-haute-garonne\/","name":"Stage de jeu face cam\u00e9ra avec Arnaud Dufeys (Haute-Garonne) - w-l-c","isPartOf":{"@id":"https:\/\/w-l-c.be\/fr\/#website"},"datePublished":"2022-05-11T08:00:27+00:00","dateModified":"2022-05-11T08:00:27+00:00","author":{"@id":"https:\/\/w-l-c.be\/fr\/#\/schema\/person\/8084b68c6b176142d073695c654dc7cf"},"breadcrumb":{"@id":"https:\/\/w-l-c.be\/fr\/stage-de-jeu-face-camera-avec-arnaud-dufeys-haute-garonne\/#breadcrumb"},"inLanguage":"fr-FR","potentialAction":[{"@type":"ReadAction","target":["https:\/\/w-l-c.be\/fr\/stage-de-jeu-face-camera-avec-arnaud-dufeys-haute-garonne\/"]}]},{"@type":"BreadcrumbList","@id":"https:\/\/w-l-c.be\/fr\/stage-de-jeu-face-camera-avec-arnaud-dufeys-haute-garonne\/#breadcrumb","itemListElement":[{"@type":"ListItem","position":1,"name":"Accueil","item":"https:\/\/w-l-c.be\/fr\/"},{"@type":"ListItem","position":2,"name":"Stage de jeu face cam\u00e9ra avec Arnaud Dufeys (Haute-Garonne)"}]},{"@type":"WebSite","@id":"https:\/\/w-l-c.be\/fr\/#website","url":"https:\/\/w-l-c.be\/fr\/","name":"w-l-c","description":"Le cin\u00e9ma vu par les belges","potentialAction":[{"@type":"SearchAction","target":{"@type":"EntryPoint","urlTemplate":"https:\/\/w-l-c.be\/fr\/?s={search_term_string}"},"query-input":"required name=search_term_string"}],"inLanguage":"fr-FR"},{"@type":"Person","@id":"https:\/\/w-l-c.be\/fr\/#\/schema\/person\/8084b68c6b176142d073695c654dc7cf","name":"Aurore Engelen","url":"https:\/\/w-l-c.be\/fr\/author\/aurore-engelen\/"}]}},"_links":{"self":[{"href":"https:\/\/w-l-c.be\/fr\/wp-json\/wp\/v2\/posts\/244972","targetHints":{"allow":["GET"]}}],"collection":[{"href":"https:\/\/w-l-c.be\/fr\/wp-json\/wp\/v2\/posts"}],"about":[{"href":"https:\/\/w-l-c.be\/fr\/wp-json\/wp\/v2\/types\/post"}],"author":[{"embeddable":true,"href":"https:\/\/w-l-c.be\/fr\/wp-json\/wp\/v2\/users\/343"}],"replies":[{"embeddable":true,"href":"https:\/\/w-l-c.be\/fr\/wp-json\/wp\/v2\/comments?post=244972"}],"version-history":[{"count":0,"href":"https:\/\/w-l-c.be\/fr\/wp-json\/wp\/v2\/posts\/244972\/revisions"}],"wp:featuredmedia":[{"embeddable":true,"href":"https:\/\/w-l-c.be\/fr\/wp-json\/wp\/v2\/media\/244973"}],"wp:attachment":[{"href":"https:\/\/w-l-c.be\/fr\/wp-json\/wp\/v2\/media?parent=244972"}],"wp:term":[{"taxonomy":"category","embeddable":true,"href":"https:\/\/w-l-c.be\/fr\/wp-json\/wp\/v2\/categories?post=244972"},{"taxonomy":"post_tag","embeddable":true,"href":"https:\/\/w-l-c.be\/fr\/wp-json\/wp\/v2\/tags?post=244972"}],"curies":[{"name":"wp","href":"https:\/\/api.w.org\/{rel}","templated":true}]}}