
{"id":244984,"date":"2022-05-12T09:32:37","date_gmt":"2022-05-12T07:32:37","guid":{"rendered":"https:\/\/www.cinevox.be\/?p=244984"},"modified":"2022-05-15T11:58:13","modified_gmt":"2022-05-15T09:58:13","slug":"bande-annonce-lemployee-du-mois-de-veronique-jadin","status":"publish","type":"post","link":"https:\/\/w-l-c.be\/fr\/bande-annonce-lemployee-du-mois-de-veronique-jadin\/","title":{"rendered":"Bande-annonce: \u00ab\u00a0L&rsquo;Employ\u00e9e du Mois\u00a0\u00bb de V\u00e9ronique Jadin"},"content":{"rendered":"<p><strong>D\u00e9couvrez la bande-annonce de <em>L&rsquo;Employ\u00e9e du Mois<\/em>, la com\u00e9die pour le moins corrosive de V\u00e9ronique Jadin, avec Jasmina Douieb et Laetitia Mampaka en duo de nettoyeuses de choc, mais aussi Peter Van den Begin, Alex Vizorek, Achille Ridolfi et Laurence Bibot.<\/strong><\/p>\n<p>Le film sera montr\u00e9 en avant-premi\u00e8re au Festival de Tribeca \u00e0 New York mi-juin, puis en juillet au Festival Fantasia au Canada, et pourquoi pas fin juin \u00e0 Bruxelles au BRIFF?<\/p>\n<p>Le pitch? In\u00e8s, 45 ans, a beau se comporter comme l&#8217;employ\u00e9e mod\u00e8le dans son entreprise de vente de produits nettoyants, elle n&rsquo;a jamais \u00e9t\u00e9 reconnue ou pay\u00e9e correctement. Sous le regard blas\u00e9 de M\u00e9lody, la jeune stagiaire, elle d\u00e9cide de r\u00e9clamer \u00e0 Patrick, son chef, sa premi\u00e8re augmentation. Mais la situation d\u00e9rape, M\u00e9lody essaie d&rsquo;intervenir ; Patrick finit le cr\u00e2ne bris\u00e9. L&rsquo;accident ressemble \u00e0 un crime. Que faire ? Ce qu&rsquo;In\u00e8s sait faire de mieux : nettoyer.<\/p>\n","protected":false},"excerpt":{"rendered":"<p>D\u00e9couvrez la bande-annonce de L&rsquo;Employ\u00e9e du Mois, la com\u00e9die pour le moins corrosive de V\u00e9ronique Jadin, avec Jasmina Douieb et Laetitia Mampaka en duo de nettoyeuses de choc, mais aussi Peter Van den Begin, Alex Vizorek, Achille Ridolfi et Laurence Bibot. Le film sera montr\u00e9 en avant-premi\u00e8re au Festival de Tribeca \u00e0 New York mi-juin, &hellip;<\/p>\n","protected":false},"author":343,"featured_media":244985,"comment_status":"closed","ping_status":"closed","sticky":false,"template":"","format":"standard","meta":{"ngg_post_thumbnail":0,"footnotes":""},"categories":[53,12],"tags":[5333,4187,3352],"class_list":["post-244984","post","type-post","status-publish","format-standard","has-post-thumbnail","","category-coming-soon","category-awards","tag-lemployee-du-mois","tag-newsletter-fr","tag-veronique-jadin"],"yoast_head":"<!-- This site is optimized with the Yoast SEO plugin v20.4 - https:\/\/yoast.com\/wordpress\/plugins\/seo\/ -->\n<title>Bande-annonce: &quot;L&#039;Employ\u00e9e du Mois&quot; de V\u00e9ronique Jadin - w-l-c<\/title>\n<meta name=\"robots\" content=\"noindex, follow, max-snippet:-1, max-image-preview:large, max-video-preview:-1\" \/>\n<meta property=\"og:locale\" content=\"fr_FR\" \/>\n<meta property=\"og:type\" content=\"article\" \/>\n<meta property=\"og:title\" content=\"Bande-annonce: &quot;L&#039;Employ\u00e9e du Mois&quot; de V\u00e9ronique Jadin - w-l-c\" \/>\n<meta property=\"og:description\" content=\"D\u00e9couvrez la bande-annonce de L&rsquo;Employ\u00e9e du Mois, la com\u00e9die pour le moins corrosive de V\u00e9ronique Jadin, avec Jasmina Douieb et Laetitia Mampaka en duo de nettoyeuses de choc, mais aussi Peter Van den Begin, Alex Vizorek, Achille Ridolfi et Laurence Bibot. Le film sera montr\u00e9 en avant-premi\u00e8re au Festival de Tribeca \u00e0 New York mi-juin, &hellip;\" \/>\n<meta property=\"og:url\" content=\"https:\/\/w-l-c.be\/fr\/bande-annonce-lemployee-du-mois-de-veronique-jadin\/\" \/>\n<meta property=\"og:site_name\" content=\"w-l-c\" \/>\n<meta property=\"article:published_time\" content=\"2022-05-12T07:32:37+00:00\" \/>\n<meta property=\"article:modified_time\" content=\"2022-05-15T09:58:13+00:00\" \/>\n<meta property=\"og:image\" content=\"https:\/\/w-l-c.be\/wp-content\/uploads\/2022\/05\/1368989_employeeofthemonth.jpg_706620.jpeg\" \/>\n\t<meta property=\"og:image:width\" content=\"1024\" \/>\n\t<meta property=\"og:image:height\" content=\"536\" \/>\n\t<meta property=\"og:image:type\" content=\"image\/jpeg\" \/>\n<meta name=\"author\" content=\"Aurore Engelen\" \/>\n<meta name=\"twitter:card\" content=\"summary_large_image\" \/>\n<meta name=\"twitter:label1\" content=\"\u00c9crit par\" \/>\n\t<meta name=\"twitter:data1\" content=\"Aurore Engelen\" \/>\n\t<meta name=\"twitter:label2\" content=\"Dur\u00e9e de lecture estim\u00e9e\" \/>\n\t<meta name=\"twitter:data2\" content=\"1 minute\" \/>\n<script type=\"application\/ld+json\" class=\"yoast-schema-graph\">{\"@context\":\"https:\/\/schema.org\",\"@graph\":[{\"@type\":\"WebPage\",\"@id\":\"https:\/\/w-l-c.be\/fr\/bande-annonce-lemployee-du-mois-de-veronique-jadin\/\",\"url\":\"https:\/\/w-l-c.be\/fr\/bande-annonce-lemployee-du-mois-de-veronique-jadin\/\",\"name\":\"Bande-annonce: \\\"L'Employ\u00e9e du Mois\\\" de V\u00e9ronique Jadin - w-l-c\",\"isPartOf\":{\"@id\":\"https:\/\/w-l-c.be\/fr\/#website\"},\"datePublished\":\"2022-05-12T07:32:37+00:00\",\"dateModified\":\"2022-05-15T09:58:13+00:00\",\"author\":{\"@id\":\"https:\/\/w-l-c.be\/fr\/#\/schema\/person\/8084b68c6b176142d073695c654dc7cf\"},\"breadcrumb\":{\"@id\":\"https:\/\/w-l-c.be\/fr\/bande-annonce-lemployee-du-mois-de-veronique-jadin\/#breadcrumb\"},\"inLanguage\":\"fr-FR\",\"potentialAction\":[{\"@type\":\"ReadAction\",\"target\":[\"https:\/\/w-l-c.be\/fr\/bande-annonce-lemployee-du-mois-de-veronique-jadin\/\"]}]},{\"@type\":\"BreadcrumbList\",\"@id\":\"https:\/\/w-l-c.be\/fr\/bande-annonce-lemployee-du-mois-de-veronique-jadin\/#breadcrumb\",\"itemListElement\":[{\"@type\":\"ListItem\",\"position\":1,\"name\":\"Accueil\",\"item\":\"https:\/\/w-l-c.be\/fr\/\"},{\"@type\":\"ListItem\",\"position\":2,\"name\":\"Bande-annonce: \u00ab\u00a0L&rsquo;Employ\u00e9e du Mois\u00a0\u00bb de V\u00e9ronique Jadin\"}]},{\"@type\":\"WebSite\",\"@id\":\"https:\/\/w-l-c.be\/fr\/#website\",\"url\":\"https:\/\/w-l-c.be\/fr\/\",\"name\":\"w-l-c\",\"description\":\"Le cin\u00e9ma vu par les belges\",\"potentialAction\":[{\"@type\":\"SearchAction\",\"target\":{\"@type\":\"EntryPoint\",\"urlTemplate\":\"https:\/\/w-l-c.be\/fr\/?s={search_term_string}\"},\"query-input\":\"required name=search_term_string\"}],\"inLanguage\":\"fr-FR\"},{\"@type\":\"Person\",\"@id\":\"https:\/\/w-l-c.be\/fr\/#\/schema\/person\/8084b68c6b176142d073695c654dc7cf\",\"name\":\"Aurore Engelen\",\"url\":\"https:\/\/w-l-c.be\/fr\/author\/aurore-engelen\/\"}]}<\/script>\n<!-- \/ Yoast SEO plugin. -->","yoast_head_json":{"title":"Bande-annonce: \"L'Employ\u00e9e du Mois\" de V\u00e9ronique Jadin - w-l-c","robots":{"index":"noindex","follow":"follow","max-snippet":"max-snippet:-1","max-image-preview":"max-image-preview:large","max-video-preview":"max-video-preview:-1"},"og_locale":"fr_FR","og_type":"article","og_title":"Bande-annonce: \"L'Employ\u00e9e du Mois\" de V\u00e9ronique Jadin - w-l-c","og_description":"D\u00e9couvrez la bande-annonce de L&rsquo;Employ\u00e9e du Mois, la com\u00e9die pour le moins corrosive de V\u00e9ronique Jadin, avec Jasmina Douieb et Laetitia Mampaka en duo de nettoyeuses de choc, mais aussi Peter Van den Begin, Alex Vizorek, Achille Ridolfi et Laurence Bibot. Le film sera montr\u00e9 en avant-premi\u00e8re au Festival de Tribeca \u00e0 New York mi-juin, &hellip;","og_url":"https:\/\/w-l-c.be\/fr\/bande-annonce-lemployee-du-mois-de-veronique-jadin\/","og_site_name":"w-l-c","article_published_time":"2022-05-12T07:32:37+00:00","article_modified_time":"2022-05-15T09:58:13+00:00","og_image":[{"width":1024,"height":536,"url":"https:\/\/w-l-c.be\/wp-content\/uploads\/2022\/05\/1368989_employeeofthemonth.jpg_706620.jpeg","type":"image\/jpeg"}],"author":"Aurore Engelen","twitter_card":"summary_large_image","twitter_misc":{"\u00c9crit par":"Aurore Engelen","Dur\u00e9e de lecture estim\u00e9e":"1 minute"},"schema":{"@context":"https:\/\/schema.org","@graph":[{"@type":"WebPage","@id":"https:\/\/w-l-c.be\/fr\/bande-annonce-lemployee-du-mois-de-veronique-jadin\/","url":"https:\/\/w-l-c.be\/fr\/bande-annonce-lemployee-du-mois-de-veronique-jadin\/","name":"Bande-annonce: \"L'Employ\u00e9e du Mois\" de V\u00e9ronique Jadin - w-l-c","isPartOf":{"@id":"https:\/\/w-l-c.be\/fr\/#website"},"datePublished":"2022-05-12T07:32:37+00:00","dateModified":"2022-05-15T09:58:13+00:00","author":{"@id":"https:\/\/w-l-c.be\/fr\/#\/schema\/person\/8084b68c6b176142d073695c654dc7cf"},"breadcrumb":{"@id":"https:\/\/w-l-c.be\/fr\/bande-annonce-lemployee-du-mois-de-veronique-jadin\/#breadcrumb"},"inLanguage":"fr-FR","potentialAction":[{"@type":"ReadAction","target":["https:\/\/w-l-c.be\/fr\/bande-annonce-lemployee-du-mois-de-veronique-jadin\/"]}]},{"@type":"BreadcrumbList","@id":"https:\/\/w-l-c.be\/fr\/bande-annonce-lemployee-du-mois-de-veronique-jadin\/#breadcrumb","itemListElement":[{"@type":"ListItem","position":1,"name":"Accueil","item":"https:\/\/w-l-c.be\/fr\/"},{"@type":"ListItem","position":2,"name":"Bande-annonce: \u00ab\u00a0L&rsquo;Employ\u00e9e du Mois\u00a0\u00bb de V\u00e9ronique Jadin"}]},{"@type":"WebSite","@id":"https:\/\/w-l-c.be\/fr\/#website","url":"https:\/\/w-l-c.be\/fr\/","name":"w-l-c","description":"Le cin\u00e9ma vu par les belges","potentialAction":[{"@type":"SearchAction","target":{"@type":"EntryPoint","urlTemplate":"https:\/\/w-l-c.be\/fr\/?s={search_term_string}"},"query-input":"required name=search_term_string"}],"inLanguage":"fr-FR"},{"@type":"Person","@id":"https:\/\/w-l-c.be\/fr\/#\/schema\/person\/8084b68c6b176142d073695c654dc7cf","name":"Aurore Engelen","url":"https:\/\/w-l-c.be\/fr\/author\/aurore-engelen\/"}]}},"_links":{"self":[{"href":"https:\/\/w-l-c.be\/fr\/wp-json\/wp\/v2\/posts\/244984","targetHints":{"allow":["GET"]}}],"collection":[{"href":"https:\/\/w-l-c.be\/fr\/wp-json\/wp\/v2\/posts"}],"about":[{"href":"https:\/\/w-l-c.be\/fr\/wp-json\/wp\/v2\/types\/post"}],"author":[{"embeddable":true,"href":"https:\/\/w-l-c.be\/fr\/wp-json\/wp\/v2\/users\/343"}],"replies":[{"embeddable":true,"href":"https:\/\/w-l-c.be\/fr\/wp-json\/wp\/v2\/comments?post=244984"}],"version-history":[{"count":0,"href":"https:\/\/w-l-c.be\/fr\/wp-json\/wp\/v2\/posts\/244984\/revisions"}],"wp:featuredmedia":[{"embeddable":true,"href":"https:\/\/w-l-c.be\/fr\/wp-json\/wp\/v2\/media\/244985"}],"wp:attachment":[{"href":"https:\/\/w-l-c.be\/fr\/wp-json\/wp\/v2\/media?parent=244984"}],"wp:term":[{"taxonomy":"category","embeddable":true,"href":"https:\/\/w-l-c.be\/fr\/wp-json\/wp\/v2\/categories?post=244984"},{"taxonomy":"post_tag","embeddable":true,"href":"https:\/\/w-l-c.be\/fr\/wp-json\/wp\/v2\/tags?post=244984"}],"curies":[{"name":"wp","href":"https:\/\/api.w.org\/{rel}","templated":true}]}}