
{"id":246274,"date":"2022-08-10T12:54:19","date_gmt":"2022-08-10T10:54:19","guid":{"rendered":"https:\/\/www.cinevox.be\/?p=246274"},"modified":"2022-08-13T16:53:52","modified_gmt":"2022-08-13T14:53:52","slug":"ca-va-trembler-belge-au-bifff","status":"publish","type":"post","link":"https:\/\/w-l-c.be\/fr\/ca-va-trembler-belge-au-bifff\/","title":{"rendered":"Ca va trembler belge au BIFFF"},"content":{"rendered":"<p><strong>Le Brussels International Fantastic Film Festival vient d&rsquo;annoncer son programme pour sa 40e \u00e9dition, qui s&rsquo;annonce haute en couleur, et en frissons made in Belgium!<\/strong><\/p>\n<p>Les organisateurices s&rsquo;en r\u00e9jouissent, c&rsquo;est une v\u00e9ritable Belgian Wave qui s&rsquo;abat sur le Festival, avec pas moins de 15 films s\u00e9lectionn\u00e9s, de grosses machines belgo-belges, de coproductions ambitieuses, ou m\u00eame de tournages gu\u00e9rillas \u00e0 mini-budget r\u00e9alis\u00e9s par des maxi-passionn\u00e9s. Pas moins de 15 productions et coproductions, cette ann\u00e9e, dont <em>Megalomaniac<\/em> (on vous en parle <a href=\"https:\/\/www.cinevox.be\/fr\/megalomaniac-film-visceral\/\">ici<\/a>) de Karim Ouelhaj, <em>Ritual<\/em> de Hans Herbots, <em>L&rsquo;Employ\u00e9e du mois<\/em> de V\u00e9ronique Jadin (souvenez-vous, nous faisions <a href=\"https:\/\/www.cinevox.be\/fr\/lemployee-du-mois-action\/\">un saut sur le tournage<\/a> il y a quelques mois, on se r\u00e9jouit d&rsquo;en reparler tr\u00e8s vite), <em>Moloss<\/em> de Abel Ernest Tembo et Abdelkrim Qissi ou encore <em>Freaks Out<\/em> de Gabriele Mainetti.<\/p>\n<figure id=\"attachment_246277\" aria-describedby=\"caption-attachment-246277\" style=\"width: 618px\" class=\"wp-caption alignnone\"><img loading=\"lazy\" decoding=\"async\" class=\"size-large wp-image-246277\" src=\"https:\/\/www.cinevox.be\/wp-content\/uploads\/2022\/08\/RITUAL_Stills_BIFFF2022-1_web-800x534.jpeg\" alt=\"\" width=\"618\" height=\"413\" srcset=\"https:\/\/w-l-c.be\/wp-content\/uploads\/2022\/08\/RITUAL_Stills_BIFFF2022-1_web-800x534.jpeg 800w, https:\/\/w-l-c.be\/wp-content\/uploads\/2022\/08\/RITUAL_Stills_BIFFF2022-1_web-405x270.jpeg 405w, https:\/\/w-l-c.be\/wp-content\/uploads\/2022\/08\/RITUAL_Stills_BIFFF2022-1_web-768x512.jpeg 768w, https:\/\/w-l-c.be\/wp-content\/uploads\/2022\/08\/RITUAL_Stills_BIFFF2022-1_web-110x75.jpeg 110w, https:\/\/w-l-c.be\/wp-content\/uploads\/2022\/08\/RITUAL_Stills_BIFFF2022-1_web.jpeg 1000w\" sizes=\"auto, (max-width: 618px) 100vw, 618px\" \/><figcaption id=\"caption-attachment-246277\" class=\"wp-caption-text\">Babetida Sadjo dans \u00ab\u00a0Ritual\u00a0\u00bb de Hans Herbot<\/figcaption><\/figure>\n<p><em>L&rsquo;Employ\u00e9e du Mois<\/em> sera en comp\u00e9tition dans la toute nouvelle section, \u00ab\u00a0Emerging Raven\u00a0\u00bb.<\/p>\n<p><em>River<\/em> de Laurenzo Vergeynst sera en Comp\u00e9tition dans la section \u00ab\u00a0White Raven\u00a0\u00bb (ex-7e parall\u00e8le).<\/p>\n<figure id=\"attachment_246279\" aria-describedby=\"caption-attachment-246279\" style=\"width: 618px\" class=\"wp-caption alignnone\"><img loading=\"lazy\" decoding=\"async\" class=\"size-large wp-image-246279\" src=\"https:\/\/www.cinevox.be\/wp-content\/uploads\/2022\/08\/RIVER_Still1_BIFFF2022-800x450.jpeg\" alt=\"\" width=\"618\" height=\"348\" srcset=\"https:\/\/w-l-c.be\/wp-content\/uploads\/2022\/08\/RIVER_Still1_BIFFF2022-800x450.jpeg 800w, https:\/\/w-l-c.be\/wp-content\/uploads\/2022\/08\/RIVER_Still1_BIFFF2022-480x270.jpeg 480w, https:\/\/w-l-c.be\/wp-content\/uploads\/2022\/08\/RIVER_Still1_BIFFF2022-200x113.jpeg 200w, https:\/\/w-l-c.be\/wp-content\/uploads\/2022\/08\/RIVER_Still1_BIFFF2022-768x432.jpeg 768w, https:\/\/w-l-c.be\/wp-content\/uploads\/2022\/08\/RIVER_Still1_BIFFF2022-599x337.jpeg 599w, https:\/\/w-l-c.be\/wp-content\/uploads\/2022\/08\/RIVER_Still1_BIFFF2022.jpeg 1400w\" sizes=\"auto, (max-width: 618px) 100vw, 618px\" \/><figcaption id=\"caption-attachment-246279\" class=\"wp-caption-text\">\u00ab\u00a0River\u00a0\u00bb de Laurenzo Vergeynst<\/figcaption><\/figure>\n<p><em>Megalomaniac<\/em> sera en lice pour le M\u00e9li\u00e8s d&rsquo;Or et la Comp\u00e9tition Europ\u00e9enne.<\/p>\n<p>Le Festival se tiendra du 29 ao\u00fbt au 10 septembre, au Heysel. On en reparle tr\u00e8s vite, en attendant, retrouvez toutes les infos <a href=\"https:\/\/www.bifff.net\/\">ici<\/a>.<\/p>\n","protected":false},"excerpt":{"rendered":"<p>Le Brussels International Fantastic Film Festival vient d&rsquo;annoncer son programme pour sa 40e \u00e9dition, qui s&rsquo;annonce haute en couleur, et en frissons made in Belgium! Les organisateurices s&rsquo;en r\u00e9jouissent, c&rsquo;est une v\u00e9ritable Belgian Wave qui s&rsquo;abat sur le Festival, avec pas moins de 15 films s\u00e9lectionn\u00e9s, de grosses machines belgo-belges, de coproductions ambitieuses, ou m\u00eame &hellip;<\/p>\n","protected":false},"author":343,"featured_media":246275,"comment_status":"closed","ping_status":"closed","sticky":false,"template":"","format":"standard","meta":{"ngg_post_thumbnail":0,"footnotes":""},"categories":[12],"tags":[6054,4187],"class_list":["post-246274","post","type-post","status-publish","format-standard","has-post-thumbnail","","category-awards","tag-bifff-2","tag-newsletter-fr"],"yoast_head":"<!-- This site is optimized with the Yoast SEO plugin v20.4 - https:\/\/yoast.com\/wordpress\/plugins\/seo\/ -->\n<title>Ca va trembler belge au BIFFF - w-l-c<\/title>\n<meta name=\"robots\" content=\"noindex, follow, max-snippet:-1, max-image-preview:large, max-video-preview:-1\" \/>\n<meta property=\"og:locale\" content=\"fr_FR\" \/>\n<meta property=\"og:type\" content=\"article\" \/>\n<meta property=\"og:title\" content=\"Ca va trembler belge au BIFFF - w-l-c\" \/>\n<meta property=\"og:description\" content=\"Le Brussels International Fantastic Film Festival vient d&rsquo;annoncer son programme pour sa 40e \u00e9dition, qui s&rsquo;annonce haute en couleur, et en frissons made in Belgium! Les organisateurices s&rsquo;en r\u00e9jouissent, c&rsquo;est une v\u00e9ritable Belgian Wave qui s&rsquo;abat sur le Festival, avec pas moins de 15 films s\u00e9lectionn\u00e9s, de grosses machines belgo-belges, de coproductions ambitieuses, ou m\u00eame &hellip;\" \/>\n<meta property=\"og:url\" content=\"https:\/\/w-l-c.be\/fr\/ca-va-trembler-belge-au-bifff\/\" \/>\n<meta property=\"og:site_name\" content=\"w-l-c\" \/>\n<meta property=\"article:published_time\" content=\"2022-08-10T10:54:19+00:00\" \/>\n<meta property=\"article:modified_time\" content=\"2022-08-13T14:53:52+00:00\" \/>\n<meta property=\"og:image\" content=\"https:\/\/w-l-c.be\/wp-content\/uploads\/2022\/08\/EMPLOYEE-OF-THE-MONTH_Still_BIFFF2022-1.jpeg\" \/>\n\t<meta property=\"og:image:width\" content=\"1280\" \/>\n\t<meta property=\"og:image:height\" content=\"685\" \/>\n\t<meta property=\"og:image:type\" content=\"image\/jpeg\" \/>\n<meta name=\"author\" content=\"Aurore Engelen\" \/>\n<meta name=\"twitter:card\" content=\"summary_large_image\" \/>\n<meta name=\"twitter:label1\" content=\"\u00c9crit par\" \/>\n\t<meta name=\"twitter:data1\" content=\"Aurore Engelen\" \/>\n\t<meta name=\"twitter:label2\" content=\"Dur\u00e9e de lecture estim\u00e9e\" \/>\n\t<meta name=\"twitter:data2\" content=\"2 minutes\" \/>\n<script type=\"application\/ld+json\" class=\"yoast-schema-graph\">{\"@context\":\"https:\/\/schema.org\",\"@graph\":[{\"@type\":\"WebPage\",\"@id\":\"https:\/\/w-l-c.be\/fr\/ca-va-trembler-belge-au-bifff\/\",\"url\":\"https:\/\/w-l-c.be\/fr\/ca-va-trembler-belge-au-bifff\/\",\"name\":\"Ca va trembler belge au BIFFF - w-l-c\",\"isPartOf\":{\"@id\":\"https:\/\/w-l-c.be\/fr\/#website\"},\"datePublished\":\"2022-08-10T10:54:19+00:00\",\"dateModified\":\"2022-08-13T14:53:52+00:00\",\"author\":{\"@id\":\"https:\/\/w-l-c.be\/fr\/#\/schema\/person\/8084b68c6b176142d073695c654dc7cf\"},\"breadcrumb\":{\"@id\":\"https:\/\/w-l-c.be\/fr\/ca-va-trembler-belge-au-bifff\/#breadcrumb\"},\"inLanguage\":\"fr-FR\",\"potentialAction\":[{\"@type\":\"ReadAction\",\"target\":[\"https:\/\/w-l-c.be\/fr\/ca-va-trembler-belge-au-bifff\/\"]}]},{\"@type\":\"BreadcrumbList\",\"@id\":\"https:\/\/w-l-c.be\/fr\/ca-va-trembler-belge-au-bifff\/#breadcrumb\",\"itemListElement\":[{\"@type\":\"ListItem\",\"position\":1,\"name\":\"Accueil\",\"item\":\"https:\/\/w-l-c.be\/fr\/\"},{\"@type\":\"ListItem\",\"position\":2,\"name\":\"Ca va trembler belge au BIFFF\"}]},{\"@type\":\"WebSite\",\"@id\":\"https:\/\/w-l-c.be\/fr\/#website\",\"url\":\"https:\/\/w-l-c.be\/fr\/\",\"name\":\"w-l-c\",\"description\":\"Le cin\u00e9ma vu par les belges\",\"potentialAction\":[{\"@type\":\"SearchAction\",\"target\":{\"@type\":\"EntryPoint\",\"urlTemplate\":\"https:\/\/w-l-c.be\/fr\/?s={search_term_string}\"},\"query-input\":\"required name=search_term_string\"}],\"inLanguage\":\"fr-FR\"},{\"@type\":\"Person\",\"@id\":\"https:\/\/w-l-c.be\/fr\/#\/schema\/person\/8084b68c6b176142d073695c654dc7cf\",\"name\":\"Aurore Engelen\",\"url\":\"https:\/\/w-l-c.be\/fr\/author\/aurore-engelen\/\"}]}<\/script>\n<!-- \/ Yoast SEO plugin. -->","yoast_head_json":{"title":"Ca va trembler belge au BIFFF - w-l-c","robots":{"index":"noindex","follow":"follow","max-snippet":"max-snippet:-1","max-image-preview":"max-image-preview:large","max-video-preview":"max-video-preview:-1"},"og_locale":"fr_FR","og_type":"article","og_title":"Ca va trembler belge au BIFFF - w-l-c","og_description":"Le Brussels International Fantastic Film Festival vient d&rsquo;annoncer son programme pour sa 40e \u00e9dition, qui s&rsquo;annonce haute en couleur, et en frissons made in Belgium! Les organisateurices s&rsquo;en r\u00e9jouissent, c&rsquo;est une v\u00e9ritable Belgian Wave qui s&rsquo;abat sur le Festival, avec pas moins de 15 films s\u00e9lectionn\u00e9s, de grosses machines belgo-belges, de coproductions ambitieuses, ou m\u00eame &hellip;","og_url":"https:\/\/w-l-c.be\/fr\/ca-va-trembler-belge-au-bifff\/","og_site_name":"w-l-c","article_published_time":"2022-08-10T10:54:19+00:00","article_modified_time":"2022-08-13T14:53:52+00:00","og_image":[{"width":1280,"height":685,"url":"https:\/\/w-l-c.be\/wp-content\/uploads\/2022\/08\/EMPLOYEE-OF-THE-MONTH_Still_BIFFF2022-1.jpeg","type":"image\/jpeg"}],"author":"Aurore Engelen","twitter_card":"summary_large_image","twitter_misc":{"\u00c9crit par":"Aurore Engelen","Dur\u00e9e de lecture estim\u00e9e":"2 minutes"},"schema":{"@context":"https:\/\/schema.org","@graph":[{"@type":"WebPage","@id":"https:\/\/w-l-c.be\/fr\/ca-va-trembler-belge-au-bifff\/","url":"https:\/\/w-l-c.be\/fr\/ca-va-trembler-belge-au-bifff\/","name":"Ca va trembler belge au BIFFF - w-l-c","isPartOf":{"@id":"https:\/\/w-l-c.be\/fr\/#website"},"datePublished":"2022-08-10T10:54:19+00:00","dateModified":"2022-08-13T14:53:52+00:00","author":{"@id":"https:\/\/w-l-c.be\/fr\/#\/schema\/person\/8084b68c6b176142d073695c654dc7cf"},"breadcrumb":{"@id":"https:\/\/w-l-c.be\/fr\/ca-va-trembler-belge-au-bifff\/#breadcrumb"},"inLanguage":"fr-FR","potentialAction":[{"@type":"ReadAction","target":["https:\/\/w-l-c.be\/fr\/ca-va-trembler-belge-au-bifff\/"]}]},{"@type":"BreadcrumbList","@id":"https:\/\/w-l-c.be\/fr\/ca-va-trembler-belge-au-bifff\/#breadcrumb","itemListElement":[{"@type":"ListItem","position":1,"name":"Accueil","item":"https:\/\/w-l-c.be\/fr\/"},{"@type":"ListItem","position":2,"name":"Ca va trembler belge au BIFFF"}]},{"@type":"WebSite","@id":"https:\/\/w-l-c.be\/fr\/#website","url":"https:\/\/w-l-c.be\/fr\/","name":"w-l-c","description":"Le cin\u00e9ma vu par les belges","potentialAction":[{"@type":"SearchAction","target":{"@type":"EntryPoint","urlTemplate":"https:\/\/w-l-c.be\/fr\/?s={search_term_string}"},"query-input":"required name=search_term_string"}],"inLanguage":"fr-FR"},{"@type":"Person","@id":"https:\/\/w-l-c.be\/fr\/#\/schema\/person\/8084b68c6b176142d073695c654dc7cf","name":"Aurore Engelen","url":"https:\/\/w-l-c.be\/fr\/author\/aurore-engelen\/"}]}},"_links":{"self":[{"href":"https:\/\/w-l-c.be\/fr\/wp-json\/wp\/v2\/posts\/246274","targetHints":{"allow":["GET"]}}],"collection":[{"href":"https:\/\/w-l-c.be\/fr\/wp-json\/wp\/v2\/posts"}],"about":[{"href":"https:\/\/w-l-c.be\/fr\/wp-json\/wp\/v2\/types\/post"}],"author":[{"embeddable":true,"href":"https:\/\/w-l-c.be\/fr\/wp-json\/wp\/v2\/users\/343"}],"replies":[{"embeddable":true,"href":"https:\/\/w-l-c.be\/fr\/wp-json\/wp\/v2\/comments?post=246274"}],"version-history":[{"count":0,"href":"https:\/\/w-l-c.be\/fr\/wp-json\/wp\/v2\/posts\/246274\/revisions"}],"wp:featuredmedia":[{"embeddable":true,"href":"https:\/\/w-l-c.be\/fr\/wp-json\/wp\/v2\/media\/246275"}],"wp:attachment":[{"href":"https:\/\/w-l-c.be\/fr\/wp-json\/wp\/v2\/media?parent=246274"}],"wp:term":[{"taxonomy":"category","embeddable":true,"href":"https:\/\/w-l-c.be\/fr\/wp-json\/wp\/v2\/categories?post=246274"},{"taxonomy":"post_tag","embeddable":true,"href":"https:\/\/w-l-c.be\/fr\/wp-json\/wp\/v2\/tags?post=246274"}],"curies":[{"name":"wp","href":"https:\/\/api.w.org\/{rel}","templated":true}]}}