
{"id":246578,"date":"2022-09-05T11:30:25","date_gmt":"2022-09-05T09:30:25","guid":{"rendered":"https:\/\/www.cinevox.be\/?p=246578"},"modified":"2022-09-05T11:30:25","modified_gmt":"2022-09-05T09:30:25","slug":"bande-annonce-marie-gillain-a-la-folie","status":"publish","type":"post","link":"https:\/\/w-l-c.be\/fr\/bande-annonce-marie-gillain-a-la-folie\/","title":{"rendered":"Bande-annonce: Marie Gillain \u00ab\u00a0A la folie\u00a0\u00bb"},"content":{"rendered":"<p><strong>Marie Gillain est l&rsquo;h\u00e9ro\u00efne de la fiction <em>A la folie<\/em>, r\u00e9alis\u00e9 par Andrea Bescond et Eric Metayer (Les Chatouilles), dans lequel elle incarne une femme d\u00e9truite par sa relation avec un pervers narcissique.\u00a0<\/strong><\/p>\n<p>C&rsquo;est quoi l&rsquo;histoire? Au cours d\u2019un cocktail entre amis, Anna poignarde son compagnon Damien. Elle est imm\u00e9diatement mise en examen pour tentative de meurtre et ne nie pas les faits mais l\u2019affaire reste incompr\u00e9hensible : Anna n\u2019a aucun pass\u00e9 de violence et ne donne aucune explication \u00e0 son geste. No\u00e9, le policier en charge de l\u2019enqu\u00eate, veut comprendre : pi\u00e8ce par pi\u00e8ce, il va reconstituer le puzzle de l\u2019emprise d\u2019un pervers narcissique sur sa victime. Avec l\u2019aide d\u2019une avocate d\u00e9termin\u00e9e, ils vont r\u00e9v\u00e9ler le vrai visage de Damien, mais parviendront-ils \u00e0 sauver Anna ?<\/p>\n<p>Marie Gillain est Anna, un r\u00f4le fort en engageant. Face \u00e0 elle on retrouve Alexis Michalik, Ahmed Sylla et Nicole Ferroni. La com\u00e9dienne belge a d&rsquo;ailleurs \u00e9t\u00e9 prim\u00e9e pour sa performance au prestigieux Festival de la fiction TV de La Rochelle, ainsi qu&rsquo;au Festival du Film de demain.<\/p>\n<p>La fiction sera diffus\u00e9e demain 6 septembre en France sur M6, et d\u00e9but 2023 en Belgique sur RTL-Tvi.<\/p>\n","protected":false},"excerpt":{"rendered":"<p>Marie Gillain est l&rsquo;h\u00e9ro\u00efne de la fiction A la folie, r\u00e9alis\u00e9 par Andrea Bescond et Eric Metayer (Les Chatouilles), dans lequel elle incarne une femme d\u00e9truite par sa relation avec un pervers narcissique.\u00a0 C&rsquo;est quoi l&rsquo;histoire? Au cours d\u2019un cocktail entre amis, Anna poignarde son compagnon Damien. Elle est imm\u00e9diatement mise en examen pour tentative &hellip;<\/p>\n","protected":false},"author":343,"featured_media":246582,"comment_status":"closed","ping_status":"closed","sticky":false,"template":"","format":"standard","meta":{"ngg_post_thumbnail":0,"footnotes":""},"categories":[12],"tags":[1965,4187],"class_list":["post-246578","post","type-post","status-publish","format-standard","has-post-thumbnail","","category-awards","tag-marie-gillain","tag-newsletter-fr"],"yoast_head":"<!-- This site is optimized with the Yoast SEO plugin v20.4 - https:\/\/yoast.com\/wordpress\/plugins\/seo\/ -->\n<title>Bande-annonce: Marie Gillain &quot;A la folie&quot; - w-l-c<\/title>\n<meta name=\"robots\" content=\"noindex, follow, max-snippet:-1, max-image-preview:large, max-video-preview:-1\" \/>\n<meta property=\"og:locale\" content=\"fr_FR\" \/>\n<meta property=\"og:type\" content=\"article\" \/>\n<meta property=\"og:title\" content=\"Bande-annonce: Marie Gillain &quot;A la folie&quot; - w-l-c\" \/>\n<meta property=\"og:description\" content=\"Marie Gillain est l&rsquo;h\u00e9ro\u00efne de la fiction A la folie, r\u00e9alis\u00e9 par Andrea Bescond et Eric Metayer (Les Chatouilles), dans lequel elle incarne une femme d\u00e9truite par sa relation avec un pervers narcissique.\u00a0 C&rsquo;est quoi l&rsquo;histoire? Au cours d\u2019un cocktail entre amis, Anna poignarde son compagnon Damien. Elle est imm\u00e9diatement mise en examen pour tentative &hellip;\" \/>\n<meta property=\"og:url\" content=\"https:\/\/w-l-c.be\/fr\/bande-annonce-marie-gillain-a-la-folie\/\" \/>\n<meta property=\"og:site_name\" content=\"w-l-c\" \/>\n<meta property=\"article:published_time\" content=\"2022-09-05T09:30:25+00:00\" \/>\n<meta property=\"og:image\" content=\"https:\/\/w-l-c.be\/wp-content\/uploads\/2022\/09\/A-la-folie.jpg\" \/>\n\t<meta property=\"og:image:width\" content=\"1280\" \/>\n\t<meta property=\"og:image:height\" content=\"720\" \/>\n\t<meta property=\"og:image:type\" content=\"image\/jpeg\" \/>\n<meta name=\"author\" content=\"Aurore Engelen\" \/>\n<meta name=\"twitter:card\" content=\"summary_large_image\" \/>\n<meta name=\"twitter:label1\" content=\"\u00c9crit par\" \/>\n\t<meta name=\"twitter:data1\" content=\"Aurore Engelen\" \/>\n\t<meta name=\"twitter:label2\" content=\"Dur\u00e9e de lecture estim\u00e9e\" \/>\n\t<meta name=\"twitter:data2\" content=\"1 minute\" \/>\n<script type=\"application\/ld+json\" class=\"yoast-schema-graph\">{\"@context\":\"https:\/\/schema.org\",\"@graph\":[{\"@type\":\"WebPage\",\"@id\":\"https:\/\/w-l-c.be\/fr\/bande-annonce-marie-gillain-a-la-folie\/\",\"url\":\"https:\/\/w-l-c.be\/fr\/bande-annonce-marie-gillain-a-la-folie\/\",\"name\":\"Bande-annonce: Marie Gillain \\\"A la folie\\\" - w-l-c\",\"isPartOf\":{\"@id\":\"https:\/\/w-l-c.be\/fr\/#website\"},\"datePublished\":\"2022-09-05T09:30:25+00:00\",\"dateModified\":\"2022-09-05T09:30:25+00:00\",\"author\":{\"@id\":\"https:\/\/w-l-c.be\/fr\/#\/schema\/person\/8084b68c6b176142d073695c654dc7cf\"},\"breadcrumb\":{\"@id\":\"https:\/\/w-l-c.be\/fr\/bande-annonce-marie-gillain-a-la-folie\/#breadcrumb\"},\"inLanguage\":\"fr-FR\",\"potentialAction\":[{\"@type\":\"ReadAction\",\"target\":[\"https:\/\/w-l-c.be\/fr\/bande-annonce-marie-gillain-a-la-folie\/\"]}]},{\"@type\":\"BreadcrumbList\",\"@id\":\"https:\/\/w-l-c.be\/fr\/bande-annonce-marie-gillain-a-la-folie\/#breadcrumb\",\"itemListElement\":[{\"@type\":\"ListItem\",\"position\":1,\"name\":\"Accueil\",\"item\":\"https:\/\/w-l-c.be\/fr\/\"},{\"@type\":\"ListItem\",\"position\":2,\"name\":\"Bande-annonce: Marie Gillain \u00ab\u00a0A la folie\u00a0\u00bb\"}]},{\"@type\":\"WebSite\",\"@id\":\"https:\/\/w-l-c.be\/fr\/#website\",\"url\":\"https:\/\/w-l-c.be\/fr\/\",\"name\":\"w-l-c\",\"description\":\"Le cin\u00e9ma vu par les belges\",\"potentialAction\":[{\"@type\":\"SearchAction\",\"target\":{\"@type\":\"EntryPoint\",\"urlTemplate\":\"https:\/\/w-l-c.be\/fr\/?s={search_term_string}\"},\"query-input\":\"required name=search_term_string\"}],\"inLanguage\":\"fr-FR\"},{\"@type\":\"Person\",\"@id\":\"https:\/\/w-l-c.be\/fr\/#\/schema\/person\/8084b68c6b176142d073695c654dc7cf\",\"name\":\"Aurore Engelen\",\"url\":\"https:\/\/w-l-c.be\/fr\/author\/aurore-engelen\/\"}]}<\/script>\n<!-- \/ Yoast SEO plugin. -->","yoast_head_json":{"title":"Bande-annonce: Marie Gillain \"A la folie\" - w-l-c","robots":{"index":"noindex","follow":"follow","max-snippet":"max-snippet:-1","max-image-preview":"max-image-preview:large","max-video-preview":"max-video-preview:-1"},"og_locale":"fr_FR","og_type":"article","og_title":"Bande-annonce: Marie Gillain \"A la folie\" - w-l-c","og_description":"Marie Gillain est l&rsquo;h\u00e9ro\u00efne de la fiction A la folie, r\u00e9alis\u00e9 par Andrea Bescond et Eric Metayer (Les Chatouilles), dans lequel elle incarne une femme d\u00e9truite par sa relation avec un pervers narcissique.\u00a0 C&rsquo;est quoi l&rsquo;histoire? Au cours d\u2019un cocktail entre amis, Anna poignarde son compagnon Damien. Elle est imm\u00e9diatement mise en examen pour tentative &hellip;","og_url":"https:\/\/w-l-c.be\/fr\/bande-annonce-marie-gillain-a-la-folie\/","og_site_name":"w-l-c","article_published_time":"2022-09-05T09:30:25+00:00","og_image":[{"width":1280,"height":720,"url":"https:\/\/w-l-c.be\/wp-content\/uploads\/2022\/09\/A-la-folie.jpg","type":"image\/jpeg"}],"author":"Aurore Engelen","twitter_card":"summary_large_image","twitter_misc":{"\u00c9crit par":"Aurore Engelen","Dur\u00e9e de lecture estim\u00e9e":"1 minute"},"schema":{"@context":"https:\/\/schema.org","@graph":[{"@type":"WebPage","@id":"https:\/\/w-l-c.be\/fr\/bande-annonce-marie-gillain-a-la-folie\/","url":"https:\/\/w-l-c.be\/fr\/bande-annonce-marie-gillain-a-la-folie\/","name":"Bande-annonce: Marie Gillain \"A la folie\" - w-l-c","isPartOf":{"@id":"https:\/\/w-l-c.be\/fr\/#website"},"datePublished":"2022-09-05T09:30:25+00:00","dateModified":"2022-09-05T09:30:25+00:00","author":{"@id":"https:\/\/w-l-c.be\/fr\/#\/schema\/person\/8084b68c6b176142d073695c654dc7cf"},"breadcrumb":{"@id":"https:\/\/w-l-c.be\/fr\/bande-annonce-marie-gillain-a-la-folie\/#breadcrumb"},"inLanguage":"fr-FR","potentialAction":[{"@type":"ReadAction","target":["https:\/\/w-l-c.be\/fr\/bande-annonce-marie-gillain-a-la-folie\/"]}]},{"@type":"BreadcrumbList","@id":"https:\/\/w-l-c.be\/fr\/bande-annonce-marie-gillain-a-la-folie\/#breadcrumb","itemListElement":[{"@type":"ListItem","position":1,"name":"Accueil","item":"https:\/\/w-l-c.be\/fr\/"},{"@type":"ListItem","position":2,"name":"Bande-annonce: Marie Gillain \u00ab\u00a0A la folie\u00a0\u00bb"}]},{"@type":"WebSite","@id":"https:\/\/w-l-c.be\/fr\/#website","url":"https:\/\/w-l-c.be\/fr\/","name":"w-l-c","description":"Le cin\u00e9ma vu par les belges","potentialAction":[{"@type":"SearchAction","target":{"@type":"EntryPoint","urlTemplate":"https:\/\/w-l-c.be\/fr\/?s={search_term_string}"},"query-input":"required name=search_term_string"}],"inLanguage":"fr-FR"},{"@type":"Person","@id":"https:\/\/w-l-c.be\/fr\/#\/schema\/person\/8084b68c6b176142d073695c654dc7cf","name":"Aurore Engelen","url":"https:\/\/w-l-c.be\/fr\/author\/aurore-engelen\/"}]}},"_links":{"self":[{"href":"https:\/\/w-l-c.be\/fr\/wp-json\/wp\/v2\/posts\/246578","targetHints":{"allow":["GET"]}}],"collection":[{"href":"https:\/\/w-l-c.be\/fr\/wp-json\/wp\/v2\/posts"}],"about":[{"href":"https:\/\/w-l-c.be\/fr\/wp-json\/wp\/v2\/types\/post"}],"author":[{"embeddable":true,"href":"https:\/\/w-l-c.be\/fr\/wp-json\/wp\/v2\/users\/343"}],"replies":[{"embeddable":true,"href":"https:\/\/w-l-c.be\/fr\/wp-json\/wp\/v2\/comments?post=246578"}],"version-history":[{"count":0,"href":"https:\/\/w-l-c.be\/fr\/wp-json\/wp\/v2\/posts\/246578\/revisions"}],"wp:featuredmedia":[{"embeddable":true,"href":"https:\/\/w-l-c.be\/fr\/wp-json\/wp\/v2\/media\/246582"}],"wp:attachment":[{"href":"https:\/\/w-l-c.be\/fr\/wp-json\/wp\/v2\/media?parent=246578"}],"wp:term":[{"taxonomy":"category","embeddable":true,"href":"https:\/\/w-l-c.be\/fr\/wp-json\/wp\/v2\/categories?post=246578"},{"taxonomy":"post_tag","embeddable":true,"href":"https:\/\/w-l-c.be\/fr\/wp-json\/wp\/v2\/tags?post=246578"}],"curies":[{"name":"wp","href":"https:\/\/api.w.org\/{rel}","templated":true}]}}