
{"id":246976,"date":"2022-09-28T10:16:11","date_gmt":"2022-09-28T08:16:11","guid":{"rendered":"https:\/\/www.cinevox.be\/?p=246976"},"modified":"2022-09-29T10:47:42","modified_gmt":"2022-09-29T08:47:42","slug":"ces-belges-qui-font-le-cinema-francais","status":"publish","type":"post","link":"https:\/\/w-l-c.be\/fr\/ces-belges-qui-font-le-cinema-francais\/","title":{"rendered":"\u00ab\u00a0Ces Belges qui font le cin\u00e9ma fran\u00e7ais\u00a0\u00bb"},"content":{"rendered":"<p><strong>Les Impressions Nouvelles viennent de sortir un passionnant recueil d&rsquo;entretiens dirig\u00e9 par Louis H\u00e9liot sur ces Belges qui font le cin\u00e9ma fran\u00e7ais. L&rsquo;occasion de souligner l&rsquo;incroyable richesse du vivier de talents du Plat pays qui contribuent au dynamisme du cin\u00e9ma fran\u00e7ais, et ce, \u00e0 tous les niveaux de la cha\u00eene de cr\u00e9ation, que ce soit devant ou derri\u00e8re la cam\u00e9ra.<\/strong><\/p>\n<p>Au fil d&rsquo;entretiens qui prennent le temps d&rsquo;explorer le parcours et la pratique des professionnel\u00b7nes invit\u00e9\u00b7es entre novembre 2020 et avril 2021 au Forum des Images \u00e0 Paris, on d\u00e9couvre la sp\u00e9cificit\u00e9 et la complexit\u00e9 de leurs m\u00e9tiers, la singularit\u00e9 de leur ancrage, la source de leur cr\u00e9ativit\u00e9.<\/p>\n<p>Ainsi est-il passionnant d&rsquo;accompagner Emilie Dequenne qui remonte le cours de sa filmographie, de <em>Rosetta<\/em> \u00e0 Lucas Belvaux, en passant par Joachim Lafosse. Des Dardenne, elle vante la fa\u00e7on dont ils <em>\u00ab\u00a0permettent au com\u00e9dien et \u00e0 son corps de se rapprocher le plus possible de l&rsquo;animalit\u00e9, de l&rsquo;instinct primaire du personnage, de ce naturalisme, ils font appel \u00e0 un jeu instinctif. Il y a une fa\u00e7on de rendre le jeu primaire, une sorte de non-jeu et d&rsquo;incarnation par la r\u00e9p\u00e9tition: on ne cherche pas \u00e0 intellectualiser quoi que ce soit. Il n&rsquo;y a jamais de sous-titres avec les Dardenne.\u00a0\u00bb<\/em> Et livre en passant une remarquable d\u00e9finition de leur approche du jeu.<\/p>\n<figure id=\"attachment_62080\" aria-describedby=\"caption-attachment-62080\" style=\"width: 618px\" class=\"wp-caption alignnone\"><img loading=\"lazy\" decoding=\"async\" class=\"wp-image-62080 size-large\" src=\"https:\/\/www.cinevox.be\/wp-content\/uploads\/2014\/09\/rosetta-800x531.jpg\" alt=\"\" width=\"618\" height=\"410\" srcset=\"https:\/\/w-l-c.be\/wp-content\/uploads\/2014\/09\/rosetta-800x531.jpg 800w, https:\/\/w-l-c.be\/wp-content\/uploads\/2014\/09\/rosetta-406x270.jpg 406w, https:\/\/w-l-c.be\/wp-content\/uploads\/2014\/09\/rosetta.jpg 1200w\" sizes=\"auto, (max-width: 618px) 100vw, 618px\" \/><figcaption id=\"caption-attachment-62080\" class=\"wp-caption-text\">Emilie Dequenne dans \u00ab\u00a0Rosetta\u00a0\u00bb de Luc et Jean-Pierre Dardenne<\/figcaption><\/figure>\n<p>Autre acteur r\u00e9v\u00e9l\u00e9 chez les Dardenne, Olivier Gourmet revient quant \u00e0 lui sur la fa\u00e7on dont le cin\u00e9ma a \u00e9t\u00e9 une <em>\u00ab\u00a0bouff\u00e9e d&rsquo;oxyg\u00e8ne\u00a0\u00bb<\/em> pour lui, qui n&rsquo;y \u00e9tait tellement pas pr\u00e9destin\u00e9. Lui aussi, bien s\u00fbr, \u00e9voque les cin\u00e9astes, leur art, et le r\u00eave qu&rsquo;il avait partag\u00e9s avec eux, celui de jouer au th\u00e9\u00e2tre un personnage de dos, dispositif que l&rsquo;on retrouve dans <em>Le Fils<\/em>, o\u00f9 la cam\u00e9ra s&rsquo;accroche \u00e0 <em>\u00ab\u00a0la douleur du personnage, (\u00e0) son pass\u00e9 pr\u00e9sent dans sa nuque, tout le temps.\u00a0\u00bb<\/em> Le com\u00e9dien explique pourquoi la France est devenue une \u00e9vidence pour trouver du travail, se concentrer sur le cin\u00e9ma. En Belgique, il aurait d\u00fb aussi continuer \u00e0 faire du th\u00e9\u00e2tre, pour vivre de son m\u00e9tier. M\u00e9tier dont il parle avec passion, notamment quand il \u00e9voque l&rsquo;amour qu&rsquo;il faut avoir pour ses personnages, salauds inclus: <em>\u00ab\u00a0La seule chose \u00e0 faire, c&rsquo;est de l&rsquo;aimer, de lui construire une vie qui permet de l&rsquo;aimer.\u00a0\u00bb<\/em> Echo que l&rsquo;on retrouve chez Lucas Belvaux, d&rsquo;ailleurs: <em>\u00ab\u00a0Je suis moraliste, mais pas moralisateur. (&#8230;) Quand on \u00e9crit, il faut donner au personnage une chance d&rsquo;\u00eatre un humain, avec son unicit\u00e9.\u00a0\u00bb<\/em><\/p>\n<p>Les opportunit\u00e9s de travail sont l&rsquo;une des raisons premi\u00e8res de \u00ab\u00a0l&rsquo;exil\u00a0\u00bb des talents. M\u00eame si pour beaucoup, et notamment les cin\u00e9astes, la Belgique reste le point d&rsquo;ancrage, et la France, une chance de coproduction. La Belgique, Fabrice du Welz y revient toujours: <em>\u00ab\u00a0Tous les cin\u00e9astes dignes de ce nom ont un d\u00e9cor, qu&rsquo;ils visitent encore et encore. Moi, c&rsquo;est les Ardennes.\u00a0\u00bb<\/em> S&rsquo;il ne se sent ni cin\u00e9aste fran\u00e7ais, ni forc\u00e9ment cin\u00e9aste belge, il se souvient n\u00e9anmoins comment l&rsquo;apparition soudaine de <em>C&rsquo;est arriv\u00e9 pr\u00e8s de chez vous<\/em> a \u00e9t\u00e9 <em>\u00ab\u00a0un phare dans la nuit\u00a0\u00bb<\/em>. <em>\u00ab\u00a0Je voyais ces mecs, et je pensais que c&rsquo;\u00e9tait possible, cette bande de punks dr\u00f4les, fascinants, et un g\u00e9nie: Beno\u00eet Poelvoorde!\u00a0\u00bb<\/em><\/p>\n<p>Joachim Lafosse lui a sa propre d\u00e9finition, saluant la pluralit\u00e9: <em>\u00ab\u00a0Il y a autant de films belges que de cin\u00e9astes belges, c&rsquo;est \u00e7a le cin\u00e9ma belge. Si on pouvait souhaiter la m\u00eame chose au cin\u00e9ma fran\u00e7ais, ce serait magnifique.\u00a0\u00bb<\/em> Alors que son cin\u00e9ma et celui de Fabrice du Welz semblent aux antipodes l&rsquo;un de l&rsquo;autre, ils se rejoignent sur leur vision du texte au cin\u00e9ma, du Welz n&rsquo;h\u00e9sitant pas \u00e0 parler de <em>\u00ab\u00a0la dictature du sc\u00e9nario\u00a0\u00bb<\/em>, quand Lafosse souligne <em>\u00ab\u00a0l&rsquo;omnipotence de la litt\u00e9rature quand on essaie de faire des films, parce que les financements s&rsquo;acquiert d&rsquo;abord sur du papier\u00a0\u00bb<\/em>, chantant par la suite les louanges du plan-s\u00e9quence, comme <em>\u00ab\u00a0\u00e9criture du plateau.\u00a0\u00bb<\/em><\/p>\n<figure id=\"attachment_246980\" aria-describedby=\"caption-attachment-246980\" style=\"width: 618px\" class=\"wp-caption alignnone\"><img loading=\"lazy\" decoding=\"async\" class=\"size-large wp-image-246980\" src=\"https:\/\/www.cinevox.be\/wp-content\/uploads\/2022\/09\/chevaliers1-800x453.jpeg\" alt=\"les-chevaliers-blancs-joachim-lafosse\" width=\"618\" height=\"350\" srcset=\"https:\/\/w-l-c.be\/wp-content\/uploads\/2022\/09\/chevaliers1-800x453.jpeg 800w, https:\/\/w-l-c.be\/wp-content\/uploads\/2022\/09\/chevaliers1-476x270.jpeg 476w, https:\/\/w-l-c.be\/wp-content\/uploads\/2022\/09\/chevaliers1-200x113.jpeg 200w, https:\/\/w-l-c.be\/wp-content\/uploads\/2022\/09\/chevaliers1-768x435.jpeg 768w, https:\/\/w-l-c.be\/wp-content\/uploads\/2022\/09\/chevaliers1.jpeg 1200w\" sizes=\"auto, (max-width: 618px) 100vw, 618px\" \/><figcaption id=\"caption-attachment-246980\" class=\"wp-caption-text\">\u00ab\u00a0Les Chevaliers Blancs\u00a0\u00bb de Joachim Lafosse<br \/>Costumes: Pascaline Chavanne<\/figcaption><\/figure>\n<p>En bonne productrice, Anne-Dominique Toussaint, qui navigue entre la France et la Belgique depuis la cr\u00e9ation de ses soci\u00e9t\u00e9s \u00e0 Paris et \u00e0 Bruxelles en 1989, souligne la fa\u00e7on dont la Belgique soigne son industrie: <em>\u00ab\u00a0La Belgique a un truc tr\u00e8s particulier et assez g\u00e9nial, c&rsquo;est un petit pays o\u00f9 il n&rsquo;y a pas particuli\u00e8rement de fonds, avec une industrie plus modeste qu&rsquo;en France, mais il y existe une vraie volont\u00e9 politique.\u00a0\u00bb<\/em> De son c\u00f4t\u00e9, la scripte V\u00e9ronique Heuchenne met en lumi\u00e8re un fait souvent \u00e9voqu\u00e9: <em>\u00ab\u00a0En Belgique, c&rsquo;est une mani\u00e8re sans doute plus collective d&rsquo;aborder le cin\u00e9ma.\u00a0\u00bb<\/em> Elle poursuit: <em>\u00ab\u00a0A la base, le syst\u00e8me est plus horizontal en Belgique, c&rsquo;est-\u00e0-dire que s&rsquo;il y a un probl\u00e8me sur le plateau, tout le monde va essayer d&rsquo;aider, tandis qu&rsquo;en France les r\u00f4les sont beaucoup plus d\u00e9finis.\u00a0\u00bb<\/em> En passant, on d\u00e9couvre les coulisses et la mati\u00e8re de ce m\u00e9tier m\u00e9connu au fil de la rencontre.<\/p>\n<p>Tout comme l&rsquo;entretien avec la grand chef costumi\u00e8re Pascaline Chavanne (deux C\u00e9sar et un Magritte) permet de plonger au coeur de son art et sa pratique, gr\u00e2ce \u00e0 sa passion, et son talent du r\u00e9cit. Elle synth\u00e9tise d&rsquo;ailleurs ce qui unit les nombreux membres d&rsquo;une \u00e9quipe de cin\u00e9ma, au service d&rsquo;un film: <em>\u00ab\u00a0On raconte tous la m\u00eame histoire, finalement, mais avec une lecture diff\u00e9rente, comme si on employait d&rsquo;autres mots pour raconter la m\u00eame histoire.\u00a0\u00bb<\/em> Elle insiste sur l&rsquo;art du d\u00e9tail: <em>\u00ab\u00a0nos m\u00e9tiers ne sont qu&rsquo;une succession de petits d\u00e9tails et (&#8230;) au final, c&rsquo;est ce qui va rester \u00e0 l&rsquo;\u00e9cran, cette succession de petits d\u00e9tails.\u00a0\u00bb\u00a0<\/em><\/p>\n<p>Bref, allez lire ces entretiens passionnants, qui jettent la lumi\u00e8re sur l&rsquo;art et l&rsquo;artisanat du cin\u00e9ma, magnifi\u00e9s par ses talents belges.<\/p>\n<p>&nbsp;<\/p>\n","protected":false},"excerpt":{"rendered":"<p>Les Impressions Nouvelles viennent de sortir un passionnant recueil d&rsquo;entretiens dirig\u00e9 par Louis H\u00e9liot sur ces Belges qui font le cin\u00e9ma fran\u00e7ais. L&rsquo;occasion de souligner l&rsquo;incroyable richesse du vivier de talents du Plat pays qui contribuent au dynamisme du cin\u00e9ma fran\u00e7ais, et ce, \u00e0 tous les niveaux de la cha\u00eene de cr\u00e9ation, que ce soit &hellip;<\/p>\n","protected":false},"author":343,"featured_media":246978,"comment_status":"closed","ping_status":"closed","sticky":false,"template":"","format":"standard","meta":{"ngg_post_thumbnail":0,"footnotes":""},"categories":[12],"tags":[4187],"class_list":["post-246976","post","type-post","status-publish","format-standard","has-post-thumbnail","","category-awards","tag-newsletter-fr"],"yoast_head":"<!-- This site is optimized with the Yoast SEO plugin v20.4 - https:\/\/yoast.com\/wordpress\/plugins\/seo\/ -->\n<title>&quot;Ces Belges qui font le cin\u00e9ma fran\u00e7ais&quot; - w-l-c<\/title>\n<meta name=\"robots\" content=\"noindex, follow, max-snippet:-1, max-image-preview:large, max-video-preview:-1\" \/>\n<meta property=\"og:locale\" content=\"fr_FR\" \/>\n<meta property=\"og:type\" content=\"article\" \/>\n<meta property=\"og:title\" content=\"&quot;Ces Belges qui font le cin\u00e9ma fran\u00e7ais&quot; - w-l-c\" \/>\n<meta property=\"og:description\" content=\"Les Impressions Nouvelles viennent de sortir un passionnant recueil d&rsquo;entretiens dirig\u00e9 par Louis H\u00e9liot sur ces Belges qui font le cin\u00e9ma fran\u00e7ais. L&rsquo;occasion de souligner l&rsquo;incroyable richesse du vivier de talents du Plat pays qui contribuent au dynamisme du cin\u00e9ma fran\u00e7ais, et ce, \u00e0 tous les niveaux de la cha\u00eene de cr\u00e9ation, que ce soit &hellip;\" \/>\n<meta property=\"og:url\" content=\"https:\/\/w-l-c.be\/fr\/ces-belges-qui-font-le-cinema-francais\/\" \/>\n<meta property=\"og:site_name\" content=\"w-l-c\" \/>\n<meta property=\"article:published_time\" content=\"2022-09-28T08:16:11+00:00\" \/>\n<meta property=\"article:modified_time\" content=\"2022-09-29T08:47:42+00:00\" \/>\n<meta property=\"og:image\" content=\"https:\/\/w-l-c.be\/wp-content\/uploads\/2022\/09\/Sans-titre-1-2.png\" \/>\n\t<meta property=\"og:image:width\" content=\"1200\" \/>\n\t<meta property=\"og:image:height\" content=\"600\" \/>\n\t<meta property=\"og:image:type\" content=\"image\/png\" \/>\n<meta name=\"author\" content=\"Aurore Engelen\" \/>\n<meta name=\"twitter:card\" content=\"summary_large_image\" \/>\n<meta name=\"twitter:label1\" content=\"\u00c9crit par\" \/>\n\t<meta name=\"twitter:data1\" content=\"Aurore Engelen\" \/>\n\t<meta name=\"twitter:label2\" content=\"Dur\u00e9e de lecture estim\u00e9e\" \/>\n\t<meta name=\"twitter:data2\" content=\"5 minutes\" \/>\n<script type=\"application\/ld+json\" class=\"yoast-schema-graph\">{\"@context\":\"https:\/\/schema.org\",\"@graph\":[{\"@type\":\"WebPage\",\"@id\":\"https:\/\/w-l-c.be\/fr\/ces-belges-qui-font-le-cinema-francais\/\",\"url\":\"https:\/\/w-l-c.be\/fr\/ces-belges-qui-font-le-cinema-francais\/\",\"name\":\"\\\"Ces Belges qui font le cin\u00e9ma fran\u00e7ais\\\" - w-l-c\",\"isPartOf\":{\"@id\":\"https:\/\/w-l-c.be\/fr\/#website\"},\"datePublished\":\"2022-09-28T08:16:11+00:00\",\"dateModified\":\"2022-09-29T08:47:42+00:00\",\"author\":{\"@id\":\"https:\/\/w-l-c.be\/fr\/#\/schema\/person\/8084b68c6b176142d073695c654dc7cf\"},\"breadcrumb\":{\"@id\":\"https:\/\/w-l-c.be\/fr\/ces-belges-qui-font-le-cinema-francais\/#breadcrumb\"},\"inLanguage\":\"fr-FR\",\"potentialAction\":[{\"@type\":\"ReadAction\",\"target\":[\"https:\/\/w-l-c.be\/fr\/ces-belges-qui-font-le-cinema-francais\/\"]}]},{\"@type\":\"BreadcrumbList\",\"@id\":\"https:\/\/w-l-c.be\/fr\/ces-belges-qui-font-le-cinema-francais\/#breadcrumb\",\"itemListElement\":[{\"@type\":\"ListItem\",\"position\":1,\"name\":\"Accueil\",\"item\":\"https:\/\/w-l-c.be\/fr\/\"},{\"@type\":\"ListItem\",\"position\":2,\"name\":\"\u00ab\u00a0Ces Belges qui font le cin\u00e9ma fran\u00e7ais\u00a0\u00bb\"}]},{\"@type\":\"WebSite\",\"@id\":\"https:\/\/w-l-c.be\/fr\/#website\",\"url\":\"https:\/\/w-l-c.be\/fr\/\",\"name\":\"w-l-c\",\"description\":\"Le cin\u00e9ma vu par les belges\",\"potentialAction\":[{\"@type\":\"SearchAction\",\"target\":{\"@type\":\"EntryPoint\",\"urlTemplate\":\"https:\/\/w-l-c.be\/fr\/?s={search_term_string}\"},\"query-input\":\"required name=search_term_string\"}],\"inLanguage\":\"fr-FR\"},{\"@type\":\"Person\",\"@id\":\"https:\/\/w-l-c.be\/fr\/#\/schema\/person\/8084b68c6b176142d073695c654dc7cf\",\"name\":\"Aurore Engelen\",\"url\":\"https:\/\/w-l-c.be\/fr\/author\/aurore-engelen\/\"}]}<\/script>\n<!-- \/ Yoast SEO plugin. -->","yoast_head_json":{"title":"\"Ces Belges qui font le cin\u00e9ma fran\u00e7ais\" - w-l-c","robots":{"index":"noindex","follow":"follow","max-snippet":"max-snippet:-1","max-image-preview":"max-image-preview:large","max-video-preview":"max-video-preview:-1"},"og_locale":"fr_FR","og_type":"article","og_title":"\"Ces Belges qui font le cin\u00e9ma fran\u00e7ais\" - w-l-c","og_description":"Les Impressions Nouvelles viennent de sortir un passionnant recueil d&rsquo;entretiens dirig\u00e9 par Louis H\u00e9liot sur ces Belges qui font le cin\u00e9ma fran\u00e7ais. L&rsquo;occasion de souligner l&rsquo;incroyable richesse du vivier de talents du Plat pays qui contribuent au dynamisme du cin\u00e9ma fran\u00e7ais, et ce, \u00e0 tous les niveaux de la cha\u00eene de cr\u00e9ation, que ce soit &hellip;","og_url":"https:\/\/w-l-c.be\/fr\/ces-belges-qui-font-le-cinema-francais\/","og_site_name":"w-l-c","article_published_time":"2022-09-28T08:16:11+00:00","article_modified_time":"2022-09-29T08:47:42+00:00","og_image":[{"width":1200,"height":600,"url":"https:\/\/w-l-c.be\/wp-content\/uploads\/2022\/09\/Sans-titre-1-2.png","type":"image\/png"}],"author":"Aurore Engelen","twitter_card":"summary_large_image","twitter_misc":{"\u00c9crit par":"Aurore Engelen","Dur\u00e9e de lecture estim\u00e9e":"5 minutes"},"schema":{"@context":"https:\/\/schema.org","@graph":[{"@type":"WebPage","@id":"https:\/\/w-l-c.be\/fr\/ces-belges-qui-font-le-cinema-francais\/","url":"https:\/\/w-l-c.be\/fr\/ces-belges-qui-font-le-cinema-francais\/","name":"\"Ces Belges qui font le cin\u00e9ma fran\u00e7ais\" - w-l-c","isPartOf":{"@id":"https:\/\/w-l-c.be\/fr\/#website"},"datePublished":"2022-09-28T08:16:11+00:00","dateModified":"2022-09-29T08:47:42+00:00","author":{"@id":"https:\/\/w-l-c.be\/fr\/#\/schema\/person\/8084b68c6b176142d073695c654dc7cf"},"breadcrumb":{"@id":"https:\/\/w-l-c.be\/fr\/ces-belges-qui-font-le-cinema-francais\/#breadcrumb"},"inLanguage":"fr-FR","potentialAction":[{"@type":"ReadAction","target":["https:\/\/w-l-c.be\/fr\/ces-belges-qui-font-le-cinema-francais\/"]}]},{"@type":"BreadcrumbList","@id":"https:\/\/w-l-c.be\/fr\/ces-belges-qui-font-le-cinema-francais\/#breadcrumb","itemListElement":[{"@type":"ListItem","position":1,"name":"Accueil","item":"https:\/\/w-l-c.be\/fr\/"},{"@type":"ListItem","position":2,"name":"\u00ab\u00a0Ces Belges qui font le cin\u00e9ma fran\u00e7ais\u00a0\u00bb"}]},{"@type":"WebSite","@id":"https:\/\/w-l-c.be\/fr\/#website","url":"https:\/\/w-l-c.be\/fr\/","name":"w-l-c","description":"Le cin\u00e9ma vu par les belges","potentialAction":[{"@type":"SearchAction","target":{"@type":"EntryPoint","urlTemplate":"https:\/\/w-l-c.be\/fr\/?s={search_term_string}"},"query-input":"required name=search_term_string"}],"inLanguage":"fr-FR"},{"@type":"Person","@id":"https:\/\/w-l-c.be\/fr\/#\/schema\/person\/8084b68c6b176142d073695c654dc7cf","name":"Aurore Engelen","url":"https:\/\/w-l-c.be\/fr\/author\/aurore-engelen\/"}]}},"_links":{"self":[{"href":"https:\/\/w-l-c.be\/fr\/wp-json\/wp\/v2\/posts\/246976","targetHints":{"allow":["GET"]}}],"collection":[{"href":"https:\/\/w-l-c.be\/fr\/wp-json\/wp\/v2\/posts"}],"about":[{"href":"https:\/\/w-l-c.be\/fr\/wp-json\/wp\/v2\/types\/post"}],"author":[{"embeddable":true,"href":"https:\/\/w-l-c.be\/fr\/wp-json\/wp\/v2\/users\/343"}],"replies":[{"embeddable":true,"href":"https:\/\/w-l-c.be\/fr\/wp-json\/wp\/v2\/comments?post=246976"}],"version-history":[{"count":0,"href":"https:\/\/w-l-c.be\/fr\/wp-json\/wp\/v2\/posts\/246976\/revisions"}],"wp:featuredmedia":[{"embeddable":true,"href":"https:\/\/w-l-c.be\/fr\/wp-json\/wp\/v2\/media\/246978"}],"wp:attachment":[{"href":"https:\/\/w-l-c.be\/fr\/wp-json\/wp\/v2\/media?parent=246976"}],"wp:term":[{"taxonomy":"category","embeddable":true,"href":"https:\/\/w-l-c.be\/fr\/wp-json\/wp\/v2\/categories?post=246976"},{"taxonomy":"post_tag","embeddable":true,"href":"https:\/\/w-l-c.be\/fr\/wp-json\/wp\/v2\/tags?post=246976"}],"curies":[{"name":"wp","href":"https:\/\/api.w.org\/{rel}","templated":true}]}}