
{"id":248152,"date":"2022-12-12T10:51:41","date_gmt":"2022-12-12T09:51:41","guid":{"rendered":"https:\/\/www.cinevox.be\/?p=248152"},"modified":"2022-12-13T18:53:44","modified_gmt":"2022-12-13T17:53:44","slug":"charlotte-vandermeersch-felix-van-groeningen-penser-le-film-comme-un-refuge","status":"publish","type":"post","link":"https:\/\/w-l-c.be\/fr\/charlotte-vandermeersch-felix-van-groeningen-penser-le-film-comme-un-refuge\/","title":{"rendered":"Charlotte Vandermeersch &#038; Felix Van Groeningen: \u00ab\u00a0Penser le film comme un refuge\u00a0\u00bb"},"content":{"rendered":"<p class=\"p1\"><strong>Rencontre avec Charlotte Vandermeersch &amp; Felix Van Groeningen, \u00e0 quelques jours de la sortie du premier film qu&rsquo;ils ont co-r\u00e9alis\u00e9 et co-\u00e9crit, <em>Les Huit Montagnes<\/em>, une adaptation inspir\u00e9e et inspirante du livre d\u00e9j\u00e0 culte de Paolo Cognetti.<\/strong><\/p>\n<h4>Comment est venue l&rsquo;envie de vous lancer dans cette adaptation?<\/h4>\n<p class=\"p1\"><strong>Charlotte Vandermeersch <\/strong><\/p>\n<p class=\"p1\">Il y a quelques ann\u00e9es, quelqu\u2019un avait parl\u00e9 du livre \u00e0 Felix, en lui disant que c\u2019\u00e9tait une histoire pour lui. Il l\u2019avait achet\u00e9, mais avait arr\u00eat\u00e9 de le lire apr\u00e8s quelques pages, en se disant que cette histoire de montagne, en Italie, ce n\u2019\u00e9tait pas pour lui.<span class=\"Apple-converted-space\">\u00a0<\/span><\/p>\n<p class=\"p1\">Un an plus tard, il est contact\u00e9 par une soci\u00e9t\u00e9 de production italienne, qui a les droits du livre, et qui lui propose l\u00e0 aussi l\u2019adaptation. Ils sont fans de son travail, et voudrait en faire un film international, donc en anglais. Felix a alors lu le livre, et il est finalement tomb\u00e9 amoureux de l\u2019histoire, touch\u00e9 aussi bien par les grandes th\u00e9matiques abord\u00e9es par le livre, que par de plus petits d\u00e9tails. \u00ab\u00a0J\u2019adore, leur a-t-il dit, j\u2019y vais, mais en italien!\u00a0\u00bb C&rsquo;\u00e9tait \u00e9vident, pour lui comme pour moi d&rsquo;ailleurs, que cette authenticit\u00e9 linguistique est trop importante importante, constitutive du r\u00e9cit.<span class=\"Apple-converted-space\">\u00a0<\/span><\/p>\n<p class=\"p1\">Les producteurs lui ont donn\u00e9 la libert\u00e9 artistique, \u00e7a a \u00e9t\u00e9 un tr\u00e8s beau mariage italo-belge. Il faut dire que nous adorons l&rsquo;Italie Felix et moi, on y va r\u00e9guli\u00e8rement. D\u2019ailleurs, alors qu\u2019on y \u00e9tait en vacances en famille, avec notre van, Felix re\u00e7oit un mail de Paolo Cognetti, l&rsquo;auteur du livre, l\u2019invitant \u00e0 venir d\u00e9couvrir sa r\u00e9gion, la vall\u00e9e d\u2019Aoste. On a chang\u00e9 notre itin\u00e9raire tout de suite, et j\u2019ai vite lu le livre. J\u2019\u00e9tais tr\u00e8s \u00e9mue \u00e0 la lecture. Paolo a ouvert son monde pour nous.<span class=\"Apple-converted-space\">\u00a0<\/span><\/p>\n<p class=\"p1\">Ce livre, je le trouvais magnifique, tendre, beau, riche, profond. Son c\u00f4t\u00e9 spirituel et m\u00e9ditatif m\u2019attirait. Puis bon, c\u2019est la vie, l\u2019amour, l\u2019amiti\u00e9, la perte, comment trouver sa place dans le monde\u2026 Nous avions d\u00e9j\u00e0 envie d&rsquo;\u00e9crire ensemble, et finalement, cette histoire nous a appel\u00e9s tous les deux.<\/p>\n<h4 class=\"p1\">Vous connaissiez la montagne, avant \u00e7a? Elle peut \u00eatre dure, pour les non-connaisseurs.<\/h4>\n<p class=\"p1\"><strong>Felix<\/strong> <strong>Van Groeningen<\/strong><\/p>\n<p class=\"p1\">Charlotte a fait beaucoup de voyages lointains, en Amazonie comme dans l\u2019Himalaya. De mon c\u00f4t\u00e9, depuis que je suis petit, je vais dans le Massif central en France, mes parents ont de la famille et une maison l\u00e0-bas. Et puis un mois avant de lire le livre, par hasard, j\u2019avais fait un trek de 4 jours en haute montage dans les Alpes avec un ami, en dormant en refuge, en escaladant des sommet de 3000 m\u00e8tres. A ce moment-l\u00e0, je crois que j\u2019ai compris l\u2019attrait de la montagne: \u00eatre loin de tout, se rencontrer soi-m\u00eame. L\u2019envie d\u2019adapter ce livre, \u00e7a a aussi \u00e0 voir avec l\u2019envie de passer du temps en montagne, d\u2019aller plus loin que la lecture. De rencontrer ces gens, qui sont tellement inspirants. Ils ont une vraie puret\u00e9, sans cynisme.<span class=\"Apple-converted-space\">\u00a0<\/span><\/p>\n<p><img loading=\"lazy\" decoding=\"async\" class=\"alignnone size-large wp-image-245088\" src=\"https:\/\/www.cinevox.be\/wp-content\/uploads\/2022\/05\/Acht-Bergen-Otto-Montagne-800x450.jpeg\" alt=\"\" width=\"618\" height=\"348\" srcset=\"https:\/\/w-l-c.be\/wp-content\/uploads\/2022\/05\/Acht-Bergen-Otto-Montagne-800x450.jpeg 800w, https:\/\/w-l-c.be\/wp-content\/uploads\/2022\/05\/Acht-Bergen-Otto-Montagne-480x270.jpeg 480w, https:\/\/w-l-c.be\/wp-content\/uploads\/2022\/05\/Acht-Bergen-Otto-Montagne-200x113.jpeg 200w, https:\/\/w-l-c.be\/wp-content\/uploads\/2022\/05\/Acht-Bergen-Otto-Montagne-768x432.jpeg 768w, https:\/\/w-l-c.be\/wp-content\/uploads\/2022\/05\/Acht-Bergen-Otto-Montagne-599x337.jpeg 599w, https:\/\/w-l-c.be\/wp-content\/uploads\/2022\/05\/Acht-Bergen-Otto-Montagne.jpeg 1200w\" sizes=\"auto, (max-width: 618px) 100vw, 618px\" \/><\/p>\n<h4 class=\"p1\">Au coeur de l\u2019amiti\u00e9 entre Pietro et Bruno, les deux jeunes puis moins jeunes h\u00e9ros du film, il y a l\u2019opposition entre la campagne et la ville. C&rsquo;est un discours tr\u00e8s actuel,\u00a0 qui a une r\u00e9sonance tr\u00e8s forte, surtout apr\u00e8s les confinements, alors que les citadins s&rsquo;interrogent sur leur rapport \u00e0 la \u00ab nature \u00bb.<span class=\"Apple-converted-space\">\u00a0<\/span><\/h4>\n<p class=\"p1\"><strong>Felix<\/strong> <strong>Van Groeningen<\/strong><\/p>\n<p class=\"p1\">Oui, c&rsquo;est tr\u00e8s pr\u00e9sente dans le livre d\u00e9j\u00e0, et comme on a \u00e9crit le film pendant le confinement, c\u2019\u00e9tait une dr\u00f4le de synchronicit\u00e9.<\/p>\n<p class=\"p1\"><strong>Charlotte Vandermeersch <\/strong><\/p>\n<p class=\"p1\">On avait d\u00e9cid\u00e9 d\u2019\u00e9crire le film ensemble juste avant l\u2019\u00e9pid\u00e9mie, et quand on s\u2019y est mis, tout \u00e0 coup tout \u00e9tait ferm\u00e9, on ne pouvait plus aller nulle part. On avait terriblement envie de sortir, de respirer, il y avait un parall\u00e8le tr\u00e8s beau.<\/p>\n<p class=\"p1\"><strong>Felix<\/strong> <strong>Van Groeningen<\/strong><\/p>\n<p class=\"p1\">Ce hasard a d\u00e9cid\u00e9ment bien fait les choses. On avait bloqu\u00e9 un mois pour \u00e9crire, finalement on en a eu deux ou trois, et \u00e7a a \u00e9t\u00e9 salutaire, on en a eu besoin. Le fait que le monde s\u2019arr\u00eate ne pouvait pas tomber mieux dans nos vies.<span class=\"Apple-converted-space\">\u00a0<\/span><\/p>\n<p class=\"p1\"><strong>Charlotte Vandermeersch <\/strong><\/p>\n<p class=\"p1\">Pour nous, et pour le projet, \u00e7a a \u00e9t\u00e9 un cadeau.<span class=\"Apple-converted-space\">\u00a0<\/span><\/p>\n<p class=\"p1\"><strong>Felix<\/strong> <strong>Van Groeningen<\/strong><\/p>\n<p class=\"p1\">Et apr\u00e8s avoir travaill\u00e9 si \u00e9troitement ensemble \u00e0 l&rsquo;\u00e9criture, il m\u2019a sembl\u00e9 \u00e9vident qu&rsquo;il fallait que nous r\u00e9alisions le film ensemble avec Charlotte. Je sentais bien que nous nous \u00e9tions manqu\u00e9s, pendant toutes ces ann\u00e9es, perdus dans le travail, et ce rapprochement nous faisait du bien. C\u2019\u00e9tait bon pour le projet, et bon pour nous. Le film b\u00e9n\u00e9ficiait tellement de ce que Charlotte avait \u00e0 lui apporter..<\/p>\n<h4 class=\"p1\">Au coeur du r\u00e9cit, on retrouve une histoire d&rsquo;amiti\u00e9 entre Pietro et Bruno, et m\u00eame, une histoire d\u2019amour pas romantique. Un amour universel, qui transcende tout.<\/h4>\n<p class=\"p1\"><strong>Charlotte Vandermeersch <\/strong><\/p>\n<p class=\"p1\">Oui, c\u2019est \u00e9videmment universel, et pour nous je crois que c\u2019\u00e9tait le bon moment dans nos vies pour nous pencher sur cet amour, sur la force de l&rsquo;amiti\u00e9, sa transcendance parfois. On arrive \u00e0 la quarantaine. Tout le monde autour de nous s\u2019interroge. Nos amis font des enfants, on fait des choix, parfois on se perd de vue. C\u2019est toujours un petit d\u00e9chirement, de voir s\u2019\u00e9loigner nos amis. On voudrait construire un petit nid, dans lequel on pourrait vivre ensemble, mais ce n\u2019est pas possible. Comment peut-on soutenir nos amis? Comment \u00eatre un miroir pour l\u2019autre, l\u2019aider \u00e0 \u00e9voluer? Comment dire la v\u00e9rit\u00e9, ou sa v\u00e9rit\u00e9, peut-on critiquer ses choix, comment l\u2019aider quand on pense que ce n\u2019est pas la bonne d\u00e9cision? A l\u2019\u00e9cole, on n\u2019a pas de liens, pas de responsabilit\u00e9s, mais en vieillissant, \u00e7a demande de grands efforts d\u2019entretenir une amiti\u00e9. Il faut donner du temps, de l\u2019attention, tout ce qui nous manque au quotidien.<span class=\"Apple-converted-space\">\u00a0<\/span><\/p>\n<p class=\"p1\">Et puis c\u2019est une amiti\u00e9 entre hommes tr\u00e8s tendre, et on ne voit pas \u00e7a souvent. Il leur est difficile de s\u2019exprimer, mais souvent ils se comprennent tr\u00e8s bien, m\u00eame sans mots.<span class=\"Apple-converted-space\">\u00a0<\/span><\/p>\n<p class=\"p1\"><strong>Felix<\/strong> <strong>Van Groeningen<\/strong><\/p>\n<p class=\"p1\">Ce qui m\u2019a beaucoup touch\u00e9, c\u2019est l\u2019id\u00e9e de s&rsquo;\u00eatre rencontr\u00e9, et que m\u00eame si l&rsquo;on ne se voit pas pendant des ann\u00e9es, on puisse rester des miroirs l\u2019un pour l\u2019autre. On continue \u00e0 s\u2019inspirer mutuellement, \u00e0 se r\u00e9jouir pour l\u2019autre quand il trouve sa voie. Les amis peuvent donner de tr\u00e8s bons conseils, car ils nous connaissent tr\u00e8s bien. En m\u00eame temps, on peut aussi se sentir \u00e9trangers \u00e0 certains moments, m\u00eame si on s\u2019entend super bien. Parfois \u00e7a devient tr\u00e8s dur d\u2019entrer dans le monde de l\u2019autre, il faut savoir l\u00e2cher prise, accepter de ne pas \u00eatre d\u2019accord, ou le voir se tromper. Par amour. C\u2019est toute cette complexit\u00e9 qui \u00e9tait belle \u00e0 observer dans l\u2019histoire de Pietro et Bruno.<\/p>\n<p><img loading=\"lazy\" decoding=\"async\" class=\"alignnone size-large wp-image-248207\" src=\"https:\/\/www.cinevox.be\/wp-content\/uploads\/2022\/12\/LeHuit-Montagnes2-800x533.jpeg\" alt=\"Les-Huit-Montagnes2\" width=\"618\" height=\"412\" srcset=\"https:\/\/w-l-c.be\/wp-content\/uploads\/2022\/12\/LeHuit-Montagnes2-800x533.jpeg 800w, https:\/\/w-l-c.be\/wp-content\/uploads\/2022\/12\/LeHuit-Montagnes2-405x270.jpeg 405w, https:\/\/w-l-c.be\/wp-content\/uploads\/2022\/12\/LeHuit-Montagnes2-768x512.jpeg 768w, https:\/\/w-l-c.be\/wp-content\/uploads\/2022\/12\/LeHuit-Montagnes2-1536x1024.jpeg 1536w, https:\/\/w-l-c.be\/wp-content\/uploads\/2022\/12\/LeHuit-Montagnes2.jpeg 2000w\" sizes=\"auto, (max-width: 618px) 100vw, 618px\" \/><\/p>\n<h4 class=\"p1\">C\u2019est comme si l\u2019enfance \u00e9tait le lieu de leur amiti\u00e9. L\u2019amiti\u00e9 est un endroit, un territoire g\u00e9ographique, spatio-temporel et \u00e9motionnel o\u00f9 ils se retrouvent.<span class=\"Apple-converted-space\">\u00a0<\/span><\/h4>\n<p class=\"p1\"><strong>Charlotte Vandermeersch <\/strong><\/p>\n<p class=\"p1\">Oui, c&rsquo;est ce que dit la voix off qui d\u00e9bute ou presque le film, \u00ab\u00a0je ne savais pas que l\u2019amiti\u00e9 est un lieu o\u00f9 naissent tes racines, et o\u00f9 tu peux retourner\u00a0\u00bb. C\u2019est tr\u00e8s beau.<span class=\"Apple-converted-space\">\u00a0<\/span><\/p>\n<p class=\"p1\"><strong>Felix<\/strong> <strong>Van Groeningen<\/strong><\/p>\n<p class=\"p1\">Il y a l&rsquo;amiti\u00e9 comme refuge, mais qui appelle aussi le rapport au p\u00e8re, et aux a\u00een\u00e9s. On se questionne, comment se lib\u00e9rer de ce poids. Et parfois comment pouvoir faire la reconnexion.<span class=\"Apple-converted-space\">\u00a0<\/span><\/p>\n<p class=\"p1\"><strong>Charlotte Vandermeersch <\/strong><\/p>\n<p class=\"p1\">Pietro ne sent pas accept\u00e9, valid\u00e9 par son p\u00e8re. Il se dit que Bruno serait un meilleur fils pour lui. Ce n\u2019est pas forc\u00e9ment ce que pensait son p\u00e8re, mais c\u2019est ce qu\u2019a ressenti Pietro, c\u2019est ce qui l\u2019a \u00e9loign\u00e9 de son p\u00e8re. On voit bien que ce dernier l\u2019aime beaucoup, en fait, mais Pietro se sent \u00e9trangl\u00e9. C\u2019est tr\u00e8s humain, de rompre avec le p\u00e8re, qui meurt avant qu\u2019ils n\u2019aient pu se parler vraiment. Il y a des regrets, et en plus il se rend compte que son ami a \u00e9t\u00e9 comme un fils pour son p\u00e8re, qu\u2019il a repouss\u00e9. C\u2019est beau et triste \u00e0 la fois. Ca veut dire quoi, \u00eatre de la m\u00eame famille, est-ce que c\u2019est li\u00e9 au sang? Pietro et Bruno sont comme des fr\u00e8res.<span class=\"Apple-converted-space\">\u00a0<\/span><\/p>\n<p class=\"p1\">Le p\u00e8re,<span class=\"Apple-converted-space\">\u00a0 <\/span>c\u2019est une montagne, il faut l\u2019accepter comme il est, on ne peut pas le changer, il faut l\u2019aimer, m\u00eame apr\u00e8s la mort. L\u2019acceptation, c\u2019est vraiment l\u2019un des th\u00e8mes du film pour Pietro, vis-\u00e0-vis de son p\u00e8re, vis-\u00e0-vis de Bruno. Accepter les choix, et les cons\u00e9quences.<\/p>\n<h4 class=\"p1\">Comment avez-vous abord\u00e9 la mati\u00e8re du roman, c\u2019est une grande fresque en terme de temps et d\u2019espace?<\/h4>\n<p class=\"p1\"><strong>Felix<\/strong> <strong>Van Groeningen<\/strong><\/p>\n<p class=\"p1\">On a d\u00fb faire des choix, forc\u00e9ment, m\u00eame si on voulait prendre le temps dans le film. Il fallait que l\u2019on voit le temps avancer, on tenait \u00e0 garder le r\u00e9cit dans l\u2019ordre chronologique, m\u00eame si la voix off est r\u00e9trospective, regarde en arri\u00e8re. Je pense qu\u2019on est rest\u00e9s assez fid\u00e8les au livre. Mais parfois, on doit faire de grands d\u00e9tours narratifs, trouver des solutions cin\u00e9matographiques pour faire fonctionner le r\u00e9cit.<\/p>\n<p class=\"p1\"><strong>Charlotte Vandermeersch <\/strong><\/p>\n<p class=\"p1\">On a beaucoup \u00e9crit. Il y avait comme des \u00ab\u00a0trous\u00a0\u00bb dans l\u2019histoire du roman, que l\u2019on a d\u00fb combler pour que le film soit coh\u00e9rent. C\u2019\u00e9tait un vrai challenge, car il fallait trouver le m\u00eame ton dans notre \u00e9criture pour ces inventions, rester naturels. On a d\u00fb beaucoup r\u00e9fl\u00e9chir \u00e0 la vie de Pietro en fait. Comme il narre le r\u00e9cit, il y a des manques sur la r\u00e9alit\u00e9 de sa vie, \u00e0 Turin, en voyage. Sa vie int\u00e9rieure. Comment on allait raconter \u00e7a? Il fallait voir le quotidien de Pietro pour l\u2019aimer.<\/p>\n<p class=\"p1\">On a \u00e9crit beaucoup, on a beaucoup effac\u00e9. On a beaucoup tourn\u00e9 aussi, et beaucoup supprim\u00e9 au montage!<\/p>\n<p class=\"p1\"><strong>Felix<\/strong> <strong>Van Groeningen<\/strong><\/p>\n<p class=\"p1\">Charlotte a tr\u00e8s vite dit qu\u2019il nous fallait une voix off, moi j\u2019avais un peu peur qu\u2019elle prenne trop de place. Et puis on a voulu qu\u2019elle intervienne \u00e0 des moments plus pr\u00e9cis, moins fr\u00e9quents mais plus long. Que la voix guide le spectateur, sans \u00eatre explicative. Et puis \u00e7a faisait entrer dans la t\u00eate de Pietro, parce que finalement, c\u2019est un personnage assez passif, ou du moins tr\u00e8s contemplatif. Ce n\u2019est pas un h\u00e9ros de cin\u00e9ma classique, qui fait avancer l\u2019action. Il est dans l\u2019observation, il bouge \u00e0 l\u2019int\u00e9rieur.<span class=\"Apple-converted-space\">\u00a0<\/span><\/p>\n<p><img loading=\"lazy\" decoding=\"async\" class=\"alignnone size-large wp-image-248209\" src=\"https:\/\/www.cinevox.be\/wp-content\/uploads\/2022\/12\/LeHuit-Montagnes-800x533.jpeg\" alt=\"Les-Huit-Montagnes\" width=\"618\" height=\"412\" srcset=\"https:\/\/w-l-c.be\/wp-content\/uploads\/2022\/12\/LeHuit-Montagnes-800x533.jpeg 800w, https:\/\/w-l-c.be\/wp-content\/uploads\/2022\/12\/LeHuit-Montagnes-405x270.jpeg 405w, https:\/\/w-l-c.be\/wp-content\/uploads\/2022\/12\/LeHuit-Montagnes-768x512.jpeg 768w, https:\/\/w-l-c.be\/wp-content\/uploads\/2022\/12\/LeHuit-Montagnes-1536x1024.jpeg 1536w, https:\/\/w-l-c.be\/wp-content\/uploads\/2022\/12\/LeHuit-Montagnes.jpeg 2000w\" sizes=\"auto, (max-width: 618px) 100vw, 618px\" \/><\/p>\n<h4 class=\"p1\">Il y a la mati\u00e8re du livre, et la mati\u00e8re de la montagne. Est-ce que vous saviez d\u00e8s le d\u00e9but comment vous alliez la filmer? Le format 4\/3 est tr\u00e8s surprenant. Comment la montagne s\u2019est impos\u00e9e \u00e0 vous cin\u00e9matographiquement?<\/h4>\n<p class=\"p1\"><strong>Felix<\/strong> <strong>Van Groeningen<\/strong><\/p>\n<p class=\"p1\">Au d\u00e9but, on \u00e9tait tr\u00e8s inspir\u00e9s par le livre, Paolo \u00e9crit que chacun a son altitude pr\u00e9f\u00e9r\u00e9e dans la montagne. Le p\u00e8re adore les sommets, la m\u00e8re pr\u00e9f\u00e8re les basses altitudes, celles des villages, Pietro se retrouve entre les deux, l\u00e0 o\u00f9 il construit sa maison.<span class=\"Apple-converted-space\">\u00a0<\/span><\/p>\n<p class=\"p1\">Ca m\u2019a fait beaucoup r\u00e9fl\u00e9chir, et observer les diff\u00e9rences entre ses hauteurs. Quand on a fait les rep\u00e9rages, on a \u00e9t\u00e9 tr\u00e8s attentifs \u00e0 marquer la diff\u00e9rence entre ces multiples strates.<span class=\"Apple-converted-space\"> On <\/span>a \u00e9t\u00e9 de nombreuses fois sur place, on a vite emmen\u00e9 avec nous Ruben Impens, le chef op\u00e9rateur. Au d\u00e9but bien s\u00fbr, on s\u2019\u00e9tait dit : on va tourner en cinemascope. Mais on ne s\u2019en sortait pas, on pr\u00e9parait des d\u00e9coupages, on ne trouvait pas le bon bout.<span class=\"Apple-converted-space\">\u00a0<\/span><\/p>\n<p class=\"p1\">Et puis je me suis souvenu de photos de la montagne, magnifiques, en 4\/3, que m\u2019avait offertes Paolo. Je me suis dit en fait c\u2019est \u00e7a, c\u2019est plus int\u00e9ressant. Ruben et Charlotte ont \u00e9t\u00e9 fascin\u00e9s par ses photos, on a tr\u00e8s vite switch\u00e9 . Et puis on avait \u00e9t\u00e9 marqu\u00e9s aussi par <em>Ida<\/em> et <em>Cold War<\/em>, qui prennent \u00e9norm\u00e9ment de libert\u00e9 avec ce format.<span class=\"Apple-converted-space\">\u00a0<\/span><\/p>\n<p class=\"p1\">Ce qui nous a aid\u00e9s, c\u2019est qu&rsquo;on a eu vraiment le temps de tester des choses, de les refaire aussi.<span class=\"Apple-converted-space\">\u00a0<\/span>Le film se passe sur diff\u00e9rentes saisons, on a donc tourn\u00e9 en plusieurs blocs. Quand on a commenc\u00e9 \u00e0 tourner le deuxi\u00e8me bloc, on avait d\u00e9j\u00e0 commenc\u00e9 \u00e0 monter le premier. C\u2019\u00e9tait un grand cadeau, une b\u00e9n\u00e9diction.<span class=\"Apple-converted-space\">\u00a0<\/span><\/p>\n<p class=\"p1\">Tout avoir dans la t\u00eate, avant m\u00eame de commencer \u00e0 tourner, \u00e7a ne fonctionne pas comme \u00e7a pour moi. Tourner un film, c\u2019est un voyage, \u00e7a s\u2019invente aussi sur le plateau.<span class=\"Apple-converted-space\">\u00a0<\/span>Notre montagne, on la voit une dizaine de fois dans le film, et \u00e0 chaque fois elle est diff\u00e9rente. En vrai, elle n\u2019est pas forc\u00e9ment sp\u00e9ciale, mais dans le film, \u00e7a marche!<\/p>\n<h4 class=\"p1\">Quel \u00e9tait le plus grand challenge?<\/h4>\n<p class=\"p1\"><strong>Felix<\/strong> <strong>Van Groeningen<\/strong><\/p>\n<p class=\"p1\">La logistique! C\u2019\u00e9tait un film tr\u00e8s complexe, qui nous a demand\u00e9 beaucoup d\u2019\u00e9nergie et de r\u00e9silience, on avait des plans A, et puis B ou C au cas o\u00f9. Ca m\u2019a beaucoup appris cela dit. Je suis souvent tr\u00e8s stress\u00e9 sur les plateaux, et l\u00e0, j\u2019ai appris que le cin\u00e9ma, c\u2019est savoir laisser aller, on ne peut pas tout contr\u00f4ler, et il faut savoir trouver son calme. Sur les films pr\u00e9c\u00e9dents, je me posais des questions existentielles d\u00e8s que quelque chose n\u2019allait pas dans le sens pr\u00e9vu.<span class=\"Apple-converted-space\">\u00a0<\/span><\/p>\n<p class=\"p1\"><strong>Charlotte Vandermeersch <\/strong><\/p>\n<p class=\"p1\">Je r\u00eavais que les gens se retrouvent, et m\u00eame se r\u00e9fugient dans le film. Que ce soit un lieu de tendresse, de douceur, ou tu peux aussi trouver un espace de dialogue avec ta propre vie. Que \u00e7a am\u00e8ne \u00e0 plus d\u2019acceptation, de tol\u00e9rance. Moins de jugement.<span class=\"Apple-converted-space\">\u00a0<\/span><\/p>\n<p class=\"p1\"><strong>Felix<\/strong> <strong>Van Groeningen<\/strong><\/p>\n<p class=\"p1\">Quand les gens sont vuln\u00e9rables, ils sont plus doux. Et le monde devient un peu plus beau.<span class=\"Apple-converted-space\">\u00a0<\/span><\/p>\n","protected":false},"excerpt":{"rendered":"<p>Rencontre avec Charlotte Vandermeersch &amp; Felix Van Groeningen, \u00e0 quelques jours de la sortie du premier film qu&rsquo;ils ont co-r\u00e9alis\u00e9 et co-\u00e9crit, Les Huit Montagnes, une adaptation inspir\u00e9e et inspirante du livre d\u00e9j\u00e0 culte de Paolo Cognetti. Comment est venue l&rsquo;envie de vous lancer dans cette adaptation? Charlotte Vandermeersch Il y a quelques ann\u00e9es, quelqu\u2019un &hellip;<\/p>\n","protected":false},"author":343,"featured_media":248205,"comment_status":"closed","ping_status":"closed","sticky":false,"template":"","format":"standard","meta":{"ngg_post_thumbnail":0,"footnotes":""},"categories":[1978],"tags":[7074,5867,7049,4187],"class_list":["post-248152","post","type-post","status-publish","format-standard","has-post-thumbnail","","category-interviews","tag-charlotte-vandermeersch-2","tag-felix-van-groeningen-2","tag-les-huit-montagnes","tag-newsletter-fr"],"yoast_head":"<!-- This site is optimized with the Yoast SEO plugin v20.4 - https:\/\/yoast.com\/wordpress\/plugins\/seo\/ -->\n<title>Charlotte Vandermeersch &amp; Felix Van Groeningen: &quot;Penser le film comme un refuge&quot; - w-l-c<\/title>\n<meta name=\"robots\" content=\"noindex, follow, max-snippet:-1, max-image-preview:large, max-video-preview:-1\" \/>\n<meta property=\"og:locale\" content=\"fr_FR\" \/>\n<meta property=\"og:type\" content=\"article\" \/>\n<meta property=\"og:title\" content=\"Charlotte Vandermeersch &amp; Felix Van Groeningen: &quot;Penser le film comme un refuge&quot; - w-l-c\" \/>\n<meta property=\"og:description\" content=\"Rencontre avec Charlotte Vandermeersch &amp; Felix Van Groeningen, \u00e0 quelques jours de la sortie du premier film qu&rsquo;ils ont co-r\u00e9alis\u00e9 et co-\u00e9crit, Les Huit Montagnes, une adaptation inspir\u00e9e et inspirante du livre d\u00e9j\u00e0 culte de Paolo Cognetti. Comment est venue l&rsquo;envie de vous lancer dans cette adaptation? Charlotte Vandermeersch Il y a quelques ann\u00e9es, quelqu\u2019un &hellip;\" \/>\n<meta property=\"og:url\" content=\"https:\/\/w-l-c.be\/fr\/charlotte-vandermeersch-felix-van-groeningen-penser-le-film-comme-un-refuge\/\" \/>\n<meta property=\"og:site_name\" content=\"w-l-c\" \/>\n<meta property=\"article:published_time\" content=\"2022-12-12T09:51:41+00:00\" \/>\n<meta property=\"article:modified_time\" content=\"2022-12-13T17:53:44+00:00\" \/>\n<meta property=\"og:image\" content=\"https:\/\/w-l-c.be\/wp-content\/uploads\/2022\/12\/Le-otto-Montagne-Set-\u00a9-Christophe-De-Muynck-19.jpeg\" \/>\n\t<meta property=\"og:image:width\" content=\"853\" \/>\n\t<meta property=\"og:image:height\" content=\"427\" \/>\n\t<meta property=\"og:image:type\" content=\"image\/jpeg\" \/>\n<meta name=\"author\" content=\"Aurore Engelen\" \/>\n<meta name=\"twitter:card\" content=\"summary_large_image\" \/>\n<meta name=\"twitter:label1\" content=\"\u00c9crit par\" \/>\n\t<meta name=\"twitter:data1\" content=\"Aurore Engelen\" \/>\n\t<meta name=\"twitter:label2\" content=\"Dur\u00e9e de lecture estim\u00e9e\" \/>\n\t<meta name=\"twitter:data2\" content=\"12 minutes\" \/>\n<script type=\"application\/ld+json\" class=\"yoast-schema-graph\">{\"@context\":\"https:\/\/schema.org\",\"@graph\":[{\"@type\":\"WebPage\",\"@id\":\"https:\/\/w-l-c.be\/fr\/charlotte-vandermeersch-felix-van-groeningen-penser-le-film-comme-un-refuge\/\",\"url\":\"https:\/\/w-l-c.be\/fr\/charlotte-vandermeersch-felix-van-groeningen-penser-le-film-comme-un-refuge\/\",\"name\":\"Charlotte Vandermeersch & Felix Van Groeningen: \\\"Penser le film comme un refuge\\\" - w-l-c\",\"isPartOf\":{\"@id\":\"https:\/\/w-l-c.be\/fr\/#website\"},\"datePublished\":\"2022-12-12T09:51:41+00:00\",\"dateModified\":\"2022-12-13T17:53:44+00:00\",\"author\":{\"@id\":\"https:\/\/w-l-c.be\/fr\/#\/schema\/person\/8084b68c6b176142d073695c654dc7cf\"},\"breadcrumb\":{\"@id\":\"https:\/\/w-l-c.be\/fr\/charlotte-vandermeersch-felix-van-groeningen-penser-le-film-comme-un-refuge\/#breadcrumb\"},\"inLanguage\":\"fr-FR\",\"potentialAction\":[{\"@type\":\"ReadAction\",\"target\":[\"https:\/\/w-l-c.be\/fr\/charlotte-vandermeersch-felix-van-groeningen-penser-le-film-comme-un-refuge\/\"]}]},{\"@type\":\"BreadcrumbList\",\"@id\":\"https:\/\/w-l-c.be\/fr\/charlotte-vandermeersch-felix-van-groeningen-penser-le-film-comme-un-refuge\/#breadcrumb\",\"itemListElement\":[{\"@type\":\"ListItem\",\"position\":1,\"name\":\"Accueil\",\"item\":\"https:\/\/w-l-c.be\/fr\/\"},{\"@type\":\"ListItem\",\"position\":2,\"name\":\"Charlotte Vandermeersch &#038; Felix Van Groeningen: \u00ab\u00a0Penser le film comme un refuge\u00a0\u00bb\"}]},{\"@type\":\"WebSite\",\"@id\":\"https:\/\/w-l-c.be\/fr\/#website\",\"url\":\"https:\/\/w-l-c.be\/fr\/\",\"name\":\"w-l-c\",\"description\":\"Le cin\u00e9ma vu par les belges\",\"potentialAction\":[{\"@type\":\"SearchAction\",\"target\":{\"@type\":\"EntryPoint\",\"urlTemplate\":\"https:\/\/w-l-c.be\/fr\/?s={search_term_string}\"},\"query-input\":\"required name=search_term_string\"}],\"inLanguage\":\"fr-FR\"},{\"@type\":\"Person\",\"@id\":\"https:\/\/w-l-c.be\/fr\/#\/schema\/person\/8084b68c6b176142d073695c654dc7cf\",\"name\":\"Aurore Engelen\",\"url\":\"https:\/\/w-l-c.be\/fr\/author\/aurore-engelen\/\"}]}<\/script>\n<!-- \/ Yoast SEO plugin. -->","yoast_head_json":{"title":"Charlotte Vandermeersch & Felix Van Groeningen: \"Penser le film comme un refuge\" - w-l-c","robots":{"index":"noindex","follow":"follow","max-snippet":"max-snippet:-1","max-image-preview":"max-image-preview:large","max-video-preview":"max-video-preview:-1"},"og_locale":"fr_FR","og_type":"article","og_title":"Charlotte Vandermeersch & Felix Van Groeningen: \"Penser le film comme un refuge\" - w-l-c","og_description":"Rencontre avec Charlotte Vandermeersch &amp; Felix Van Groeningen, \u00e0 quelques jours de la sortie du premier film qu&rsquo;ils ont co-r\u00e9alis\u00e9 et co-\u00e9crit, Les Huit Montagnes, une adaptation inspir\u00e9e et inspirante du livre d\u00e9j\u00e0 culte de Paolo Cognetti. Comment est venue l&rsquo;envie de vous lancer dans cette adaptation? Charlotte Vandermeersch Il y a quelques ann\u00e9es, quelqu\u2019un &hellip;","og_url":"https:\/\/w-l-c.be\/fr\/charlotte-vandermeersch-felix-van-groeningen-penser-le-film-comme-un-refuge\/","og_site_name":"w-l-c","article_published_time":"2022-12-12T09:51:41+00:00","article_modified_time":"2022-12-13T17:53:44+00:00","og_image":[{"width":853,"height":427,"url":"https:\/\/w-l-c.be\/wp-content\/uploads\/2022\/12\/Le-otto-Montagne-Set-\u00a9-Christophe-De-Muynck-19.jpeg","type":"image\/jpeg"}],"author":"Aurore Engelen","twitter_card":"summary_large_image","twitter_misc":{"\u00c9crit par":"Aurore Engelen","Dur\u00e9e de lecture estim\u00e9e":"12 minutes"},"schema":{"@context":"https:\/\/schema.org","@graph":[{"@type":"WebPage","@id":"https:\/\/w-l-c.be\/fr\/charlotte-vandermeersch-felix-van-groeningen-penser-le-film-comme-un-refuge\/","url":"https:\/\/w-l-c.be\/fr\/charlotte-vandermeersch-felix-van-groeningen-penser-le-film-comme-un-refuge\/","name":"Charlotte Vandermeersch & Felix Van Groeningen: \"Penser le film comme un refuge\" - w-l-c","isPartOf":{"@id":"https:\/\/w-l-c.be\/fr\/#website"},"datePublished":"2022-12-12T09:51:41+00:00","dateModified":"2022-12-13T17:53:44+00:00","author":{"@id":"https:\/\/w-l-c.be\/fr\/#\/schema\/person\/8084b68c6b176142d073695c654dc7cf"},"breadcrumb":{"@id":"https:\/\/w-l-c.be\/fr\/charlotte-vandermeersch-felix-van-groeningen-penser-le-film-comme-un-refuge\/#breadcrumb"},"inLanguage":"fr-FR","potentialAction":[{"@type":"ReadAction","target":["https:\/\/w-l-c.be\/fr\/charlotte-vandermeersch-felix-van-groeningen-penser-le-film-comme-un-refuge\/"]}]},{"@type":"BreadcrumbList","@id":"https:\/\/w-l-c.be\/fr\/charlotte-vandermeersch-felix-van-groeningen-penser-le-film-comme-un-refuge\/#breadcrumb","itemListElement":[{"@type":"ListItem","position":1,"name":"Accueil","item":"https:\/\/w-l-c.be\/fr\/"},{"@type":"ListItem","position":2,"name":"Charlotte Vandermeersch &#038; Felix Van Groeningen: \u00ab\u00a0Penser le film comme un refuge\u00a0\u00bb"}]},{"@type":"WebSite","@id":"https:\/\/w-l-c.be\/fr\/#website","url":"https:\/\/w-l-c.be\/fr\/","name":"w-l-c","description":"Le cin\u00e9ma vu par les belges","potentialAction":[{"@type":"SearchAction","target":{"@type":"EntryPoint","urlTemplate":"https:\/\/w-l-c.be\/fr\/?s={search_term_string}"},"query-input":"required name=search_term_string"}],"inLanguage":"fr-FR"},{"@type":"Person","@id":"https:\/\/w-l-c.be\/fr\/#\/schema\/person\/8084b68c6b176142d073695c654dc7cf","name":"Aurore Engelen","url":"https:\/\/w-l-c.be\/fr\/author\/aurore-engelen\/"}]}},"_links":{"self":[{"href":"https:\/\/w-l-c.be\/fr\/wp-json\/wp\/v2\/posts\/248152","targetHints":{"allow":["GET"]}}],"collection":[{"href":"https:\/\/w-l-c.be\/fr\/wp-json\/wp\/v2\/posts"}],"about":[{"href":"https:\/\/w-l-c.be\/fr\/wp-json\/wp\/v2\/types\/post"}],"author":[{"embeddable":true,"href":"https:\/\/w-l-c.be\/fr\/wp-json\/wp\/v2\/users\/343"}],"replies":[{"embeddable":true,"href":"https:\/\/w-l-c.be\/fr\/wp-json\/wp\/v2\/comments?post=248152"}],"version-history":[{"count":0,"href":"https:\/\/w-l-c.be\/fr\/wp-json\/wp\/v2\/posts\/248152\/revisions"}],"wp:featuredmedia":[{"embeddable":true,"href":"https:\/\/w-l-c.be\/fr\/wp-json\/wp\/v2\/media\/248205"}],"wp:attachment":[{"href":"https:\/\/w-l-c.be\/fr\/wp-json\/wp\/v2\/media?parent=248152"}],"wp:term":[{"taxonomy":"category","embeddable":true,"href":"https:\/\/w-l-c.be\/fr\/wp-json\/wp\/v2\/categories?post=248152"},{"taxonomy":"post_tag","embeddable":true,"href":"https:\/\/w-l-c.be\/fr\/wp-json\/wp\/v2\/tags?post=248152"}],"curies":[{"name":"wp","href":"https:\/\/api.w.org\/{rel}","templated":true}]}}