
{"id":248249,"date":"2022-12-13T10:44:39","date_gmt":"2022-12-13T09:44:39","guid":{"rendered":"https:\/\/www.cinevox.be\/?p=248249"},"modified":"2022-12-13T10:44:39","modified_gmt":"2022-12-13T09:44:39","slug":"cineville-cherche-un%c2%b7e-charge%c2%b7e-de-communication-et-marketing","status":"publish","type":"post","link":"https:\/\/w-l-c.be\/fr\/cineville-cherche-un%c2%b7e-charge%c2%b7e-de-communication-et-marketing\/","title":{"rendered":"Cineville cherche un\u00b7e charg\u00e9\u00b7e de communication et marketing"},"content":{"rendered":"<p><strong>Cineville, le Pass qui donne acc\u00e8s de fa\u00e7on illimit\u00e9 \u00e0 plusieurs cin\u00e9mas ind\u00e9pendants de Bruxelles, cherche un\u00b7e charg\u00e9\u00b7e de communication et marketing.<\/strong><\/p>\n<p><strong>Description du poste<\/strong><\/p>\n<ul>\n<li>Concevoir et mettre en \u0153uvre la strat\u00e9gie de communication et de promotion en collaboration avec la direction\u00a0;<\/li>\n<li>Planifier les actions de communication et de marketing\u00a0;<\/li>\n<li>Promouvoir la programmation des cin\u00e9mas Cineville et de leurs \u00e9v\u00e9nements\u00a0;<\/li>\n<li>Concevoir, r\u00e9aliser et diffuser les\u00a0\u00a0publications et contenus de communication et de marketing ;<\/li>\n<li>Mettre en place et suivre les partenariats avec des m\u00e9dias\u00a0francophones et n\u00e9erlandophones ;<\/li>\n<li>Assurer le suivi du travail avec les prestataires ext\u00e9rieurs (site internet, graphistes\u2026)\u00a0;<\/li>\n<li>\u00c9laborer et g\u00e9rer les bases de donn\u00e9es (presse, clients\u2026).<\/li>\n<\/ul>\n<p><strong>Qualifications requises<\/strong><\/p>\n<ul>\n<li>Dipl\u00f4m\u00e9\u00b7e en communication, journalisme\u00a0et\/ou marketing ;<\/li>\n<li>Passion\u00e9\u00b7e de cin\u00e9ma\u00a0;<\/li>\n<li>Tr\u00e8s bonne ma\u00eetrise du community Management\u00a0;<\/li>\n<li>Tr\u00e8s bonne ma\u00eetrise de l\u2019outil informatique en g\u00e9n\u00e9ral et de la suite Adobe en particulier\u00a0;<\/li>\n<li>Tr\u00e8s bonne ma\u00eetrise du fran\u00e7ais, du n\u00e9erlandais et l\u2019anglais\u00a0;<\/li>\n<li>Aisance dans la r\u00e9daction avec une excellente syntaxe et orthographe\u00a0;<\/li>\n<li>Organis\u00e9\u00b7e\u00a0et rigoureux\u00b7e dans le travail\u00a0;<\/li>\n<li>Autonome tout en ayant l\u2019esprit d\u2019\u00e9quipe.<\/li>\n<\/ul>\n<p>Dipl\u00f4mes: Master en communication, journalisme et\/ou marketing<\/p>\n<p>Exp\u00e9rience professionnelle souhait\u00e9e<\/p>\n<p>CDI, mi-temps<\/p>\n<p>Proc\u00e9dure : envoi de la candidature (CV + lettre de motivation) par mail \u00e0 l\u2019adresse <a href=\"mailto:direction@cinevillepass.be\">direction@cinevillepass.be<\/a> \u00e0 l&rsquo;attention de Rabab Khairy &#8211; entretien et \u00e9preuve orale lors \u00e0 partir du 2 janvier.<\/p>\n","protected":false},"excerpt":{"rendered":"<p>Cineville, le Pass qui donne acc\u00e8s de fa\u00e7on illimit\u00e9 \u00e0 plusieurs cin\u00e9mas ind\u00e9pendants de Bruxelles, cherche un\u00b7e charg\u00e9\u00b7e de communication et marketing. Description du poste Concevoir et mettre en \u0153uvre la strat\u00e9gie de communication et de promotion en collaboration avec la direction\u00a0; Planifier les actions de communication et de marketing\u00a0; Promouvoir la programmation des cin\u00e9mas &hellip;<\/p>\n","protected":false},"author":343,"featured_media":246857,"comment_status":"closed","ping_status":"closed","sticky":false,"template":"","format":"standard","meta":{"ngg_post_thumbnail":0,"footnotes":""},"categories":[20],"tags":[],"class_list":["post-248249","post","type-post","status-publish","format-standard","has-post-thumbnail","","category-cinejobs"],"yoast_head":"<!-- This site is optimized with the Yoast SEO plugin v20.4 - https:\/\/yoast.com\/wordpress\/plugins\/seo\/ -->\n<title>Cineville cherche un\u00b7e charg\u00e9\u00b7e de communication et marketing - w-l-c<\/title>\n<meta name=\"robots\" content=\"noindex, follow, max-snippet:-1, max-image-preview:large, max-video-preview:-1\" \/>\n<meta property=\"og:locale\" content=\"fr_FR\" \/>\n<meta property=\"og:type\" content=\"article\" \/>\n<meta property=\"og:title\" content=\"Cineville cherche un\u00b7e charg\u00e9\u00b7e de communication et marketing - w-l-c\" \/>\n<meta property=\"og:description\" content=\"Cineville, le Pass qui donne acc\u00e8s de fa\u00e7on illimit\u00e9 \u00e0 plusieurs cin\u00e9mas ind\u00e9pendants de Bruxelles, cherche un\u00b7e charg\u00e9\u00b7e de communication et marketing. Description du poste Concevoir et mettre en \u0153uvre la strat\u00e9gie de communication et de promotion en collaboration avec la direction\u00a0; Planifier les actions de communication et de marketing\u00a0; Promouvoir la programmation des cin\u00e9mas &hellip;\" \/>\n<meta property=\"og:url\" content=\"https:\/\/w-l-c.be\/fr\/cineville-cherche-un\u00b7e-charge\u00b7e-de-communication-et-marketing\/\" \/>\n<meta property=\"og:site_name\" content=\"w-l-c\" \/>\n<meta property=\"article:published_time\" content=\"2022-12-13T09:44:39+00:00\" \/>\n<meta property=\"og:image\" content=\"https:\/\/w-l-c.be\/wp-content\/uploads\/2022\/09\/6.-Cineville-16-9-scaled.jpg\" \/>\n\t<meta property=\"og:image:width\" content=\"2560\" \/>\n\t<meta property=\"og:image:height\" content=\"1440\" \/>\n\t<meta property=\"og:image:type\" content=\"image\/jpeg\" \/>\n<meta name=\"author\" content=\"Aurore Engelen\" \/>\n<meta name=\"twitter:card\" content=\"summary_large_image\" \/>\n<meta name=\"twitter:label1\" content=\"\u00c9crit par\" \/>\n\t<meta name=\"twitter:data1\" content=\"Aurore Engelen\" \/>\n\t<meta name=\"twitter:label2\" content=\"Dur\u00e9e de lecture estim\u00e9e\" \/>\n\t<meta name=\"twitter:data2\" content=\"1 minute\" \/>\n<script type=\"application\/ld+json\" class=\"yoast-schema-graph\">{\"@context\":\"https:\/\/schema.org\",\"@graph\":[{\"@type\":\"WebPage\",\"@id\":\"https:\/\/w-l-c.be\/fr\/cineville-cherche-un%c2%b7e-charge%c2%b7e-de-communication-et-marketing\/\",\"url\":\"https:\/\/w-l-c.be\/fr\/cineville-cherche-un%c2%b7e-charge%c2%b7e-de-communication-et-marketing\/\",\"name\":\"Cineville cherche un\u00b7e charg\u00e9\u00b7e de communication et marketing - w-l-c\",\"isPartOf\":{\"@id\":\"https:\/\/w-l-c.be\/fr\/#website\"},\"datePublished\":\"2022-12-13T09:44:39+00:00\",\"dateModified\":\"2022-12-13T09:44:39+00:00\",\"author\":{\"@id\":\"https:\/\/w-l-c.be\/fr\/#\/schema\/person\/8084b68c6b176142d073695c654dc7cf\"},\"breadcrumb\":{\"@id\":\"https:\/\/w-l-c.be\/fr\/cineville-cherche-un%c2%b7e-charge%c2%b7e-de-communication-et-marketing\/#breadcrumb\"},\"inLanguage\":\"fr-FR\",\"potentialAction\":[{\"@type\":\"ReadAction\",\"target\":[\"https:\/\/w-l-c.be\/fr\/cineville-cherche-un%c2%b7e-charge%c2%b7e-de-communication-et-marketing\/\"]}]},{\"@type\":\"BreadcrumbList\",\"@id\":\"https:\/\/w-l-c.be\/fr\/cineville-cherche-un%c2%b7e-charge%c2%b7e-de-communication-et-marketing\/#breadcrumb\",\"itemListElement\":[{\"@type\":\"ListItem\",\"position\":1,\"name\":\"Accueil\",\"item\":\"https:\/\/w-l-c.be\/fr\/\"},{\"@type\":\"ListItem\",\"position\":2,\"name\":\"Cineville cherche un\u00b7e charg\u00e9\u00b7e de communication et marketing\"}]},{\"@type\":\"WebSite\",\"@id\":\"https:\/\/w-l-c.be\/fr\/#website\",\"url\":\"https:\/\/w-l-c.be\/fr\/\",\"name\":\"w-l-c\",\"description\":\"Le cin\u00e9ma vu par les belges\",\"potentialAction\":[{\"@type\":\"SearchAction\",\"target\":{\"@type\":\"EntryPoint\",\"urlTemplate\":\"https:\/\/w-l-c.be\/fr\/?s={search_term_string}\"},\"query-input\":\"required name=search_term_string\"}],\"inLanguage\":\"fr-FR\"},{\"@type\":\"Person\",\"@id\":\"https:\/\/w-l-c.be\/fr\/#\/schema\/person\/8084b68c6b176142d073695c654dc7cf\",\"name\":\"Aurore Engelen\",\"url\":\"https:\/\/w-l-c.be\/fr\/author\/aurore-engelen\/\"}]}<\/script>\n<!-- \/ Yoast SEO plugin. -->","yoast_head_json":{"title":"Cineville cherche un\u00b7e charg\u00e9\u00b7e de communication et marketing - w-l-c","robots":{"index":"noindex","follow":"follow","max-snippet":"max-snippet:-1","max-image-preview":"max-image-preview:large","max-video-preview":"max-video-preview:-1"},"og_locale":"fr_FR","og_type":"article","og_title":"Cineville cherche un\u00b7e charg\u00e9\u00b7e de communication et marketing - w-l-c","og_description":"Cineville, le Pass qui donne acc\u00e8s de fa\u00e7on illimit\u00e9 \u00e0 plusieurs cin\u00e9mas ind\u00e9pendants de Bruxelles, cherche un\u00b7e charg\u00e9\u00b7e de communication et marketing. Description du poste Concevoir et mettre en \u0153uvre la strat\u00e9gie de communication et de promotion en collaboration avec la direction\u00a0; Planifier les actions de communication et de marketing\u00a0; Promouvoir la programmation des cin\u00e9mas &hellip;","og_url":"https:\/\/w-l-c.be\/fr\/cineville-cherche-un\u00b7e-charge\u00b7e-de-communication-et-marketing\/","og_site_name":"w-l-c","article_published_time":"2022-12-13T09:44:39+00:00","og_image":[{"width":2560,"height":1440,"url":"https:\/\/w-l-c.be\/wp-content\/uploads\/2022\/09\/6.-Cineville-16-9-scaled.jpg","type":"image\/jpeg"}],"author":"Aurore Engelen","twitter_card":"summary_large_image","twitter_misc":{"\u00c9crit par":"Aurore Engelen","Dur\u00e9e de lecture estim\u00e9e":"1 minute"},"schema":{"@context":"https:\/\/schema.org","@graph":[{"@type":"WebPage","@id":"https:\/\/w-l-c.be\/fr\/cineville-cherche-un%c2%b7e-charge%c2%b7e-de-communication-et-marketing\/","url":"https:\/\/w-l-c.be\/fr\/cineville-cherche-un%c2%b7e-charge%c2%b7e-de-communication-et-marketing\/","name":"Cineville cherche un\u00b7e charg\u00e9\u00b7e de communication et marketing - w-l-c","isPartOf":{"@id":"https:\/\/w-l-c.be\/fr\/#website"},"datePublished":"2022-12-13T09:44:39+00:00","dateModified":"2022-12-13T09:44:39+00:00","author":{"@id":"https:\/\/w-l-c.be\/fr\/#\/schema\/person\/8084b68c6b176142d073695c654dc7cf"},"breadcrumb":{"@id":"https:\/\/w-l-c.be\/fr\/cineville-cherche-un%c2%b7e-charge%c2%b7e-de-communication-et-marketing\/#breadcrumb"},"inLanguage":"fr-FR","potentialAction":[{"@type":"ReadAction","target":["https:\/\/w-l-c.be\/fr\/cineville-cherche-un%c2%b7e-charge%c2%b7e-de-communication-et-marketing\/"]}]},{"@type":"BreadcrumbList","@id":"https:\/\/w-l-c.be\/fr\/cineville-cherche-un%c2%b7e-charge%c2%b7e-de-communication-et-marketing\/#breadcrumb","itemListElement":[{"@type":"ListItem","position":1,"name":"Accueil","item":"https:\/\/w-l-c.be\/fr\/"},{"@type":"ListItem","position":2,"name":"Cineville cherche un\u00b7e charg\u00e9\u00b7e de communication et marketing"}]},{"@type":"WebSite","@id":"https:\/\/w-l-c.be\/fr\/#website","url":"https:\/\/w-l-c.be\/fr\/","name":"w-l-c","description":"Le cin\u00e9ma vu par les belges","potentialAction":[{"@type":"SearchAction","target":{"@type":"EntryPoint","urlTemplate":"https:\/\/w-l-c.be\/fr\/?s={search_term_string}"},"query-input":"required name=search_term_string"}],"inLanguage":"fr-FR"},{"@type":"Person","@id":"https:\/\/w-l-c.be\/fr\/#\/schema\/person\/8084b68c6b176142d073695c654dc7cf","name":"Aurore Engelen","url":"https:\/\/w-l-c.be\/fr\/author\/aurore-engelen\/"}]}},"_links":{"self":[{"href":"https:\/\/w-l-c.be\/fr\/wp-json\/wp\/v2\/posts\/248249","targetHints":{"allow":["GET"]}}],"collection":[{"href":"https:\/\/w-l-c.be\/fr\/wp-json\/wp\/v2\/posts"}],"about":[{"href":"https:\/\/w-l-c.be\/fr\/wp-json\/wp\/v2\/types\/post"}],"author":[{"embeddable":true,"href":"https:\/\/w-l-c.be\/fr\/wp-json\/wp\/v2\/users\/343"}],"replies":[{"embeddable":true,"href":"https:\/\/w-l-c.be\/fr\/wp-json\/wp\/v2\/comments?post=248249"}],"version-history":[{"count":0,"href":"https:\/\/w-l-c.be\/fr\/wp-json\/wp\/v2\/posts\/248249\/revisions"}],"wp:featuredmedia":[{"embeddable":true,"href":"https:\/\/w-l-c.be\/fr\/wp-json\/wp\/v2\/media\/246857"}],"wp:attachment":[{"href":"https:\/\/w-l-c.be\/fr\/wp-json\/wp\/v2\/media?parent=248249"}],"wp:term":[{"taxonomy":"category","embeddable":true,"href":"https:\/\/w-l-c.be\/fr\/wp-json\/wp\/v2\/categories?post=248249"},{"taxonomy":"post_tag","embeddable":true,"href":"https:\/\/w-l-c.be\/fr\/wp-json\/wp\/v2\/tags?post=248249"}],"curies":[{"name":"wp","href":"https:\/\/api.w.org\/{rel}","templated":true}]}}