
{"id":248309,"date":"2022-12-19T09:17:05","date_gmt":"2022-12-19T08:17:05","guid":{"rendered":"https:\/\/www.cinevox.be\/?p=248309"},"modified":"2022-12-20T09:11:12","modified_gmt":"2022-12-20T08:11:12","slug":"bande-annonce-en-place-avec-jean-pascal-zadi-et-benoit-poelvoorde","status":"publish","type":"post","link":"https:\/\/w-l-c.be\/fr\/bande-annonce-en-place-avec-jean-pascal-zadi-et-benoit-poelvoorde\/","title":{"rendered":"Bande-annonce: \u00ab\u00a0En place\u00a0\u00bb, avec Jean-Pascal Zadi et Beno\u00eet Poelvoorde"},"content":{"rendered":"<p><strong><em>En place<\/em>, s\u00e9rie cr\u00e9\u00e9e et r\u00e9alis\u00e9e par Jean-Pascal Zadi et Fran\u00e7ois Uzan, suit la trajectoire de St\u00e9phane Bl\u00e9, un \u00e9ducateur id\u00e9aliste qui se retrouve propuls\u00e9 dans la course pr\u00e9sidentielle par accident, face \u00e0 Beno\u00eet Poelvoorde. Diffusion sur Netflix \u00e0 partir du 20 janvier.<\/strong><\/p>\n","protected":false},"excerpt":{"rendered":"<p>En place, s\u00e9rie cr\u00e9\u00e9e et r\u00e9alis\u00e9e par Jean-Pascal Zadi et Fran\u00e7ois Uzan, suit la trajectoire de St\u00e9phane Bl\u00e9, un \u00e9ducateur id\u00e9aliste qui se retrouve propuls\u00e9 dans la course pr\u00e9sidentielle par accident, face \u00e0 Beno\u00eet Poelvoorde. Diffusion sur Netflix \u00e0 partir du 20 janvier.<\/p>\n","protected":false},"author":343,"featured_media":248314,"comment_status":"closed","ping_status":"closed","sticky":false,"template":"","format":"standard","meta":{"ngg_post_thumbnail":0,"footnotes":""},"categories":[53,12],"tags":[4014,4187],"class_list":["post-248309","post","type-post","status-publish","format-standard","has-post-thumbnail","","category-coming-soon","category-awards","tag-benoit-poelvoorde-2","tag-newsletter-fr"],"yoast_head":"<!-- This site is optimized with the Yoast SEO plugin v20.4 - https:\/\/yoast.com\/wordpress\/plugins\/seo\/ -->\n<title>Bande-annonce: &quot;En place&quot;, avec Jean-Pascal Zadi et Beno\u00eet Poelvoorde - w-l-c<\/title>\n<meta name=\"robots\" content=\"noindex, follow, max-snippet:-1, max-image-preview:large, max-video-preview:-1\" \/>\n<meta property=\"og:locale\" content=\"fr_FR\" \/>\n<meta property=\"og:type\" content=\"article\" \/>\n<meta property=\"og:title\" content=\"Bande-annonce: &quot;En place&quot;, avec Jean-Pascal Zadi et Beno\u00eet Poelvoorde - w-l-c\" \/>\n<meta property=\"og:description\" content=\"En place, s\u00e9rie cr\u00e9\u00e9e et r\u00e9alis\u00e9e par Jean-Pascal Zadi et Fran\u00e7ois Uzan, suit la trajectoire de St\u00e9phane Bl\u00e9, un \u00e9ducateur id\u00e9aliste qui se retrouve propuls\u00e9 dans la course pr\u00e9sidentielle par accident, face \u00e0 Beno\u00eet Poelvoorde. Diffusion sur Netflix \u00e0 partir du 20 janvier.\" \/>\n<meta property=\"og:url\" content=\"https:\/\/w-l-c.be\/fr\/bande-annonce-en-place-avec-jean-pascal-zadi-et-benoit-poelvoorde\/\" \/>\n<meta property=\"og:site_name\" content=\"w-l-c\" \/>\n<meta property=\"article:published_time\" content=\"2022-12-19T08:17:05+00:00\" \/>\n<meta property=\"article:modified_time\" content=\"2022-12-20T08:11:12+00:00\" \/>\n<meta property=\"og:image\" content=\"https:\/\/w-l-c.be\/wp-content\/uploads\/2022\/12\/Capture-de\u0301cran-2022-12-19-a\u0300-09.09.48-1.png\" \/>\n\t<meta property=\"og:image:width\" content=\"2541\" \/>\n\t<meta property=\"og:image:height\" content=\"1237\" \/>\n\t<meta property=\"og:image:type\" content=\"image\/png\" \/>\n<meta name=\"author\" content=\"Aurore Engelen\" \/>\n<meta name=\"twitter:card\" content=\"summary_large_image\" \/>\n<meta name=\"twitter:label1\" content=\"\u00c9crit par\" \/>\n\t<meta name=\"twitter:data1\" content=\"Aurore Engelen\" \/>\n<script type=\"application\/ld+json\" class=\"yoast-schema-graph\">{\"@context\":\"https:\/\/schema.org\",\"@graph\":[{\"@type\":\"WebPage\",\"@id\":\"https:\/\/w-l-c.be\/fr\/bande-annonce-en-place-avec-jean-pascal-zadi-et-benoit-poelvoorde\/\",\"url\":\"https:\/\/w-l-c.be\/fr\/bande-annonce-en-place-avec-jean-pascal-zadi-et-benoit-poelvoorde\/\",\"name\":\"Bande-annonce: \\\"En place\\\", avec Jean-Pascal Zadi et Beno\u00eet Poelvoorde - w-l-c\",\"isPartOf\":{\"@id\":\"https:\/\/w-l-c.be\/fr\/#website\"},\"datePublished\":\"2022-12-19T08:17:05+00:00\",\"dateModified\":\"2022-12-20T08:11:12+00:00\",\"author\":{\"@id\":\"https:\/\/w-l-c.be\/fr\/#\/schema\/person\/8084b68c6b176142d073695c654dc7cf\"},\"breadcrumb\":{\"@id\":\"https:\/\/w-l-c.be\/fr\/bande-annonce-en-place-avec-jean-pascal-zadi-et-benoit-poelvoorde\/#breadcrumb\"},\"inLanguage\":\"fr-FR\",\"potentialAction\":[{\"@type\":\"ReadAction\",\"target\":[\"https:\/\/w-l-c.be\/fr\/bande-annonce-en-place-avec-jean-pascal-zadi-et-benoit-poelvoorde\/\"]}]},{\"@type\":\"BreadcrumbList\",\"@id\":\"https:\/\/w-l-c.be\/fr\/bande-annonce-en-place-avec-jean-pascal-zadi-et-benoit-poelvoorde\/#breadcrumb\",\"itemListElement\":[{\"@type\":\"ListItem\",\"position\":1,\"name\":\"Accueil\",\"item\":\"https:\/\/w-l-c.be\/fr\/\"},{\"@type\":\"ListItem\",\"position\":2,\"name\":\"Bande-annonce: \u00ab\u00a0En place\u00a0\u00bb, avec Jean-Pascal Zadi et Beno\u00eet Poelvoorde\"}]},{\"@type\":\"WebSite\",\"@id\":\"https:\/\/w-l-c.be\/fr\/#website\",\"url\":\"https:\/\/w-l-c.be\/fr\/\",\"name\":\"w-l-c\",\"description\":\"Le cin\u00e9ma vu par les belges\",\"potentialAction\":[{\"@type\":\"SearchAction\",\"target\":{\"@type\":\"EntryPoint\",\"urlTemplate\":\"https:\/\/w-l-c.be\/fr\/?s={search_term_string}\"},\"query-input\":\"required name=search_term_string\"}],\"inLanguage\":\"fr-FR\"},{\"@type\":\"Person\",\"@id\":\"https:\/\/w-l-c.be\/fr\/#\/schema\/person\/8084b68c6b176142d073695c654dc7cf\",\"name\":\"Aurore Engelen\",\"url\":\"https:\/\/w-l-c.be\/fr\/author\/aurore-engelen\/\"}]}<\/script>\n<!-- \/ Yoast SEO plugin. -->","yoast_head_json":{"title":"Bande-annonce: \"En place\", avec Jean-Pascal Zadi et Beno\u00eet Poelvoorde - w-l-c","robots":{"index":"noindex","follow":"follow","max-snippet":"max-snippet:-1","max-image-preview":"max-image-preview:large","max-video-preview":"max-video-preview:-1"},"og_locale":"fr_FR","og_type":"article","og_title":"Bande-annonce: \"En place\", avec Jean-Pascal Zadi et Beno\u00eet Poelvoorde - w-l-c","og_description":"En place, s\u00e9rie cr\u00e9\u00e9e et r\u00e9alis\u00e9e par Jean-Pascal Zadi et Fran\u00e7ois Uzan, suit la trajectoire de St\u00e9phane Bl\u00e9, un \u00e9ducateur id\u00e9aliste qui se retrouve propuls\u00e9 dans la course pr\u00e9sidentielle par accident, face \u00e0 Beno\u00eet Poelvoorde. Diffusion sur Netflix \u00e0 partir du 20 janvier.","og_url":"https:\/\/w-l-c.be\/fr\/bande-annonce-en-place-avec-jean-pascal-zadi-et-benoit-poelvoorde\/","og_site_name":"w-l-c","article_published_time":"2022-12-19T08:17:05+00:00","article_modified_time":"2022-12-20T08:11:12+00:00","og_image":[{"width":2541,"height":1237,"url":"https:\/\/w-l-c.be\/wp-content\/uploads\/2022\/12\/Capture-de\u0301cran-2022-12-19-a\u0300-09.09.48-1.png","type":"image\/png"}],"author":"Aurore Engelen","twitter_card":"summary_large_image","twitter_misc":{"\u00c9crit par":"Aurore Engelen"},"schema":{"@context":"https:\/\/schema.org","@graph":[{"@type":"WebPage","@id":"https:\/\/w-l-c.be\/fr\/bande-annonce-en-place-avec-jean-pascal-zadi-et-benoit-poelvoorde\/","url":"https:\/\/w-l-c.be\/fr\/bande-annonce-en-place-avec-jean-pascal-zadi-et-benoit-poelvoorde\/","name":"Bande-annonce: \"En place\", avec Jean-Pascal Zadi et Beno\u00eet Poelvoorde - w-l-c","isPartOf":{"@id":"https:\/\/w-l-c.be\/fr\/#website"},"datePublished":"2022-12-19T08:17:05+00:00","dateModified":"2022-12-20T08:11:12+00:00","author":{"@id":"https:\/\/w-l-c.be\/fr\/#\/schema\/person\/8084b68c6b176142d073695c654dc7cf"},"breadcrumb":{"@id":"https:\/\/w-l-c.be\/fr\/bande-annonce-en-place-avec-jean-pascal-zadi-et-benoit-poelvoorde\/#breadcrumb"},"inLanguage":"fr-FR","potentialAction":[{"@type":"ReadAction","target":["https:\/\/w-l-c.be\/fr\/bande-annonce-en-place-avec-jean-pascal-zadi-et-benoit-poelvoorde\/"]}]},{"@type":"BreadcrumbList","@id":"https:\/\/w-l-c.be\/fr\/bande-annonce-en-place-avec-jean-pascal-zadi-et-benoit-poelvoorde\/#breadcrumb","itemListElement":[{"@type":"ListItem","position":1,"name":"Accueil","item":"https:\/\/w-l-c.be\/fr\/"},{"@type":"ListItem","position":2,"name":"Bande-annonce: \u00ab\u00a0En place\u00a0\u00bb, avec Jean-Pascal Zadi et Beno\u00eet Poelvoorde"}]},{"@type":"WebSite","@id":"https:\/\/w-l-c.be\/fr\/#website","url":"https:\/\/w-l-c.be\/fr\/","name":"w-l-c","description":"Le cin\u00e9ma vu par les belges","potentialAction":[{"@type":"SearchAction","target":{"@type":"EntryPoint","urlTemplate":"https:\/\/w-l-c.be\/fr\/?s={search_term_string}"},"query-input":"required name=search_term_string"}],"inLanguage":"fr-FR"},{"@type":"Person","@id":"https:\/\/w-l-c.be\/fr\/#\/schema\/person\/8084b68c6b176142d073695c654dc7cf","name":"Aurore Engelen","url":"https:\/\/w-l-c.be\/fr\/author\/aurore-engelen\/"}]}},"_links":{"self":[{"href":"https:\/\/w-l-c.be\/fr\/wp-json\/wp\/v2\/posts\/248309","targetHints":{"allow":["GET"]}}],"collection":[{"href":"https:\/\/w-l-c.be\/fr\/wp-json\/wp\/v2\/posts"}],"about":[{"href":"https:\/\/w-l-c.be\/fr\/wp-json\/wp\/v2\/types\/post"}],"author":[{"embeddable":true,"href":"https:\/\/w-l-c.be\/fr\/wp-json\/wp\/v2\/users\/343"}],"replies":[{"embeddable":true,"href":"https:\/\/w-l-c.be\/fr\/wp-json\/wp\/v2\/comments?post=248309"}],"version-history":[{"count":0,"href":"https:\/\/w-l-c.be\/fr\/wp-json\/wp\/v2\/posts\/248309\/revisions"}],"wp:featuredmedia":[{"embeddable":true,"href":"https:\/\/w-l-c.be\/fr\/wp-json\/wp\/v2\/media\/248314"}],"wp:attachment":[{"href":"https:\/\/w-l-c.be\/fr\/wp-json\/wp\/v2\/media?parent=248309"}],"wp:term":[{"taxonomy":"category","embeddable":true,"href":"https:\/\/w-l-c.be\/fr\/wp-json\/wp\/v2\/categories?post=248309"},{"taxonomy":"post_tag","embeddable":true,"href":"https:\/\/w-l-c.be\/fr\/wp-json\/wp\/v2\/tags?post=248309"}],"curies":[{"name":"wp","href":"https:\/\/api.w.org\/{rel}","templated":true}]}}