
{"id":249940,"date":"2025-03-10T14:25:21","date_gmt":"2025-03-10T13:25:21","guid":{"rendered":"https:\/\/w-l-c.be\/?p=249940"},"modified":"2025-03-10T14:25:21","modified_gmt":"2025-03-10T13:25:21","slug":"un-nouveau-resident-evil-pour-2026","status":"publish","type":"post","link":"https:\/\/w-l-c.be\/fr\/un-nouveau-resident-evil-pour-2026\/","title":{"rendered":"Un nouveau \u00ab\u00a0Resident Evil\u00a0\u00bb pour 2026\u00a0!"},"content":{"rendered":"<p><strong>Plus de 30 ans apr\u00e8s la sortie du tout premier jeu vid\u00e9o, en 1994, <em>Resident Evil<\/em> va encore conna\u00eetre un nouveau film au cin\u00e9ma, apr\u00e8s <em>Welcome to Racoon City<\/em>, sorti en 2021.<\/strong><\/p>\n<p>Il s\u2019agira du huiti\u00e8me film tir\u00e9 du jeu vid\u00e9o et sa sortie est annonc\u00e9e pour septembre 2026.<\/p>\n<p>Ce nouvel \u00e9pisode sera r\u00e9alis\u00e9 par Zach Cregger (r\u00e9alisateur de <em>Barbare <\/em>sorti en 2022, et producteur de <em>Companion, <\/em>sorti en janvier dernier).<\/p>\n<p>Il signera aussi le sc\u00e9nario de ce film \u00e0 quatre mains avec Shay Hatten (<em>John Wick 3 et<\/em> <em>4<\/em>). Mais pas encore de d\u00e9tails ni sur la trame ni sur le casting. Affaire \u00e0 suivre\u2026<\/p>\n","protected":false},"excerpt":{"rendered":"<p>Plus de 30 ans apr\u00e8s la sortie du tout premier jeu vid\u00e9o, en 1994, Resident Evil va encore conna\u00eetre un nouveau film au cin\u00e9ma, apr\u00e8s Welcome to Racoon City, sorti en 2021. Il s\u2019agira du huiti\u00e8me film tir\u00e9 du jeu vid\u00e9o et sa sortie est annonc\u00e9e pour septembre 2026. Ce nouvel \u00e9pisode sera r\u00e9alis\u00e9 par &hellip;<\/p>\n","protected":false},"author":358,"featured_media":249938,"comment_status":"closed","ping_status":"closed","sticky":false,"template":"","format":"standard","meta":{"ngg_post_thumbnail":0,"footnotes":""},"categories":[7134,7],"tags":[],"class_list":["post-249940","post","type-post","status-publish","format-standard","has-post-thumbnail","","category-we-love-worldwide","category-actualites"],"yoast_head":"<!-- This site is optimized with the Yoast SEO plugin v20.4 - https:\/\/yoast.com\/wordpress\/plugins\/seo\/ -->\n<title>Un nouveau \u00ab\u00a0Resident Evil\u00a0\u00bb pour 2026\u00a0! - w-l-c<\/title>\n<meta name=\"robots\" content=\"noindex, follow, max-snippet:-1, max-image-preview:large, max-video-preview:-1\" \/>\n<meta property=\"og:locale\" content=\"fr_FR\" \/>\n<meta property=\"og:type\" content=\"article\" \/>\n<meta property=\"og:title\" content=\"Un nouveau \u00ab\u00a0Resident Evil\u00a0\u00bb pour 2026\u00a0! - w-l-c\" \/>\n<meta property=\"og:description\" content=\"Plus de 30 ans apr\u00e8s la sortie du tout premier jeu vid\u00e9o, en 1994, Resident Evil va encore conna\u00eetre un nouveau film au cin\u00e9ma, apr\u00e8s Welcome to Racoon City, sorti en 2021. Il s\u2019agira du huiti\u00e8me film tir\u00e9 du jeu vid\u00e9o et sa sortie est annonc\u00e9e pour septembre 2026. Ce nouvel \u00e9pisode sera r\u00e9alis\u00e9 par &hellip;\" \/>\n<meta property=\"og:url\" content=\"https:\/\/w-l-c.be\/fr\/un-nouveau-resident-evil-pour-2026\/\" \/>\n<meta property=\"og:site_name\" content=\"w-l-c\" \/>\n<meta property=\"article:published_time\" content=\"2025-03-10T13:25:21+00:00\" \/>\n<meta property=\"og:image\" content=\"https:\/\/w-l-c.be\/wp-content\/uploads\/2025\/03\/resident-evil.jpg\" \/>\n\t<meta property=\"og:image:width\" content=\"668\" \/>\n\t<meta property=\"og:image:height\" content=\"330\" \/>\n\t<meta property=\"og:image:type\" content=\"image\/jpeg\" \/>\n<meta name=\"author\" content=\"fred\" \/>\n<meta name=\"twitter:card\" content=\"summary_large_image\" \/>\n<meta name=\"twitter:label1\" content=\"\u00c9crit par\" \/>\n\t<meta name=\"twitter:data1\" content=\"fred\" \/>\n\t<meta name=\"twitter:label2\" content=\"Dur\u00e9e de lecture estim\u00e9e\" \/>\n\t<meta name=\"twitter:data2\" content=\"1 minute\" \/>\n<script type=\"application\/ld+json\" class=\"yoast-schema-graph\">{\"@context\":\"https:\/\/schema.org\",\"@graph\":[{\"@type\":\"WebPage\",\"@id\":\"https:\/\/w-l-c.be\/fr\/un-nouveau-resident-evil-pour-2026\/\",\"url\":\"https:\/\/w-l-c.be\/fr\/un-nouveau-resident-evil-pour-2026\/\",\"name\":\"Un nouveau \u00ab\u00a0Resident Evil\u00a0\u00bb pour 2026\u00a0! - w-l-c\",\"isPartOf\":{\"@id\":\"https:\/\/w-l-c.be\/fr\/#website\"},\"datePublished\":\"2025-03-10T13:25:21+00:00\",\"dateModified\":\"2025-03-10T13:25:21+00:00\",\"author\":{\"@id\":\"https:\/\/w-l-c.be\/fr\/#\/schema\/person\/7620619142b6dd3c9aa19e9210ad5bd5\"},\"breadcrumb\":{\"@id\":\"https:\/\/w-l-c.be\/fr\/un-nouveau-resident-evil-pour-2026\/#breadcrumb\"},\"inLanguage\":\"fr-FR\",\"potentialAction\":[{\"@type\":\"ReadAction\",\"target\":[\"https:\/\/w-l-c.be\/fr\/un-nouveau-resident-evil-pour-2026\/\"]}]},{\"@type\":\"BreadcrumbList\",\"@id\":\"https:\/\/w-l-c.be\/fr\/un-nouveau-resident-evil-pour-2026\/#breadcrumb\",\"itemListElement\":[{\"@type\":\"ListItem\",\"position\":1,\"name\":\"Accueil\",\"item\":\"https:\/\/w-l-c.be\/fr\/\"},{\"@type\":\"ListItem\",\"position\":2,\"name\":\"Un nouveau \u00ab\u00a0Resident Evil\u00a0\u00bb pour 2026\u00a0!\"}]},{\"@type\":\"WebSite\",\"@id\":\"https:\/\/w-l-c.be\/fr\/#website\",\"url\":\"https:\/\/w-l-c.be\/fr\/\",\"name\":\"w-l-c\",\"description\":\"Le cin\u00e9ma vu par les belges\",\"potentialAction\":[{\"@type\":\"SearchAction\",\"target\":{\"@type\":\"EntryPoint\",\"urlTemplate\":\"https:\/\/w-l-c.be\/fr\/?s={search_term_string}\"},\"query-input\":\"required name=search_term_string\"}],\"inLanguage\":\"fr-FR\"},{\"@type\":\"Person\",\"@id\":\"https:\/\/w-l-c.be\/fr\/#\/schema\/person\/7620619142b6dd3c9aa19e9210ad5bd5\",\"name\":\"fred\",\"url\":\"https:\/\/w-l-c.be\/fr\/author\/fred\/\"}]}<\/script>\n<!-- \/ Yoast SEO plugin. -->","yoast_head_json":{"title":"Un nouveau \u00ab\u00a0Resident Evil\u00a0\u00bb pour 2026\u00a0! - w-l-c","robots":{"index":"noindex","follow":"follow","max-snippet":"max-snippet:-1","max-image-preview":"max-image-preview:large","max-video-preview":"max-video-preview:-1"},"og_locale":"fr_FR","og_type":"article","og_title":"Un nouveau \u00ab\u00a0Resident Evil\u00a0\u00bb pour 2026\u00a0! - w-l-c","og_description":"Plus de 30 ans apr\u00e8s la sortie du tout premier jeu vid\u00e9o, en 1994, Resident Evil va encore conna\u00eetre un nouveau film au cin\u00e9ma, apr\u00e8s Welcome to Racoon City, sorti en 2021. Il s\u2019agira du huiti\u00e8me film tir\u00e9 du jeu vid\u00e9o et sa sortie est annonc\u00e9e pour septembre 2026. Ce nouvel \u00e9pisode sera r\u00e9alis\u00e9 par &hellip;","og_url":"https:\/\/w-l-c.be\/fr\/un-nouveau-resident-evil-pour-2026\/","og_site_name":"w-l-c","article_published_time":"2025-03-10T13:25:21+00:00","og_image":[{"width":668,"height":330,"url":"https:\/\/w-l-c.be\/wp-content\/uploads\/2025\/03\/resident-evil.jpg","type":"image\/jpeg"}],"author":"fred","twitter_card":"summary_large_image","twitter_misc":{"\u00c9crit par":"fred","Dur\u00e9e de lecture estim\u00e9e":"1 minute"},"schema":{"@context":"https:\/\/schema.org","@graph":[{"@type":"WebPage","@id":"https:\/\/w-l-c.be\/fr\/un-nouveau-resident-evil-pour-2026\/","url":"https:\/\/w-l-c.be\/fr\/un-nouveau-resident-evil-pour-2026\/","name":"Un nouveau \u00ab\u00a0Resident Evil\u00a0\u00bb pour 2026\u00a0! - w-l-c","isPartOf":{"@id":"https:\/\/w-l-c.be\/fr\/#website"},"datePublished":"2025-03-10T13:25:21+00:00","dateModified":"2025-03-10T13:25:21+00:00","author":{"@id":"https:\/\/w-l-c.be\/fr\/#\/schema\/person\/7620619142b6dd3c9aa19e9210ad5bd5"},"breadcrumb":{"@id":"https:\/\/w-l-c.be\/fr\/un-nouveau-resident-evil-pour-2026\/#breadcrumb"},"inLanguage":"fr-FR","potentialAction":[{"@type":"ReadAction","target":["https:\/\/w-l-c.be\/fr\/un-nouveau-resident-evil-pour-2026\/"]}]},{"@type":"BreadcrumbList","@id":"https:\/\/w-l-c.be\/fr\/un-nouveau-resident-evil-pour-2026\/#breadcrumb","itemListElement":[{"@type":"ListItem","position":1,"name":"Accueil","item":"https:\/\/w-l-c.be\/fr\/"},{"@type":"ListItem","position":2,"name":"Un nouveau \u00ab\u00a0Resident Evil\u00a0\u00bb pour 2026\u00a0!"}]},{"@type":"WebSite","@id":"https:\/\/w-l-c.be\/fr\/#website","url":"https:\/\/w-l-c.be\/fr\/","name":"w-l-c","description":"Le cin\u00e9ma vu par les belges","potentialAction":[{"@type":"SearchAction","target":{"@type":"EntryPoint","urlTemplate":"https:\/\/w-l-c.be\/fr\/?s={search_term_string}"},"query-input":"required name=search_term_string"}],"inLanguage":"fr-FR"},{"@type":"Person","@id":"https:\/\/w-l-c.be\/fr\/#\/schema\/person\/7620619142b6dd3c9aa19e9210ad5bd5","name":"fred","url":"https:\/\/w-l-c.be\/fr\/author\/fred\/"}]}},"_links":{"self":[{"href":"https:\/\/w-l-c.be\/fr\/wp-json\/wp\/v2\/posts\/249940","targetHints":{"allow":["GET"]}}],"collection":[{"href":"https:\/\/w-l-c.be\/fr\/wp-json\/wp\/v2\/posts"}],"about":[{"href":"https:\/\/w-l-c.be\/fr\/wp-json\/wp\/v2\/types\/post"}],"author":[{"embeddable":true,"href":"https:\/\/w-l-c.be\/fr\/wp-json\/wp\/v2\/users\/358"}],"replies":[{"embeddable":true,"href":"https:\/\/w-l-c.be\/fr\/wp-json\/wp\/v2\/comments?post=249940"}],"version-history":[{"count":1,"href":"https:\/\/w-l-c.be\/fr\/wp-json\/wp\/v2\/posts\/249940\/revisions"}],"predecessor-version":[{"id":249941,"href":"https:\/\/w-l-c.be\/fr\/wp-json\/wp\/v2\/posts\/249940\/revisions\/249941"}],"wp:featuredmedia":[{"embeddable":true,"href":"https:\/\/w-l-c.be\/fr\/wp-json\/wp\/v2\/media\/249938"}],"wp:attachment":[{"href":"https:\/\/w-l-c.be\/fr\/wp-json\/wp\/v2\/media?parent=249940"}],"wp:term":[{"taxonomy":"category","embeddable":true,"href":"https:\/\/w-l-c.be\/fr\/wp-json\/wp\/v2\/categories?post=249940"},{"taxonomy":"post_tag","embeddable":true,"href":"https:\/\/w-l-c.be\/fr\/wp-json\/wp\/v2\/tags?post=249940"}],"curies":[{"name":"wp","href":"https:\/\/api.w.org\/{rel}","templated":true}]}}