
{"id":29487,"date":"2012-12-12T05:35:42","date_gmt":"2012-12-12T05:35:42","guid":{"rendered":"http:\/\/www.cinevox.be\/?p=29487"},"modified":"2013-04-24T12:41:13","modified_gmt":"2013-04-24T12:41:13","slug":"le-sac-de-farine-la-bande-annonce","status":"publish","type":"post","link":"https:\/\/w-l-c.be\/fr\/le-sac-de-farine-la-bande-annonce\/","title":{"rendered":"Le Sac de Farine &#8211; La bande-annonce"},"content":{"rendered":"<p>Alsemberg, 1975, Sarah, 8 ans, vit dans un foyer d\u2019accueil catholique. Un jour, son p\u00e8re biologique, qu\u2019elle n\u2019a jamais vu se pr\u00e9sente pour l\u2019emmener en week-end \u00e0 Paris. Mais, c\u2019est au Maroc que Sarah se r\u00e9veille avec l\u2019appel de la pri\u00e8re. \u00c0 partir de ce moment, son combat sera celui de choisir sa vie et non de subir celle qu\u2019on a choisie pour elle.<!--more--><\/p>\n<p>&nbsp;<\/p>\n<p>&nbsp;<\/p>\n<p>Com\u00e9dienne sortie du Conservatoire Royal d&rsquo;art dramatique de Bruxelles en 1997, Kadija Saidi Leclere exerce ce m\u00e9tier pendant quelques ann\u00e9es avant de travailler comme directrice de casting. Parall\u00e8lement \u00e0 ce m\u00e9tier, elle r\u00e9alise \u00ab\u00a0Camille\u00a0\u00bb en 2002 et \u00a0ensuite \u00ab\u00a0Sarah\u00a0\u00bb en 2007, son premier court m\u00e9trage professionnel. Deux de ses courts m\u00e9trages seront pr\u00e9sent\u00e9s au Med : \u00ab\u00a0Camille\u00a0\u00bb (2002) et \u00ab\u00a0La pelote de laine\u00a0\u00bb (2010). Son court m\u00e9trage \u00ab\u00a0Sarah\u00a0\u00bb est quant \u00e0 lui\u00a0 pr\u00e9sent\u00e9 au FIFF en 2007. En 2010, Kadija tourne son 1<sup>er<\/sup> long m\u00e9trage \u00ab\u00a0Le Sac de farine \u00bb au Maroc avec Hafsia Herzi dans le r\u00f4le principal.<\/p>\n<p>Avec\u00a0Hafsia Herzi, Hiam Abbas, Mehdi Dehbi, Rania Mellouli, Smain Fairouze, Souad Saber, Abderraouf Abderraouf, Hassan Foulane, Fairouze Amiri<\/p>\n<p><em>Le Sac de Farine<\/em> est projet\u00e9 pour la premi\u00e8re fois en Belgique au 27e\u00a0Festival International du Film Francophone de Namur<\/p>\n","protected":false},"excerpt":{"rendered":"<p>Alsemberg, 1975, Sarah, 8 ans, vit dans un foyer d\u2019accueil catholique. Un jour, son p\u00e8re biologique, qu\u2019elle n\u2019a jamais vu se pr\u00e9sente pour l\u2019emmener en week-end \u00e0 Paris. Mais, c\u2019est au Maroc que Sarah se r\u00e9veille avec l\u2019appel de la pri\u00e8re. \u00c0 partir de ce moment, son combat sera celui de choisir sa vie et &hellip;<\/p>\n","protected":false},"author":7,"featured_media":29488,"comment_status":"closed","ping_status":"closed","sticky":false,"template":"","format":"standard","meta":{"ngg_post_thumbnail":0,"footnotes":""},"categories":[53],"tags":[],"class_list":["post-29487","post","type-post","status-publish","format-standard","has-post-thumbnail","","category-coming-soon"],"yoast_head":"<!-- This site is optimized with the Yoast SEO plugin v20.4 - https:\/\/yoast.com\/wordpress\/plugins\/seo\/ -->\n<title>Le Sac de Farine - La bande-annonce - w-l-c<\/title>\n<meta name=\"robots\" content=\"noindex, follow, max-snippet:-1, max-image-preview:large, max-video-preview:-1\" \/>\n<meta property=\"og:locale\" content=\"fr_FR\" \/>\n<meta property=\"og:type\" content=\"article\" \/>\n<meta property=\"og:title\" content=\"Le Sac de Farine - La bande-annonce - w-l-c\" \/>\n<meta property=\"og:description\" content=\"Alsemberg, 1975, Sarah, 8 ans, vit dans un foyer d\u2019accueil catholique. Un jour, son p\u00e8re biologique, qu\u2019elle n\u2019a jamais vu se pr\u00e9sente pour l\u2019emmener en week-end \u00e0 Paris. Mais, c\u2019est au Maroc que Sarah se r\u00e9veille avec l\u2019appel de la pri\u00e8re. \u00c0 partir de ce moment, son combat sera celui de choisir sa vie et &hellip;\" \/>\n<meta property=\"og:url\" content=\"https:\/\/w-l-c.be\/fr\/le-sac-de-farine-la-bande-annonce\/\" \/>\n<meta property=\"og:site_name\" content=\"w-l-c\" \/>\n<meta property=\"article:published_time\" content=\"2012-12-12T05:35:42+00:00\" \/>\n<meta property=\"article:modified_time\" content=\"2013-04-24T12:41:13+00:00\" \/>\n<meta property=\"og:image\" content=\"https:\/\/w-l-c.be\/wp-content\/uploads\/2012\/10\/NF5C6621-copy-1024x576.jpg\" \/>\n\t<meta property=\"og:image:width\" content=\"1024\" \/>\n\t<meta property=\"og:image:height\" content=\"576\" \/>\n\t<meta property=\"og:image:type\" content=\"image\/jpeg\" \/>\n<meta name=\"author\" content=\"Philippe.Pierquin\" \/>\n<meta name=\"twitter:card\" content=\"summary_large_image\" \/>\n<meta name=\"twitter:label1\" content=\"\u00c9crit par\" \/>\n\t<meta name=\"twitter:data1\" content=\"Philippe.Pierquin\" \/>\n\t<meta name=\"twitter:label2\" content=\"Dur\u00e9e de lecture estim\u00e9e\" \/>\n\t<meta name=\"twitter:data2\" content=\"1 minute\" \/>\n<script type=\"application\/ld+json\" class=\"yoast-schema-graph\">{\"@context\":\"https:\/\/schema.org\",\"@graph\":[{\"@type\":\"WebPage\",\"@id\":\"https:\/\/w-l-c.be\/fr\/le-sac-de-farine-la-bande-annonce\/\",\"url\":\"https:\/\/w-l-c.be\/fr\/le-sac-de-farine-la-bande-annonce\/\",\"name\":\"Le Sac de Farine - La bande-annonce - w-l-c\",\"isPartOf\":{\"@id\":\"https:\/\/w-l-c.be\/fr\/#website\"},\"datePublished\":\"2012-12-12T05:35:42+00:00\",\"dateModified\":\"2013-04-24T12:41:13+00:00\",\"author\":{\"@id\":\"https:\/\/w-l-c.be\/fr\/#\/schema\/person\/4b9b1d857f0943453a38a7c2859ef756\"},\"breadcrumb\":{\"@id\":\"https:\/\/w-l-c.be\/fr\/le-sac-de-farine-la-bande-annonce\/#breadcrumb\"},\"inLanguage\":\"fr-FR\",\"potentialAction\":[{\"@type\":\"ReadAction\",\"target\":[\"https:\/\/w-l-c.be\/fr\/le-sac-de-farine-la-bande-annonce\/\"]}]},{\"@type\":\"BreadcrumbList\",\"@id\":\"https:\/\/w-l-c.be\/fr\/le-sac-de-farine-la-bande-annonce\/#breadcrumb\",\"itemListElement\":[{\"@type\":\"ListItem\",\"position\":1,\"name\":\"Accueil\",\"item\":\"https:\/\/w-l-c.be\/fr\/\"},{\"@type\":\"ListItem\",\"position\":2,\"name\":\"Le Sac de Farine &#8211; La bande-annonce\"}]},{\"@type\":\"WebSite\",\"@id\":\"https:\/\/w-l-c.be\/fr\/#website\",\"url\":\"https:\/\/w-l-c.be\/fr\/\",\"name\":\"w-l-c\",\"description\":\"Le cin\u00e9ma vu par les belges\",\"potentialAction\":[{\"@type\":\"SearchAction\",\"target\":{\"@type\":\"EntryPoint\",\"urlTemplate\":\"https:\/\/w-l-c.be\/fr\/?s={search_term_string}\"},\"query-input\":\"required name=search_term_string\"}],\"inLanguage\":\"fr-FR\"},{\"@type\":\"Person\",\"@id\":\"https:\/\/w-l-c.be\/fr\/#\/schema\/person\/4b9b1d857f0943453a38a7c2859ef756\",\"name\":\"Philippe.Pierquin\",\"url\":\"https:\/\/w-l-c.be\/fr\/author\/philippe-pierquin\/\"}]}<\/script>\n<!-- \/ Yoast SEO plugin. -->","yoast_head_json":{"title":"Le Sac de Farine - La bande-annonce - w-l-c","robots":{"index":"noindex","follow":"follow","max-snippet":"max-snippet:-1","max-image-preview":"max-image-preview:large","max-video-preview":"max-video-preview:-1"},"og_locale":"fr_FR","og_type":"article","og_title":"Le Sac de Farine - La bande-annonce - w-l-c","og_description":"Alsemberg, 1975, Sarah, 8 ans, vit dans un foyer d\u2019accueil catholique. Un jour, son p\u00e8re biologique, qu\u2019elle n\u2019a jamais vu se pr\u00e9sente pour l\u2019emmener en week-end \u00e0 Paris. Mais, c\u2019est au Maroc que Sarah se r\u00e9veille avec l\u2019appel de la pri\u00e8re. \u00c0 partir de ce moment, son combat sera celui de choisir sa vie et &hellip;","og_url":"https:\/\/w-l-c.be\/fr\/le-sac-de-farine-la-bande-annonce\/","og_site_name":"w-l-c","article_published_time":"2012-12-12T05:35:42+00:00","article_modified_time":"2013-04-24T12:41:13+00:00","og_image":[{"width":"1024","height":"576","url":"https:\/\/w-l-c.be\/wp-content\/uploads\/2012\/10\/NF5C6621-copy-1024x576.jpg","type":"image\/jpeg"}],"author":"Philippe.Pierquin","twitter_card":"summary_large_image","twitter_misc":{"\u00c9crit par":"Philippe.Pierquin","Dur\u00e9e de lecture estim\u00e9e":"1 minute"},"schema":{"@context":"https:\/\/schema.org","@graph":[{"@type":"WebPage","@id":"https:\/\/w-l-c.be\/fr\/le-sac-de-farine-la-bande-annonce\/","url":"https:\/\/w-l-c.be\/fr\/le-sac-de-farine-la-bande-annonce\/","name":"Le Sac de Farine - La bande-annonce - w-l-c","isPartOf":{"@id":"https:\/\/w-l-c.be\/fr\/#website"},"datePublished":"2012-12-12T05:35:42+00:00","dateModified":"2013-04-24T12:41:13+00:00","author":{"@id":"https:\/\/w-l-c.be\/fr\/#\/schema\/person\/4b9b1d857f0943453a38a7c2859ef756"},"breadcrumb":{"@id":"https:\/\/w-l-c.be\/fr\/le-sac-de-farine-la-bande-annonce\/#breadcrumb"},"inLanguage":"fr-FR","potentialAction":[{"@type":"ReadAction","target":["https:\/\/w-l-c.be\/fr\/le-sac-de-farine-la-bande-annonce\/"]}]},{"@type":"BreadcrumbList","@id":"https:\/\/w-l-c.be\/fr\/le-sac-de-farine-la-bande-annonce\/#breadcrumb","itemListElement":[{"@type":"ListItem","position":1,"name":"Accueil","item":"https:\/\/w-l-c.be\/fr\/"},{"@type":"ListItem","position":2,"name":"Le Sac de Farine &#8211; La bande-annonce"}]},{"@type":"WebSite","@id":"https:\/\/w-l-c.be\/fr\/#website","url":"https:\/\/w-l-c.be\/fr\/","name":"w-l-c","description":"Le cin\u00e9ma vu par les belges","potentialAction":[{"@type":"SearchAction","target":{"@type":"EntryPoint","urlTemplate":"https:\/\/w-l-c.be\/fr\/?s={search_term_string}"},"query-input":"required name=search_term_string"}],"inLanguage":"fr-FR"},{"@type":"Person","@id":"https:\/\/w-l-c.be\/fr\/#\/schema\/person\/4b9b1d857f0943453a38a7c2859ef756","name":"Philippe.Pierquin","url":"https:\/\/w-l-c.be\/fr\/author\/philippe-pierquin\/"}]}},"_links":{"self":[{"href":"https:\/\/w-l-c.be\/fr\/wp-json\/wp\/v2\/posts\/29487","targetHints":{"allow":["GET"]}}],"collection":[{"href":"https:\/\/w-l-c.be\/fr\/wp-json\/wp\/v2\/posts"}],"about":[{"href":"https:\/\/w-l-c.be\/fr\/wp-json\/wp\/v2\/types\/post"}],"author":[{"embeddable":true,"href":"https:\/\/w-l-c.be\/fr\/wp-json\/wp\/v2\/users\/7"}],"replies":[{"embeddable":true,"href":"https:\/\/w-l-c.be\/fr\/wp-json\/wp\/v2\/comments?post=29487"}],"version-history":[{"count":0,"href":"https:\/\/w-l-c.be\/fr\/wp-json\/wp\/v2\/posts\/29487\/revisions"}],"wp:featuredmedia":[{"embeddable":true,"href":"https:\/\/w-l-c.be\/fr\/wp-json\/wp\/v2\/media\/29488"}],"wp:attachment":[{"href":"https:\/\/w-l-c.be\/fr\/wp-json\/wp\/v2\/media?parent=29487"}],"wp:term":[{"taxonomy":"category","embeddable":true,"href":"https:\/\/w-l-c.be\/fr\/wp-json\/wp\/v2\/categories?post=29487"},{"taxonomy":"post_tag","embeddable":true,"href":"https:\/\/w-l-c.be\/fr\/wp-json\/wp\/v2\/tags?post=29487"}],"curies":[{"name":"wp","href":"https:\/\/api.w.org\/{rel}","templated":true}]}}