
{"id":30014,"date":"2013-01-17T06:07:51","date_gmt":"2013-01-17T06:07:51","guid":{"rendered":"http:\/\/www.cinevox.be\/?p=30014"},"modified":"2015-01-02T17:06:29","modified_gmt":"2015-01-02T16:06:29","slug":"sacdefarinesortie","status":"publish","type":"post","link":"https:\/\/w-l-c.be\/fr\/sacdefarinesortie\/","title":{"rendered":"Le Sac de Farine : Entre Belgique et Maroc\u2026"},"content":{"rendered":"<p>Alsemberg, 1975. Sarah, 8 ans, vit dans un foyer d\u2019accueil catholique. Un jour, son p\u00e8re biologique, qu\u2019elle n\u2019a jamais vu (Sma\u00efn Fairouze) se pr\u00e9sente pour l\u2019emmener en week-end \u00e0 Paris. Mais, c\u2019est au Maroc que Sarah se r\u00e9veille avec l\u2019appel de la pri\u00e8re.<\/p>\n<p>Elle va y grandir entre son oncle et sa tante, des gens simples et bienveillants, mais dans une culture qui n&rsquo;est pas la sienne. Une fois adolescente, anim\u00e9e par une force int\u00e9rieure fulgurante, elle n&rsquo;aura bient\u00f4t qu&rsquo;une seule envie : rentrer dans \u00ab\u00a0son\u00a0\u00bb pays, La Belgique.<\/p>\n<p>\u00c9vitant soigneusement tous les clich\u00e9s potentiels (le conflit des cultures, celui des religions, le p\u00e8re qui aurait pu \u00eatre un tyran, mais n&rsquo;est qu&rsquo;un homme qui essaie de bien faire les choses\u2026), <em>Le Sac de Farine<\/em> pose de tr\u00e8s nombreuses questions et porte un regard frais sur la multiculturalit\u00e9<\/p>\n<p>&nbsp;<\/p>\n<p><!--more--><\/p>\n<p><a href=\"http:\/\/www.cinevox.be\/sacdefarinesortie\/nf5c6621-copy-1024x576-3\" rel=\"attachment wp-att-30015\"><img loading=\"lazy\" decoding=\"async\" class=\"aligncenter size-large wp-image-30015\" title=\"NF5C6621-copy-1024x576\" src=\"http:\/\/www.cinevox.be\/wp-content\/uploads\/2012\/10\/NF5C6621-copy-1024x5761-800x450.jpg\" alt=\"\" width=\"640\" height=\"360\" srcset=\"https:\/\/w-l-c.be\/wp-content\/uploads\/2012\/10\/NF5C6621-copy-1024x5761-800x450.jpg 800w, https:\/\/w-l-c.be\/wp-content\/uploads\/2012\/10\/NF5C6621-copy-1024x5761-200x113.jpg 200w, https:\/\/w-l-c.be\/wp-content\/uploads\/2012\/10\/NF5C6621-copy-1024x5761-480x270.jpg 480w, https:\/\/w-l-c.be\/wp-content\/uploads\/2012\/10\/NF5C6621-copy-1024x5761-300x169.jpg 300w, https:\/\/w-l-c.be\/wp-content\/uploads\/2012\/10\/NF5C6621-copy-1024x5761-620x350.jpg 620w, https:\/\/w-l-c.be\/wp-content\/uploads\/2012\/10\/NF5C6621-copy-1024x5761.jpg 1024w\" sizes=\"auto, (max-width: 640px) 100vw, 640px\" \/><\/a><\/p>\n<p>&nbsp;<\/p>\n<p>M\u00eame s&rsquo;il n&rsquo;est pas totalement autobiographique, <em>le Sac de Farine<\/em> part n\u00e9anmoins de <a href=\"http:\/\/www.cinevox.be\/videos\/le-sac-de-farine-kadija-leclere-la-fiction-pour-toucher-le-spectateur\" target=\"_blank\">l&rsquo;exp\u00e9rience personnelle<\/a> de <strong>Kadija Leclere<\/strong> qui l&rsquo;a \u00e9crit et mis en sc\u00e8ne. Elle livre ici son premier long m\u00e9trage, mais Kadija est loin d&rsquo;\u00eatre une inconnue dans le petit monde du cin\u00e9ma belge : com\u00e9dienne sortie du Conservatoire Royal d&rsquo;art dramatique de Bruxelles en 1997, elle exerce ce m\u00e9tier pendant quelques ann\u00e9es avant d&rsquo;exceller comme directrice de casting.<\/p>\n<p>Un m\u00e9tier qui lui donnera le go\u00fbt de la direction d&rsquo;acteurs. Passionn\u00e9e de th\u00e9\u00e2tre et de cin\u00e9ma, elle tourne un premier court m\u00e9trage en 2002 : Camille. \u00ab\u00a0J&rsquo;\u00e9tais tr\u00e8s contente de moi, mais je me suis rendu compte ensuite qu&rsquo;on n&rsquo;y comprenait pas grand-chose\u00a0\u00bb, avoue-t-elle en souriant. Et elle a un fort joli sourire, Kadija.<\/p>\n<p>&nbsp;<\/p>\n<p><a href=\"http:\/\/www.cinevox.be\/sacdefarinesortie\/_mds5921\" rel=\"attachment wp-att-30016\"><img loading=\"lazy\" decoding=\"async\" class=\"aligncenter size-full wp-image-30016\" title=\"_MDS5921\" src=\"http:\/\/www.cinevox.be\/wp-content\/uploads\/2012\/10\/MDS5921.jpg\" alt=\"\" width=\"800\" height=\"534\" srcset=\"https:\/\/w-l-c.be\/wp-content\/uploads\/2012\/10\/MDS5921.jpg 800w, https:\/\/w-l-c.be\/wp-content\/uploads\/2012\/10\/MDS5921-404x270.jpg 404w\" sizes=\"auto, (max-width: 800px) 100vw, 800px\" \/><\/a><\/p>\n<p style=\"text-align: right;\"><em>[Photo FIFF]<\/em><\/p>\n<p style=\"text-align: right;\"><em><br \/>\n<\/em><\/p>\n<p>En 2007, elle passe \u00e0 la vitesse sup\u00e9rieure avec <em>Sarah<\/em>, un autre court qui contient les germes du Sac de Farine. En 2010, elle signe <em>La pelote de Laine<\/em> et se lance dans la foul\u00e9e dans la r\u00e9alisation de son premier long avec la fulgurante <strong><a href=\"http:\/\/www.cinevox.be\/videos\/le-sac-de-farine-hafsia-herzi-une-rencontre\" target=\"_blank\">Hafsia Herzi<\/a><\/strong> (La Graine et le Mulet, l&rsquo;Apollonide, La Source des Femmes) dans le r\u00f4le principal.<\/p>\n<p>&nbsp;<\/p>\n<p><a href=\"http:\/\/www.cinevox.be\/sacdefarinesortie\/_mds5931\" rel=\"attachment wp-att-30017\"><img loading=\"lazy\" decoding=\"async\" class=\"aligncenter size-full wp-image-30017\" title=\"_MDS5931\" src=\"http:\/\/www.cinevox.be\/wp-content\/uploads\/2012\/10\/MDS5931.jpg\" alt=\"\" width=\"800\" height=\"534\" srcset=\"https:\/\/w-l-c.be\/wp-content\/uploads\/2012\/10\/MDS5931.jpg 800w, https:\/\/w-l-c.be\/wp-content\/uploads\/2012\/10\/MDS5931-404x270.jpg 404w\" sizes=\"auto, (max-width: 800px) 100vw, 800px\" \/><\/a><\/p>\n<p style=\"text-align: right;\"><em>[Photo FIFF]<\/em><\/p>\n<p style=\"text-align: right;\"><em><br \/>\n<\/em><\/p>\n<p>Le film est \u00e9galement l&rsquo;occasion de d\u00e9couvrir une adorable actrice de 8 ans (elle en a 10 aujourd\u2019hui), <strong><a href=\"http:\/\/www.cinevox.be\/videos\/le-sac-de-farine-rania-mellouli-premier-pas-au-cinema\" target=\"_blank\">Rania Mellouli<\/a><\/strong> dont le jeu naturel et l&rsquo;air mutin emportent d&#8217;embl\u00e9e l&rsquo;adh\u00e9sion du spectateur.<\/p>\n<p>&nbsp;<\/p>\n<p style=\"text-align: right;\"><a href=\"http:\/\/www.cinevox.be\/sacdefarinesortie\/_mds5930\" rel=\"attachment wp-att-30018\"><img loading=\"lazy\" decoding=\"async\" class=\"aligncenter size-full wp-image-30018\" title=\"_MDS5930\" src=\"http:\/\/www.cinevox.be\/wp-content\/uploads\/2012\/10\/MDS5930.jpg\" alt=\"\" width=\"800\" height=\"534\" srcset=\"https:\/\/w-l-c.be\/wp-content\/uploads\/2012\/10\/MDS5930.jpg 800w, https:\/\/w-l-c.be\/wp-content\/uploads\/2012\/10\/MDS5930-404x270.jpg 404w\" sizes=\"auto, (max-width: 800px) 100vw, 800px\" \/><\/a><em>[Photo FIFF]<\/em><\/p>\n<p style=\"text-align: right;\"><em><br \/>\n<\/em><\/p>\n<p>Et puis, dans la peau d&rsquo;un activiste traqu\u00e9 par la police, le Li\u00e9geois <strong>Mehdi Dehbi<\/strong> frappe les imaginations. Ce jeune com\u00e9dien belge form\u00e9 \u00e0 l&rsquo;Acad\u00e9mie de Bruxelles, puis \u00e0 celle de Paris avant d&rsquo;\u00e9migrer \u00e0 Londres a d\u00e9j\u00e0 une superbe carri\u00e8re \u00e0 son actif et des r\u00eaves plein la t\u00eate.<\/p>\n<p>Il parle cinq langues et tourne donc en France en Angleterre, en Allemagne, au Maroc aussi. Il sait ce qu&rsquo;il veut et s&rsquo;applique \u00e0 r\u00e9aliser tous ses fantasmes cin\u00e9matographiques. Avec une belle confiance en lui.\u00a0Nous\u00a0lui avons consacr\u00e9 un portrait crossmedia que vous pouvez lire et regarder <a href=\"http:\/\/www.cinevox.be\/?p=34765\" target=\"_blank\">ici.<\/a><\/p>\n<p>&nbsp;<\/p>\n<p><a href=\"http:\/\/www.cinevox.be\/sacdefarinesortie\/alp_4017\" rel=\"attachment wp-att-30019\"><img loading=\"lazy\" decoding=\"async\" class=\"aligncenter size-full wp-image-30019\" title=\"ALP_4017\" src=\"http:\/\/www.cinevox.be\/wp-content\/uploads\/2012\/10\/ALP_4017.jpg\" alt=\"\" width=\"800\" height=\"532\" srcset=\"https:\/\/w-l-c.be\/wp-content\/uploads\/2012\/10\/ALP_4017.jpg 800w, https:\/\/w-l-c.be\/wp-content\/uploads\/2012\/10\/ALP_4017-406x270.jpg 406w\" sizes=\"auto, (max-width: 800px) 100vw, 800px\" \/><\/a><\/p>\n<p style=\"text-align: right;\"><em>[Photo FIFF]<\/em><\/p>\n<p style=\"text-align: right;\"><em><br \/>\n<\/em><\/p>\n<p>&nbsp;<\/p>\n<p>&nbsp;<\/p>\n<p>&nbsp;<\/p>\n<p>&nbsp;<\/p>\n<p>&nbsp;<\/p>\n","protected":false},"excerpt":{"rendered":"<p>Alsemberg, 1975. Sarah, 8 ans, vit dans un foyer d\u2019accueil catholique. Un jour, son p\u00e8re biologique, qu\u2019elle n\u2019a jamais vu (Sma\u00efn Fairouze) se pr\u00e9sente pour l\u2019emmener en week-end \u00e0 Paris. Mais, c\u2019est au Maroc que Sarah se r\u00e9veille avec l\u2019appel de la pri\u00e8re. Elle va y grandir entre son oncle et sa tante, des gens &hellip;<\/p>\n","protected":false},"author":7,"featured_media":30021,"comment_status":"closed","ping_status":"closed","sticky":false,"template":"","format":"standard","meta":{"ngg_post_thumbnail":0,"footnotes":""},"categories":[10,7],"tags":[],"class_list":["post-30014","post","type-post","status-publish","format-standard","has-post-thumbnail","","category-a-l-affiche","category-actualites"],"yoast_head":"<!-- This site is optimized with the Yoast SEO plugin v20.4 - https:\/\/yoast.com\/wordpress\/plugins\/seo\/ -->\n<title>Le Sac de Farine : Entre Belgique et Maroc\u2026 - w-l-c<\/title>\n<meta name=\"robots\" content=\"noindex, follow, max-snippet:-1, max-image-preview:large, max-video-preview:-1\" \/>\n<meta property=\"og:locale\" content=\"fr_FR\" \/>\n<meta property=\"og:type\" content=\"article\" \/>\n<meta property=\"og:title\" content=\"Le Sac de Farine : Entre Belgique et Maroc\u2026 - w-l-c\" \/>\n<meta property=\"og:description\" content=\"Alsemberg, 1975. Sarah, 8 ans, vit dans un foyer d\u2019accueil catholique. Un jour, son p\u00e8re biologique, qu\u2019elle n\u2019a jamais vu (Sma\u00efn Fairouze) se pr\u00e9sente pour l\u2019emmener en week-end \u00e0 Paris. Mais, c\u2019est au Maroc que Sarah se r\u00e9veille avec l\u2019appel de la pri\u00e8re. Elle va y grandir entre son oncle et sa tante, des gens &hellip;\" \/>\n<meta property=\"og:url\" content=\"https:\/\/w-l-c.be\/fr\/sacdefarinesortie\/\" \/>\n<meta property=\"og:site_name\" content=\"w-l-c\" \/>\n<meta property=\"article:published_time\" content=\"2013-01-17T06:07:51+00:00\" \/>\n<meta property=\"article:modified_time\" content=\"2015-01-02T16:06:29+00:00\" \/>\n<meta property=\"og:image\" content=\"https:\/\/w-l-c.be\/wp-content\/uploads\/2012\/10\/ALP_4005.jpg\" \/>\n\t<meta property=\"og:image:width\" content=\"800\" \/>\n\t<meta property=\"og:image:height\" content=\"532\" \/>\n\t<meta property=\"og:image:type\" content=\"image\/jpeg\" \/>\n<meta name=\"author\" content=\"Philippe.Pierquin\" \/>\n<meta name=\"twitter:card\" content=\"summary_large_image\" \/>\n<meta name=\"twitter:label1\" content=\"\u00c9crit par\" \/>\n\t<meta name=\"twitter:data1\" content=\"Philippe.Pierquin\" \/>\n\t<meta name=\"twitter:label2\" content=\"Dur\u00e9e de lecture estim\u00e9e\" \/>\n\t<meta name=\"twitter:data2\" content=\"3 minutes\" \/>\n<script type=\"application\/ld+json\" class=\"yoast-schema-graph\">{\"@context\":\"https:\/\/schema.org\",\"@graph\":[{\"@type\":\"WebPage\",\"@id\":\"https:\/\/w-l-c.be\/fr\/sacdefarinesortie\/\",\"url\":\"https:\/\/w-l-c.be\/fr\/sacdefarinesortie\/\",\"name\":\"Le Sac de Farine : Entre Belgique et Maroc\u2026 - w-l-c\",\"isPartOf\":{\"@id\":\"https:\/\/w-l-c.be\/fr\/#website\"},\"datePublished\":\"2013-01-17T06:07:51+00:00\",\"dateModified\":\"2015-01-02T16:06:29+00:00\",\"author\":{\"@id\":\"https:\/\/w-l-c.be\/fr\/#\/schema\/person\/4b9b1d857f0943453a38a7c2859ef756\"},\"breadcrumb\":{\"@id\":\"https:\/\/w-l-c.be\/fr\/sacdefarinesortie\/#breadcrumb\"},\"inLanguage\":\"fr-FR\",\"potentialAction\":[{\"@type\":\"ReadAction\",\"target\":[\"https:\/\/w-l-c.be\/fr\/sacdefarinesortie\/\"]}]},{\"@type\":\"BreadcrumbList\",\"@id\":\"https:\/\/w-l-c.be\/fr\/sacdefarinesortie\/#breadcrumb\",\"itemListElement\":[{\"@type\":\"ListItem\",\"position\":1,\"name\":\"Accueil\",\"item\":\"https:\/\/w-l-c.be\/fr\/\"},{\"@type\":\"ListItem\",\"position\":2,\"name\":\"Le Sac de Farine : Entre Belgique et Maroc\u2026\"}]},{\"@type\":\"WebSite\",\"@id\":\"https:\/\/w-l-c.be\/fr\/#website\",\"url\":\"https:\/\/w-l-c.be\/fr\/\",\"name\":\"w-l-c\",\"description\":\"Le cin\u00e9ma vu par les belges\",\"potentialAction\":[{\"@type\":\"SearchAction\",\"target\":{\"@type\":\"EntryPoint\",\"urlTemplate\":\"https:\/\/w-l-c.be\/fr\/?s={search_term_string}\"},\"query-input\":\"required name=search_term_string\"}],\"inLanguage\":\"fr-FR\"},{\"@type\":\"Person\",\"@id\":\"https:\/\/w-l-c.be\/fr\/#\/schema\/person\/4b9b1d857f0943453a38a7c2859ef756\",\"name\":\"Philippe.Pierquin\",\"url\":\"https:\/\/w-l-c.be\/fr\/author\/philippe-pierquin\/\"}]}<\/script>\n<!-- \/ Yoast SEO plugin. -->","yoast_head_json":{"title":"Le Sac de Farine : Entre Belgique et Maroc\u2026 - w-l-c","robots":{"index":"noindex","follow":"follow","max-snippet":"max-snippet:-1","max-image-preview":"max-image-preview:large","max-video-preview":"max-video-preview:-1"},"og_locale":"fr_FR","og_type":"article","og_title":"Le Sac de Farine : Entre Belgique et Maroc\u2026 - w-l-c","og_description":"Alsemberg, 1975. Sarah, 8 ans, vit dans un foyer d\u2019accueil catholique. Un jour, son p\u00e8re biologique, qu\u2019elle n\u2019a jamais vu (Sma\u00efn Fairouze) se pr\u00e9sente pour l\u2019emmener en week-end \u00e0 Paris. Mais, c\u2019est au Maroc que Sarah se r\u00e9veille avec l\u2019appel de la pri\u00e8re. Elle va y grandir entre son oncle et sa tante, des gens &hellip;","og_url":"https:\/\/w-l-c.be\/fr\/sacdefarinesortie\/","og_site_name":"w-l-c","article_published_time":"2013-01-17T06:07:51+00:00","article_modified_time":"2015-01-02T16:06:29+00:00","og_image":[{"width":"800","height":"532","url":"https:\/\/w-l-c.be\/wp-content\/uploads\/2012\/10\/ALP_4005.jpg","type":"image\/jpeg"}],"author":"Philippe.Pierquin","twitter_card":"summary_large_image","twitter_misc":{"\u00c9crit par":"Philippe.Pierquin","Dur\u00e9e de lecture estim\u00e9e":"3 minutes"},"schema":{"@context":"https:\/\/schema.org","@graph":[{"@type":"WebPage","@id":"https:\/\/w-l-c.be\/fr\/sacdefarinesortie\/","url":"https:\/\/w-l-c.be\/fr\/sacdefarinesortie\/","name":"Le Sac de Farine : Entre Belgique et Maroc\u2026 - w-l-c","isPartOf":{"@id":"https:\/\/w-l-c.be\/fr\/#website"},"datePublished":"2013-01-17T06:07:51+00:00","dateModified":"2015-01-02T16:06:29+00:00","author":{"@id":"https:\/\/w-l-c.be\/fr\/#\/schema\/person\/4b9b1d857f0943453a38a7c2859ef756"},"breadcrumb":{"@id":"https:\/\/w-l-c.be\/fr\/sacdefarinesortie\/#breadcrumb"},"inLanguage":"fr-FR","potentialAction":[{"@type":"ReadAction","target":["https:\/\/w-l-c.be\/fr\/sacdefarinesortie\/"]}]},{"@type":"BreadcrumbList","@id":"https:\/\/w-l-c.be\/fr\/sacdefarinesortie\/#breadcrumb","itemListElement":[{"@type":"ListItem","position":1,"name":"Accueil","item":"https:\/\/w-l-c.be\/fr\/"},{"@type":"ListItem","position":2,"name":"Le Sac de Farine : Entre Belgique et Maroc\u2026"}]},{"@type":"WebSite","@id":"https:\/\/w-l-c.be\/fr\/#website","url":"https:\/\/w-l-c.be\/fr\/","name":"w-l-c","description":"Le cin\u00e9ma vu par les belges","potentialAction":[{"@type":"SearchAction","target":{"@type":"EntryPoint","urlTemplate":"https:\/\/w-l-c.be\/fr\/?s={search_term_string}"},"query-input":"required name=search_term_string"}],"inLanguage":"fr-FR"},{"@type":"Person","@id":"https:\/\/w-l-c.be\/fr\/#\/schema\/person\/4b9b1d857f0943453a38a7c2859ef756","name":"Philippe.Pierquin","url":"https:\/\/w-l-c.be\/fr\/author\/philippe-pierquin\/"}]}},"_links":{"self":[{"href":"https:\/\/w-l-c.be\/fr\/wp-json\/wp\/v2\/posts\/30014","targetHints":{"allow":["GET"]}}],"collection":[{"href":"https:\/\/w-l-c.be\/fr\/wp-json\/wp\/v2\/posts"}],"about":[{"href":"https:\/\/w-l-c.be\/fr\/wp-json\/wp\/v2\/types\/post"}],"author":[{"embeddable":true,"href":"https:\/\/w-l-c.be\/fr\/wp-json\/wp\/v2\/users\/7"}],"replies":[{"embeddable":true,"href":"https:\/\/w-l-c.be\/fr\/wp-json\/wp\/v2\/comments?post=30014"}],"version-history":[{"count":0,"href":"https:\/\/w-l-c.be\/fr\/wp-json\/wp\/v2\/posts\/30014\/revisions"}],"wp:featuredmedia":[{"embeddable":true,"href":"https:\/\/w-l-c.be\/fr\/wp-json\/wp\/v2\/media\/30021"}],"wp:attachment":[{"href":"https:\/\/w-l-c.be\/fr\/wp-json\/wp\/v2\/media?parent=30014"}],"wp:term":[{"taxonomy":"category","embeddable":true,"href":"https:\/\/w-l-c.be\/fr\/wp-json\/wp\/v2\/categories?post=30014"},{"taxonomy":"post_tag","embeddable":true,"href":"https:\/\/w-l-c.be\/fr\/wp-json\/wp\/v2\/tags?post=30014"}],"curies":[{"name":"wp","href":"https:\/\/api.w.org\/{rel}","templated":true}]}}