
{"id":30722,"date":"2012-10-23T15:52:58","date_gmt":"2012-10-23T15:52:58","guid":{"rendered":"http:\/\/www.cinevox.be\/?p=30722"},"modified":"2012-10-23T16:18:03","modified_gmt":"2012-10-23T16:18:03","slug":"30722","status":"publish","type":"post","link":"https:\/\/w-l-c.be\/fr\/30722\/","title":{"rendered":"Je te Survivrai : Agence tous risques"},"content":{"rendered":"<p>Il y a peu, nous nous sommes rendus \u00e0 Lasnes sur le tournage de <em>Je te Survivrai,<\/em> premier long m\u00e9trage de <strong>Sylvestre Sbille <\/strong>qui est \u00e0 la fois une com\u00e9die noire et un face \u00e0 face psychologique qui confine au thriller entre deux personnages que tout oppose\u2026 notamment le fait que l&rsquo;un des deux est clo\u00eetr\u00e9 au fond d&rsquo;un puits.\u00a0<!--more--><\/p>\n<p>&nbsp;<\/p>\n<p style=\"text-align: right;\"><a rel=\"attachment wp-att-30723\" href=\"http:\/\/www.cinevox.be\/30722\/img_7208\/\"><img loading=\"lazy\" decoding=\"async\" class=\"aligncenter size-full wp-image-30723\" title=\"IMG_7208\" src=\"http:\/\/www.cinevox.be\/wp-content\/uploads\/2012\/10\/IMG_7208.jpg\" alt=\"\" width=\"1024\" height=\"683\" srcset=\"https:\/\/w-l-c.be\/wp-content\/uploads\/2012\/10\/IMG_7208.jpg 1024w, https:\/\/w-l-c.be\/wp-content\/uploads\/2012\/10\/IMG_7208-404x270.jpg 404w, https:\/\/w-l-c.be\/wp-content\/uploads\/2012\/10\/IMG_7208-800x533.jpg 800w\" sizes=\"auto, (max-width: 1024px) 100vw, 1024px\" \/><\/a><em>Sylvestre Sbille [Photo A.P.]<\/em><\/p>\n<p>&nbsp;<\/p>\n<p>Pour ce premier essai longue distance le r\u00e9alisateur est soutenu par un jeune producteur qui se lance pour la premi\u00e8re fois dans l&rsquo;aventure de la production majoritaire : Andr\u00e9 Logie (Panache Productions) a jusqu&rsquo;ici coproduit de nombreux films fran\u00e7ais comme <em>Le Grand Soir<\/em> ou <em>Populaire<\/em>, mais sa t\u00e2che ici est toute diff\u00e9rente puisque c&rsquo;est lui qui est \u00e0 la base du projet. Il a heureusement r\u00e9ussi \u00e0 persuader son partenaire habituel, <strong>Alain Attal, <\/strong>de le suivre dans l&rsquo;aventure ce qui donne au film de belles opportunit\u00e9s de distribution en France et une visibilit\u00e9 \u00e0 l&rsquo;\u00e9tranger.<\/p>\n<p>&nbsp;<\/p>\n<p style=\"text-align: center;\"><a rel=\"attachment wp-att-30724\" href=\"http:\/\/www.cinevox.be\/30722\/img_7662\/\"><img loading=\"lazy\" decoding=\"async\" class=\"aligncenter size-full wp-image-30724\" title=\"IMG_7662\" src=\"http:\/\/www.cinevox.be\/wp-content\/uploads\/2012\/10\/IMG_7662.jpg\" alt=\"\" width=\"1024\" height=\"599\" srcset=\"https:\/\/w-l-c.be\/wp-content\/uploads\/2012\/10\/IMG_7662.jpg 1024w, https:\/\/w-l-c.be\/wp-content\/uploads\/2012\/10\/IMG_7662-461x270.jpg 461w, https:\/\/w-l-c.be\/wp-content\/uploads\/2012\/10\/IMG_7662-800x467.jpg 800w\" sizes=\"auto, (max-width: 1024px) 100vw, 1024px\" \/><\/a><\/p>\n<p>&nbsp;<\/p>\n<p>Outre son sujet dr\u00f4le-amer, l&rsquo;autre attrait du film est son casting belgo-belge qui r\u00e9unit quelques-uns des meilleurs acteurs officiant chez nous. Le duo principal est compos\u00e9 de <strong>Ben Riga <\/strong>qui n&rsquo;\u00e9tait malheureusement pas sur place lors de notre passage et de <strong>Jonathan Zacca\u00ef,<\/strong> l&rsquo;acteur plut\u00f4t taciturne de <em>Quartier Lointain<\/em> et <em>El\u00e8ve Libre,<\/em> en fait un vrai gai luron comme le prouve sa premi\u00e8re r\u00e9alisation, <a href=\"http:\/\/www.cinevox.be\/jz-comme-jonathan-zaccai\/\">JC comme J\u00e9sus Christ<\/a>.<\/p>\n<p>&nbsp;<\/p>\n<p style=\"text-align: right;\"><a rel=\"attachment wp-att-30725\" href=\"http:\/\/www.cinevox.be\/30722\/img_7226\/\"><img loading=\"lazy\" decoding=\"async\" class=\"aligncenter size-full wp-image-30725\" title=\"IMG_7226\" src=\"http:\/\/www.cinevox.be\/wp-content\/uploads\/2012\/10\/IMG_7226.jpg\" alt=\"\" width=\"1024\" height=\"683\" srcset=\"https:\/\/w-l-c.be\/wp-content\/uploads\/2012\/10\/IMG_7226.jpg 1024w, https:\/\/w-l-c.be\/wp-content\/uploads\/2012\/10\/IMG_7226-404x270.jpg 404w, https:\/\/w-l-c.be\/wp-content\/uploads\/2012\/10\/IMG_7226-800x533.jpg 800w\" sizes=\"auto, (max-width: 1024px) 100vw, 1024px\" \/><\/a><em>[Photo A.P.]<\/em><\/p>\n<p>&nbsp;<\/p>\n<p>Autour de ce duo sur qui repose le c\u0153ur de l&rsquo;intrigue, on trouve un formidable quatuor (de haut en bas) : <strong>David Murgia<\/strong> (<em>La T\u00eate la Premi\u00e8re, La R\u00e9gate<\/em>), <strong>Laurent Capelluto<\/strong> (<em>Fils unique<\/em>), <strong>Benoit Bertuzzo<\/strong> (qui pr\u00e9f\u00e8re \u00eatre derri\u00e8re la cam\u00e9ra que devant) et <strong>Tania Garbarski<\/strong> (<em>Le Tango des Rashevski, Quartier Lointain<\/em>). ces quatre-l\u00e0 forment le personnel de l&rsquo;agence immobili\u00e8re lanc\u00e9s sur les traces de leur patron port\u00e9 disparu. Un club des peurs de rien. Capables de tout.<\/p>\n<p>&nbsp;<\/p>\n<p style=\"text-align: right;\"><a rel=\"attachment wp-att-30726\" href=\"http:\/\/www.cinevox.be\/30722\/img_7610\/\"><img loading=\"lazy\" decoding=\"async\" class=\"aligncenter size-full wp-image-30726\" title=\"IMG_7610\" src=\"http:\/\/www.cinevox.be\/wp-content\/uploads\/2012\/10\/IMG_7610.jpg\" alt=\"\" width=\"1024\" height=\"683\" srcset=\"https:\/\/w-l-c.be\/wp-content\/uploads\/2012\/10\/IMG_7610.jpg 1024w, https:\/\/w-l-c.be\/wp-content\/uploads\/2012\/10\/IMG_7610-404x270.jpg 404w, https:\/\/w-l-c.be\/wp-content\/uploads\/2012\/10\/IMG_7610-800x533.jpg 800w\" sizes=\"auto, (max-width: 1024px) 100vw, 1024px\" \/><\/a><em>[Photo A.P.]<\/em><\/p>\n<p style=\"text-align: right;\">&nbsp;<\/p>\n<p style=\"text-align: left;\"><em><a rel=\"attachment wp-att-30727\" href=\"http:\/\/www.cinevox.be\/30722\/img_7684\/\"><img loading=\"lazy\" decoding=\"async\" class=\"aligncenter size-full wp-image-30727\" title=\"IMG_7684\" src=\"http:\/\/www.cinevox.be\/wp-content\/uploads\/2012\/10\/IMG_7684.jpg\" alt=\"\" width=\"1024\" height=\"683\" srcset=\"https:\/\/w-l-c.be\/wp-content\/uploads\/2012\/10\/IMG_7684.jpg 1024w, https:\/\/w-l-c.be\/wp-content\/uploads\/2012\/10\/IMG_7684-404x270.jpg 404w, https:\/\/w-l-c.be\/wp-content\/uploads\/2012\/10\/IMG_7684-800x533.jpg 800w\" sizes=\"auto, (max-width: 1024px) 100vw, 1024px\" \/><\/a><br \/>\n<\/em><\/p>\n<p><a rel=\"attachment wp-att-30728\" href=\"http:\/\/www.cinevox.be\/30722\/img_7351\/\"><img loading=\"lazy\" decoding=\"async\" class=\"aligncenter size-full wp-image-30728\" title=\"IMG_7351\" src=\"http:\/\/www.cinevox.be\/wp-content\/uploads\/2012\/10\/IMG_7351.jpg\" alt=\"\" width=\"1024\" height=\"662\" srcset=\"https:\/\/w-l-c.be\/wp-content\/uploads\/2012\/10\/IMG_7351.jpg 1024w, https:\/\/w-l-c.be\/wp-content\/uploads\/2012\/10\/IMG_7351-417x270.jpg 417w, https:\/\/w-l-c.be\/wp-content\/uploads\/2012\/10\/IMG_7351-800x517.jpg 800w\" sizes=\"auto, (max-width: 1024px) 100vw, 1024px\" \/><\/a><\/p>\n<p>&nbsp;<\/p>\n<p><a rel=\"attachment wp-att-30729\" href=\"http:\/\/www.cinevox.be\/30722\/img_7681\/\"><img loading=\"lazy\" decoding=\"async\" class=\"aligncenter size-full wp-image-30729\" title=\"IMG_7681\" src=\"http:\/\/www.cinevox.be\/wp-content\/uploads\/2012\/10\/IMG_7681.jpg\" alt=\"\" width=\"1024\" height=\"693\" srcset=\"https:\/\/w-l-c.be\/wp-content\/uploads\/2012\/10\/IMG_7681.jpg 1024w, https:\/\/w-l-c.be\/wp-content\/uploads\/2012\/10\/IMG_7681-398x270.jpg 398w, https:\/\/w-l-c.be\/wp-content\/uploads\/2012\/10\/IMG_7681-800x541.jpg 800w\" sizes=\"auto, (max-width: 1024px) 100vw, 1024px\" \/><\/a><\/p>\n<p>&nbsp;<\/p>\n<p>Apr\u00e8s avoir tourn\u00e9 en ext\u00e9rieur dans une superbe propri\u00e9t\u00e9 priv\u00e9e de Lasnes, l&rsquo;\u00e9quipe travaille actuellement en studio dans les studios de la RTBF. Cette partie du plan de travail se concentre sur le duo central et ses \u00e9changes acerbes.<\/p>\n<p>&nbsp;<\/p>\n<p><a rel=\"attachment wp-att-30730\" href=\"http:\/\/www.cinevox.be\/30722\/img_7618\/\"><img loading=\"lazy\" decoding=\"async\" class=\"aligncenter size-full wp-image-30730\" title=\"IMG_7618\" src=\"http:\/\/www.cinevox.be\/wp-content\/uploads\/2012\/10\/IMG_7618.jpg\" alt=\"\" width=\"1200\" height=\"785\" srcset=\"https:\/\/w-l-c.be\/wp-content\/uploads\/2012\/10\/IMG_7618.jpg 1200w, https:\/\/w-l-c.be\/wp-content\/uploads\/2012\/10\/IMG_7618-412x270.jpg 412w, https:\/\/w-l-c.be\/wp-content\/uploads\/2012\/10\/IMG_7618-800x523.jpg 800w\" sizes=\"auto, (max-width: 1200px) 100vw, 1200px\" \/><\/a><\/p>\n<p>&nbsp;<\/p>\n<p>Le film est attendu au deuxi\u00e8me semestre 2013 et sera avant cela la vedette d&rsquo;un grand \u00e9cran Cinevox. Cela va sans dire\u2026<\/p>\n<p>&nbsp;<\/p>\n<p>&nbsp;<\/p>\n","protected":false},"excerpt":{"rendered":"<p>Il y a peu, nous nous sommes rendus \u00e0 Lasnes sur le tournage de Je te Survivrai, premier long m\u00e9trage de Sylvestre Sbille qui est \u00e0 la fois une com\u00e9die noire et un face \u00e0 face psychologique qui confine au thriller entre deux personnages que tout oppose\u2026 notamment le fait que l&rsquo;un des deux est &hellip;<\/p>\n","protected":false},"author":7,"featured_media":30732,"comment_status":"closed","ping_status":"closed","sticky":false,"template":"","format":"standard","meta":{"ngg_post_thumbnail":0,"footnotes":""},"categories":[7,11],"tags":[],"class_list":["post-30722","post","type-post","status-publish","format-standard","has-post-thumbnail","","category-actualites","category-tournages"],"yoast_head":"<!-- This site is optimized with the Yoast SEO plugin v20.4 - https:\/\/yoast.com\/wordpress\/plugins\/seo\/ -->\n<title>Je te Survivrai : Agence tous risques - w-l-c<\/title>\n<meta name=\"robots\" content=\"noindex, follow, max-snippet:-1, max-image-preview:large, max-video-preview:-1\" \/>\n<meta property=\"og:locale\" content=\"fr_FR\" \/>\n<meta property=\"og:type\" content=\"article\" \/>\n<meta property=\"og:title\" content=\"Je te Survivrai : Agence tous risques - w-l-c\" \/>\n<meta property=\"og:description\" content=\"Il y a peu, nous nous sommes rendus \u00e0 Lasnes sur le tournage de Je te Survivrai, premier long m\u00e9trage de Sylvestre Sbille qui est \u00e0 la fois une com\u00e9die noire et un face \u00e0 face psychologique qui confine au thriller entre deux personnages que tout oppose\u2026 notamment le fait que l&rsquo;un des deux est &hellip;\" \/>\n<meta property=\"og:url\" content=\"https:\/\/w-l-c.be\/fr\/30722\/\" \/>\n<meta property=\"og:site_name\" content=\"w-l-c\" \/>\n<meta property=\"article:published_time\" content=\"2012-10-23T15:52:58+00:00\" \/>\n<meta property=\"article:modified_time\" content=\"2012-10-23T16:18:03+00:00\" \/>\n<meta property=\"og:image\" content=\"https:\/\/w-l-c.be\/wp-content\/uploads\/2012\/10\/IMG_7396.jpg\" \/>\n\t<meta property=\"og:image:width\" content=\"1200\" \/>\n\t<meta property=\"og:image:height\" content=\"800\" \/>\n\t<meta property=\"og:image:type\" content=\"image\/jpeg\" \/>\n<meta name=\"author\" content=\"Philippe.Pierquin\" \/>\n<meta name=\"twitter:card\" content=\"summary_large_image\" \/>\n<meta name=\"twitter:label1\" content=\"\u00c9crit par\" \/>\n\t<meta name=\"twitter:data1\" content=\"Philippe.Pierquin\" \/>\n\t<meta name=\"twitter:label2\" content=\"Dur\u00e9e de lecture estim\u00e9e\" \/>\n\t<meta name=\"twitter:data2\" content=\"2 minutes\" \/>\n<script type=\"application\/ld+json\" class=\"yoast-schema-graph\">{\"@context\":\"https:\/\/schema.org\",\"@graph\":[{\"@type\":\"WebPage\",\"@id\":\"https:\/\/w-l-c.be\/fr\/30722\/\",\"url\":\"https:\/\/w-l-c.be\/fr\/30722\/\",\"name\":\"Je te Survivrai : Agence tous risques - w-l-c\",\"isPartOf\":{\"@id\":\"https:\/\/w-l-c.be\/fr\/#website\"},\"datePublished\":\"2012-10-23T15:52:58+00:00\",\"dateModified\":\"2012-10-23T16:18:03+00:00\",\"author\":{\"@id\":\"https:\/\/w-l-c.be\/fr\/#\/schema\/person\/4b9b1d857f0943453a38a7c2859ef756\"},\"breadcrumb\":{\"@id\":\"https:\/\/w-l-c.be\/fr\/30722\/#breadcrumb\"},\"inLanguage\":\"fr-FR\",\"potentialAction\":[{\"@type\":\"ReadAction\",\"target\":[\"https:\/\/w-l-c.be\/fr\/30722\/\"]}]},{\"@type\":\"BreadcrumbList\",\"@id\":\"https:\/\/w-l-c.be\/fr\/30722\/#breadcrumb\",\"itemListElement\":[{\"@type\":\"ListItem\",\"position\":1,\"name\":\"Accueil\",\"item\":\"https:\/\/w-l-c.be\/fr\/\"},{\"@type\":\"ListItem\",\"position\":2,\"name\":\"Je te Survivrai : Agence tous risques\"}]},{\"@type\":\"WebSite\",\"@id\":\"https:\/\/w-l-c.be\/fr\/#website\",\"url\":\"https:\/\/w-l-c.be\/fr\/\",\"name\":\"w-l-c\",\"description\":\"Le cin\u00e9ma vu par les belges\",\"potentialAction\":[{\"@type\":\"SearchAction\",\"target\":{\"@type\":\"EntryPoint\",\"urlTemplate\":\"https:\/\/w-l-c.be\/fr\/?s={search_term_string}\"},\"query-input\":\"required name=search_term_string\"}],\"inLanguage\":\"fr-FR\"},{\"@type\":\"Person\",\"@id\":\"https:\/\/w-l-c.be\/fr\/#\/schema\/person\/4b9b1d857f0943453a38a7c2859ef756\",\"name\":\"Philippe.Pierquin\",\"url\":\"https:\/\/w-l-c.be\/fr\/author\/philippe-pierquin\/\"}]}<\/script>\n<!-- \/ Yoast SEO plugin. -->","yoast_head_json":{"title":"Je te Survivrai : Agence tous risques - w-l-c","robots":{"index":"noindex","follow":"follow","max-snippet":"max-snippet:-1","max-image-preview":"max-image-preview:large","max-video-preview":"max-video-preview:-1"},"og_locale":"fr_FR","og_type":"article","og_title":"Je te Survivrai : Agence tous risques - w-l-c","og_description":"Il y a peu, nous nous sommes rendus \u00e0 Lasnes sur le tournage de Je te Survivrai, premier long m\u00e9trage de Sylvestre Sbille qui est \u00e0 la fois une com\u00e9die noire et un face \u00e0 face psychologique qui confine au thriller entre deux personnages que tout oppose\u2026 notamment le fait que l&rsquo;un des deux est &hellip;","og_url":"https:\/\/w-l-c.be\/fr\/30722\/","og_site_name":"w-l-c","article_published_time":"2012-10-23T15:52:58+00:00","article_modified_time":"2012-10-23T16:18:03+00:00","og_image":[{"width":"1200","height":"800","url":"https:\/\/w-l-c.be\/wp-content\/uploads\/2012\/10\/IMG_7396.jpg","type":"image\/jpeg"}],"author":"Philippe.Pierquin","twitter_card":"summary_large_image","twitter_misc":{"\u00c9crit par":"Philippe.Pierquin","Dur\u00e9e de lecture estim\u00e9e":"2 minutes"},"schema":{"@context":"https:\/\/schema.org","@graph":[{"@type":"WebPage","@id":"https:\/\/w-l-c.be\/fr\/30722\/","url":"https:\/\/w-l-c.be\/fr\/30722\/","name":"Je te Survivrai : Agence tous risques - w-l-c","isPartOf":{"@id":"https:\/\/w-l-c.be\/fr\/#website"},"datePublished":"2012-10-23T15:52:58+00:00","dateModified":"2012-10-23T16:18:03+00:00","author":{"@id":"https:\/\/w-l-c.be\/fr\/#\/schema\/person\/4b9b1d857f0943453a38a7c2859ef756"},"breadcrumb":{"@id":"https:\/\/w-l-c.be\/fr\/30722\/#breadcrumb"},"inLanguage":"fr-FR","potentialAction":[{"@type":"ReadAction","target":["https:\/\/w-l-c.be\/fr\/30722\/"]}]},{"@type":"BreadcrumbList","@id":"https:\/\/w-l-c.be\/fr\/30722\/#breadcrumb","itemListElement":[{"@type":"ListItem","position":1,"name":"Accueil","item":"https:\/\/w-l-c.be\/fr\/"},{"@type":"ListItem","position":2,"name":"Je te Survivrai : Agence tous risques"}]},{"@type":"WebSite","@id":"https:\/\/w-l-c.be\/fr\/#website","url":"https:\/\/w-l-c.be\/fr\/","name":"w-l-c","description":"Le cin\u00e9ma vu par les belges","potentialAction":[{"@type":"SearchAction","target":{"@type":"EntryPoint","urlTemplate":"https:\/\/w-l-c.be\/fr\/?s={search_term_string}"},"query-input":"required name=search_term_string"}],"inLanguage":"fr-FR"},{"@type":"Person","@id":"https:\/\/w-l-c.be\/fr\/#\/schema\/person\/4b9b1d857f0943453a38a7c2859ef756","name":"Philippe.Pierquin","url":"https:\/\/w-l-c.be\/fr\/author\/philippe-pierquin\/"}]}},"_links":{"self":[{"href":"https:\/\/w-l-c.be\/fr\/wp-json\/wp\/v2\/posts\/30722","targetHints":{"allow":["GET"]}}],"collection":[{"href":"https:\/\/w-l-c.be\/fr\/wp-json\/wp\/v2\/posts"}],"about":[{"href":"https:\/\/w-l-c.be\/fr\/wp-json\/wp\/v2\/types\/post"}],"author":[{"embeddable":true,"href":"https:\/\/w-l-c.be\/fr\/wp-json\/wp\/v2\/users\/7"}],"replies":[{"embeddable":true,"href":"https:\/\/w-l-c.be\/fr\/wp-json\/wp\/v2\/comments?post=30722"}],"version-history":[{"count":0,"href":"https:\/\/w-l-c.be\/fr\/wp-json\/wp\/v2\/posts\/30722\/revisions"}],"wp:featuredmedia":[{"embeddable":true,"href":"https:\/\/w-l-c.be\/fr\/wp-json\/wp\/v2\/media\/30732"}],"wp:attachment":[{"href":"https:\/\/w-l-c.be\/fr\/wp-json\/wp\/v2\/media?parent=30722"}],"wp:term":[{"taxonomy":"category","embeddable":true,"href":"https:\/\/w-l-c.be\/fr\/wp-json\/wp\/v2\/categories?post=30722"},{"taxonomy":"post_tag","embeddable":true,"href":"https:\/\/w-l-c.be\/fr\/wp-json\/wp\/v2\/tags?post=30722"}],"curies":[{"name":"wp","href":"https:\/\/api.w.org\/{rel}","templated":true}]}}