
{"id":30796,"date":"2012-10-18T08:42:56","date_gmt":"2012-10-18T08:42:56","guid":{"rendered":"http:\/\/www.cinevox.be\/?p=30796"},"modified":"2012-10-18T08:52:27","modified_gmt":"2012-10-18T08:52:27","slug":"gandmonde","status":"publish","type":"post","link":"https:\/\/w-l-c.be\/fr\/gandmonde\/","title":{"rendered":"Gand leur appartient"},"content":{"rendered":"<p><em>Le Monde nous appartient<\/em>, deuxi\u00e8me long m\u00e9trage de <strong>Stephan Streker<\/strong> a \u00e9t\u00e9 pr\u00e9sent\u00e9 hier au 39e Film Festival Gent. Une avant-premi\u00e8re prestigieuse puisque Gand voulait absolument le film et que la production a d\u00fb op\u00e9rer un choix douloureux entre cette manifestation et le Festival International du Film Francophone de Namur o\u00f9 le film \u00e9tait attendu, voire esp\u00e9r\u00e9.<!--more--><\/p>\n<p>&nbsp;<\/p>\n<p>Opter pour Gand \u00e9tait semble-t-il un excellent calcul. Outre le fait que cette d\u00e9marche reste originale pour une oeuvre francophone et ne devait donc pas passer inaper\u00e7ue, le Festival de la Cit\u00e9 des Comtes affichait deux gros atouts : Le FFG \u00e9tant un des \u00e9v\u00e8nements phare en mati\u00e8re de musique de film, la pr\u00e9sence au g\u00e9n\u00e9rique d&rsquo;<strong>Ozark Henry<\/strong>, une \u00e9norme star au nord du pays ne pouvait laisser personne indiff\u00e9rent. Le tr\u00e8s sympathique musicien eut ainsi l&rsquo;occasion de jouer hier quelques morceaux au piano avant la projection du film.<\/p>\n<p>&nbsp;<\/p>\n<p>&nbsp;<\/p>\n<p><a rel=\"attachment wp-att-30819\" href=\"http:\/\/www.cinevox.be\/gandmonde\/%c2%a9-luk-monsaer-2\/\"><img loading=\"lazy\" decoding=\"async\" class=\"aligncenter size-full wp-image-30819\" title=\"\u00a9 Luk Monsaer\" src=\"http:\/\/www.cinevox.be\/wp-content\/uploads\/2012\/10\/\u00a9-Luk-Monsaer1.jpg\" alt=\"\" width=\"1200\" height=\"796\" srcset=\"https:\/\/w-l-c.be\/wp-content\/uploads\/2012\/10\/\u00a9-Luk-Monsaer1.jpg 1200w, https:\/\/w-l-c.be\/wp-content\/uploads\/2012\/10\/\u00a9-Luk-Monsaer1-407x270.jpg 407w, https:\/\/w-l-c.be\/wp-content\/uploads\/2012\/10\/\u00a9-Luk-Monsaer1-800x530.jpg 800w\" sizes=\"auto, (max-width: 1200px) 100vw, 1200px\" \/><\/a><\/p>\n<p style=\"text-align: right;\"><em>[Toutes les photos par\u00a0Luk Monsaer]<\/em><\/p>\n<p>&nbsp;<\/p>\n<p>Et puis, on le sait les Flamands sont tr\u00e8s friand d&rsquo;un cin\u00e9ma d&rsquo;auteur \u00e0 haute valeur esth\u00e9tique. <em>L&rsquo;Envahisseur<\/em> de Nicolas Provost y a \u00e9t\u00e9 accueilli \u00e0 bras ouverts et de toute \u00e9vidence <em>Le Monde nous Appartient <\/em>s&rsquo;inscrit dans cette veine : un cin\u00e9ma d\u00e9complex\u00e9 qui n&rsquo;a pas peur des belles images et d&rsquo;une recherche visuelle qui irrite encore parfois plus au sud.<\/p>\n<p>&nbsp;<\/p>\n<p style=\"text-align: right;\"><a rel=\"attachment wp-att-30800\" href=\"http:\/\/www.cinevox.be\/gandmonde\/2012-10-17_4081\/\"><img loading=\"lazy\" decoding=\"async\" class=\"aligncenter size-full wp-image-30800\" title=\"2012-10-17_4081\" src=\"http:\/\/www.cinevox.be\/wp-content\/uploads\/2012\/10\/2012-10-17_4081.jpg\" alt=\"\" width=\"2547\" height=\"1654\" srcset=\"https:\/\/w-l-c.be\/wp-content\/uploads\/2012\/10\/2012-10-17_4081.jpg 2547w, https:\/\/w-l-c.be\/wp-content\/uploads\/2012\/10\/2012-10-17_4081-415x270.jpg 415w, https:\/\/w-l-c.be\/wp-content\/uploads\/2012\/10\/2012-10-17_4081-800x519.jpg 800w\" sizes=\"auto, (max-width: 2547px) 100vw, 2547px\" \/><\/a><em><em>Patrick Duynslaeger et Stephan Streker <\/em>[Toutes les photos par\u00a0Luk Monsaer]<\/em><\/p>\n<p>&nbsp;<\/p>\n<p>En s\u00e9duisant le public gantois, <em>Le Monde nous appartient<\/em> s&rsquo;est sans doute ouvert une voie vers une diffusion commerciale au nord de la fronti\u00e8re linguistique, ce qui est un luxe inconcevable pour la plupart des r\u00e9alisateurs francophones. Affaire \u00e0 suivre\u2026<\/p>\n<p>&nbsp;<\/p>\n<p>&nbsp;<\/p>\n<p style=\"text-align: right;\"><a rel=\"attachment wp-att-30803\" href=\"http:\/\/www.cinevox.be\/gandmonde\/320435_282623668521394_1953319862_n\/\"><img loading=\"lazy\" decoding=\"async\" class=\"aligncenter size-full wp-image-30803\" title=\"320435_282623668521394_1953319862_n\" src=\"http:\/\/www.cinevox.be\/wp-content\/uploads\/2012\/10\/320435_282623668521394_1953319862_n.jpg\" alt=\"\" width=\"960\" height=\"638\" srcset=\"https:\/\/w-l-c.be\/wp-content\/uploads\/2012\/10\/320435_282623668521394_1953319862_n.jpg 960w, https:\/\/w-l-c.be\/wp-content\/uploads\/2012\/10\/320435_282623668521394_1953319862_n-406x270.jpg 406w, https:\/\/w-l-c.be\/wp-content\/uploads\/2012\/10\/320435_282623668521394_1953319862_n-800x531.jpg 800w\" sizes=\"auto, (max-width: 960px) 100vw, 960px\" \/><\/a><em> Une autre photo tr\u00e8s sympa sign\u00e9e par\u00a0Luk Monsaer. On y coit \u00a0Ymanol Perset, Ozark Henry, Stephan Streker, \u00a0Cincent Rottiers , reda Kateb, mais aussi \u00a0deux des producteurs qui montent : Michael Goldberg \u00e0 l&rsquo;avant-plan et Boris Van Gils \u00e0 droite. Avant le film de Stephan Streker, ils avaient d\u00e9j\u00e0 produit \u00ab\u00a0Viva Riva\u00a0\u00bb et seront aux commandes pour le retour de Benoit Mariage d\u00e9but 2013.<\/em><\/p>\n<p>&nbsp;<\/p>\n<p style=\"text-align: right;\"><a rel=\"attachment wp-att-30805\" href=\"http:\/\/www.cinevox.be\/gandmonde\/2012-10-17_4079\/\"><img loading=\"lazy\" decoding=\"async\" class=\"aligncenter size-full wp-image-30805\" title=\"2012-10-17_4079\" src=\"http:\/\/www.cinevox.be\/wp-content\/uploads\/2012\/10\/2012-10-17_4079.jpg\" alt=\"\" width=\"2480\" height=\"1657\" srcset=\"https:\/\/w-l-c.be\/wp-content\/uploads\/2012\/10\/2012-10-17_4079.jpg 2480w, https:\/\/w-l-c.be\/wp-content\/uploads\/2012\/10\/2012-10-17_4079-404x270.jpg 404w, https:\/\/w-l-c.be\/wp-content\/uploads\/2012\/10\/2012-10-17_4079-800x534.jpg 800w\" sizes=\"auto, (max-width: 2480px) 100vw, 2480px\" \/><\/a><em>Ozark Henry par\u00a0Luk Monsaer.<\/em><\/p>\n<p>&nbsp;<\/p>\n","protected":false},"excerpt":{"rendered":"<p>Le Monde nous appartient, deuxi\u00e8me long m\u00e9trage de Stephan Streker a \u00e9t\u00e9 pr\u00e9sent\u00e9 hier au 39e Film Festival Gent. Une avant-premi\u00e8re prestigieuse puisque Gand voulait absolument le film et que la production a d\u00fb op\u00e9rer un choix douloureux entre cette manifestation et le Festival International du Film Francophone de Namur o\u00f9 le film \u00e9tait attendu, &hellip;<\/p>\n","protected":false},"author":7,"featured_media":30812,"comment_status":"closed","ping_status":"closed","sticky":false,"template":"","format":"standard","meta":{"ngg_post_thumbnail":0,"footnotes":""},"categories":[1923,7],"tags":[],"class_list":["post-30796","post","type-post","status-publish","format-standard","has-post-thumbnail","","category-en-bref","category-actualites"],"yoast_head":"<!-- This site is optimized with the Yoast SEO plugin v20.4 - https:\/\/yoast.com\/wordpress\/plugins\/seo\/ -->\n<title>Gand leur appartient - w-l-c<\/title>\n<meta name=\"robots\" content=\"noindex, follow, max-snippet:-1, max-image-preview:large, max-video-preview:-1\" \/>\n<meta property=\"og:locale\" content=\"fr_FR\" \/>\n<meta property=\"og:type\" content=\"article\" \/>\n<meta property=\"og:title\" content=\"Gand leur appartient - w-l-c\" \/>\n<meta property=\"og:description\" content=\"Le Monde nous appartient, deuxi\u00e8me long m\u00e9trage de Stephan Streker a \u00e9t\u00e9 pr\u00e9sent\u00e9 hier au 39e Film Festival Gent. Une avant-premi\u00e8re prestigieuse puisque Gand voulait absolument le film et que la production a d\u00fb op\u00e9rer un choix douloureux entre cette manifestation et le Festival International du Film Francophone de Namur o\u00f9 le film \u00e9tait attendu, &hellip;\" \/>\n<meta property=\"og:url\" content=\"https:\/\/w-l-c.be\/fr\/gandmonde\/\" \/>\n<meta property=\"og:site_name\" content=\"w-l-c\" \/>\n<meta property=\"article:published_time\" content=\"2012-10-18T08:42:56+00:00\" \/>\n<meta property=\"article:modified_time\" content=\"2012-10-18T08:52:27+00:00\" \/>\n<meta property=\"og:image\" content=\"https:\/\/w-l-c.be\/wp-content\/uploads\/2012\/10\/75095_282619645188463_379884866_n.jpg\" \/>\n\t<meta property=\"og:image:width\" content=\"960\" \/>\n\t<meta property=\"og:image:height\" content=\"631\" \/>\n\t<meta property=\"og:image:type\" content=\"image\/jpeg\" \/>\n<meta name=\"author\" content=\"Philippe.Pierquin\" \/>\n<meta name=\"twitter:card\" content=\"summary_large_image\" \/>\n<meta name=\"twitter:label1\" content=\"\u00c9crit par\" \/>\n\t<meta name=\"twitter:data1\" content=\"Philippe.Pierquin\" \/>\n\t<meta name=\"twitter:label2\" content=\"Dur\u00e9e de lecture estim\u00e9e\" \/>\n\t<meta name=\"twitter:data2\" content=\"2 minutes\" \/>\n<script type=\"application\/ld+json\" class=\"yoast-schema-graph\">{\"@context\":\"https:\/\/schema.org\",\"@graph\":[{\"@type\":\"WebPage\",\"@id\":\"https:\/\/w-l-c.be\/fr\/gandmonde\/\",\"url\":\"https:\/\/w-l-c.be\/fr\/gandmonde\/\",\"name\":\"Gand leur appartient - w-l-c\",\"isPartOf\":{\"@id\":\"https:\/\/w-l-c.be\/fr\/#website\"},\"datePublished\":\"2012-10-18T08:42:56+00:00\",\"dateModified\":\"2012-10-18T08:52:27+00:00\",\"author\":{\"@id\":\"https:\/\/w-l-c.be\/fr\/#\/schema\/person\/4b9b1d857f0943453a38a7c2859ef756\"},\"breadcrumb\":{\"@id\":\"https:\/\/w-l-c.be\/fr\/gandmonde\/#breadcrumb\"},\"inLanguage\":\"fr-FR\",\"potentialAction\":[{\"@type\":\"ReadAction\",\"target\":[\"https:\/\/w-l-c.be\/fr\/gandmonde\/\"]}]},{\"@type\":\"BreadcrumbList\",\"@id\":\"https:\/\/w-l-c.be\/fr\/gandmonde\/#breadcrumb\",\"itemListElement\":[{\"@type\":\"ListItem\",\"position\":1,\"name\":\"Accueil\",\"item\":\"https:\/\/w-l-c.be\/fr\/\"},{\"@type\":\"ListItem\",\"position\":2,\"name\":\"Gand leur appartient\"}]},{\"@type\":\"WebSite\",\"@id\":\"https:\/\/w-l-c.be\/fr\/#website\",\"url\":\"https:\/\/w-l-c.be\/fr\/\",\"name\":\"w-l-c\",\"description\":\"Le cin\u00e9ma vu par les belges\",\"potentialAction\":[{\"@type\":\"SearchAction\",\"target\":{\"@type\":\"EntryPoint\",\"urlTemplate\":\"https:\/\/w-l-c.be\/fr\/?s={search_term_string}\"},\"query-input\":\"required name=search_term_string\"}],\"inLanguage\":\"fr-FR\"},{\"@type\":\"Person\",\"@id\":\"https:\/\/w-l-c.be\/fr\/#\/schema\/person\/4b9b1d857f0943453a38a7c2859ef756\",\"name\":\"Philippe.Pierquin\",\"url\":\"https:\/\/w-l-c.be\/fr\/author\/philippe-pierquin\/\"}]}<\/script>\n<!-- \/ Yoast SEO plugin. -->","yoast_head_json":{"title":"Gand leur appartient - w-l-c","robots":{"index":"noindex","follow":"follow","max-snippet":"max-snippet:-1","max-image-preview":"max-image-preview:large","max-video-preview":"max-video-preview:-1"},"og_locale":"fr_FR","og_type":"article","og_title":"Gand leur appartient - w-l-c","og_description":"Le Monde nous appartient, deuxi\u00e8me long m\u00e9trage de Stephan Streker a \u00e9t\u00e9 pr\u00e9sent\u00e9 hier au 39e Film Festival Gent. Une avant-premi\u00e8re prestigieuse puisque Gand voulait absolument le film et que la production a d\u00fb op\u00e9rer un choix douloureux entre cette manifestation et le Festival International du Film Francophone de Namur o\u00f9 le film \u00e9tait attendu, &hellip;","og_url":"https:\/\/w-l-c.be\/fr\/gandmonde\/","og_site_name":"w-l-c","article_published_time":"2012-10-18T08:42:56+00:00","article_modified_time":"2012-10-18T08:52:27+00:00","og_image":[{"width":"960","height":"631","url":"https:\/\/w-l-c.be\/wp-content\/uploads\/2012\/10\/75095_282619645188463_379884866_n.jpg","type":"image\/jpeg"}],"author":"Philippe.Pierquin","twitter_card":"summary_large_image","twitter_misc":{"\u00c9crit par":"Philippe.Pierquin","Dur\u00e9e de lecture estim\u00e9e":"2 minutes"},"schema":{"@context":"https:\/\/schema.org","@graph":[{"@type":"WebPage","@id":"https:\/\/w-l-c.be\/fr\/gandmonde\/","url":"https:\/\/w-l-c.be\/fr\/gandmonde\/","name":"Gand leur appartient - w-l-c","isPartOf":{"@id":"https:\/\/w-l-c.be\/fr\/#website"},"datePublished":"2012-10-18T08:42:56+00:00","dateModified":"2012-10-18T08:52:27+00:00","author":{"@id":"https:\/\/w-l-c.be\/fr\/#\/schema\/person\/4b9b1d857f0943453a38a7c2859ef756"},"breadcrumb":{"@id":"https:\/\/w-l-c.be\/fr\/gandmonde\/#breadcrumb"},"inLanguage":"fr-FR","potentialAction":[{"@type":"ReadAction","target":["https:\/\/w-l-c.be\/fr\/gandmonde\/"]}]},{"@type":"BreadcrumbList","@id":"https:\/\/w-l-c.be\/fr\/gandmonde\/#breadcrumb","itemListElement":[{"@type":"ListItem","position":1,"name":"Accueil","item":"https:\/\/w-l-c.be\/fr\/"},{"@type":"ListItem","position":2,"name":"Gand leur appartient"}]},{"@type":"WebSite","@id":"https:\/\/w-l-c.be\/fr\/#website","url":"https:\/\/w-l-c.be\/fr\/","name":"w-l-c","description":"Le cin\u00e9ma vu par les belges","potentialAction":[{"@type":"SearchAction","target":{"@type":"EntryPoint","urlTemplate":"https:\/\/w-l-c.be\/fr\/?s={search_term_string}"},"query-input":"required name=search_term_string"}],"inLanguage":"fr-FR"},{"@type":"Person","@id":"https:\/\/w-l-c.be\/fr\/#\/schema\/person\/4b9b1d857f0943453a38a7c2859ef756","name":"Philippe.Pierquin","url":"https:\/\/w-l-c.be\/fr\/author\/philippe-pierquin\/"}]}},"_links":{"self":[{"href":"https:\/\/w-l-c.be\/fr\/wp-json\/wp\/v2\/posts\/30796","targetHints":{"allow":["GET"]}}],"collection":[{"href":"https:\/\/w-l-c.be\/fr\/wp-json\/wp\/v2\/posts"}],"about":[{"href":"https:\/\/w-l-c.be\/fr\/wp-json\/wp\/v2\/types\/post"}],"author":[{"embeddable":true,"href":"https:\/\/w-l-c.be\/fr\/wp-json\/wp\/v2\/users\/7"}],"replies":[{"embeddable":true,"href":"https:\/\/w-l-c.be\/fr\/wp-json\/wp\/v2\/comments?post=30796"}],"version-history":[{"count":0,"href":"https:\/\/w-l-c.be\/fr\/wp-json\/wp\/v2\/posts\/30796\/revisions"}],"wp:featuredmedia":[{"embeddable":true,"href":"https:\/\/w-l-c.be\/fr\/wp-json\/wp\/v2\/media\/30812"}],"wp:attachment":[{"href":"https:\/\/w-l-c.be\/fr\/wp-json\/wp\/v2\/media?parent=30796"}],"wp:term":[{"taxonomy":"category","embeddable":true,"href":"https:\/\/w-l-c.be\/fr\/wp-json\/wp\/v2\/categories?post=30796"},{"taxonomy":"post_tag","embeddable":true,"href":"https:\/\/w-l-c.be\/fr\/wp-json\/wp\/v2\/tags?post=30796"}],"curies":[{"name":"wp","href":"https:\/\/api.w.org\/{rel}","templated":true}]}}