
{"id":30858,"date":"2012-10-22T15:30:55","date_gmt":"2012-10-22T15:30:55","guid":{"rendered":"http:\/\/www.cinevox.be\/?p=30858"},"modified":"2013-06-11T13:04:15","modified_gmt":"2013-06-11T13:04:15","slug":"grand-ecran-cinevox-16","status":"publish","type":"post","link":"https:\/\/w-l-c.be\/fr\/grand-ecran-cinevox-16\/","title":{"rendered":"Cinevox #16 &#8211; Octobre 2012 &#8211; La Tendresse &#8211; Le Sac de Farine"},"content":{"rendered":"<p>Jusqu&rsquo;ici <strong>Marion H\u00e4nsel<\/strong> n&rsquo;avait jamais collabor\u00e9 avec <strong>Olivier Gourmet<\/strong>. Il fallait bien que l&rsquo;univers de ces deux personnalit\u00e9s se rejoignent un jour et c&rsquo;est chose faite avec <em>La Tendresse<\/em>, histoire d&rsquo;un couple divorc\u00e9 oblig\u00e9 de faire cause et route commune pour aller rechercher leur fils qui s&rsquo;est bless\u00e9 au ski. Un voyage qui ravivera des sentiments oubli\u00e9s. Plus vraiment de l&rsquo;amour, mais des liens n\u00e9anmoins forts et profonds. C&rsquo;est Olivier, lui-m\u00eame qui a conseill\u00e9 \u00e0 Marion, <strong>Marilyne Canto<\/strong> pour interpr\u00e9ter son ex-\u00e9pouse dans cette fiction. Les deux acteurs se connaissent et s&rsquo;appr\u00e9cient pour avoir travaill\u00e9 plusieurs fois ensemble. Tourn\u00e9 au printemps, le film sera distribu\u00e9 en 2013. Ce grand \u00e9cran est un premier avant-go\u00fbt.<\/p>\n<p>&nbsp;<\/p>\n<p>Premier long m\u00e9trage de l&rsquo;ex-com\u00e9dienne et directrice de casting <strong>Kadija Leclere<\/strong>, <em>le Sac de Farine <\/em>raconte le destin d&rsquo;une fillette d&rsquo;origine marocaine vivant dans un orphelinat \u00e0 Alzemberg. Un jour d\u00e9barque son p\u00e8re qu&rsquo;elle n&rsquo;a jamais vu&#8230;<br \/>\nLes deux actrices qui incarnent Sarah \u00e0 deux \u00e9poques de sa vie et la r\u00e9alisatrice vous explique le reste de l&rsquo;histoire de ce film qui r\u00e9unit aussi \u00e0 son g\u00e9n\u00e9rique le revenant <strong>Sma\u00efn Fairouze<\/strong> et un Li\u00e9geois extr\u00eamement brillant : <strong>Mehdi Dehbi<\/strong> que vous retrouverez bient\u00f4t dans nos director&rsquo;s cut.<\/p>\n<p>&nbsp;<\/p>\n<p>&nbsp;<\/p>\n<p>&nbsp;<\/p>\n","protected":false},"excerpt":{"rendered":"<p>Jusqu&rsquo;ici Marion H\u00e4nsel n&rsquo;avait jamais collabor\u00e9 avec Olivier Gourmet. Il fallait bien que l&rsquo;univers de ces deux personnalit\u00e9s se rejoignent un jour et c&rsquo;est chose faite avec La Tendresse, histoire d&rsquo;un couple divorc\u00e9 oblig\u00e9 de faire cause et route commune pour aller rechercher leur fils qui s&rsquo;est bless\u00e9 au ski. Un voyage qui ravivera des &hellip;<\/p>\n","protected":false},"author":7,"featured_media":30859,"comment_status":"closed","ping_status":"closed","sticky":false,"template":"","format":"standard","meta":{"ngg_post_thumbnail":0,"footnotes":""},"categories":[1886],"tags":[],"class_list":["post-30858","post","type-post","status-publish","format-standard","has-post-thumbnail","","category-cinevox"],"yoast_head":"<!-- This site is optimized with the Yoast SEO plugin v20.4 - https:\/\/yoast.com\/wordpress\/plugins\/seo\/ -->\n<title>Cinevox #16 - Octobre 2012 - La Tendresse - Le Sac de Farine - w-l-c<\/title>\n<meta name=\"robots\" content=\"noindex, follow, max-snippet:-1, max-image-preview:large, max-video-preview:-1\" \/>\n<meta property=\"og:locale\" content=\"fr_FR\" \/>\n<meta property=\"og:type\" content=\"article\" \/>\n<meta property=\"og:title\" content=\"Cinevox #16 - Octobre 2012 - La Tendresse - Le Sac de Farine - w-l-c\" \/>\n<meta property=\"og:description\" content=\"Jusqu&rsquo;ici Marion H\u00e4nsel n&rsquo;avait jamais collabor\u00e9 avec Olivier Gourmet. Il fallait bien que l&rsquo;univers de ces deux personnalit\u00e9s se rejoignent un jour et c&rsquo;est chose faite avec La Tendresse, histoire d&rsquo;un couple divorc\u00e9 oblig\u00e9 de faire cause et route commune pour aller rechercher leur fils qui s&rsquo;est bless\u00e9 au ski. Un voyage qui ravivera des &hellip;\" \/>\n<meta property=\"og:url\" content=\"https:\/\/w-l-c.be\/fr\/grand-ecran-cinevox-16\/\" \/>\n<meta property=\"og:site_name\" content=\"w-l-c\" \/>\n<meta property=\"article:published_time\" content=\"2012-10-22T15:30:55+00:00\" \/>\n<meta property=\"article:modified_time\" content=\"2013-06-11T13:04:15+00:00\" \/>\n<meta property=\"og:image\" content=\"https:\/\/w-l-c.be\/wp-content\/uploads\/2012\/10\/2012-10-20_15h23_12.jpg\" \/>\n\t<meta property=\"og:image:width\" content=\"793\" \/>\n\t<meta property=\"og:image:height\" content=\"427\" \/>\n\t<meta property=\"og:image:type\" content=\"image\/jpeg\" \/>\n<meta name=\"author\" content=\"Philippe.Pierquin\" \/>\n<meta name=\"twitter:card\" content=\"summary_large_image\" \/>\n<meta name=\"twitter:label1\" content=\"\u00c9crit par\" \/>\n\t<meta name=\"twitter:data1\" content=\"Philippe.Pierquin\" \/>\n\t<meta name=\"twitter:label2\" content=\"Dur\u00e9e de lecture estim\u00e9e\" \/>\n\t<meta name=\"twitter:data2\" content=\"1 minute\" \/>\n<script type=\"application\/ld+json\" class=\"yoast-schema-graph\">{\"@context\":\"https:\/\/schema.org\",\"@graph\":[{\"@type\":\"WebPage\",\"@id\":\"https:\/\/w-l-c.be\/fr\/grand-ecran-cinevox-16\/\",\"url\":\"https:\/\/w-l-c.be\/fr\/grand-ecran-cinevox-16\/\",\"name\":\"Cinevox #16 - Octobre 2012 - La Tendresse - Le Sac de Farine - w-l-c\",\"isPartOf\":{\"@id\":\"https:\/\/w-l-c.be\/fr\/#website\"},\"datePublished\":\"2012-10-22T15:30:55+00:00\",\"dateModified\":\"2013-06-11T13:04:15+00:00\",\"author\":{\"@id\":\"https:\/\/w-l-c.be\/fr\/#\/schema\/person\/4b9b1d857f0943453a38a7c2859ef756\"},\"breadcrumb\":{\"@id\":\"https:\/\/w-l-c.be\/fr\/grand-ecran-cinevox-16\/#breadcrumb\"},\"inLanguage\":\"fr-FR\",\"potentialAction\":[{\"@type\":\"ReadAction\",\"target\":[\"https:\/\/w-l-c.be\/fr\/grand-ecran-cinevox-16\/\"]}]},{\"@type\":\"BreadcrumbList\",\"@id\":\"https:\/\/w-l-c.be\/fr\/grand-ecran-cinevox-16\/#breadcrumb\",\"itemListElement\":[{\"@type\":\"ListItem\",\"position\":1,\"name\":\"Accueil\",\"item\":\"https:\/\/w-l-c.be\/fr\/\"},{\"@type\":\"ListItem\",\"position\":2,\"name\":\"Cinevox #16 &#8211; Octobre 2012 &#8211; La Tendresse &#8211; Le Sac de Farine\"}]},{\"@type\":\"WebSite\",\"@id\":\"https:\/\/w-l-c.be\/fr\/#website\",\"url\":\"https:\/\/w-l-c.be\/fr\/\",\"name\":\"w-l-c\",\"description\":\"Le cin\u00e9ma vu par les belges\",\"potentialAction\":[{\"@type\":\"SearchAction\",\"target\":{\"@type\":\"EntryPoint\",\"urlTemplate\":\"https:\/\/w-l-c.be\/fr\/?s={search_term_string}\"},\"query-input\":\"required name=search_term_string\"}],\"inLanguage\":\"fr-FR\"},{\"@type\":\"Person\",\"@id\":\"https:\/\/w-l-c.be\/fr\/#\/schema\/person\/4b9b1d857f0943453a38a7c2859ef756\",\"name\":\"Philippe.Pierquin\",\"url\":\"https:\/\/w-l-c.be\/fr\/author\/philippe-pierquin\/\"}]}<\/script>\n<!-- \/ Yoast SEO plugin. -->","yoast_head_json":{"title":"Cinevox #16 - Octobre 2012 - La Tendresse - Le Sac de Farine - w-l-c","robots":{"index":"noindex","follow":"follow","max-snippet":"max-snippet:-1","max-image-preview":"max-image-preview:large","max-video-preview":"max-video-preview:-1"},"og_locale":"fr_FR","og_type":"article","og_title":"Cinevox #16 - Octobre 2012 - La Tendresse - Le Sac de Farine - w-l-c","og_description":"Jusqu&rsquo;ici Marion H\u00e4nsel n&rsquo;avait jamais collabor\u00e9 avec Olivier Gourmet. Il fallait bien que l&rsquo;univers de ces deux personnalit\u00e9s se rejoignent un jour et c&rsquo;est chose faite avec La Tendresse, histoire d&rsquo;un couple divorc\u00e9 oblig\u00e9 de faire cause et route commune pour aller rechercher leur fils qui s&rsquo;est bless\u00e9 au ski. Un voyage qui ravivera des &hellip;","og_url":"https:\/\/w-l-c.be\/fr\/grand-ecran-cinevox-16\/","og_site_name":"w-l-c","article_published_time":"2012-10-22T15:30:55+00:00","article_modified_time":"2013-06-11T13:04:15+00:00","og_image":[{"width":"793","height":"427","url":"https:\/\/w-l-c.be\/wp-content\/uploads\/2012\/10\/2012-10-20_15h23_12.jpg","type":"image\/jpeg"}],"author":"Philippe.Pierquin","twitter_card":"summary_large_image","twitter_misc":{"\u00c9crit par":"Philippe.Pierquin","Dur\u00e9e de lecture estim\u00e9e":"1 minute"},"schema":{"@context":"https:\/\/schema.org","@graph":[{"@type":"WebPage","@id":"https:\/\/w-l-c.be\/fr\/grand-ecran-cinevox-16\/","url":"https:\/\/w-l-c.be\/fr\/grand-ecran-cinevox-16\/","name":"Cinevox #16 - Octobre 2012 - La Tendresse - Le Sac de Farine - w-l-c","isPartOf":{"@id":"https:\/\/w-l-c.be\/fr\/#website"},"datePublished":"2012-10-22T15:30:55+00:00","dateModified":"2013-06-11T13:04:15+00:00","author":{"@id":"https:\/\/w-l-c.be\/fr\/#\/schema\/person\/4b9b1d857f0943453a38a7c2859ef756"},"breadcrumb":{"@id":"https:\/\/w-l-c.be\/fr\/grand-ecran-cinevox-16\/#breadcrumb"},"inLanguage":"fr-FR","potentialAction":[{"@type":"ReadAction","target":["https:\/\/w-l-c.be\/fr\/grand-ecran-cinevox-16\/"]}]},{"@type":"BreadcrumbList","@id":"https:\/\/w-l-c.be\/fr\/grand-ecran-cinevox-16\/#breadcrumb","itemListElement":[{"@type":"ListItem","position":1,"name":"Accueil","item":"https:\/\/w-l-c.be\/fr\/"},{"@type":"ListItem","position":2,"name":"Cinevox #16 &#8211; Octobre 2012 &#8211; La Tendresse &#8211; Le Sac de Farine"}]},{"@type":"WebSite","@id":"https:\/\/w-l-c.be\/fr\/#website","url":"https:\/\/w-l-c.be\/fr\/","name":"w-l-c","description":"Le cin\u00e9ma vu par les belges","potentialAction":[{"@type":"SearchAction","target":{"@type":"EntryPoint","urlTemplate":"https:\/\/w-l-c.be\/fr\/?s={search_term_string}"},"query-input":"required name=search_term_string"}],"inLanguage":"fr-FR"},{"@type":"Person","@id":"https:\/\/w-l-c.be\/fr\/#\/schema\/person\/4b9b1d857f0943453a38a7c2859ef756","name":"Philippe.Pierquin","url":"https:\/\/w-l-c.be\/fr\/author\/philippe-pierquin\/"}]}},"_links":{"self":[{"href":"https:\/\/w-l-c.be\/fr\/wp-json\/wp\/v2\/posts\/30858","targetHints":{"allow":["GET"]}}],"collection":[{"href":"https:\/\/w-l-c.be\/fr\/wp-json\/wp\/v2\/posts"}],"about":[{"href":"https:\/\/w-l-c.be\/fr\/wp-json\/wp\/v2\/types\/post"}],"author":[{"embeddable":true,"href":"https:\/\/w-l-c.be\/fr\/wp-json\/wp\/v2\/users\/7"}],"replies":[{"embeddable":true,"href":"https:\/\/w-l-c.be\/fr\/wp-json\/wp\/v2\/comments?post=30858"}],"version-history":[{"count":0,"href":"https:\/\/w-l-c.be\/fr\/wp-json\/wp\/v2\/posts\/30858\/revisions"}],"wp:featuredmedia":[{"embeddable":true,"href":"https:\/\/w-l-c.be\/fr\/wp-json\/wp\/v2\/media\/30859"}],"wp:attachment":[{"href":"https:\/\/w-l-c.be\/fr\/wp-json\/wp\/v2\/media?parent=30858"}],"wp:term":[{"taxonomy":"category","embeddable":true,"href":"https:\/\/w-l-c.be\/fr\/wp-json\/wp\/v2\/categories?post=30858"},{"taxonomy":"post_tag","embeddable":true,"href":"https:\/\/w-l-c.be\/fr\/wp-json\/wp\/v2\/tags?post=30858"}],"curies":[{"name":"wp","href":"https:\/\/api.w.org\/{rel}","templated":true}]}}