
{"id":30942,"date":"2012-10-21T14:49:16","date_gmt":"2012-10-21T14:49:16","guid":{"rendered":"http:\/\/www.cinevox.be\/?p=30942"},"modified":"2012-10-25T05:49:01","modified_gmt":"2012-10-25T05:49:01","slug":"palmares-du-12e-fidec","status":"publish","type":"post","link":"https:\/\/w-l-c.be\/fr\/palmares-du-12e-fidec\/","title":{"rendered":"Palmar\u00e8s du 12e Fidec"},"content":{"rendered":"<p>Reflet de la diversit\u00e9, de la richesse et de la cr\u00e9ation cin\u00e9matographie actuelle, le FIDEC propose une s\u00e9lection de courts-m\u00e9trages d\u2019\u00e9coles. Sa programmation s\u2019adresse \u00e0 tous : les s\u00e9ances rassemblent des films souvent in\u00e9dits.<!--more--><\/p>\n<p><a rel=\"attachment wp-att-30945\" href=\"http:\/\/www.cinevox.be\/palmares-du-12e-fidec\/523015_405343869531678_1507889674_n\/\"><img loading=\"lazy\" decoding=\"async\" class=\"alignright size-medium wp-image-30945\" title=\"523015_405343869531678_1507889674_n\" src=\"http:\/\/www.cinevox.be\/wp-content\/uploads\/2012\/10\/523015_405343869531678_1507889674_n-180x270.jpg\" alt=\"\" width=\"180\" height=\"270\" srcset=\"https:\/\/w-l-c.be\/wp-content\/uploads\/2012\/10\/523015_405343869531678_1507889674_n-180x270.jpg 180w, https:\/\/w-l-c.be\/wp-content\/uploads\/2012\/10\/523015_405343869531678_1507889674_n-400x600.jpg 400w, https:\/\/w-l-c.be\/wp-content\/uploads\/2012\/10\/523015_405343869531678_1507889674_n.jpg 641w\" sizes=\"auto, (max-width: 180px) 100vw, 180px\" \/><\/a>Chaque ann\u00e9e, plus de 70 courts belges et \u00e9trangers y pr\u00e9sentent une nouvelle g\u00e9n\u00e9ration d\u2019artistes.<\/p>\n<p>&nbsp;<\/p>\n<p>\u00c0 la fois vitrine et laboratoire, le FIDEC invite tous les acteurs de la cr\u00e9ation cin\u00e9matographique : r\u00e9alisateurs, programmateurs de festivals, com\u00e9diens, repr\u00e9sentants d\u2019\u00e9coles, producteurs, \u00e9tudiants, techniciens\u2026 mais aussi cin\u00e9philes ! L\u2019ambiance est d\u00e9tendue : revendiquant sa dimension internationale, fier de sa section belge, le festival d\u00e9fend la proximit\u00e9 et la rencontre entre publics et professionnels.<\/p>\n<p>&nbsp;<\/p>\n<p>Avec ses comp\u00e9titions nationale et internationale, une vingtaine de pays et une trentaine d&rsquo;\u00e9coles repr\u00e9sent\u00e9s, un programme \u00ab culottes courtes \u00bb pour le jeune public, des s\u00e9ances scolaires, des cartes blanches, des expositions, des ateliers\u2026 le FIDEC c\u00e9l\u00e8bre le cin\u00e9ma d\u2019aujourd\u2019hui et de demain.<\/p>\n<p>&nbsp;<\/p>\n<p style=\"text-align: center;\"><a rel=\"attachment wp-att-30944\" href=\"http:\/\/www.cinevox.be\/palmares-du-12e-fidec\/552420_405613809504684_1190277226_n\/\"><img loading=\"lazy\" decoding=\"async\" class=\"size-full wp-image-30944 aligncenter\" title=\"552420_405613809504684_1190277226_n\" src=\"http:\/\/www.cinevox.be\/wp-content\/uploads\/2012\/10\/552420_405613809504684_1190277226_n.jpg\" alt=\"\" width=\"960\" height=\"640\" srcset=\"https:\/\/w-l-c.be\/wp-content\/uploads\/2012\/10\/552420_405613809504684_1190277226_n.jpg 960w, https:\/\/w-l-c.be\/wp-content\/uploads\/2012\/10\/552420_405613809504684_1190277226_n-405x270.jpg 405w, https:\/\/w-l-c.be\/wp-content\/uploads\/2012\/10\/552420_405613809504684_1190277226_n-800x533.jpg 800w\" sizes=\"auto, (max-width: 960px) 100vw, 960px\" \/><\/a><\/p>\n<p style=\"text-align: right;\"><em>Shanti Rouch,\u00a0Tom Van Avermaet (Mort d&rsquo;Une Ombre),\u00a0Delphine Tomson et\u00a0Pascal Hologne.<\/em><\/p>\n<p>&nbsp;<\/p>\n<p>La 12e \u00e9dition de ce Festival International des Ecoles de Cin\u00e9ma, s&rsquo;est termin\u00e9e ce dimanche au Centre culturel de Huy.<\/p>\n<p>&nbsp;<\/p>\n<p>En voici le palmar\u00e8s<\/p>\n<p>&nbsp;<\/p>\n<p>Prix du public<\/p>\n<p>VIE DE R\u00caVE EN PROMOTION<\/p>\n<p>De Ellen Salom\u00e9, Kevin Dupont, Alicia Keppenne \u2022 IAD \u2022 Belgique<\/p>\n<p>&nbsp;<\/p>\n<p>Prix du Soroptimist<\/p>\n<p>GUEST<\/p>\n<p>De Ga Eun Yoon \u2022 KNUA \u2022 Cor\u00e9e<\/p>\n<p>&nbsp;<\/p>\n<p>Prix de La Trois<\/p>\n<p>Prix \u00e9quivalent \u00e0 l\u2019achat des droits de diffusion sur La Trois.<\/p>\n<p>RAE<\/p>\n<p>De Emmanuelle Nicot \u2022 IAD \u2022 Belgique<\/p>\n<p>&nbsp;<\/p>\n<p>Prix Queer<\/p>\n<p>Pr\u00e9sentation du film laur\u00e9at lors du Pink Screens Film Festival et cours de cin\u00e9ma au choix parmi ceux<\/p>\n<p>proposes par Raindance International.<\/p>\n<p>SI J\u2019\u00c9TAIS UN HOMME<\/p>\n<p>De Margot Reumont \u2022 La Cambre \u2022 Belgique<\/p>\n<p>&nbsp;<\/p>\n<p><a rel=\"attachment wp-att-30946\" href=\"http:\/\/www.cinevox.be\/palmares-du-12e-fidec\/404721_404477329618332_616655202_n\/\"><img loading=\"lazy\" decoding=\"async\" class=\"aligncenter size-full wp-image-30946\" title=\"404721_404477329618332_616655202_n\" src=\"http:\/\/www.cinevox.be\/wp-content\/uploads\/2012\/10\/404721_404477329618332_616655202_n.jpg\" alt=\"\" width=\"960\" height=\"640\" srcset=\"https:\/\/w-l-c.be\/wp-content\/uploads\/2012\/10\/404721_404477329618332_616655202_n.jpg 960w, https:\/\/w-l-c.be\/wp-content\/uploads\/2012\/10\/404721_404477329618332_616655202_n-405x270.jpg 405w, https:\/\/w-l-c.be\/wp-content\/uploads\/2012\/10\/404721_404477329618332_616655202_n-800x533.jpg 800w\" sizes=\"auto, (max-width: 960px) 100vw, 960px\" \/><\/a><\/p>\n<p>&nbsp;<\/p>\n<p>Mention \u00e0<\/p>\n<p>WER ICH GL\u00dcCKLICH BIN<\/p>\n<p>De Maria Pavlidou \u2022 IFS \u2022 Allemagne<\/p>\n<p>&nbsp;<\/p>\n<p>Prix National du Jury Jeune<\/p>\n<p>ATOMES<\/p>\n<p>Arnaud Dufeys \u2022 IAD \u2022 Belgique<\/p>\n<p>&nbsp;<\/p>\n<p>Mention \u00e0<\/p>\n<p>VIE DE R\u00caVE EN PROMOTION<\/p>\n<p>De Ellen Salom\u00e9, Kevin Dupont, Alicia Keppenne \u2022 IAD \u2022 Belgique<\/p>\n<p>&nbsp;<\/p>\n<p>Prix International du Jury Jeune<\/p>\n<p>TUBA ATLANTIC<\/p>\n<p>De Hallvar Witzo \u2022 The Norvegian Film School \u2022 Norv\u00e8ge<\/p>\n<p>&nbsp;<\/p>\n<p>Mention \u00e0<\/p>\n<p>GUEST<\/p>\n<p>De Ga Eun Yoon \u2022 KNUA \u2022 Cor\u00e9e<\/p>\n<p>&nbsp;<\/p>\n<p>COMPETITION INTERNATIONALE<\/p>\n<p>Grand Prix International \u2013 Prix Roger Closset<\/p>\n<p>TERRA<\/p>\n<p>De Piero Messina \u2022 Centro Sperimentale de Cinematografia \u2022 Italie<\/p>\n<p>&nbsp;<\/p>\n<p>BON VOYAGE<\/p>\n<p>De Fabio Friedli \u2022 HSLU \u2022 Suisse<\/p>\n<p>&nbsp;<\/p>\n<p>Mention \u00e0<\/p>\n<p>BODY BUILDING<\/p>\n<p>De Gabriel Fortin \u2022 Universit\u00e9 du Qu\u00e9bec \u00e0 Chicoutimi \u2022 Canada<\/p>\n<p>&nbsp;<\/p>\n<p>COMPETITION NATIONALE<\/p>\n<p>Prix Sabam<\/p>\n<p>Prix d\u2019une valeur de 1000 \u20ac en esp\u00e8ces offert par la Sabam.<\/p>\n<p>&nbsp;<\/p>\n<p>VIE DE R\u00caVE EN PROMOTION<\/p>\n<p>De Ellen Salom\u00e9, Kevin Dupont, Alicia Keppenne \u2022 IAD \u2022 Belgique<\/p>\n<p>Le Prix de la F\u00e9d\u00e9ration Wallonie-Bruxelles<\/p>\n<p>Prix d\u2019une valeur de1250 \u20ac en esp\u00e8ces offerts \u00e0 un r\u00e9alisateur francophone par la F\u00e9d\u00e9ration<\/p>\n<p>Wallonie-Bruxelles.<\/p>\n<p>RAE<\/p>\n<p>De Emmanuelle Nicot \u2022 IAD \u2022 Belgique<\/p>\n<p>&nbsp;<\/p>\n<p>Le Grand Prix National<\/p>\n<p>Une bourse au rep\u00e9rage en Province de Li\u00e8ge, Namur ou Luxembourg d\u2019une valeur de 2000 \u20ac<\/p>\n<p>offerte par CLAP!<\/p>\n<p>TRISTESSE ANIMAL SAUVAGE<\/p>\n<p>De Florian Berutti \u2022 INSAS \u2022 Belgique<\/p>\n<p>&nbsp;<\/p>\n<p>Mention \u00e0<\/p>\n<p>la comedienne Janice Vercaempst dans SWIMSUIT 46<\/p>\n<p>De Wannes De Stoop \u2022 KASK \u2022 Belgique<\/p>\n<p>&nbsp;<\/p>\n<p>N&rsquo;h\u00e9sitez pas \u00e0 visiter la <a href=\"https:\/\/www.facebook.com\/Fidec.be\">page facebook du FIDEC<\/a> pour d\u00e9couvrir des images de cette \u00e9dition<\/p>\n<p>&nbsp;<\/p>\n<p>&nbsp;<\/p>\n","protected":false},"excerpt":{"rendered":"<p>Reflet de la diversit\u00e9, de la richesse et de la cr\u00e9ation cin\u00e9matographie actuelle, le FIDEC propose une s\u00e9lection de courts-m\u00e9trages d\u2019\u00e9coles. Sa programmation s\u2019adresse \u00e0 tous : les s\u00e9ances rassemblent des films souvent in\u00e9dits.<\/p>\n","protected":false},"author":7,"featured_media":30948,"comment_status":"closed","ping_status":"closed","sticky":false,"template":"","format":"standard","meta":{"ngg_post_thumbnail":0,"footnotes":""},"categories":[12],"tags":[],"class_list":["post-30942","post","type-post","status-publish","format-standard","has-post-thumbnail","","category-awards"],"yoast_head":"<!-- This site is optimized with the Yoast SEO plugin v20.4 - https:\/\/yoast.com\/wordpress\/plugins\/seo\/ -->\n<title>Palmar\u00e8s du 12e Fidec - w-l-c<\/title>\n<meta name=\"robots\" content=\"noindex, follow, max-snippet:-1, max-image-preview:large, max-video-preview:-1\" \/>\n<meta property=\"og:locale\" content=\"fr_FR\" \/>\n<meta property=\"og:type\" content=\"article\" \/>\n<meta property=\"og:title\" content=\"Palmar\u00e8s du 12e Fidec - w-l-c\" \/>\n<meta property=\"og:description\" content=\"Reflet de la diversit\u00e9, de la richesse et de la cr\u00e9ation cin\u00e9matographie actuelle, le FIDEC propose une s\u00e9lection de courts-m\u00e9trages d\u2019\u00e9coles. Sa programmation s\u2019adresse \u00e0 tous : les s\u00e9ances rassemblent des films souvent in\u00e9dits.\" \/>\n<meta property=\"og:url\" content=\"https:\/\/w-l-c.be\/fr\/palmares-du-12e-fidec\/\" \/>\n<meta property=\"og:site_name\" content=\"w-l-c\" \/>\n<meta property=\"article:published_time\" content=\"2012-10-21T14:49:16+00:00\" \/>\n<meta property=\"article:modified_time\" content=\"2012-10-25T05:49:01+00:00\" \/>\n<meta property=\"og:image\" content=\"https:\/\/w-l-c.be\/wp-content\/uploads\/2012\/10\/155581_403700899695975_376276346_n.jpg\" \/>\n\t<meta property=\"og:image:width\" content=\"960\" \/>\n\t<meta property=\"og:image:height\" content=\"640\" \/>\n\t<meta property=\"og:image:type\" content=\"image\/jpeg\" \/>\n<meta name=\"author\" content=\"Philippe.Pierquin\" \/>\n<meta name=\"twitter:card\" content=\"summary_large_image\" \/>\n<meta name=\"twitter:label1\" content=\"\u00c9crit par\" \/>\n\t<meta name=\"twitter:data1\" content=\"Philippe.Pierquin\" \/>\n\t<meta name=\"twitter:label2\" content=\"Dur\u00e9e de lecture estim\u00e9e\" \/>\n\t<meta name=\"twitter:data2\" content=\"3 minutes\" \/>\n<script type=\"application\/ld+json\" class=\"yoast-schema-graph\">{\"@context\":\"https:\/\/schema.org\",\"@graph\":[{\"@type\":\"WebPage\",\"@id\":\"https:\/\/w-l-c.be\/fr\/palmares-du-12e-fidec\/\",\"url\":\"https:\/\/w-l-c.be\/fr\/palmares-du-12e-fidec\/\",\"name\":\"Palmar\u00e8s du 12e Fidec - w-l-c\",\"isPartOf\":{\"@id\":\"https:\/\/w-l-c.be\/fr\/#website\"},\"datePublished\":\"2012-10-21T14:49:16+00:00\",\"dateModified\":\"2012-10-25T05:49:01+00:00\",\"author\":{\"@id\":\"https:\/\/w-l-c.be\/fr\/#\/schema\/person\/4b9b1d857f0943453a38a7c2859ef756\"},\"breadcrumb\":{\"@id\":\"https:\/\/w-l-c.be\/fr\/palmares-du-12e-fidec\/#breadcrumb\"},\"inLanguage\":\"fr-FR\",\"potentialAction\":[{\"@type\":\"ReadAction\",\"target\":[\"https:\/\/w-l-c.be\/fr\/palmares-du-12e-fidec\/\"]}]},{\"@type\":\"BreadcrumbList\",\"@id\":\"https:\/\/w-l-c.be\/fr\/palmares-du-12e-fidec\/#breadcrumb\",\"itemListElement\":[{\"@type\":\"ListItem\",\"position\":1,\"name\":\"Accueil\",\"item\":\"https:\/\/w-l-c.be\/fr\/\"},{\"@type\":\"ListItem\",\"position\":2,\"name\":\"Palmar\u00e8s du 12e Fidec\"}]},{\"@type\":\"WebSite\",\"@id\":\"https:\/\/w-l-c.be\/fr\/#website\",\"url\":\"https:\/\/w-l-c.be\/fr\/\",\"name\":\"w-l-c\",\"description\":\"Le cin\u00e9ma vu par les belges\",\"potentialAction\":[{\"@type\":\"SearchAction\",\"target\":{\"@type\":\"EntryPoint\",\"urlTemplate\":\"https:\/\/w-l-c.be\/fr\/?s={search_term_string}\"},\"query-input\":\"required name=search_term_string\"}],\"inLanguage\":\"fr-FR\"},{\"@type\":\"Person\",\"@id\":\"https:\/\/w-l-c.be\/fr\/#\/schema\/person\/4b9b1d857f0943453a38a7c2859ef756\",\"name\":\"Philippe.Pierquin\",\"url\":\"https:\/\/w-l-c.be\/fr\/author\/philippe-pierquin\/\"}]}<\/script>\n<!-- \/ Yoast SEO plugin. -->","yoast_head_json":{"title":"Palmar\u00e8s du 12e Fidec - w-l-c","robots":{"index":"noindex","follow":"follow","max-snippet":"max-snippet:-1","max-image-preview":"max-image-preview:large","max-video-preview":"max-video-preview:-1"},"og_locale":"fr_FR","og_type":"article","og_title":"Palmar\u00e8s du 12e Fidec - w-l-c","og_description":"Reflet de la diversit\u00e9, de la richesse et de la cr\u00e9ation cin\u00e9matographie actuelle, le FIDEC propose une s\u00e9lection de courts-m\u00e9trages d\u2019\u00e9coles. Sa programmation s\u2019adresse \u00e0 tous : les s\u00e9ances rassemblent des films souvent in\u00e9dits.","og_url":"https:\/\/w-l-c.be\/fr\/palmares-du-12e-fidec\/","og_site_name":"w-l-c","article_published_time":"2012-10-21T14:49:16+00:00","article_modified_time":"2012-10-25T05:49:01+00:00","og_image":[{"width":"960","height":"640","url":"https:\/\/w-l-c.be\/wp-content\/uploads\/2012\/10\/155581_403700899695975_376276346_n.jpg","type":"image\/jpeg"}],"author":"Philippe.Pierquin","twitter_card":"summary_large_image","twitter_misc":{"\u00c9crit par":"Philippe.Pierquin","Dur\u00e9e de lecture estim\u00e9e":"3 minutes"},"schema":{"@context":"https:\/\/schema.org","@graph":[{"@type":"WebPage","@id":"https:\/\/w-l-c.be\/fr\/palmares-du-12e-fidec\/","url":"https:\/\/w-l-c.be\/fr\/palmares-du-12e-fidec\/","name":"Palmar\u00e8s du 12e Fidec - w-l-c","isPartOf":{"@id":"https:\/\/w-l-c.be\/fr\/#website"},"datePublished":"2012-10-21T14:49:16+00:00","dateModified":"2012-10-25T05:49:01+00:00","author":{"@id":"https:\/\/w-l-c.be\/fr\/#\/schema\/person\/4b9b1d857f0943453a38a7c2859ef756"},"breadcrumb":{"@id":"https:\/\/w-l-c.be\/fr\/palmares-du-12e-fidec\/#breadcrumb"},"inLanguage":"fr-FR","potentialAction":[{"@type":"ReadAction","target":["https:\/\/w-l-c.be\/fr\/palmares-du-12e-fidec\/"]}]},{"@type":"BreadcrumbList","@id":"https:\/\/w-l-c.be\/fr\/palmares-du-12e-fidec\/#breadcrumb","itemListElement":[{"@type":"ListItem","position":1,"name":"Accueil","item":"https:\/\/w-l-c.be\/fr\/"},{"@type":"ListItem","position":2,"name":"Palmar\u00e8s du 12e Fidec"}]},{"@type":"WebSite","@id":"https:\/\/w-l-c.be\/fr\/#website","url":"https:\/\/w-l-c.be\/fr\/","name":"w-l-c","description":"Le cin\u00e9ma vu par les belges","potentialAction":[{"@type":"SearchAction","target":{"@type":"EntryPoint","urlTemplate":"https:\/\/w-l-c.be\/fr\/?s={search_term_string}"},"query-input":"required name=search_term_string"}],"inLanguage":"fr-FR"},{"@type":"Person","@id":"https:\/\/w-l-c.be\/fr\/#\/schema\/person\/4b9b1d857f0943453a38a7c2859ef756","name":"Philippe.Pierquin","url":"https:\/\/w-l-c.be\/fr\/author\/philippe-pierquin\/"}]}},"_links":{"self":[{"href":"https:\/\/w-l-c.be\/fr\/wp-json\/wp\/v2\/posts\/30942","targetHints":{"allow":["GET"]}}],"collection":[{"href":"https:\/\/w-l-c.be\/fr\/wp-json\/wp\/v2\/posts"}],"about":[{"href":"https:\/\/w-l-c.be\/fr\/wp-json\/wp\/v2\/types\/post"}],"author":[{"embeddable":true,"href":"https:\/\/w-l-c.be\/fr\/wp-json\/wp\/v2\/users\/7"}],"replies":[{"embeddable":true,"href":"https:\/\/w-l-c.be\/fr\/wp-json\/wp\/v2\/comments?post=30942"}],"version-history":[{"count":0,"href":"https:\/\/w-l-c.be\/fr\/wp-json\/wp\/v2\/posts\/30942\/revisions"}],"wp:featuredmedia":[{"embeddable":true,"href":"https:\/\/w-l-c.be\/fr\/wp-json\/wp\/v2\/media\/30948"}],"wp:attachment":[{"href":"https:\/\/w-l-c.be\/fr\/wp-json\/wp\/v2\/media?parent=30942"}],"wp:term":[{"taxonomy":"category","embeddable":true,"href":"https:\/\/w-l-c.be\/fr\/wp-json\/wp\/v2\/categories?post=30942"},{"taxonomy":"post_tag","embeddable":true,"href":"https:\/\/w-l-c.be\/fr\/wp-json\/wp\/v2\/tags?post=30942"}],"curies":[{"name":"wp","href":"https:\/\/api.w.org\/{rel}","templated":true}]}}