
{"id":31014,"date":"2012-10-26T05:55:55","date_gmt":"2012-10-26T05:55:55","guid":{"rendered":"http:\/\/www.cinevox.be\/?p=31014"},"modified":"2012-10-24T09:31:49","modified_gmt":"2012-10-24T09:31:49","slug":"fred-fonteyne-tango-damours","status":"publish","type":"post","link":"https:\/\/w-l-c.be\/fr\/fred-fonteyne-tango-damours\/","title":{"rendered":"Fred Fonteyne : Tango d&rsquo;amours"},"content":{"rendered":"<p>Apr\u00e8s des \u00e9tudes de r\u00e9alisation \u00e0 l\u2019IAD, Fr\u00e9d\u00e9ric Fonteyne r\u00e9alise plusieurs courts-m\u00e9trages prim\u00e9s dans de nombreux festivals\u00a0:<em> Bon anniversaire Sergent Bob (1988), Les Vloems (1989), La Modestie (1991) et Bob le d\u00e9plorable (1993).<\/em><\/p>\n<p>&nbsp;<\/p>\n<p>Son premier long-m\u00e9trage <em>Max et Bobo <\/em>(1997)<strong> <\/strong>r\u00e9unit<strong> Jan Hammenecker<\/strong> et <strong>Alfredo Pea,<\/strong> et obtient entre autres le grand prix du festival de Mannheim-Heidelberg. Son deuxi\u00e8me long-m\u00e9trage <em>Une liaison pornographique (<\/em>1999)<strong> <\/strong>avec <strong>Nathalie Baye<\/strong> et <strong>Sergi Lopez<\/strong> est projet\u00e9 \u00e0 la Mostra de Venise o\u00f9 Nathalie Baye obtient le prix d\u2019interpr\u00e9tation f\u00e9minine. Pour son troisi\u00e8me film, il adapte le roman de Madeleine Bourdouxhe, <em>La femme de Gilles<\/em> (2004)<strong> <\/strong>avec <strong>Emmanuelle Devos, Clovis Cornillac et Laura Smet, <\/strong>\u00e9galement projet\u00e9 \u00e0 la Mostra de Venise o\u00f9 il obtient le prix art et essai. Son quatri\u00e8me long-m\u00e9trage <em>Tango Libre<\/em> r\u00e9unit <strong>Fran\u00e7ois Damiens, Sergi Lopez, Jan Hammenecker <\/strong>et <strong>Anne Paulicevich<\/strong>.<\/p>\n<p><!--more--><\/p>\n<p>&nbsp;<\/p>\n<p>&nbsp;<\/p>\n<p><strong>Quel est le sujet de ce film?<\/strong><br \/>\n&nbsp;<br \/>\n<iframe loading=\"lazy\" width=\"640\" height=\"360\" src=\"http:\/\/www.youtube.com\/embed\/T1ISBGBG_tk\" frameborder=\"0\" allowfullscreen><\/iframe><br \/>\n&nbsp;<\/p>\n<p><strong>Comment est venue l\u2019id\u00e9e du film?<\/strong><\/p>\n<p>&nbsp;<\/p>\n<p>Comme toujours, un m\u00e9lange de beaucoup de choses. L\u2019envie de refaire un film avec Sergi et Jan. L\u2019envie de travailler avec Fran\u00e7ois Damiens. L\u2019id\u00e9e qu\u2019en Argentine, les hommes dansaient entre eux pour s\u2019entra\u00eener avant d\u2019aller au bal. Avant d\u2019oser inviter une femme. L\u2019envie d\u2019utiliser l\u2019univers de la prison comme une m\u00e9taphore ou une all\u00e9gorie. L\u2019id\u00e9e qu\u2019\u00e0 partir du moment o\u00f9 on glisse un petit doigt dans les liens d\u2019amour, on est foutu, \u00e7a nous entra\u00eene plus loin que l\u00e0 o\u00f9 on voulait aller, mais qu\u2019au final, \u00e7a nous lib\u00e8re. Une libert\u00e9 paradoxale, dangereuse, mais la seule qui vaille.<\/p>\n<p>&nbsp;<\/p>\n<p><strong>Vous portez un vrai regard sur les femmes. Apr\u00e8s Nathalie Baye et Laura Smet, vous d\u00e9couvrez Anne Paulicevich.<\/strong><\/p>\n<p>&nbsp;<\/p>\n<p>Je vis avec Anne, on a cr\u00e9\u00e9 le personnage d\u2019Alice ensemble. Je ne comprends rien aux femmes, c\u2019est pour cela que je les filme. Les femmes que je filme n\u2019existeraient pas sans les hommes qui leur font face. Ici, j\u2019ai augment\u00e9 la dose. Anne Paulicevich est face \u00e0 quatre hommes. Quatre types d\u2019hommes. Elle les aime tous les quatre. D\u2019une mani\u00e8re particuli\u00e8re. Et \u00e0 certains moments du film, en m\u00eame temps. Ce n\u2019est pas simple. Quelle femme\u00a0!<\/p>\n<p>&nbsp;<br \/>\n<strong>Anne est \u00e0 la fois au centre du r\u00e9cit mais \u00e9galement de l\u2019\u00e9criture, comment s\u2019est d\u00e9roul\u00e9 la collaboration avec elle ?<\/strong><\/p>\n<p>&nbsp;<\/p>\n<p>C\u2019\u00e9tait un vrai travail et un tr\u00e8s long processus. Elle travaillait avec Philippe Blasband. On a r\u00eav\u00e9 ce film ensemble. Mais aussi, d\u00e8s le d\u00e9part, avec ceux qu\u2019on voulait mettre dedans. Sans eux, ce film n\u2019aurait jamais exist\u00e9. Le fait d\u2019avancer sur le fil de l\u2019\u00e9tranget\u00e9 de cette histoire. Ce n\u2019est pas une histoire r\u00e9aliste et, pourtant, elle exprime pour moi une v\u00e9rit\u00e9 sur ce que nous sommes. Des \u00eatres qui d\u00e9passent tout r\u00e9alisme.<\/p>\n<p>&nbsp;<\/p>\n<p><a href=\"http:\/\/www.cinevox.be\/fred-fonteyne-tango-damours\/tangolibre02%c2%a9muller-artemis-samsa-lc\/\" rel=\"attachment wp-att-31030\"><img loading=\"lazy\" decoding=\"async\" src=\"http:\/\/www.cinevox.be\/wp-content\/uploads\/2012\/10\/TANGOLIBRE02\u00a9Muller-Artemis-Samsa-LC.jpg\" alt=\"\" title=\"TANGOLIBRE02\u00a9Muller-Artemis-Samsa-LC\" width=\"1280\" height=\"720\" class=\"aligncenter size-full wp-image-31030\" srcset=\"https:\/\/w-l-c.be\/wp-content\/uploads\/2012\/10\/TANGOLIBRE02\u00a9Muller-Artemis-Samsa-LC.jpg 1280w, https:\/\/w-l-c.be\/wp-content\/uploads\/2012\/10\/TANGOLIBRE02\u00a9Muller-Artemis-Samsa-LC-200x113.jpg 200w, https:\/\/w-l-c.be\/wp-content\/uploads\/2012\/10\/TANGOLIBRE02\u00a9Muller-Artemis-Samsa-LC-480x270.jpg 480w, https:\/\/w-l-c.be\/wp-content\/uploads\/2012\/10\/TANGOLIBRE02\u00a9Muller-Artemis-Samsa-LC-800x450.jpg 800w, https:\/\/w-l-c.be\/wp-content\/uploads\/2012\/10\/TANGOLIBRE02\u00a9Muller-Artemis-Samsa-LC-300x169.jpg 300w, https:\/\/w-l-c.be\/wp-content\/uploads\/2012\/10\/TANGOLIBRE02\u00a9Muller-Artemis-Samsa-LC-620x350.jpg 620w\" sizes=\"auto, (max-width: 1280px) 100vw, 1280px\" \/><\/a><\/p>\n<p>&nbsp;<br \/>\n<strong>Comment avez-vous choisi les acteurs ?<\/strong><\/p>\n<p>&nbsp;<\/p>\n<p>Pour les r\u00f4les principaux, il n\u2019y a pas eu de casting car le sc\u00e9nario avait \u00e9t\u00e9 \u00e9crit pour ces acteurs-l\u00e0. D\u00e8s le d\u00e9part, je savais que, soit le film se faisait avec eux, soit, si un seul manquait, le film n\u2019avait plus d\u2019int\u00e9r\u00eat pour moi. La fragilit\u00e9 du film repose sur la particularit\u00e9 de chacun d\u2019entre eux. Retravailler avec Jan et Sergi, on peut parler d\u2019esprit de famille. C\u2019est aussi compliqu\u00e9 qu\u2019une famille d\u2019ailleurs. Vous imaginez, vous, tourner un film avec votre famille\u00a0? C\u2019est quasi impossible. C\u2019est ce qu\u2019on a fait. Et pour le r\u00f4le du gamin Antonio, gr\u00e2ce \u00e0 Bouli, j\u2019ai rencontr\u00e9 Zacharie. Pas de casting non plus, c\u2019\u00e9tait lui. Il venait d\u2019entrer dans la famille.<br \/>\n&nbsp;<\/p>\n<p><strong>Vous n&rsquo;aviez jamais tourn\u00e9 avec Fran\u00e7ois Damiens. Pourquoi cette envie?<\/strong><br \/>\n&nbsp;<br \/>\n&nbsp;<br \/>\n<iframe loading=\"lazy\" width=\"640\" height=\"360\" src=\"http:\/\/www.youtube.com\/embed\/r-L9BFJFFWQ\" frameborder=\"0\" allowfullscreen><\/iframe><br \/>\n&nbsp;<br \/>\n&nbsp;<\/p>\n<p><strong>Et l&rsquo;\u00e9quipe technique, elle ressemble \u00e0 une dream team, non?<\/strong><br \/>\n&nbsp;<br \/>\n&nbsp;<br \/>\n<iframe loading=\"lazy\" width=\"640\" height=\"360\" src=\"http:\/\/www.youtube.com\/embed\/MpWy099AN_M\" frameborder=\"0\" allowfullscreen><\/iframe><br \/>\n&nbsp;<br \/>\n&nbsp;<\/p>\n<p><strong>Vous approchez le tango comme une m\u00e9taphore de l\u2019amour ?<\/strong><br \/>\n&nbsp;<\/p>\n<p>Oui. Enfin, le tango est un univers complexe. On ne peut pas en faire le tour facilement, c\u2019est bien pour \u00e7a que, pour moi, c\u2019est plus qu\u2019une danse. C\u2019est proche du cin\u00e9ma. Voir un homme et une femme qui dansent le tango, \u00e7a r\u00e9v\u00e8le quelque chose sur cet homme et cette femme. Quel que soit leur niveau. Quelque chose qu\u2019on ne pouvait pas voir sans la danse.<\/p>\n<p>&nbsp;<\/p>\n<p><strong>Parlez-nous de votre rencontre avec Chicho, et du travail avec les danseurs de tango.<\/strong><\/p>\n<p>&nbsp;<\/p>\n<p>Anne Paulicevich connaissait Chicho et Pablo, elle les avait c\u00f4toy\u00e9s bien avant le film. Le film est n\u00e9 aussi \u00e0 partir d\u2019eux et ne pouvait se faire sans eux. Les sc\u00e8nes de tango ont \u00e9t\u00e9 construites avec eux et pour eux. L\u00e0 aussi, si l\u2019un des deux me faisait faux bond, le film tombait \u00e0 l\u2019eau. Le film est construit sur un \u00e9quilibre fragile. Et il fallait que tous ses \u00e9l\u00e9ments soient l\u00e0. Ce n\u2019est\u00a0 pas un film sur le tango, pourtant l\u2019histoire m\u00eame du film ressemble aux chansons qu\u2019on entend dans les milongas. Des histoires de petits malfrats, le fait qu\u2019une femme se retrouve au milieu de plusieurs hommes. L\u2019exclusivit\u00e9, l\u2019amour, la rivalit\u00e9 entre hommes. L\u2019homosexualit\u00e9 latente. Comment les liens d\u2019amours nous d\u00e9passent.<\/p>\n<p>&nbsp;<br \/>\n<strong>Si l\u2019essentiel du r\u00e9cit se d\u00e9roule en prison, le film d\u00e9gage pourtant une joie de vivre. C\u2019\u00e9tait un parti-pris ?<\/strong><\/p>\n<p>&nbsp;<\/p>\n<p>Pour moi, c\u2019est un film qui lib\u00e8re. Je ne sais pas s\u2019il y a de la joie de vivre. En tous les cas, il y a de l\u2019amour. Et, pour ne pas s\u2019effondrer, les personnages s\u2019efforcent de rester en vie, plus qu\u2019en vie. Ils luttent en \u00e9tant vivants. Et \u00eatre vivant dans une situation impossible, \u00e7a demande une source d\u2019\u00e9nergie et d\u2019amour exceptionnelle, presque folle. Il y a de la folie dans ce film. Il n\u2019est pas rationnel. A priori, ces personnages sont fous ou stupides. En fait, certainement les deux, car l\u2019amour rend fou et stupide. Mais cette folie finit par les lib\u00e9rer, d\u2019une mani\u00e8re qu\u2019ils n\u2019auraient jamais imagin\u00e9e, par les liens d\u2019amours qui rebondissent des uns sur les autres.<\/p>\n<p>&nbsp;<br \/>\n<a href=\"http:\/\/www.cinevox.be\/fred-fonteyne-tango-damours\/tangolibre09%c2%a9muller-artemis-samsa_lc\/\" rel=\"attachment wp-att-31034\"><img loading=\"lazy\" decoding=\"async\" src=\"http:\/\/www.cinevox.be\/wp-content\/uploads\/2012\/10\/TANGOLIBRE09\u00a9Muller-Artemis-Samsa_LC.jpg\" alt=\"\" title=\"TANGOLIBRE09\u00a9Muller-Artemis-Samsa_LC\" width=\"1280\" height=\"720\" class=\"aligncenter size-full wp-image-31034\" srcset=\"https:\/\/w-l-c.be\/wp-content\/uploads\/2012\/10\/TANGOLIBRE09\u00a9Muller-Artemis-Samsa_LC.jpg 1280w, https:\/\/w-l-c.be\/wp-content\/uploads\/2012\/10\/TANGOLIBRE09\u00a9Muller-Artemis-Samsa_LC-200x113.jpg 200w, https:\/\/w-l-c.be\/wp-content\/uploads\/2012\/10\/TANGOLIBRE09\u00a9Muller-Artemis-Samsa_LC-480x270.jpg 480w, https:\/\/w-l-c.be\/wp-content\/uploads\/2012\/10\/TANGOLIBRE09\u00a9Muller-Artemis-Samsa_LC-800x450.jpg 800w, https:\/\/w-l-c.be\/wp-content\/uploads\/2012\/10\/TANGOLIBRE09\u00a9Muller-Artemis-Samsa_LC-300x169.jpg 300w, https:\/\/w-l-c.be\/wp-content\/uploads\/2012\/10\/TANGOLIBRE09\u00a9Muller-Artemis-Samsa_LC-620x350.jpg 620w\" sizes=\"auto, (max-width: 1280px) 100vw, 1280px\" \/><\/a><\/p>\n<p>&nbsp;<\/p>\n<p><strong>Comment s\u2019est effectu\u00e9 le choix des musiques ?<\/strong><\/p>\n<p>&nbsp;<\/p>\n<p>C\u2019est un film o\u00f9 il y a du tango, mais ce n\u2019est pas non plus un film sur le tango. Avec Anne Paulicevich et le monteur Ewin Ryckaert, on a \u00e9crit en pensant \u00e0 des musiques. Certaines se retrouvent dans le film, d\u2019autres non. L\u2019\u00e9motion qui se d\u00e9gage de Woodkid ou d\u2019Agnes Obel, c\u2019est triste, comme certaines chansons de tango, mais \u00e7a reste plein d\u2019espoir et de vie. Un \u00e9quilibre tr\u00e8s subtil que l\u2019on ne trouve que dans certains morceaux. Je remercie mon producteur Patrick Quinet de m\u2019avoir permis d\u2019utiliser les musiques que je voulais.<\/p>\n<p>&nbsp;<br \/>\n<strong>Apr\u00e8s Une liaison pornographique et La femme de Gilles, le film cl\u00f4ture une trilogie ?<\/strong><br \/>\n&nbsp;<br \/>\nOui, en tout cas, il cl\u00f4ture quelque chose. J\u2019avais besoin de me retrouver parmi mes proches. De recommencer \u00e0 faire du cin\u00e9ma \u00e0 partir des gens que j\u2019aime. Je voulais repartir sur des bases, des fondamentaux. Dans le syst\u00e8me actuel, ce n\u2019est pas \u00e9vident de faire \u00e7a. Mais j\u2019ai eu la chance et l\u2019obstination de pouvoir le faire.<\/p>\n<p>&nbsp;<\/p>\n","protected":false},"excerpt":{"rendered":"<p>Apr\u00e8s des \u00e9tudes de r\u00e9alisation \u00e0 l\u2019IAD, Fr\u00e9d\u00e9ric Fonteyne r\u00e9alise plusieurs courts-m\u00e9trages prim\u00e9s dans de nombreux festivals\u00a0: Bon anniversaire Sergent Bob (1988), Les Vloems (1989), La Modestie (1991) et Bob le d\u00e9plorable (1993). &nbsp; Son premier long-m\u00e9trage Max et Bobo (1997) r\u00e9unit Jan Hammenecker et Alfredo Pea, et obtient entre autres le grand prix du &hellip;<\/p>\n","protected":false},"author":7,"featured_media":31032,"comment_status":"closed","ping_status":"closed","sticky":false,"template":"","format":"standard","meta":{"ngg_post_thumbnail":0,"footnotes":""},"categories":[1978],"tags":[],"class_list":["post-31014","post","type-post","status-publish","format-standard","has-post-thumbnail","","category-interviews"],"yoast_head":"<!-- This site is optimized with the Yoast SEO plugin v20.4 - https:\/\/yoast.com\/wordpress\/plugins\/seo\/ -->\n<title>Fred Fonteyne : Tango d&#039;amours - w-l-c<\/title>\n<meta name=\"robots\" content=\"noindex, follow, max-snippet:-1, max-image-preview:large, max-video-preview:-1\" \/>\n<meta property=\"og:locale\" content=\"fr_FR\" \/>\n<meta property=\"og:type\" content=\"article\" \/>\n<meta property=\"og:title\" content=\"Fred Fonteyne : Tango d&#039;amours - w-l-c\" \/>\n<meta property=\"og:description\" content=\"Apr\u00e8s des \u00e9tudes de r\u00e9alisation \u00e0 l\u2019IAD, Fr\u00e9d\u00e9ric Fonteyne r\u00e9alise plusieurs courts-m\u00e9trages prim\u00e9s dans de nombreux festivals\u00a0: Bon anniversaire Sergent Bob (1988), Les Vloems (1989), La Modestie (1991) et Bob le d\u00e9plorable (1993). &nbsp; Son premier long-m\u00e9trage Max et Bobo (1997) r\u00e9unit Jan Hammenecker et Alfredo Pea, et obtient entre autres le grand prix du &hellip;\" \/>\n<meta property=\"og:url\" content=\"https:\/\/w-l-c.be\/fr\/fred-fonteyne-tango-damours\/\" \/>\n<meta property=\"og:site_name\" content=\"w-l-c\" \/>\n<meta property=\"article:published_time\" content=\"2012-10-26T05:55:55+00:00\" \/>\n<meta property=\"article:modified_time\" content=\"2012-10-24T09:31:49+00:00\" \/>\n<meta property=\"og:image\" content=\"https:\/\/w-l-c.be\/wp-content\/uploads\/2012\/10\/EZ__9260.jpg\" \/>\n\t<meta property=\"og:image:width\" content=\"640\" \/>\n\t<meta property=\"og:image:height\" content=\"438\" \/>\n\t<meta property=\"og:image:type\" content=\"image\/jpeg\" \/>\n<meta name=\"author\" content=\"Philippe.Pierquin\" \/>\n<meta name=\"twitter:card\" content=\"summary_large_image\" \/>\n<meta name=\"twitter:label1\" content=\"\u00c9crit par\" \/>\n\t<meta name=\"twitter:data1\" content=\"Philippe.Pierquin\" \/>\n\t<meta name=\"twitter:label2\" content=\"Dur\u00e9e de lecture estim\u00e9e\" \/>\n\t<meta name=\"twitter:data2\" content=\"6 minutes\" \/>\n<script type=\"application\/ld+json\" class=\"yoast-schema-graph\">{\"@context\":\"https:\/\/schema.org\",\"@graph\":[{\"@type\":\"WebPage\",\"@id\":\"https:\/\/w-l-c.be\/fr\/fred-fonteyne-tango-damours\/\",\"url\":\"https:\/\/w-l-c.be\/fr\/fred-fonteyne-tango-damours\/\",\"name\":\"Fred Fonteyne : Tango d'amours - w-l-c\",\"isPartOf\":{\"@id\":\"https:\/\/w-l-c.be\/fr\/#website\"},\"datePublished\":\"2012-10-26T05:55:55+00:00\",\"dateModified\":\"2012-10-24T09:31:49+00:00\",\"author\":{\"@id\":\"https:\/\/w-l-c.be\/fr\/#\/schema\/person\/4b9b1d857f0943453a38a7c2859ef756\"},\"breadcrumb\":{\"@id\":\"https:\/\/w-l-c.be\/fr\/fred-fonteyne-tango-damours\/#breadcrumb\"},\"inLanguage\":\"fr-FR\",\"potentialAction\":[{\"@type\":\"ReadAction\",\"target\":[\"https:\/\/w-l-c.be\/fr\/fred-fonteyne-tango-damours\/\"]}]},{\"@type\":\"BreadcrumbList\",\"@id\":\"https:\/\/w-l-c.be\/fr\/fred-fonteyne-tango-damours\/#breadcrumb\",\"itemListElement\":[{\"@type\":\"ListItem\",\"position\":1,\"name\":\"Accueil\",\"item\":\"https:\/\/w-l-c.be\/fr\/\"},{\"@type\":\"ListItem\",\"position\":2,\"name\":\"Fred Fonteyne : Tango d&rsquo;amours\"}]},{\"@type\":\"WebSite\",\"@id\":\"https:\/\/w-l-c.be\/fr\/#website\",\"url\":\"https:\/\/w-l-c.be\/fr\/\",\"name\":\"w-l-c\",\"description\":\"Le cin\u00e9ma vu par les belges\",\"potentialAction\":[{\"@type\":\"SearchAction\",\"target\":{\"@type\":\"EntryPoint\",\"urlTemplate\":\"https:\/\/w-l-c.be\/fr\/?s={search_term_string}\"},\"query-input\":\"required name=search_term_string\"}],\"inLanguage\":\"fr-FR\"},{\"@type\":\"Person\",\"@id\":\"https:\/\/w-l-c.be\/fr\/#\/schema\/person\/4b9b1d857f0943453a38a7c2859ef756\",\"name\":\"Philippe.Pierquin\",\"url\":\"https:\/\/w-l-c.be\/fr\/author\/philippe-pierquin\/\"}]}<\/script>\n<!-- \/ Yoast SEO plugin. -->","yoast_head_json":{"title":"Fred Fonteyne : Tango d'amours - w-l-c","robots":{"index":"noindex","follow":"follow","max-snippet":"max-snippet:-1","max-image-preview":"max-image-preview:large","max-video-preview":"max-video-preview:-1"},"og_locale":"fr_FR","og_type":"article","og_title":"Fred Fonteyne : Tango d'amours - w-l-c","og_description":"Apr\u00e8s des \u00e9tudes de r\u00e9alisation \u00e0 l\u2019IAD, Fr\u00e9d\u00e9ric Fonteyne r\u00e9alise plusieurs courts-m\u00e9trages prim\u00e9s dans de nombreux festivals\u00a0: Bon anniversaire Sergent Bob (1988), Les Vloems (1989), La Modestie (1991) et Bob le d\u00e9plorable (1993). &nbsp; Son premier long-m\u00e9trage Max et Bobo (1997) r\u00e9unit Jan Hammenecker et Alfredo Pea, et obtient entre autres le grand prix du &hellip;","og_url":"https:\/\/w-l-c.be\/fr\/fred-fonteyne-tango-damours\/","og_site_name":"w-l-c","article_published_time":"2012-10-26T05:55:55+00:00","article_modified_time":"2012-10-24T09:31:49+00:00","og_image":[{"width":"640","height":"438","url":"https:\/\/w-l-c.be\/wp-content\/uploads\/2012\/10\/EZ__9260.jpg","type":"image\/jpeg"}],"author":"Philippe.Pierquin","twitter_card":"summary_large_image","twitter_misc":{"\u00c9crit par":"Philippe.Pierquin","Dur\u00e9e de lecture estim\u00e9e":"6 minutes"},"schema":{"@context":"https:\/\/schema.org","@graph":[{"@type":"WebPage","@id":"https:\/\/w-l-c.be\/fr\/fred-fonteyne-tango-damours\/","url":"https:\/\/w-l-c.be\/fr\/fred-fonteyne-tango-damours\/","name":"Fred Fonteyne : Tango d'amours - w-l-c","isPartOf":{"@id":"https:\/\/w-l-c.be\/fr\/#website"},"datePublished":"2012-10-26T05:55:55+00:00","dateModified":"2012-10-24T09:31:49+00:00","author":{"@id":"https:\/\/w-l-c.be\/fr\/#\/schema\/person\/4b9b1d857f0943453a38a7c2859ef756"},"breadcrumb":{"@id":"https:\/\/w-l-c.be\/fr\/fred-fonteyne-tango-damours\/#breadcrumb"},"inLanguage":"fr-FR","potentialAction":[{"@type":"ReadAction","target":["https:\/\/w-l-c.be\/fr\/fred-fonteyne-tango-damours\/"]}]},{"@type":"BreadcrumbList","@id":"https:\/\/w-l-c.be\/fr\/fred-fonteyne-tango-damours\/#breadcrumb","itemListElement":[{"@type":"ListItem","position":1,"name":"Accueil","item":"https:\/\/w-l-c.be\/fr\/"},{"@type":"ListItem","position":2,"name":"Fred Fonteyne : Tango d&rsquo;amours"}]},{"@type":"WebSite","@id":"https:\/\/w-l-c.be\/fr\/#website","url":"https:\/\/w-l-c.be\/fr\/","name":"w-l-c","description":"Le cin\u00e9ma vu par les belges","potentialAction":[{"@type":"SearchAction","target":{"@type":"EntryPoint","urlTemplate":"https:\/\/w-l-c.be\/fr\/?s={search_term_string}"},"query-input":"required name=search_term_string"}],"inLanguage":"fr-FR"},{"@type":"Person","@id":"https:\/\/w-l-c.be\/fr\/#\/schema\/person\/4b9b1d857f0943453a38a7c2859ef756","name":"Philippe.Pierquin","url":"https:\/\/w-l-c.be\/fr\/author\/philippe-pierquin\/"}]}},"_links":{"self":[{"href":"https:\/\/w-l-c.be\/fr\/wp-json\/wp\/v2\/posts\/31014","targetHints":{"allow":["GET"]}}],"collection":[{"href":"https:\/\/w-l-c.be\/fr\/wp-json\/wp\/v2\/posts"}],"about":[{"href":"https:\/\/w-l-c.be\/fr\/wp-json\/wp\/v2\/types\/post"}],"author":[{"embeddable":true,"href":"https:\/\/w-l-c.be\/fr\/wp-json\/wp\/v2\/users\/7"}],"replies":[{"embeddable":true,"href":"https:\/\/w-l-c.be\/fr\/wp-json\/wp\/v2\/comments?post=31014"}],"version-history":[{"count":0,"href":"https:\/\/w-l-c.be\/fr\/wp-json\/wp\/v2\/posts\/31014\/revisions"}],"wp:featuredmedia":[{"embeddable":true,"href":"https:\/\/w-l-c.be\/fr\/wp-json\/wp\/v2\/media\/31032"}],"wp:attachment":[{"href":"https:\/\/w-l-c.be\/fr\/wp-json\/wp\/v2\/media?parent=31014"}],"wp:term":[{"taxonomy":"category","embeddable":true,"href":"https:\/\/w-l-c.be\/fr\/wp-json\/wp\/v2\/categories?post=31014"},{"taxonomy":"post_tag","embeddable":true,"href":"https:\/\/w-l-c.be\/fr\/wp-json\/wp\/v2\/tags?post=31014"}],"curies":[{"name":"wp","href":"https:\/\/api.w.org\/{rel}","templated":true}]}}