
{"id":31332,"date":"2012-11-09T05:28:33","date_gmt":"2012-11-09T05:28:33","guid":{"rendered":"http:\/\/www.cinevox.be\/?p=31332"},"modified":"2012-11-07T14:57:46","modified_gmt":"2012-11-07T14:57:46","slug":"the-expatriate-le-mystere-du-dvd-bruxellois","status":"publish","type":"post","link":"https:\/\/w-l-c.be\/fr\/the-expatriate-le-mystere-du-dvd-bruxellois\/","title":{"rendered":"The Expatriate : Le myst\u00e8re du DVD bruxellois"},"content":{"rendered":"<p>Veuf depuis peu, Ben Logan a remis sa d\u00e9mission en tant qu&rsquo;agent de la CIA et a d\u00e9m\u00e9nag\u00e9 \u00e0 Bruxelles pour y \u00e9lever sa fille adolescente qu&rsquo;il n&rsquo;a vue que rarement les quatorze derni\u00e8res ann\u00e9es. Tout en travaillant \u00e0 \u00e9tablir une relation avec elle, il accepte un poste au sein de la filiale d&rsquo;une multinationale sp\u00e9cialis\u00e9e dans les syst\u00e8mes de s\u00e9curit\u00e9. Il a pour mandat d&rsquo;en d\u00e9tecter les faiblesses afin que l&rsquo;entreprise perfectionne ses technologies. Du moins, c&rsquo;est ce qu&rsquo;il croit. Il finit par d\u00e9couvrir que cette soci\u00e9t\u00e9 est une arnaque et qu&rsquo;il est en r\u00e9alit\u00e9 un homme traqu\u00e9. D\u00e9sormais fugitifs, sa fille et lui doivent apprendre \u00e0 se faire confiance et collaborer, tout en d\u00e9jouant le complot qui menace leurs vies&#8230;<!--more--><\/p>\n<p>&nbsp;<\/p>\n<p>&nbsp;<\/p>\n<p><em><a rel=\"attachment wp-att-31333\" href=\"http:\/\/www.cinevox.be\/the-expatriate-le-mystere-du-dvd-bruxellois\/attachment\/36064\"><img loading=\"lazy\" decoding=\"async\" class=\"alignright size-large wp-image-31333\" title=\"36064\" src=\"http:\/\/www.cinevox.be\/wp-content\/uploads\/2012\/10\/36064-417x600.jpg\" alt=\"\" width=\"417\" height=\"600\" srcset=\"https:\/\/w-l-c.be\/wp-content\/uploads\/2012\/10\/36064-417x600.jpg 417w, https:\/\/w-l-c.be\/wp-content\/uploads\/2012\/10\/36064-188x270.jpg 188w, https:\/\/w-l-c.be\/wp-content\/uploads\/2012\/10\/36064.jpg 450w\" sizes=\"auto, (max-width: 417px) 100vw, 417px\" \/><\/a>The Expatriate<\/em> est un thriller international dans lequel <strong>Philipp St\u00f6lzl<\/strong> met en sc\u00e8ne <strong>Aaron Eckhart<\/strong> (le Double Face de <em>The Dark Knight)<\/em> et <strong>Olga Kurylenko<\/strong> (<em>Quantum of Solace<\/em>), un duo au potentiel av\u00e9r\u00e9.<\/p>\n<p>&nbsp;<\/p>\n<p>Sa vraie originalit\u00e9 est qu&rsquo;il se d\u00e9roule essentiellement \u00e0 Bruxelles. L&rsquo;occasion de voir notre capitale comme jamais\u2026 d&rsquo;autant que le r\u00e9alisateur peu f\u00e9ru en g\u00e9ographie locale a pris quelques libert\u00e9s avec la topographie des lieux. Son h\u00e9ros passe ainsi d&rsquo;une rue \u00e0 une autre\u2026 distante pourtant de cinq ou six kilom\u00e8tres. Les marches de Bourse deviennent celles d&rsquo;un tribunal et Ben de s&rsquo;exclamer: \u00ab\u00a0il faut aller \u00e0 Bruxelles\u2026\u00a0\u00bb alors qu&rsquo;il y est d\u00e9j\u00e0. Mais qu&rsquo;importe! Cela ne chatouillera que quelques int\u00e9gristes purs et durs, car cette fa\u00e7on de pratiquer est la norme dans la plupart des films d&rsquo;action du monde entier. Ce qui nous choque peu, en g\u00e9n\u00e9ral, car nous ne percevons pas forc\u00e9ment les incoh\u00e9rences.<\/p>\n<p>&nbsp;<\/p>\n<p>Tournage et cofinancement belges obligent, une partie des effets sp\u00e9ciaux a \u00e9t\u00e9 con\u00e7ue par des \u00e9quipes du terroir. uFX, men\u00e9e par Jonathan Cheetham, superviseur VFX, et Clare Cheetham, producteur VFX, a effectu\u00e9 un travail qui a consist\u00e9 \u00e0 l\u2019am\u00e9lioration des plans, au renforcement des sc\u00e8nes d\u2019action, au compositing sur fond vert et \u00e0 une explosion de voiture dans le centre-ville de Bruxelles.<\/p>\n<p>&nbsp;<\/p>\n<p><a rel=\"attachment wp-att-31335\" href=\"http:\/\/www.cinevox.be\/the-expatriate-le-mystere-du-dvd-bruxellois\/attachment\/30964\"><img loading=\"lazy\" decoding=\"async\" class=\"aligncenter size-full wp-image-31335\" title=\"30964\" src=\"http:\/\/www.cinevox.be\/wp-content\/uploads\/2012\/10\/30964.jpg\" alt=\"\" width=\"1920\" height=\"1080\" srcset=\"https:\/\/w-l-c.be\/wp-content\/uploads\/2012\/10\/30964.jpg 1920w, https:\/\/w-l-c.be\/wp-content\/uploads\/2012\/10\/30964-200x113.jpg 200w, https:\/\/w-l-c.be\/wp-content\/uploads\/2012\/10\/30964-480x270.jpg 480w, https:\/\/w-l-c.be\/wp-content\/uploads\/2012\/10\/30964-800x450.jpg 800w, https:\/\/w-l-c.be\/wp-content\/uploads\/2012\/10\/30964-300x169.jpg 300w, https:\/\/w-l-c.be\/wp-content\/uploads\/2012\/10\/30964-620x350.jpg 620w\" sizes=\"auto, (max-width: 1920px) 100vw, 1920px\" \/><\/a><\/p>\n<p>&nbsp;<\/p>\n<p>Pour info, uFX est une soci\u00e9t\u00e9 s\u0153ur de la soci\u00e9t\u00e9 uMedia qui en Belgique coproduit des longs m\u00e9trages via le tax shelter et les distribue aussi, parfois (Cloclo, Dead Man Talking&#8230;).<\/p>\n<p>&nbsp;<\/p>\n<p><em><a rel=\"attachment wp-att-31334\" href=\"http:\/\/www.cinevox.be\/the-expatriate-le-mystere-du-dvd-bruxellois\/y_fadel_4\"><img loading=\"lazy\" decoding=\"async\" class=\"alignleft size-medium wp-image-31334\" title=\"Y_FADEL_4\" src=\"http:\/\/www.cinevox.be\/wp-content\/uploads\/2012\/10\/Y_FADEL_4-172x270.jpg\" alt=\"\" width=\"172\" height=\"270\" srcset=\"https:\/\/w-l-c.be\/wp-content\/uploads\/2012\/10\/Y_FADEL_4-172x270.jpg 172w, https:\/\/w-l-c.be\/wp-content\/uploads\/2012\/10\/Y_FADEL_4-384x600.jpg 384w, https:\/\/w-l-c.be\/wp-content\/uploads\/2012\/10\/Y_FADEL_4.jpg 753w\" sizes=\"auto, (max-width: 172px) 100vw, 172px\" \/><\/a><\/em>Bizarrement,\u00a0<em>The Expatriate<\/em> qui est sorti en salles en Flandre, est arriv\u00e9 chez nous \u00ab\u00a0direct to DVD\u00a0\u00bb. Ce qui nous permet de d\u00e9j\u00e0 vous l&rsquo;offrir. En cause, un march\u00e9 commun avec la France o\u00f9 le thriller n&rsquo;a pas eu droit \u00e0 une distribution dans les cin\u00e9mas. Pour \u00e9viter que des Belges ach\u00e8tent leur DVD \u00e0 l&rsquo;\u00e9tranger, les dates de mise en vente sont synchronis\u00e9es. Une remarque qui vaut \u00e9galement dans l&rsquo;autre sens: c&rsquo;est pour cela, par exemple que le DVD de\u00a0Rundskop avec version fran\u00e7aise est sorti un an apr\u00e8s le DVD flamand.<\/p>\n<p>&nbsp;<\/p>\n<p><em>The Expatriate<\/em> a n\u00e9anmoins \u00e9t\u00e9 pr\u00e9sent\u00e9 \u00e0 Bruxelles lors des <em>BNP Paribas Fortis Film Days<\/em> en septembre avec des sous-titres bilingues et a m\u00eame \u00e9t\u00e9 repris sous le label Cinevox Happenings au Kinepolis en pr\u00e9sence de quelques acteurs du film comme <strong>Eric Godon<\/strong> ou <strong>Yassine Fadel <\/strong>(photo &#8211; voir son casting<a href=\"http:\/\/www.youtube.com\/watch?v=Iz3Rj0ND9ZE\"> ici <\/a>). Une soir\u00e9e que vous pouvez d\u00e9couvrir <a href=\"http:\/\/www.cinevox.be\/videos\/cinevox-happenings-septembre-2012-the-expatriate-au-kinepolis\/\">ici<\/a>, sur un mode express.<\/p>\n<p>&nbsp;<\/p>\n<p>Vous n&rsquo;y \u00e9tiez pas? Qu&rsquo;\u00e0 cela ne tienne\u2026 \u00a0Un DVD, une coupe de champagne et quelques petits fours et vous pouvez revivre ce moment chez vous. Tous les jours, si \u00e7a vous chante<\/p>\n<p>&nbsp;<\/p>\n<p>&nbsp;<\/p>\n","protected":false},"excerpt":{"rendered":"<p>Veuf depuis peu, Ben Logan a remis sa d\u00e9mission en tant qu&rsquo;agent de la CIA et a d\u00e9m\u00e9nag\u00e9 \u00e0 Bruxelles pour y \u00e9lever sa fille adolescente qu&rsquo;il n&rsquo;a vue que rarement les quatorze derni\u00e8res ann\u00e9es. Tout en travaillant \u00e0 \u00e9tablir une relation avec elle, il accepte un poste au sein de la filiale d&rsquo;une multinationale &hellip;<\/p>\n","protected":false},"author":7,"featured_media":31337,"comment_status":"closed","ping_status":"closed","sticky":false,"template":"","format":"standard","meta":{"ngg_post_thumbnail":0,"footnotes":""},"categories":[7,14],"tags":[],"class_list":["post-31332","post","type-post","status-publish","format-standard","has-post-thumbnail","","category-actualites","category-home-cinema"],"yoast_head":"<!-- This site is optimized with the Yoast SEO plugin v20.4 - https:\/\/yoast.com\/wordpress\/plugins\/seo\/ -->\n<title>The Expatriate : Le myst\u00e8re du DVD bruxellois - w-l-c<\/title>\n<meta name=\"robots\" content=\"noindex, follow, max-snippet:-1, max-image-preview:large, max-video-preview:-1\" \/>\n<meta property=\"og:locale\" content=\"fr_FR\" \/>\n<meta property=\"og:type\" content=\"article\" \/>\n<meta property=\"og:title\" content=\"The Expatriate : Le myst\u00e8re du DVD bruxellois - w-l-c\" \/>\n<meta property=\"og:description\" content=\"Veuf depuis peu, Ben Logan a remis sa d\u00e9mission en tant qu&rsquo;agent de la CIA et a d\u00e9m\u00e9nag\u00e9 \u00e0 Bruxelles pour y \u00e9lever sa fille adolescente qu&rsquo;il n&rsquo;a vue que rarement les quatorze derni\u00e8res ann\u00e9es. Tout en travaillant \u00e0 \u00e9tablir une relation avec elle, il accepte un poste au sein de la filiale d&rsquo;une multinationale &hellip;\" \/>\n<meta property=\"og:url\" content=\"https:\/\/w-l-c.be\/fr\/the-expatriate-le-mystere-du-dvd-bruxellois\/\" \/>\n<meta property=\"og:site_name\" content=\"w-l-c\" \/>\n<meta property=\"article:published_time\" content=\"2012-11-09T05:28:33+00:00\" \/>\n<meta property=\"article:modified_time\" content=\"2012-11-07T14:57:46+00:00\" \/>\n<meta property=\"og:image\" content=\"https:\/\/w-l-c.be\/wp-content\/uploads\/2012\/11\/1008555_the_expatriate_1346331796326.jpg\" \/>\n\t<meta property=\"og:image:width\" content=\"750\" \/>\n\t<meta property=\"og:image:height\" content=\"500\" \/>\n\t<meta property=\"og:image:type\" content=\"image\/jpeg\" \/>\n<meta name=\"author\" content=\"Philippe.Pierquin\" \/>\n<meta name=\"twitter:card\" content=\"summary_large_image\" \/>\n<meta name=\"twitter:label1\" content=\"\u00c9crit par\" \/>\n\t<meta name=\"twitter:data1\" content=\"Philippe.Pierquin\" \/>\n\t<meta name=\"twitter:label2\" content=\"Dur\u00e9e de lecture estim\u00e9e\" \/>\n\t<meta name=\"twitter:data2\" content=\"3 minutes\" \/>\n<script type=\"application\/ld+json\" class=\"yoast-schema-graph\">{\"@context\":\"https:\/\/schema.org\",\"@graph\":[{\"@type\":\"WebPage\",\"@id\":\"https:\/\/w-l-c.be\/fr\/the-expatriate-le-mystere-du-dvd-bruxellois\/\",\"url\":\"https:\/\/w-l-c.be\/fr\/the-expatriate-le-mystere-du-dvd-bruxellois\/\",\"name\":\"The Expatriate : Le myst\u00e8re du DVD bruxellois - w-l-c\",\"isPartOf\":{\"@id\":\"https:\/\/w-l-c.be\/fr\/#website\"},\"datePublished\":\"2012-11-09T05:28:33+00:00\",\"dateModified\":\"2012-11-07T14:57:46+00:00\",\"author\":{\"@id\":\"https:\/\/w-l-c.be\/fr\/#\/schema\/person\/4b9b1d857f0943453a38a7c2859ef756\"},\"breadcrumb\":{\"@id\":\"https:\/\/w-l-c.be\/fr\/the-expatriate-le-mystere-du-dvd-bruxellois\/#breadcrumb\"},\"inLanguage\":\"fr-FR\",\"potentialAction\":[{\"@type\":\"ReadAction\",\"target\":[\"https:\/\/w-l-c.be\/fr\/the-expatriate-le-mystere-du-dvd-bruxellois\/\"]}]},{\"@type\":\"BreadcrumbList\",\"@id\":\"https:\/\/w-l-c.be\/fr\/the-expatriate-le-mystere-du-dvd-bruxellois\/#breadcrumb\",\"itemListElement\":[{\"@type\":\"ListItem\",\"position\":1,\"name\":\"Accueil\",\"item\":\"https:\/\/w-l-c.be\/fr\/\"},{\"@type\":\"ListItem\",\"position\":2,\"name\":\"The Expatriate : Le myst\u00e8re du DVD bruxellois\"}]},{\"@type\":\"WebSite\",\"@id\":\"https:\/\/w-l-c.be\/fr\/#website\",\"url\":\"https:\/\/w-l-c.be\/fr\/\",\"name\":\"w-l-c\",\"description\":\"Le cin\u00e9ma vu par les belges\",\"potentialAction\":[{\"@type\":\"SearchAction\",\"target\":{\"@type\":\"EntryPoint\",\"urlTemplate\":\"https:\/\/w-l-c.be\/fr\/?s={search_term_string}\"},\"query-input\":\"required name=search_term_string\"}],\"inLanguage\":\"fr-FR\"},{\"@type\":\"Person\",\"@id\":\"https:\/\/w-l-c.be\/fr\/#\/schema\/person\/4b9b1d857f0943453a38a7c2859ef756\",\"name\":\"Philippe.Pierquin\",\"url\":\"https:\/\/w-l-c.be\/fr\/author\/philippe-pierquin\/\"}]}<\/script>\n<!-- \/ Yoast SEO plugin. -->","yoast_head_json":{"title":"The Expatriate : Le myst\u00e8re du DVD bruxellois - w-l-c","robots":{"index":"noindex","follow":"follow","max-snippet":"max-snippet:-1","max-image-preview":"max-image-preview:large","max-video-preview":"max-video-preview:-1"},"og_locale":"fr_FR","og_type":"article","og_title":"The Expatriate : Le myst\u00e8re du DVD bruxellois - w-l-c","og_description":"Veuf depuis peu, Ben Logan a remis sa d\u00e9mission en tant qu&rsquo;agent de la CIA et a d\u00e9m\u00e9nag\u00e9 \u00e0 Bruxelles pour y \u00e9lever sa fille adolescente qu&rsquo;il n&rsquo;a vue que rarement les quatorze derni\u00e8res ann\u00e9es. Tout en travaillant \u00e0 \u00e9tablir une relation avec elle, il accepte un poste au sein de la filiale d&rsquo;une multinationale &hellip;","og_url":"https:\/\/w-l-c.be\/fr\/the-expatriate-le-mystere-du-dvd-bruxellois\/","og_site_name":"w-l-c","article_published_time":"2012-11-09T05:28:33+00:00","article_modified_time":"2012-11-07T14:57:46+00:00","og_image":[{"width":"750","height":"500","url":"https:\/\/w-l-c.be\/wp-content\/uploads\/2012\/11\/1008555_the_expatriate_1346331796326.jpg","type":"image\/jpeg"}],"author":"Philippe.Pierquin","twitter_card":"summary_large_image","twitter_misc":{"\u00c9crit par":"Philippe.Pierquin","Dur\u00e9e de lecture estim\u00e9e":"3 minutes"},"schema":{"@context":"https:\/\/schema.org","@graph":[{"@type":"WebPage","@id":"https:\/\/w-l-c.be\/fr\/the-expatriate-le-mystere-du-dvd-bruxellois\/","url":"https:\/\/w-l-c.be\/fr\/the-expatriate-le-mystere-du-dvd-bruxellois\/","name":"The Expatriate : Le myst\u00e8re du DVD bruxellois - w-l-c","isPartOf":{"@id":"https:\/\/w-l-c.be\/fr\/#website"},"datePublished":"2012-11-09T05:28:33+00:00","dateModified":"2012-11-07T14:57:46+00:00","author":{"@id":"https:\/\/w-l-c.be\/fr\/#\/schema\/person\/4b9b1d857f0943453a38a7c2859ef756"},"breadcrumb":{"@id":"https:\/\/w-l-c.be\/fr\/the-expatriate-le-mystere-du-dvd-bruxellois\/#breadcrumb"},"inLanguage":"fr-FR","potentialAction":[{"@type":"ReadAction","target":["https:\/\/w-l-c.be\/fr\/the-expatriate-le-mystere-du-dvd-bruxellois\/"]}]},{"@type":"BreadcrumbList","@id":"https:\/\/w-l-c.be\/fr\/the-expatriate-le-mystere-du-dvd-bruxellois\/#breadcrumb","itemListElement":[{"@type":"ListItem","position":1,"name":"Accueil","item":"https:\/\/w-l-c.be\/fr\/"},{"@type":"ListItem","position":2,"name":"The Expatriate : Le myst\u00e8re du DVD bruxellois"}]},{"@type":"WebSite","@id":"https:\/\/w-l-c.be\/fr\/#website","url":"https:\/\/w-l-c.be\/fr\/","name":"w-l-c","description":"Le cin\u00e9ma vu par les belges","potentialAction":[{"@type":"SearchAction","target":{"@type":"EntryPoint","urlTemplate":"https:\/\/w-l-c.be\/fr\/?s={search_term_string}"},"query-input":"required name=search_term_string"}],"inLanguage":"fr-FR"},{"@type":"Person","@id":"https:\/\/w-l-c.be\/fr\/#\/schema\/person\/4b9b1d857f0943453a38a7c2859ef756","name":"Philippe.Pierquin","url":"https:\/\/w-l-c.be\/fr\/author\/philippe-pierquin\/"}]}},"_links":{"self":[{"href":"https:\/\/w-l-c.be\/fr\/wp-json\/wp\/v2\/posts\/31332","targetHints":{"allow":["GET"]}}],"collection":[{"href":"https:\/\/w-l-c.be\/fr\/wp-json\/wp\/v2\/posts"}],"about":[{"href":"https:\/\/w-l-c.be\/fr\/wp-json\/wp\/v2\/types\/post"}],"author":[{"embeddable":true,"href":"https:\/\/w-l-c.be\/fr\/wp-json\/wp\/v2\/users\/7"}],"replies":[{"embeddable":true,"href":"https:\/\/w-l-c.be\/fr\/wp-json\/wp\/v2\/comments?post=31332"}],"version-history":[{"count":0,"href":"https:\/\/w-l-c.be\/fr\/wp-json\/wp\/v2\/posts\/31332\/revisions"}],"wp:featuredmedia":[{"embeddable":true,"href":"https:\/\/w-l-c.be\/fr\/wp-json\/wp\/v2\/media\/31337"}],"wp:attachment":[{"href":"https:\/\/w-l-c.be\/fr\/wp-json\/wp\/v2\/media?parent=31332"}],"wp:term":[{"taxonomy":"category","embeddable":true,"href":"https:\/\/w-l-c.be\/fr\/wp-json\/wp\/v2\/categories?post=31332"},{"taxonomy":"post_tag","embeddable":true,"href":"https:\/\/w-l-c.be\/fr\/wp-json\/wp\/v2\/tags?post=31332"}],"curies":[{"name":"wp","href":"https:\/\/api.w.org\/{rel}","templated":true}]}}