
{"id":31359,"date":"2012-11-03T12:49:43","date_gmt":"2012-11-03T12:49:43","guid":{"rendered":"http:\/\/www.cinevox.be\/?p=31359"},"modified":"2012-11-03T13:08:49","modified_gmt":"2012-11-03T13:08:49","slug":"a-perdre-la-raison-en-route-pour-les-oscars","status":"publish","type":"post","link":"https:\/\/w-l-c.be\/fr\/a-perdre-la-raison-en-route-pour-les-oscars\/","title":{"rendered":"A Perdre la Raison <br> En route pour les Oscars"},"content":{"rendered":"<p>La campagne am\u00e9ricaine pour la nomination \u00e0 l&rsquo;Oscar du meilleur film en langue \u00e9trang\u00e8re d\u00e9bute pour le film\u00a0<em>A perdre la raison<\/em> du r\u00e9alisateur belge <strong>Joachim Lafosse.<!--more--><\/strong><\/p>\n<p>D\u00e9sign\u00e9 en septembre dernier pour repr\u00e9senter la Belgique,\u00a0<em>A perdre la raison <\/em>d\u00e9butera sa campagne le 4 novembre \u00e0 l&rsquo;occasion de sa s\u00e9lection \u00e0 l&rsquo;AFI International Film Series, festival organis\u00e9 par l&rsquo;American Film Institute.<\/p>\n<p>Ce seront au total 8 projections publiques et priv\u00e9es qui seront organis\u00e9es jusqu&rsquo;au 14 novembre en pr\u00e9sence du r\u00e9alisateur pour toucher un maximum de membres votants de l&rsquo;Acad\u00e9mie.<\/p>\n<p>D&rsquo;autres projections auront encore lieu en d\u00e9cembre jusqu&rsquo;au premier tour de vote et l&rsquo;annonce des 5 films nomin\u00e9s le 10 janvier.<\/p>\n<p>B\u00e9n\u00e9ficiant d&rsquo;ores et d\u00e9j\u00e0 d&rsquo;une belle carri\u00e8re en festivals (Cannes, Londres, New-York, Karlovy Vary, Montr\u00e9al\u2026) ainsi que d&rsquo;un accueil public et critique enthousiaste, le film fait son entr\u00e9e aux Etats-Unis muni d\u2019une belle notori\u00e9t\u00e9 et d&rsquo;un atout majeur en la personne de son actrice principale, Emilie Dequenne. D\u00e9j\u00e0 r\u00e9compens\u00e9e \u00e0 Cannes (Prix d&rsquo;interpr\u00e9tation f\u00e9minine Un Certain Regard), la com\u00e9dienne belge vient d&rsquo;\u00eatre nomin\u00e9e pour le Prix de l&rsquo;actrice europ\u00e9enne 2012 aux European Film Awards (lire <a href=\"http:\/\/www.cinevox.be\/emilie-dequenne-actrice-europeenne-2012\" target=\"_blank\">ICI<\/a>).<\/p>\n<p>&nbsp;<\/p>\n<p><em>[Information WBI]<\/em><\/p>\n","protected":false},"excerpt":{"rendered":"<p>La campagne am\u00e9ricaine pour la nomination \u00e0 l&rsquo;Oscar du meilleur film en langue \u00e9trang\u00e8re d\u00e9bute pour le film\u00a0A perdre la raison du r\u00e9alisateur belge Joachim Lafosse.<\/p>\n","protected":false},"author":7,"featured_media":31361,"comment_status":"closed","ping_status":"closed","sticky":false,"template":"","format":"standard","meta":{"ngg_post_thumbnail":0,"footnotes":""},"categories":[1923,7],"tags":[],"class_list":["post-31359","post","type-post","status-publish","format-standard","has-post-thumbnail","","category-en-bref","category-actualites"],"yoast_head":"<!-- This site is optimized with the Yoast SEO plugin v20.4 - https:\/\/yoast.com\/wordpress\/plugins\/seo\/ -->\n<title>A Perdre la Raison  En route pour les Oscars - w-l-c<\/title>\n<meta name=\"robots\" content=\"noindex, follow, max-snippet:-1, max-image-preview:large, max-video-preview:-1\" \/>\n<meta property=\"og:locale\" content=\"fr_FR\" \/>\n<meta property=\"og:type\" content=\"article\" \/>\n<meta property=\"og:title\" content=\"A Perdre la Raison  En route pour les Oscars - w-l-c\" \/>\n<meta property=\"og:description\" content=\"La campagne am\u00e9ricaine pour la nomination \u00e0 l&rsquo;Oscar du meilleur film en langue \u00e9trang\u00e8re d\u00e9bute pour le film\u00a0A perdre la raison du r\u00e9alisateur belge Joachim Lafosse.\" \/>\n<meta property=\"og:url\" content=\"https:\/\/w-l-c.be\/fr\/a-perdre-la-raison-en-route-pour-les-oscars\/\" \/>\n<meta property=\"og:site_name\" content=\"w-l-c\" \/>\n<meta property=\"article:published_time\" content=\"2012-11-03T12:49:43+00:00\" \/>\n<meta property=\"article:modified_time\" content=\"2012-11-03T13:08:49+00:00\" \/>\n<meta property=\"og:image\" content=\"https:\/\/w-l-c.be\/wp-content\/uploads\/2012\/11\/333393_10151258770409202_2057414797_o.jpg\" \/>\n\t<meta property=\"og:image:width\" content=\"2048\" \/>\n\t<meta property=\"og:image:height\" content=\"1107\" \/>\n\t<meta property=\"og:image:type\" content=\"image\/jpeg\" \/>\n<meta name=\"author\" content=\"Philippe.Pierquin\" \/>\n<meta name=\"twitter:card\" content=\"summary_large_image\" \/>\n<meta name=\"twitter:label1\" content=\"\u00c9crit par\" \/>\n\t<meta name=\"twitter:data1\" content=\"Philippe.Pierquin\" \/>\n\t<meta name=\"twitter:label2\" content=\"Dur\u00e9e de lecture estim\u00e9e\" \/>\n\t<meta name=\"twitter:data2\" content=\"1 minute\" \/>\n<script type=\"application\/ld+json\" class=\"yoast-schema-graph\">{\"@context\":\"https:\/\/schema.org\",\"@graph\":[{\"@type\":\"WebPage\",\"@id\":\"https:\/\/w-l-c.be\/fr\/a-perdre-la-raison-en-route-pour-les-oscars\/\",\"url\":\"https:\/\/w-l-c.be\/fr\/a-perdre-la-raison-en-route-pour-les-oscars\/\",\"name\":\"A Perdre la Raison En route pour les Oscars - w-l-c\",\"isPartOf\":{\"@id\":\"https:\/\/w-l-c.be\/fr\/#website\"},\"datePublished\":\"2012-11-03T12:49:43+00:00\",\"dateModified\":\"2012-11-03T13:08:49+00:00\",\"author\":{\"@id\":\"https:\/\/w-l-c.be\/fr\/#\/schema\/person\/4b9b1d857f0943453a38a7c2859ef756\"},\"breadcrumb\":{\"@id\":\"https:\/\/w-l-c.be\/fr\/a-perdre-la-raison-en-route-pour-les-oscars\/#breadcrumb\"},\"inLanguage\":\"fr-FR\",\"potentialAction\":[{\"@type\":\"ReadAction\",\"target\":[\"https:\/\/w-l-c.be\/fr\/a-perdre-la-raison-en-route-pour-les-oscars\/\"]}]},{\"@type\":\"BreadcrumbList\",\"@id\":\"https:\/\/w-l-c.be\/fr\/a-perdre-la-raison-en-route-pour-les-oscars\/#breadcrumb\",\"itemListElement\":[{\"@type\":\"ListItem\",\"position\":1,\"name\":\"Accueil\",\"item\":\"https:\/\/w-l-c.be\/fr\/\"},{\"@type\":\"ListItem\",\"position\":2,\"name\":\"A Perdre la Raison En route pour les Oscars\"}]},{\"@type\":\"WebSite\",\"@id\":\"https:\/\/w-l-c.be\/fr\/#website\",\"url\":\"https:\/\/w-l-c.be\/fr\/\",\"name\":\"w-l-c\",\"description\":\"Le cin\u00e9ma vu par les belges\",\"potentialAction\":[{\"@type\":\"SearchAction\",\"target\":{\"@type\":\"EntryPoint\",\"urlTemplate\":\"https:\/\/w-l-c.be\/fr\/?s={search_term_string}\"},\"query-input\":\"required name=search_term_string\"}],\"inLanguage\":\"fr-FR\"},{\"@type\":\"Person\",\"@id\":\"https:\/\/w-l-c.be\/fr\/#\/schema\/person\/4b9b1d857f0943453a38a7c2859ef756\",\"name\":\"Philippe.Pierquin\",\"url\":\"https:\/\/w-l-c.be\/fr\/author\/philippe-pierquin\/\"}]}<\/script>\n<!-- \/ Yoast SEO plugin. -->","yoast_head_json":{"title":"A Perdre la Raison  En route pour les Oscars - w-l-c","robots":{"index":"noindex","follow":"follow","max-snippet":"max-snippet:-1","max-image-preview":"max-image-preview:large","max-video-preview":"max-video-preview:-1"},"og_locale":"fr_FR","og_type":"article","og_title":"A Perdre la Raison  En route pour les Oscars - w-l-c","og_description":"La campagne am\u00e9ricaine pour la nomination \u00e0 l&rsquo;Oscar du meilleur film en langue \u00e9trang\u00e8re d\u00e9bute pour le film\u00a0A perdre la raison du r\u00e9alisateur belge Joachim Lafosse.","og_url":"https:\/\/w-l-c.be\/fr\/a-perdre-la-raison-en-route-pour-les-oscars\/","og_site_name":"w-l-c","article_published_time":"2012-11-03T12:49:43+00:00","article_modified_time":"2012-11-03T13:08:49+00:00","og_image":[{"width":"2048","height":"1107","url":"https:\/\/w-l-c.be\/wp-content\/uploads\/2012\/11\/333393_10151258770409202_2057414797_o.jpg","type":"image\/jpeg"}],"author":"Philippe.Pierquin","twitter_card":"summary_large_image","twitter_misc":{"\u00c9crit par":"Philippe.Pierquin","Dur\u00e9e de lecture estim\u00e9e":"1 minute"},"schema":{"@context":"https:\/\/schema.org","@graph":[{"@type":"WebPage","@id":"https:\/\/w-l-c.be\/fr\/a-perdre-la-raison-en-route-pour-les-oscars\/","url":"https:\/\/w-l-c.be\/fr\/a-perdre-la-raison-en-route-pour-les-oscars\/","name":"A Perdre la Raison En route pour les Oscars - w-l-c","isPartOf":{"@id":"https:\/\/w-l-c.be\/fr\/#website"},"datePublished":"2012-11-03T12:49:43+00:00","dateModified":"2012-11-03T13:08:49+00:00","author":{"@id":"https:\/\/w-l-c.be\/fr\/#\/schema\/person\/4b9b1d857f0943453a38a7c2859ef756"},"breadcrumb":{"@id":"https:\/\/w-l-c.be\/fr\/a-perdre-la-raison-en-route-pour-les-oscars\/#breadcrumb"},"inLanguage":"fr-FR","potentialAction":[{"@type":"ReadAction","target":["https:\/\/w-l-c.be\/fr\/a-perdre-la-raison-en-route-pour-les-oscars\/"]}]},{"@type":"BreadcrumbList","@id":"https:\/\/w-l-c.be\/fr\/a-perdre-la-raison-en-route-pour-les-oscars\/#breadcrumb","itemListElement":[{"@type":"ListItem","position":1,"name":"Accueil","item":"https:\/\/w-l-c.be\/fr\/"},{"@type":"ListItem","position":2,"name":"A Perdre la Raison En route pour les Oscars"}]},{"@type":"WebSite","@id":"https:\/\/w-l-c.be\/fr\/#website","url":"https:\/\/w-l-c.be\/fr\/","name":"w-l-c","description":"Le cin\u00e9ma vu par les belges","potentialAction":[{"@type":"SearchAction","target":{"@type":"EntryPoint","urlTemplate":"https:\/\/w-l-c.be\/fr\/?s={search_term_string}"},"query-input":"required name=search_term_string"}],"inLanguage":"fr-FR"},{"@type":"Person","@id":"https:\/\/w-l-c.be\/fr\/#\/schema\/person\/4b9b1d857f0943453a38a7c2859ef756","name":"Philippe.Pierquin","url":"https:\/\/w-l-c.be\/fr\/author\/philippe-pierquin\/"}]}},"_links":{"self":[{"href":"https:\/\/w-l-c.be\/fr\/wp-json\/wp\/v2\/posts\/31359","targetHints":{"allow":["GET"]}}],"collection":[{"href":"https:\/\/w-l-c.be\/fr\/wp-json\/wp\/v2\/posts"}],"about":[{"href":"https:\/\/w-l-c.be\/fr\/wp-json\/wp\/v2\/types\/post"}],"author":[{"embeddable":true,"href":"https:\/\/w-l-c.be\/fr\/wp-json\/wp\/v2\/users\/7"}],"replies":[{"embeddable":true,"href":"https:\/\/w-l-c.be\/fr\/wp-json\/wp\/v2\/comments?post=31359"}],"version-history":[{"count":0,"href":"https:\/\/w-l-c.be\/fr\/wp-json\/wp\/v2\/posts\/31359\/revisions"}],"wp:featuredmedia":[{"embeddable":true,"href":"https:\/\/w-l-c.be\/fr\/wp-json\/wp\/v2\/media\/31361"}],"wp:attachment":[{"href":"https:\/\/w-l-c.be\/fr\/wp-json\/wp\/v2\/media?parent=31359"}],"wp:term":[{"taxonomy":"category","embeddable":true,"href":"https:\/\/w-l-c.be\/fr\/wp-json\/wp\/v2\/categories?post=31359"},{"taxonomy":"post_tag","embeddable":true,"href":"https:\/\/w-l-c.be\/fr\/wp-json\/wp\/v2\/tags?post=31359"}],"curies":[{"name":"wp","href":"https:\/\/api.w.org\/{rel}","templated":true}]}}