
{"id":31787,"date":"2012-11-15T08:57:16","date_gmt":"2012-11-15T08:57:16","guid":{"rendered":"http:\/\/www.cinevox.be\/?p=31787"},"modified":"2012-11-15T08:57:16","modified_gmt":"2012-11-15T08:57:16","slug":"offline-a-bruxelles-et%e2%80%a6-en-wallonie","status":"publish","type":"post","link":"https:\/\/w-l-c.be\/fr\/offline-a-bruxelles-et%e2%80%a6-en-wallonie\/","title":{"rendered":"Offline \u00e0 Bruxelles et\u2026 en Wallonie."},"content":{"rendered":"<p>On reproche souvent aux films flamands de ne pas se risquer au-del\u00e0 de leur fronti\u00e8re linguistique, leur zone de confort. Il y a plusieurs raisons objectives \u00e0 cela: les \u0153uvres belges francophones n&rsquo;affolent pas le box-office sur leur terre et les longs m\u00e9trages flamands font en g\u00e9n\u00e9ral encore beaucoup moins bien. Pourquoi d\u00e8s lors d\u00e9penser de l&rsquo;\u00e9nergie pour essayer d&rsquo;attirer quelques spectateurs qui auraient \u00e9chapp\u00e9 aux griffes de l&rsquo;agent 007 ou r\u00e9sisteraient vaillamment aux morsures du dernier \u00e9pisode de la saga Twilight? D&rsquo;autant que le territoire flamand suffit en g\u00e9n\u00e9ral \u00e0 assurer le succ\u00e8s d&rsquo;un film produit l\u00e0-bas.<\/p>\n<p><!--more--><\/p>\n<p>&nbsp;<\/p>\n<p>La probabilit\u00e9 que le grand public francophone d\u00e9cide l&rsquo;aller voir <em>Offline<\/em> est proche de z\u00e9ro. Mais quid du public cin\u00e9phile, fort choy\u00e9 ces temps-ci ? <em>La Chasse<\/em> de Thomas Vinterberg (<em>Festen<\/em>) est \u00e9galement sorti ce mercredi dans \u00e9norm\u00e9ment de salles, aur\u00e9ol\u00e9 du prix d&rsquo;interpr\u00e9tation masculine glan\u00e9 \u00e0 Cannes par l&rsquo;excellent Mads Mikkelsen tandis qu&rsquo;Olivier Assayas nous pr\u00e9sente <em>Apr\u00e8s Mai<\/em> dans un circuit plus hardcore. L&rsquo;homme a ses fans, ses fid\u00e8les. <em>Amour, Caesar must die, Holy Motors, Dans La Maison, Reality<\/em> ou\u2026 <em>Tango Libre<\/em> tentent de s&rsquo;arracher les autres amateurs de 7e Art ambitieux.<\/p>\n<p>&nbsp;<\/p>\n<p>&nbsp;<\/p>\n<p><a rel=\"attachment wp-att-31792\" href=\"http:\/\/www.cinevox.be\/offline-a-bruxelles-et%e2%80%a6-en-wallonie\/offline_20_c_piet_goethals-4\"><img loading=\"lazy\" decoding=\"async\" class=\"aligncenter size-large wp-image-31792\" title=\"offline_20_c_piet_goethals\" src=\"http:\/\/www.cinevox.be\/wp-content\/uploads\/2012\/11\/offline_20_c_piet_goethals3-800x358.jpg\" alt=\"\" width=\"640\" height=\"286\" srcset=\"https:\/\/w-l-c.be\/wp-content\/uploads\/2012\/11\/offline_20_c_piet_goethals3-800x358.jpg 800w, https:\/\/w-l-c.be\/wp-content\/uploads\/2012\/11\/offline_20_c_piet_goethals3-480x215.jpg 480w\" sizes=\"auto, (max-width: 640px) 100vw, 640px\" \/><\/a><\/p>\n<p>&nbsp;<\/p>\n<p>C&rsquo;est dire que Lumiere a bien du m\u00e9rite \u00e0 tenter sa chance chez nous avec\u00a0<em>Offline<\/em> qu&rsquo;on peut d\u00e9couvrir non seulement \u00e0 Bruxelles (Vendome), mais aussi \u00e0 Li\u00e8ge et Mons. Son atout? La qualit\u00e9 artistique d&rsquo;un drame sombre et sans concession que\u00a0<strong>Kurt Vandemaele,<\/strong> r\u00e9dacteur en chef de l&rsquo;\u00e9dition flamande de Cinevox, a r\u00e9cemment qualifi\u00e9 de \u00ab\u00a0film de classe mondiale\u00a0\u00bb. Il a m\u00eame compil\u00e9 hier les 20 raisons pour lesquelles vous ne pouvez pas manquer ce film (lire\u00a0<a href=\"http:\/\/www.cinevox.be\/nl\/20-redenen-waarom-u-offline-moet-zien\">ICI<\/a>)<\/p>\n<p>&nbsp;<\/p>\n<p>Le pitch? Il est noir et implacable. A faire passer n&rsquo;importe quelle \u0153uvre des Fr\u00e8res Dardenne pour un ersatz de\u00a0<em>La V\u00e9rit\u00e9 si je Mens : <\/em>Rudy Vandekerckhove, un ex-d\u00e9tenu assez lunatique, tente de remettre son existence sur les rails apr\u00e8s sept ann\u00e9es derri\u00e8re les barreaux. Il esp\u00e8re reprendre son ancien boulot de r\u00e9parateur de machines \u00e0 laver et se rabibocher avec la famille qu&rsquo;il a laiss\u00e9e dans son sillage \u00e0 l&rsquo;\u00e9poque. Bien qu\u2019il puisse compter pour cela sur l\u2019aide de Denise, coiffeuse pensionn\u00e9e, et de son ami Rachid, son sombre pass\u00e9 menace de le rattraper \u00e0 nouveau.<\/p>\n<p>&nbsp;<\/p>\n<p><a rel=\"attachment wp-att-31793\" href=\"http:\/\/www.cinevox.be\/offline-a-bruxelles-et%e2%80%a6-en-wallonie\/6134_filmfestival_gent___offline__van_peter_monsaert_sluit_internationale_competitie__1350459181972\"><img loading=\"lazy\" decoding=\"async\" class=\"aligncenter size-full wp-image-31793\" title=\"6134_filmfestival_gent___offline__van_peter_monsaert_sluit_internationale_competitie__1350459181972\" src=\"http:\/\/www.cinevox.be\/wp-content\/uploads\/2012\/11\/6134_filmfestival_gent___offline__van_peter_monsaert_sluit_internationale_competitie__1350459181972.jpg\" alt=\"\" width=\"650\" height=\"279\" srcset=\"https:\/\/w-l-c.be\/wp-content\/uploads\/2012\/11\/6134_filmfestival_gent___offline__van_peter_monsaert_sluit_internationale_competitie__1350459181972.jpg 650w, https:\/\/w-l-c.be\/wp-content\/uploads\/2012\/11\/6134_filmfestival_gent___offline__van_peter_monsaert_sluit_internationale_competitie__1350459181972-480x206.jpg 480w\" sizes=\"auto, (max-width: 650px) 100vw, 650px\" \/><\/a><\/p>\n<p>&nbsp;<\/p>\n<p>Aussi bizarre que cela semble, <em>Offline<\/em> est le premier long m\u00e9trage de <strong>Peter Monsaert<\/strong>. Il a essuy\u00e9 les pl\u00e2tres \u00e0 l&rsquo;occasion du 39e Festival du Film de Gand (du 9 au 20 octobre) en cl\u00f4turant la comp\u00e9tition officielle. Avec \u00e0 la clef une standing ovation d\u00e9lirante dont Kurt Vandemaele nous assure qu&rsquo;elle a secou\u00e9 les fondations du Kinepolis local qui naturellement lui a offert une belle salle pour sa sortie officielle.<\/p>\n<p>&nbsp;<\/p>\n<p>C&rsquo;est que dans la foul\u00e9e de The <em>Broken Circle Breakdown<\/em>, les sp\u00e9cialistes du cin\u00e9ma flamands s&rsquo;attendent \u00e0 un nouveau raz de mar\u00e9e. Peut-\u00eatre pas de la m\u00eame ampleur que le drame country de <strong>Felix van Groeningen<\/strong> qui avait attir\u00e9 100.000 aficionados pour ses 13 premiers jours d&rsquo;exploitation, mais on serait \u00e9tonn\u00e9 que le film ne fasse pas trois ou quatre fois mieux qu\u2019A Perdre la raison qui devrait rester le plus gros succ\u00e8s francophone de l&rsquo;ann\u00e9e autour des 35.000 spectateurs.<\/p>\n<p>&nbsp;<\/p>\n<p><a rel=\"attachment wp-att-31794\" href=\"http:\/\/www.cinevox.be\/offline-a-bruxelles-et%e2%80%a6-en-wallonie\/1008461_offline_1336045404888\"><img loading=\"lazy\" decoding=\"async\" class=\"aligncenter size-full wp-image-31794\" title=\"1008461_offline_1336045404888\" src=\"http:\/\/www.cinevox.be\/wp-content\/uploads\/2012\/11\/1008461_offline_1336045404888.jpg\" alt=\"\" width=\"750\" height=\"500\" srcset=\"https:\/\/w-l-c.be\/wp-content\/uploads\/2012\/11\/1008461_offline_1336045404888.jpg 750w, https:\/\/w-l-c.be\/wp-content\/uploads\/2012\/11\/1008461_offline_1336045404888-405x270.jpg 405w\" sizes=\"auto, (max-width: 750px) 100vw, 750px\" \/><\/a><\/p>\n<p>&nbsp;<\/p>\n<p>Premier long m\u00e9trage donc, pour un metteur en sc\u00e8ne qui vient du\u00a0 th\u00e9\u00e2tre et de l\u2019art vid\u00e9o, mais premier tr\u00e8s grand r\u00f4le flamand aussi pour \u00a0<strong>Wim Willaert<\/strong> qu&rsquo;on a d\u00e9couvert dans la production franco-belge <em>Quand la mer monte<\/em>, de <strong>Yolande Moreau<\/strong> et Gilles Porte. Le public flamand, lui, conna\u00eet surtout Wim Willaert pour ses r\u00f4les dans des films de <strong>Koen Mortier<\/strong>, <em>Ex Drummer <\/em>et <em>22 mei<\/em>. \u00c0 travers son interpr\u00e9tation de Rudy, l\u2019acteur originaire de Flandre occidentale montre qu\u2019il peut faire passer une touche de l\u00e9g\u00e8ret\u00e9 dans de grandes \u00e9motions, d\u2019une fa\u00e7on tr\u00e8s personnelle. Il faut dire que son r\u00f4le est dur et difficile. Beaucoup de charisme \u00e9tait n\u00e9cessaire pour le mettre en valeur. Autour de lui, de nouveaux talents : <strong>Anemone Valcke<\/strong>, r\u00e9v\u00e9l\u00e9e par Moscow, <em>Belgium et Oxyg\u00e8ne\/Adem<\/em> et <strong>Robrecht Vanden Thoren,<\/strong> vu dans <em>Hasta la Vista.<\/em><\/p>\n<p>&nbsp;<\/p>\n<p>Un autre atout d&rsquo;<em>Offline <\/em>est la bande originale, que Triggerfinger a compos\u00e9e. La tonalit\u00e9 s\u2019\u00e9carte parfois de ce \u00e0 quoi nous a accoutum\u00e9s le groupe anversois le plus en vue du moment. <strong>Ruben Block<\/strong> et les siens ont enregistr\u00e9 cette B.O. au cours de leur tourn\u00e9e internationale dans un studio mobile. \u00c0 c\u00f4t\u00e9 du rock engag\u00e9 et tonitruant dont ils sont friands, Triggerfinger propose une s\u00e9rie de morceaux plus classiques, voire un rien m\u00e9lancoliques, et m\u00eame une plage inattendue qui n&rsquo;est pas sans \u00e9voquer Chemical Brothers. En pr\u00e9sentant son projet, Peter Monsaert a justifi\u00e9 son choix de Triggerfinger en d\u00e9clarant que le groupe r\u00e9unissait dans sa musique les extr\u00eames qui caract\u00e9risaient Rudy Vandekerckhove, son h\u00e9ros : \u00ab col\u00e8re et d\u00e9solation, doubl\u00e9es de r\u00e9signation et de m\u00e9lancolie \u00bb.<\/p>\n<p>&nbsp;<\/p>\n<p>En Flandre, <em>Offline <\/em>va naturellement s&rsquo;offrir la tourn\u00e9e des Grands Ducs. Tous les complexes lui ouvrent les bras, programmant d\u00e9sormais deux films flamands majeurs puisque <em>The Broken Circle Breakdown<\/em> conserve l&rsquo;essentiel de ses s\u00e9ances. Et dire que dans un gros mois d\u00e9barque <em>Brasserie Romantiek,<\/em> calibr\u00e9 pour \u00eatre le grand succ\u00e8s populaire des f\u00eates d&rsquo;Ostende \u00e0 Genk, de Courtrai \u00e0 Anvers\u00a0 en passant par Bruges, Gand et Bruxelles. Bienheureux les producteurs, distributeurs et exploitants du Nord qui peuvent compter sur la ferveur d&rsquo;un public connaisseur et fid\u00e8le\u2026.<\/p>\n<p>&nbsp;<\/p>\n","protected":false},"excerpt":{"rendered":"<p>On reproche souvent aux films flamands de ne pas se risquer au-del\u00e0 de leur fronti\u00e8re linguistique, leur zone de confort. Il y a plusieurs raisons objectives \u00e0 cela: les \u0153uvres belges francophones n&rsquo;affolent pas le box-office sur leur terre et les longs m\u00e9trages flamands font en g\u00e9n\u00e9ral encore beaucoup moins bien. Pourquoi d\u00e8s lors d\u00e9penser &hellip;<\/p>\n","protected":false},"author":7,"featured_media":31796,"comment_status":"closed","ping_status":"closed","sticky":false,"template":"","format":"standard","meta":{"ngg_post_thumbnail":0,"footnotes":""},"categories":[10,7],"tags":[],"class_list":["post-31787","post","type-post","status-publish","format-standard","has-post-thumbnail","","category-a-l-affiche","category-actualites"],"yoast_head":"<!-- This site is optimized with the Yoast SEO plugin v20.4 - https:\/\/yoast.com\/wordpress\/plugins\/seo\/ -->\n<title>Offline \u00e0 Bruxelles et\u2026 en Wallonie. - w-l-c<\/title>\n<meta name=\"robots\" content=\"noindex, follow, max-snippet:-1, max-image-preview:large, max-video-preview:-1\" \/>\n<meta property=\"og:locale\" content=\"fr_FR\" \/>\n<meta property=\"og:type\" content=\"article\" \/>\n<meta property=\"og:title\" content=\"Offline \u00e0 Bruxelles et\u2026 en Wallonie. - w-l-c\" \/>\n<meta property=\"og:description\" content=\"On reproche souvent aux films flamands de ne pas se risquer au-del\u00e0 de leur fronti\u00e8re linguistique, leur zone de confort. Il y a plusieurs raisons objectives \u00e0 cela: les \u0153uvres belges francophones n&rsquo;affolent pas le box-office sur leur terre et les longs m\u00e9trages flamands font en g\u00e9n\u00e9ral encore beaucoup moins bien. Pourquoi d\u00e8s lors d\u00e9penser &hellip;\" \/>\n<meta property=\"og:url\" content=\"https:\/\/w-l-c.be\/fr\/offline-a-bruxelles-et\u2026-en-wallonie\/\" \/>\n<meta property=\"og:site_name\" content=\"w-l-c\" \/>\n<meta property=\"article:published_time\" content=\"2012-11-15T08:57:16+00:00\" \/>\n<meta property=\"og:image\" content=\"https:\/\/w-l-c.be\/wp-content\/uploads\/2012\/11\/dd1-2.jpg\" \/>\n\t<meta property=\"og:image:width\" content=\"800\" \/>\n\t<meta property=\"og:image:height\" content=\"532\" \/>\n\t<meta property=\"og:image:type\" content=\"image\/jpeg\" \/>\n<meta name=\"author\" content=\"Philippe.Pierquin\" \/>\n<meta name=\"twitter:card\" content=\"summary_large_image\" \/>\n<meta name=\"twitter:label1\" content=\"\u00c9crit par\" \/>\n\t<meta name=\"twitter:data1\" content=\"Philippe.Pierquin\" \/>\n\t<meta name=\"twitter:label2\" content=\"Dur\u00e9e de lecture estim\u00e9e\" \/>\n\t<meta name=\"twitter:data2\" content=\"5 minutes\" \/>\n<script type=\"application\/ld+json\" class=\"yoast-schema-graph\">{\"@context\":\"https:\/\/schema.org\",\"@graph\":[{\"@type\":\"WebPage\",\"@id\":\"https:\/\/w-l-c.be\/fr\/offline-a-bruxelles-et%e2%80%a6-en-wallonie\/\",\"url\":\"https:\/\/w-l-c.be\/fr\/offline-a-bruxelles-et%e2%80%a6-en-wallonie\/\",\"name\":\"Offline \u00e0 Bruxelles et\u2026 en Wallonie. - w-l-c\",\"isPartOf\":{\"@id\":\"https:\/\/w-l-c.be\/fr\/#website\"},\"datePublished\":\"2012-11-15T08:57:16+00:00\",\"dateModified\":\"2012-11-15T08:57:16+00:00\",\"author\":{\"@id\":\"https:\/\/w-l-c.be\/fr\/#\/schema\/person\/4b9b1d857f0943453a38a7c2859ef756\"},\"breadcrumb\":{\"@id\":\"https:\/\/w-l-c.be\/fr\/offline-a-bruxelles-et%e2%80%a6-en-wallonie\/#breadcrumb\"},\"inLanguage\":\"fr-FR\",\"potentialAction\":[{\"@type\":\"ReadAction\",\"target\":[\"https:\/\/w-l-c.be\/fr\/offline-a-bruxelles-et%e2%80%a6-en-wallonie\/\"]}]},{\"@type\":\"BreadcrumbList\",\"@id\":\"https:\/\/w-l-c.be\/fr\/offline-a-bruxelles-et%e2%80%a6-en-wallonie\/#breadcrumb\",\"itemListElement\":[{\"@type\":\"ListItem\",\"position\":1,\"name\":\"Accueil\",\"item\":\"https:\/\/w-l-c.be\/fr\/\"},{\"@type\":\"ListItem\",\"position\":2,\"name\":\"Offline \u00e0 Bruxelles et\u2026 en Wallonie.\"}]},{\"@type\":\"WebSite\",\"@id\":\"https:\/\/w-l-c.be\/fr\/#website\",\"url\":\"https:\/\/w-l-c.be\/fr\/\",\"name\":\"w-l-c\",\"description\":\"Le cin\u00e9ma vu par les belges\",\"potentialAction\":[{\"@type\":\"SearchAction\",\"target\":{\"@type\":\"EntryPoint\",\"urlTemplate\":\"https:\/\/w-l-c.be\/fr\/?s={search_term_string}\"},\"query-input\":\"required name=search_term_string\"}],\"inLanguage\":\"fr-FR\"},{\"@type\":\"Person\",\"@id\":\"https:\/\/w-l-c.be\/fr\/#\/schema\/person\/4b9b1d857f0943453a38a7c2859ef756\",\"name\":\"Philippe.Pierquin\",\"url\":\"https:\/\/w-l-c.be\/fr\/author\/philippe-pierquin\/\"}]}<\/script>\n<!-- \/ Yoast SEO plugin. -->","yoast_head_json":{"title":"Offline \u00e0 Bruxelles et\u2026 en Wallonie. - w-l-c","robots":{"index":"noindex","follow":"follow","max-snippet":"max-snippet:-1","max-image-preview":"max-image-preview:large","max-video-preview":"max-video-preview:-1"},"og_locale":"fr_FR","og_type":"article","og_title":"Offline \u00e0 Bruxelles et\u2026 en Wallonie. - w-l-c","og_description":"On reproche souvent aux films flamands de ne pas se risquer au-del\u00e0 de leur fronti\u00e8re linguistique, leur zone de confort. Il y a plusieurs raisons objectives \u00e0 cela: les \u0153uvres belges francophones n&rsquo;affolent pas le box-office sur leur terre et les longs m\u00e9trages flamands font en g\u00e9n\u00e9ral encore beaucoup moins bien. Pourquoi d\u00e8s lors d\u00e9penser &hellip;","og_url":"https:\/\/w-l-c.be\/fr\/offline-a-bruxelles-et\u2026-en-wallonie\/","og_site_name":"w-l-c","article_published_time":"2012-11-15T08:57:16+00:00","og_image":[{"width":"800","height":"532","url":"https:\/\/w-l-c.be\/wp-content\/uploads\/2012\/11\/dd1-2.jpg","type":"image\/jpeg"}],"author":"Philippe.Pierquin","twitter_card":"summary_large_image","twitter_misc":{"\u00c9crit par":"Philippe.Pierquin","Dur\u00e9e de lecture estim\u00e9e":"5 minutes"},"schema":{"@context":"https:\/\/schema.org","@graph":[{"@type":"WebPage","@id":"https:\/\/w-l-c.be\/fr\/offline-a-bruxelles-et%e2%80%a6-en-wallonie\/","url":"https:\/\/w-l-c.be\/fr\/offline-a-bruxelles-et%e2%80%a6-en-wallonie\/","name":"Offline \u00e0 Bruxelles et\u2026 en Wallonie. - w-l-c","isPartOf":{"@id":"https:\/\/w-l-c.be\/fr\/#website"},"datePublished":"2012-11-15T08:57:16+00:00","dateModified":"2012-11-15T08:57:16+00:00","author":{"@id":"https:\/\/w-l-c.be\/fr\/#\/schema\/person\/4b9b1d857f0943453a38a7c2859ef756"},"breadcrumb":{"@id":"https:\/\/w-l-c.be\/fr\/offline-a-bruxelles-et%e2%80%a6-en-wallonie\/#breadcrumb"},"inLanguage":"fr-FR","potentialAction":[{"@type":"ReadAction","target":["https:\/\/w-l-c.be\/fr\/offline-a-bruxelles-et%e2%80%a6-en-wallonie\/"]}]},{"@type":"BreadcrumbList","@id":"https:\/\/w-l-c.be\/fr\/offline-a-bruxelles-et%e2%80%a6-en-wallonie\/#breadcrumb","itemListElement":[{"@type":"ListItem","position":1,"name":"Accueil","item":"https:\/\/w-l-c.be\/fr\/"},{"@type":"ListItem","position":2,"name":"Offline \u00e0 Bruxelles et\u2026 en Wallonie."}]},{"@type":"WebSite","@id":"https:\/\/w-l-c.be\/fr\/#website","url":"https:\/\/w-l-c.be\/fr\/","name":"w-l-c","description":"Le cin\u00e9ma vu par les belges","potentialAction":[{"@type":"SearchAction","target":{"@type":"EntryPoint","urlTemplate":"https:\/\/w-l-c.be\/fr\/?s={search_term_string}"},"query-input":"required name=search_term_string"}],"inLanguage":"fr-FR"},{"@type":"Person","@id":"https:\/\/w-l-c.be\/fr\/#\/schema\/person\/4b9b1d857f0943453a38a7c2859ef756","name":"Philippe.Pierquin","url":"https:\/\/w-l-c.be\/fr\/author\/philippe-pierquin\/"}]}},"_links":{"self":[{"href":"https:\/\/w-l-c.be\/fr\/wp-json\/wp\/v2\/posts\/31787","targetHints":{"allow":["GET"]}}],"collection":[{"href":"https:\/\/w-l-c.be\/fr\/wp-json\/wp\/v2\/posts"}],"about":[{"href":"https:\/\/w-l-c.be\/fr\/wp-json\/wp\/v2\/types\/post"}],"author":[{"embeddable":true,"href":"https:\/\/w-l-c.be\/fr\/wp-json\/wp\/v2\/users\/7"}],"replies":[{"embeddable":true,"href":"https:\/\/w-l-c.be\/fr\/wp-json\/wp\/v2\/comments?post=31787"}],"version-history":[{"count":0,"href":"https:\/\/w-l-c.be\/fr\/wp-json\/wp\/v2\/posts\/31787\/revisions"}],"wp:featuredmedia":[{"embeddable":true,"href":"https:\/\/w-l-c.be\/fr\/wp-json\/wp\/v2\/media\/31796"}],"wp:attachment":[{"href":"https:\/\/w-l-c.be\/fr\/wp-json\/wp\/v2\/media?parent=31787"}],"wp:term":[{"taxonomy":"category","embeddable":true,"href":"https:\/\/w-l-c.be\/fr\/wp-json\/wp\/v2\/categories?post=31787"},{"taxonomy":"post_tag","embeddable":true,"href":"https:\/\/w-l-c.be\/fr\/wp-json\/wp\/v2\/tags?post=31787"}],"curies":[{"name":"wp","href":"https:\/\/api.w.org\/{rel}","templated":true}]}}