
{"id":32103,"date":"2012-11-23T21:17:13","date_gmt":"2012-11-23T21:17:13","guid":{"rendered":"http:\/\/www.cinevox.be\/?p=32103"},"modified":"2012-11-23T21:19:19","modified_gmt":"2012-11-23T21:19:19","slug":"offline-triomphe-a-amiens-quatre-prix","status":"publish","type":"post","link":"https:\/\/w-l-c.be\/fr\/offline-triomphe-a-amiens-quatre-prix\/","title":{"rendered":"Offline triomphe \u00e0 Amiens : quatre prix !"},"content":{"rendered":"<p>Le jury du 32e Festival international du film d\u2019Amiens vient de remettre ses prix. Le film belge\u00a0<strong>OFFLINE<\/strong>, actuellement dans les salles en Belgique, en est le grand vainqueur.<!--more--><\/p>\n<p>Le premier long-m\u00e9trage du Gantois <strong>Peter Monsaer<\/strong>t a non seulement remport\u00e9 le\u00a0<strong>Grand Prix du Long-M\u00e9trage<\/strong> (la \u00ab Licorne d\u2019Or \u00bb), il a aussi rafl\u00e9 les prix de la\u00a0<strong>Meilleure Actrice <\/strong>pour<strong> Anemone Valcke<\/strong> et du\u00a0<strong>Meilleur Acteur <\/strong>pour <strong>Wim Willaert<\/strong>. Le film a \u00e9galement \u00e9t\u00e9 distingu\u00e9 par le\u00a0<strong>Prix Signis<\/strong>, d\u00e9cern\u00e9 par l\u2019Association catholique mondiale pour la communication.<\/p>\n<p>Monsaert et ses com\u00e9diens, visiblement \u00e9mus et reconnaissants, \u00e9taient pr\u00e9sents \u00e0 la c\u00e9r\u00e9monie. Pour le jeune r\u00e9alisateur, ce prix signifie \u00ab un r\u00eave devenu r\u00e9alit\u00e9 \u00bb.<\/p>\n<p>Plus t\u00f4t cette semaine, OFFLINE a fait un passage remarqu\u00e9 \u00e0 Amiens, suscitant des r\u00e9actions \u00a0chaleureuses et enthousiastes de la part d&rsquo;un public assidu. A la vue du palmar\u00e8s on se dit que le jury semble avoir \u00e9t\u00e9 impressionn\u00e9 lui aussi. puisqu&rsquo;il la pl\u00e9biscit\u00e9 trois fois dans une comp\u00e9tition internationale o\u00f9\u00a0s\u2019affrontaient\u00a0neuf longs-m\u00e9trages.<br \/>\nLe Grand Prix du Meilleur Film est doubl\u00e9 par une prime \u00e0 la distribution qui peut ouvrir au film les portes d\u2019une carri\u00e8re dans les salles fran\u00e7aises.<\/p>\n<p>&nbsp;<\/p>\n<p><a rel=\"attachment wp-att-32108\" href=\"http:\/\/www.cinevox.be\/offline-triomphe-a-amiens-quatre-prix\/offline_20_c_piet_goethals-6\"><img loading=\"lazy\" decoding=\"async\" class=\"aligncenter size-full wp-image-32108\" title=\"offline_20_c_piet_goethals\" src=\"http:\/\/www.cinevox.be\/wp-content\/uploads\/2012\/11\/offline_20_c_piet_goethals5.jpg\" alt=\"\" width=\"5320\" height=\"2386\" srcset=\"https:\/\/w-l-c.be\/wp-content\/uploads\/2012\/11\/offline_20_c_piet_goethals5.jpg 5320w, https:\/\/w-l-c.be\/wp-content\/uploads\/2012\/11\/offline_20_c_piet_goethals5-480x215.jpg 480w, https:\/\/w-l-c.be\/wp-content\/uploads\/2012\/11\/offline_20_c_piet_goethals5-800x358.jpg 800w\" sizes=\"auto, (max-width: 5320px) 100vw, 5320px\" \/><\/a><\/p>\n<p>&nbsp;<\/p>\n<p>Le Festival International du Film d\u2019Amiens est organis\u00e9 depuis 1980 et se concentre sur les films europ\u00e9ens, asiatiques et latino-am\u00e9ricains. Il est une valeur s\u00fbre du circuit des festivals cin\u00e9matographiques fran\u00e7ais. Le directeur artistique Fabien Gaffez parle avec passion d\u2019un \u00ab laur\u00e9at m\u00e9ritant \u00bb. M. Gaffez est \u00e9galement membre du comit\u00e9 de s\u00e9lection de la Semaine de la Critique de Cannes.<\/p>\n<p>Pour m\u00e9moire, Offine \u00e9tait d\u00e9j\u00e0 en comp\u00e9tition au Festival International du Film de Gand o\u00f9 il a \u00e9veill\u00e9 l&rsquo;enthousiasme du public.<\/p>\n<p>Il s&rsquo;agit du premier long-m\u00e9trage de Peter Monsaert, qui \u00e9tait d\u00e9j\u00e0 engag\u00e9 dans diverses autres formes d&rsquo;art telles que le th\u00e9\u00e2tre et des installations vid\u00e9o. Le film raconte l\u2019histoire de Rudy et Vicky, deux \u00e2mes perdues qui se rencontrent en ligne. Dans l&rsquo;anonymat de l&rsquo;internet, ils semblent s&rsquo;\u00e9panouir sous l&rsquo;influence de l&rsquo;autre, mais dans la vie r\u00e9elle, ils ont chacun une histoire tr\u00e8s douloureuse \u00e0 porter.<\/p>\n<p>&nbsp;<\/p>\n<p>&nbsp;<\/p>\n<p><a rel=\"attachment wp-att-32104\" href=\"http:\/\/www.cinevox.be\/offline-triomphe-a-amiens-quatre-prix\/1353_offline_3_rv\"><img loading=\"lazy\" decoding=\"async\" class=\"aligncenter size-full wp-image-32104\" title=\"1353_offline_3_rv\" src=\"http:\/\/www.cinevox.be\/wp-content\/uploads\/2012\/11\/1353_offline_3_rv.jpg\" alt=\"\" width=\"620\" height=\"349\" srcset=\"https:\/\/w-l-c.be\/wp-content\/uploads\/2012\/11\/1353_offline_3_rv.jpg 620w, https:\/\/w-l-c.be\/wp-content\/uploads\/2012\/11\/1353_offline_3_rv-200x113.jpg 200w, https:\/\/w-l-c.be\/wp-content\/uploads\/2012\/11\/1353_offline_3_rv-480x270.jpg 480w, https:\/\/w-l-c.be\/wp-content\/uploads\/2012\/11\/1353_offline_3_rv-300x169.jpg 300w\" sizes=\"auto, (max-width: 620px) 100vw, 620px\" \/><\/a><\/p>\n<p>&nbsp;<\/p>\n<p><strong>Anemone Valcke<\/strong> (22 ans) est actuellement en derni\u00e8re ann\u00e9e d&rsquo;art dramatique \u00e0 la School of Arts de Gand. Elle a fait ses d\u00e9buts au cin\u00e9ma dans le film <em>Moscow, Belgium<\/em>. Depuis, on a \u00e9galement pu la voir dans <em>Bo<\/em> et dans <em>Oxyg\u00e8ne<\/em>. Apr\u00e8s avoir d\u00e9croch\u00e9 en 2011 le titre de Meilleure Actrice dans un Second R\u00f4le aux Vlaamse Filmprijzen pour son interpr\u00e9tation dans <em>Oxyg\u00e8ne<\/em>, il s\u2019agit de sa deuxi\u00e8me grande r\u00e9compense et de sa premi\u00e8re sur la sc\u00e8ne internationale.<\/p>\n<p>&nbsp;<\/p>\n<p><a rel=\"attachment wp-att-32109\" href=\"http:\/\/www.cinevox.be\/offline-triomphe-a-amiens-quatre-prix\/4-6\"><img loading=\"lazy\" decoding=\"async\" class=\"aligncenter size-full wp-image-32109\" title=\"4\" src=\"http:\/\/www.cinevox.be\/wp-content\/uploads\/2012\/11\/42.jpg\" alt=\"\" width=\"720\" height=\"280\" srcset=\"https:\/\/w-l-c.be\/wp-content\/uploads\/2012\/11\/42.jpg 720w, https:\/\/w-l-c.be\/wp-content\/uploads\/2012\/11\/42-480x186.jpg 480w\" sizes=\"auto, (max-width: 720px) 100vw, 720px\" \/><\/a><\/p>\n<p>&nbsp;<\/p>\n<p><strong>Wim Willaert<\/strong> (45 ans) est un musicien et acteur qui a gagn\u00e9 ses galons au th\u00e9\u00e2tre, dans des s\u00e9ries t\u00e9l\u00e9vis\u00e9es ainsi que dans des longs et courts-m\u00e9trages. Il ne s\u2019agit pas de la premi\u00e8re distinction de Wim Willaert pour un r\u00f4le principal. Il avait d\u00e9j\u00e0 gagn\u00e9 le Bayard d\u2019Or du Meilleur com\u00e9dien lors de l\u2019\u00e9dition 2004 du Festival International du Film Francophone de Namur pour son r\u00f4le dans <em>Quand la mer monte <\/em>aux c\u00f4t\u00e9s de\u00a0<strong>Yolande Moreau.<\/strong><\/p>\n<p>&nbsp;<\/p>\n","protected":false},"excerpt":{"rendered":"<p>Le jury du 32e Festival international du film d\u2019Amiens vient de remettre ses prix. Le film belge\u00a0OFFLINE, actuellement dans les salles en Belgique, en est le grand vainqueur.<\/p>\n","protected":false},"author":7,"featured_media":32111,"comment_status":"closed","ping_status":"closed","sticky":false,"template":"","format":"standard","meta":{"ngg_post_thumbnail":0,"footnotes":""},"categories":[12,7],"tags":[],"class_list":["post-32103","post","type-post","status-publish","format-standard","has-post-thumbnail","","category-awards","category-actualites"],"yoast_head":"<!-- This site is optimized with the Yoast SEO plugin v20.4 - https:\/\/yoast.com\/wordpress\/plugins\/seo\/ -->\n<title>Offline triomphe \u00e0 Amiens : quatre prix ! - w-l-c<\/title>\n<meta name=\"robots\" content=\"noindex, follow, max-snippet:-1, max-image-preview:large, max-video-preview:-1\" \/>\n<meta property=\"og:locale\" content=\"fr_FR\" \/>\n<meta property=\"og:type\" content=\"article\" \/>\n<meta property=\"og:title\" content=\"Offline triomphe \u00e0 Amiens : quatre prix ! - w-l-c\" \/>\n<meta property=\"og:description\" content=\"Le jury du 32e Festival international du film d\u2019Amiens vient de remettre ses prix. Le film belge\u00a0OFFLINE, actuellement dans les salles en Belgique, en est le grand vainqueur.\" \/>\n<meta property=\"og:url\" content=\"https:\/\/w-l-c.be\/fr\/offline-triomphe-a-amiens-quatre-prix\/\" \/>\n<meta property=\"og:site_name\" content=\"w-l-c\" \/>\n<meta property=\"article:published_time\" content=\"2012-11-23T21:17:13+00:00\" \/>\n<meta property=\"article:modified_time\" content=\"2012-11-23T21:19:19+00:00\" \/>\n<meta property=\"og:image\" content=\"https:\/\/w-l-c.be\/wp-content\/uploads\/2012\/11\/mc_film_offline_640x300-1.jpg\" \/>\n\t<meta property=\"og:image:width\" content=\"640\" \/>\n\t<meta property=\"og:image:height\" content=\"300\" \/>\n\t<meta property=\"og:image:type\" content=\"image\/jpeg\" \/>\n<meta name=\"author\" content=\"Philippe.Pierquin\" \/>\n<meta name=\"twitter:card\" content=\"summary_large_image\" \/>\n<meta name=\"twitter:label1\" content=\"\u00c9crit par\" \/>\n\t<meta name=\"twitter:data1\" content=\"Philippe.Pierquin\" \/>\n\t<meta name=\"twitter:label2\" content=\"Dur\u00e9e de lecture estim\u00e9e\" \/>\n\t<meta name=\"twitter:data2\" content=\"3 minutes\" \/>\n<script type=\"application\/ld+json\" class=\"yoast-schema-graph\">{\"@context\":\"https:\/\/schema.org\",\"@graph\":[{\"@type\":\"WebPage\",\"@id\":\"https:\/\/w-l-c.be\/fr\/offline-triomphe-a-amiens-quatre-prix\/\",\"url\":\"https:\/\/w-l-c.be\/fr\/offline-triomphe-a-amiens-quatre-prix\/\",\"name\":\"Offline triomphe \u00e0 Amiens : quatre prix ! - w-l-c\",\"isPartOf\":{\"@id\":\"https:\/\/w-l-c.be\/fr\/#website\"},\"datePublished\":\"2012-11-23T21:17:13+00:00\",\"dateModified\":\"2012-11-23T21:19:19+00:00\",\"author\":{\"@id\":\"https:\/\/w-l-c.be\/fr\/#\/schema\/person\/4b9b1d857f0943453a38a7c2859ef756\"},\"breadcrumb\":{\"@id\":\"https:\/\/w-l-c.be\/fr\/offline-triomphe-a-amiens-quatre-prix\/#breadcrumb\"},\"inLanguage\":\"fr-FR\",\"potentialAction\":[{\"@type\":\"ReadAction\",\"target\":[\"https:\/\/w-l-c.be\/fr\/offline-triomphe-a-amiens-quatre-prix\/\"]}]},{\"@type\":\"BreadcrumbList\",\"@id\":\"https:\/\/w-l-c.be\/fr\/offline-triomphe-a-amiens-quatre-prix\/#breadcrumb\",\"itemListElement\":[{\"@type\":\"ListItem\",\"position\":1,\"name\":\"Accueil\",\"item\":\"https:\/\/w-l-c.be\/fr\/\"},{\"@type\":\"ListItem\",\"position\":2,\"name\":\"Offline triomphe \u00e0 Amiens : quatre prix !\"}]},{\"@type\":\"WebSite\",\"@id\":\"https:\/\/w-l-c.be\/fr\/#website\",\"url\":\"https:\/\/w-l-c.be\/fr\/\",\"name\":\"w-l-c\",\"description\":\"Le cin\u00e9ma vu par les belges\",\"potentialAction\":[{\"@type\":\"SearchAction\",\"target\":{\"@type\":\"EntryPoint\",\"urlTemplate\":\"https:\/\/w-l-c.be\/fr\/?s={search_term_string}\"},\"query-input\":\"required name=search_term_string\"}],\"inLanguage\":\"fr-FR\"},{\"@type\":\"Person\",\"@id\":\"https:\/\/w-l-c.be\/fr\/#\/schema\/person\/4b9b1d857f0943453a38a7c2859ef756\",\"name\":\"Philippe.Pierquin\",\"url\":\"https:\/\/w-l-c.be\/fr\/author\/philippe-pierquin\/\"}]}<\/script>\n<!-- \/ Yoast SEO plugin. -->","yoast_head_json":{"title":"Offline triomphe \u00e0 Amiens : quatre prix ! - w-l-c","robots":{"index":"noindex","follow":"follow","max-snippet":"max-snippet:-1","max-image-preview":"max-image-preview:large","max-video-preview":"max-video-preview:-1"},"og_locale":"fr_FR","og_type":"article","og_title":"Offline triomphe \u00e0 Amiens : quatre prix ! - w-l-c","og_description":"Le jury du 32e Festival international du film d\u2019Amiens vient de remettre ses prix. Le film belge\u00a0OFFLINE, actuellement dans les salles en Belgique, en est le grand vainqueur.","og_url":"https:\/\/w-l-c.be\/fr\/offline-triomphe-a-amiens-quatre-prix\/","og_site_name":"w-l-c","article_published_time":"2012-11-23T21:17:13+00:00","article_modified_time":"2012-11-23T21:19:19+00:00","og_image":[{"width":"640","height":"300","url":"https:\/\/w-l-c.be\/wp-content\/uploads\/2012\/11\/mc_film_offline_640x300-1.jpg","type":"image\/jpeg"}],"author":"Philippe.Pierquin","twitter_card":"summary_large_image","twitter_misc":{"\u00c9crit par":"Philippe.Pierquin","Dur\u00e9e de lecture estim\u00e9e":"3 minutes"},"schema":{"@context":"https:\/\/schema.org","@graph":[{"@type":"WebPage","@id":"https:\/\/w-l-c.be\/fr\/offline-triomphe-a-amiens-quatre-prix\/","url":"https:\/\/w-l-c.be\/fr\/offline-triomphe-a-amiens-quatre-prix\/","name":"Offline triomphe \u00e0 Amiens : quatre prix ! - w-l-c","isPartOf":{"@id":"https:\/\/w-l-c.be\/fr\/#website"},"datePublished":"2012-11-23T21:17:13+00:00","dateModified":"2012-11-23T21:19:19+00:00","author":{"@id":"https:\/\/w-l-c.be\/fr\/#\/schema\/person\/4b9b1d857f0943453a38a7c2859ef756"},"breadcrumb":{"@id":"https:\/\/w-l-c.be\/fr\/offline-triomphe-a-amiens-quatre-prix\/#breadcrumb"},"inLanguage":"fr-FR","potentialAction":[{"@type":"ReadAction","target":["https:\/\/w-l-c.be\/fr\/offline-triomphe-a-amiens-quatre-prix\/"]}]},{"@type":"BreadcrumbList","@id":"https:\/\/w-l-c.be\/fr\/offline-triomphe-a-amiens-quatre-prix\/#breadcrumb","itemListElement":[{"@type":"ListItem","position":1,"name":"Accueil","item":"https:\/\/w-l-c.be\/fr\/"},{"@type":"ListItem","position":2,"name":"Offline triomphe \u00e0 Amiens : quatre prix !"}]},{"@type":"WebSite","@id":"https:\/\/w-l-c.be\/fr\/#website","url":"https:\/\/w-l-c.be\/fr\/","name":"w-l-c","description":"Le cin\u00e9ma vu par les belges","potentialAction":[{"@type":"SearchAction","target":{"@type":"EntryPoint","urlTemplate":"https:\/\/w-l-c.be\/fr\/?s={search_term_string}"},"query-input":"required name=search_term_string"}],"inLanguage":"fr-FR"},{"@type":"Person","@id":"https:\/\/w-l-c.be\/fr\/#\/schema\/person\/4b9b1d857f0943453a38a7c2859ef756","name":"Philippe.Pierquin","url":"https:\/\/w-l-c.be\/fr\/author\/philippe-pierquin\/"}]}},"_links":{"self":[{"href":"https:\/\/w-l-c.be\/fr\/wp-json\/wp\/v2\/posts\/32103","targetHints":{"allow":["GET"]}}],"collection":[{"href":"https:\/\/w-l-c.be\/fr\/wp-json\/wp\/v2\/posts"}],"about":[{"href":"https:\/\/w-l-c.be\/fr\/wp-json\/wp\/v2\/types\/post"}],"author":[{"embeddable":true,"href":"https:\/\/w-l-c.be\/fr\/wp-json\/wp\/v2\/users\/7"}],"replies":[{"embeddable":true,"href":"https:\/\/w-l-c.be\/fr\/wp-json\/wp\/v2\/comments?post=32103"}],"version-history":[{"count":0,"href":"https:\/\/w-l-c.be\/fr\/wp-json\/wp\/v2\/posts\/32103\/revisions"}],"wp:featuredmedia":[{"embeddable":true,"href":"https:\/\/w-l-c.be\/fr\/wp-json\/wp\/v2\/media\/32111"}],"wp:attachment":[{"href":"https:\/\/w-l-c.be\/fr\/wp-json\/wp\/v2\/media?parent=32103"}],"wp:term":[{"taxonomy":"category","embeddable":true,"href":"https:\/\/w-l-c.be\/fr\/wp-json\/wp\/v2\/categories?post=32103"},{"taxonomy":"post_tag","embeddable":true,"href":"https:\/\/w-l-c.be\/fr\/wp-json\/wp\/v2\/tags?post=32103"}],"curies":[{"name":"wp","href":"https:\/\/api.w.org\/{rel}","templated":true}]}}