
{"id":32371,"date":"2013-02-21T04:40:10","date_gmt":"2013-02-21T04:40:10","guid":{"rendered":"http:\/\/www.cinevox.be\/?p=32371"},"modified":"2013-02-21T05:42:16","modified_gmt":"2013-02-21T05:42:16","slug":"le-monde-nous-appartient-une-tragedie-moderne","status":"publish","type":"post","link":"https:\/\/w-l-c.be\/fr\/le-monde-nous-appartient-une-tragedie-moderne\/","title":{"rendered":"Le Monde nous appartient <br> Une trag\u00e9die moderne"},"content":{"rendered":"<p>C\u2019est l\u2019histoire de deux gars qui n\u2019auraient jamais d\u00fb se rencontrer. Ils sont jeunes, ils ont la vie devant eux : le monde leur appartient.<!--more--><\/p>\n<p>&nbsp;<\/p>\n<p>Julien (Ymanol Perset) est footballeur dans un club bruxellois. Il adore glander et r\u00eave de buts capitaux, de gloire, d\u2019argent. De femmes faciles et d\u00e9sirables. Il attend que son coach (Albert Cartier) lui donne une chance de briller. Une seule. Qu\u2019il le titularise, mais l\u2019entra\u00eeneur ne semble pas compter sur lui. Il vit chez son p\u00e8re (Olivier Gourmet), un sapeur-pompier un peu paum\u00e9 depuis la mort de son \u00e9pouse. Un homme courageux, mais qui vit en marge du monde, qui d\u00e9sesp\u00e8re de voir son fils r\u00e9ussir un jour.<\/p>\n<p>&nbsp;<\/p>\n<p>L\u2019autre, Pouga, est une petite frappe. Dot\u00e9 d\u2019un caract\u00e8re tr\u00e8s borderline, il (Vincent Rottiers) n\u2019arrive pas \u00e0 garder un boulot. Il ne croise plus son p\u00e8re, un malfrat lui aussi, mais jouissant d\u2019une certaine r\u00e9putation. Craint et respect\u00e9. Pourrait-il marcher dans ses traces? En attendant, il fr\u00e9quente le Forem. Moins pour trouver un job que pour rencontrer l\u2019employ\u00e9e (Dinara Droukarova) qui g\u00e8re son dossier, une femme un peu plus \u00e2g\u00e9e que lui, mais qui ne le laisse pas indiff\u00e9rent.<\/p>\n<p>Lorsque Zoltan (Reda Kateb) revient en ville, son existence bascule. Il voit l\u00e0 l\u2019opportunit\u00e9 d\u2019entrer de plain-pied dans l&rsquo;univers du banditisme. Au m\u00eame moment, Julien profite de la blessure d\u2019un co\u00e9quipier pour enfin commencer un match. La vie d\u00e9marre pour ces deux hommes. Mais elle va s\u2019arr\u00eater soudainement pour l\u2019un des deux.<\/p>\n<p>&nbsp;<\/p>\n<p><a rel=\"attachment wp-att-32372\" href=\"http:\/\/www.cinevox.be\/le-monde-nous-appartient-une-tragedie-moderne\/alice-pacaud-5\"><img loading=\"lazy\" decoding=\"async\" class=\"alignright size-large wp-image-32372\" title=\"Alice Pacaud 5\" src=\"http:\/\/www.cinevox.be\/wp-content\/uploads\/2012\/11\/Alice-Pacaud-5-400x600.jpg\" alt=\"\" width=\"400\" height=\"600\" srcset=\"https:\/\/w-l-c.be\/wp-content\/uploads\/2012\/11\/Alice-Pacaud-5-400x600.jpg 400w, https:\/\/w-l-c.be\/wp-content\/uploads\/2012\/11\/Alice-Pacaud-5-180x270.jpg 180w, https:\/\/w-l-c.be\/wp-content\/uploads\/2012\/11\/Alice-Pacaud-5.jpg 640w\" sizes=\"auto, (max-width: 400px) 100vw, 400px\" \/><\/a><\/p>\n<p>Voil\u00e0 pour le pitch, important certes, mais pas capital. <em>Le Monde nous appartient<\/em> ne repose pas uniquement sur sa narration, pourtant fluide. Le deuxi\u00e8me long m\u00e9trage de <strong>Stephan Streker<\/strong> est davantage une exp\u00e9rience sensorielle, un exercice esth\u00e9tique stylis\u00e9 d\u2019une ma\u00eetrise sid\u00e9rante qui provoque chez le spectateur une profonde fascination \u00e0 la limite de l\u2019hypnose.<\/p>\n<p>&nbsp;<\/p>\n<p>En fait, on serait tent\u00e9 de dire que <em>Le Monde nous appartient<\/em> fait partie de cette nouvelle race de films belges qui n\u2019ont pas grand-chose de belge dans son ADN, si ce n\u2019est ici la nationalit\u00e9 de son r\u00e9alisateur, d\u2019un de ses acteurs principaux, de ses producteurs, du compositeur et d\u2019une partie de l\u2019\u00e9quipe technique. D\u2019accord, c\u2019est d\u00e9j\u00e0 beaucoup.<\/p>\n<p>&nbsp;<\/p>\n<p>Mais, m\u00eame si les autochtones attentifs identifieront facilement des quartiers de Bruxelles (sublimement film\u00e9s), les r\u00e9f\u00e9rences g\u00e9ographiques sont plut\u00f4t abstraites. En outre, <em>Le Monde nous appartient<\/em> n\u2019h\u00e9site pas \u00e0 mythifier ses personnages qui deviennent des figures embl\u00e9matiques au-del\u00e0 de leur simple personnalit\u00e9.\u00a0 La mise en sc\u00e8ne d\u2019une pr\u00e9cision et d\u2019une inventivit\u00e9 diabolique toujours \u00e0 la recherche de l\u2019angle ou du cadre \u00e9poustouflants renforce encore la dimension symbolique du film.<\/p>\n<p>&nbsp;<\/p>\n<p><a rel=\"attachment wp-att-32373\" href=\"http:\/\/www.cinevox.be\/le-monde-nous-appartient-une-tragedie-moderne\/alice-pacaud-1\"><img loading=\"lazy\" decoding=\"async\" class=\"alignleft size-large wp-image-32373\" title=\"Alice Pacaud 1\" src=\"http:\/\/www.cinevox.be\/wp-content\/uploads\/2012\/11\/Alice-Pacaud-1-400x600.jpg\" alt=\"\" width=\"400\" height=\"600\" srcset=\"https:\/\/w-l-c.be\/wp-content\/uploads\/2012\/11\/Alice-Pacaud-1-400x600.jpg 400w, https:\/\/w-l-c.be\/wp-content\/uploads\/2012\/11\/Alice-Pacaud-1-180x270.jpg 180w, https:\/\/w-l-c.be\/wp-content\/uploads\/2012\/11\/Alice-Pacaud-1.jpg 480w\" sizes=\"auto, (max-width: 400px) 100vw, 400px\" \/><\/a><\/p>\n<p>Au-del\u00e0 de cette dimension purement cin\u00e9matographique, on est fascin\u00e9 par le r\u00e9cit lui-m\u00eame, \u00e9trangement ligot\u00e9 au destin des deux (anti)h\u00e9ros. Et si le film relate finalement un simple fait divers qui en \u00e9voque d\u2019autres, il \u00e9vite toutes r\u00e9f\u00e9rences explicites et tout manich\u00e9isme : on s\u2019attache autant \u00e0 un personnage qu\u2019\u00e0 l\u2019autre, chacun avec ses faiblesses, ses flamboyances, son courage et ses bassesses.<\/p>\n<p>Pas question de conclure un texte sur <em>Le Monde nous appartient<\/em> sans parler de la bande-son, \u00e9crite et interpr\u00e9t\u00e9e par Ozark Henry. Associ\u00e9 au projet depuis ses balbutiements, la pop star flamande a r\u00e9ussi \u00e0 habiter l\u2019\u0153uvre, \u00e0 la hanter litt\u00e9ralement. Sa musique est un souffle qui porte le film, qui lui conf\u00e8re une partie de sa magie et de sa puissance. Et quand Stephan Streker marque une pause autour d\u2019un morceau fort du compositeur (une tendance typiquement eighties qui revient tr\u00e8s nettement \u00e0 la mode, cf <em>Tango Libre<\/em>, par exemple) il d\u00e9joue le processus avec une ironie formidable(ment) gonfl\u00e9e. On n\u2019en dit pas plus : vous verrez \u00e7a vous-m\u00eames.<\/p>\n<p>&nbsp;<\/p>\n<p>Face \u00e0 un cin\u00e9ma du r\u00e9el bas\u00e9 sur les faits et gestes quotidiens dont raffole une nouvelle vague de r\u00e9alisateurs belges (<em>Mobile Home, Hors les Murs<\/em>), <em>Le Monde nous appartient<\/em> fait figure d\u2019OVNI. Plus proche du cin\u00e9ma flamand, voire du cin\u00e9ma scandinave, il ose tout, jusqu\u2019\u00e0 l\u2019inimaginable. Avec un formidable brio.<\/p>\n<p>Pas une \u0153uvre consensuelle, non. Mais un grand film, \u00e7a oui.<\/p>\n<p>&nbsp;<\/p>\n<p style=\"text-align: right;\"><em>[Les trois photos par Alice Pacaud]<\/em><\/p>\n<p>&nbsp;<\/p>\n","protected":false},"excerpt":{"rendered":"<p>C\u2019est l\u2019histoire de deux gars qui n\u2019auraient jamais d\u00fb se rencontrer. Ils sont jeunes, ils ont la vie devant eux : le monde leur appartient.<\/p>\n","protected":false},"author":7,"featured_media":32375,"comment_status":"closed","ping_status":"closed","sticky":false,"template":"","format":"standard","meta":{"ngg_post_thumbnail":0,"footnotes":""},"categories":[10,7],"tags":[],"class_list":["post-32371","post","type-post","status-publish","format-standard","has-post-thumbnail","","category-a-l-affiche","category-actualites"],"yoast_head":"<!-- This site is optimized with the Yoast SEO plugin v20.4 - https:\/\/yoast.com\/wordpress\/plugins\/seo\/ -->\n<title>Le Monde nous appartient  Une trag\u00e9die moderne - w-l-c<\/title>\n<meta name=\"robots\" content=\"noindex, follow, max-snippet:-1, max-image-preview:large, max-video-preview:-1\" \/>\n<meta property=\"og:locale\" content=\"fr_FR\" \/>\n<meta property=\"og:type\" content=\"article\" \/>\n<meta property=\"og:title\" content=\"Le Monde nous appartient  Une trag\u00e9die moderne - w-l-c\" \/>\n<meta property=\"og:description\" content=\"C\u2019est l\u2019histoire de deux gars qui n\u2019auraient jamais d\u00fb se rencontrer. Ils sont jeunes, ils ont la vie devant eux : le monde leur appartient.\" \/>\n<meta property=\"og:url\" content=\"https:\/\/w-l-c.be\/fr\/le-monde-nous-appartient-une-tragedie-moderne\/\" \/>\n<meta property=\"og:site_name\" content=\"w-l-c\" \/>\n<meta property=\"article:published_time\" content=\"2013-02-21T04:40:10+00:00\" \/>\n<meta property=\"article:modified_time\" content=\"2013-02-21T05:42:16+00:00\" \/>\n<meta property=\"og:image\" content=\"https:\/\/w-l-c.be\/wp-content\/uploads\/2012\/12\/Alice-Pacaud-6.jpg\" \/>\n\t<meta property=\"og:image:width\" content=\"960\" \/>\n\t<meta property=\"og:image:height\" content=\"682\" \/>\n\t<meta property=\"og:image:type\" content=\"image\/jpeg\" \/>\n<meta name=\"author\" content=\"Philippe.Pierquin\" \/>\n<meta name=\"twitter:card\" content=\"summary_large_image\" \/>\n<meta name=\"twitter:label1\" content=\"\u00c9crit par\" \/>\n\t<meta name=\"twitter:data1\" content=\"Philippe.Pierquin\" \/>\n\t<meta name=\"twitter:label2\" content=\"Dur\u00e9e de lecture estim\u00e9e\" \/>\n\t<meta name=\"twitter:data2\" content=\"4 minutes\" \/>\n<script type=\"application\/ld+json\" class=\"yoast-schema-graph\">{\"@context\":\"https:\/\/schema.org\",\"@graph\":[{\"@type\":\"WebPage\",\"@id\":\"https:\/\/w-l-c.be\/fr\/le-monde-nous-appartient-une-tragedie-moderne\/\",\"url\":\"https:\/\/w-l-c.be\/fr\/le-monde-nous-appartient-une-tragedie-moderne\/\",\"name\":\"Le Monde nous appartient Une trag\u00e9die moderne - w-l-c\",\"isPartOf\":{\"@id\":\"https:\/\/w-l-c.be\/fr\/#website\"},\"datePublished\":\"2013-02-21T04:40:10+00:00\",\"dateModified\":\"2013-02-21T05:42:16+00:00\",\"author\":{\"@id\":\"https:\/\/w-l-c.be\/fr\/#\/schema\/person\/4b9b1d857f0943453a38a7c2859ef756\"},\"breadcrumb\":{\"@id\":\"https:\/\/w-l-c.be\/fr\/le-monde-nous-appartient-une-tragedie-moderne\/#breadcrumb\"},\"inLanguage\":\"fr-FR\",\"potentialAction\":[{\"@type\":\"ReadAction\",\"target\":[\"https:\/\/w-l-c.be\/fr\/le-monde-nous-appartient-une-tragedie-moderne\/\"]}]},{\"@type\":\"BreadcrumbList\",\"@id\":\"https:\/\/w-l-c.be\/fr\/le-monde-nous-appartient-une-tragedie-moderne\/#breadcrumb\",\"itemListElement\":[{\"@type\":\"ListItem\",\"position\":1,\"name\":\"Accueil\",\"item\":\"https:\/\/w-l-c.be\/fr\/\"},{\"@type\":\"ListItem\",\"position\":2,\"name\":\"Le Monde nous appartient Une trag\u00e9die moderne\"}]},{\"@type\":\"WebSite\",\"@id\":\"https:\/\/w-l-c.be\/fr\/#website\",\"url\":\"https:\/\/w-l-c.be\/fr\/\",\"name\":\"w-l-c\",\"description\":\"Le cin\u00e9ma vu par les belges\",\"potentialAction\":[{\"@type\":\"SearchAction\",\"target\":{\"@type\":\"EntryPoint\",\"urlTemplate\":\"https:\/\/w-l-c.be\/fr\/?s={search_term_string}\"},\"query-input\":\"required name=search_term_string\"}],\"inLanguage\":\"fr-FR\"},{\"@type\":\"Person\",\"@id\":\"https:\/\/w-l-c.be\/fr\/#\/schema\/person\/4b9b1d857f0943453a38a7c2859ef756\",\"name\":\"Philippe.Pierquin\",\"url\":\"https:\/\/w-l-c.be\/fr\/author\/philippe-pierquin\/\"}]}<\/script>\n<!-- \/ Yoast SEO plugin. -->","yoast_head_json":{"title":"Le Monde nous appartient  Une trag\u00e9die moderne - w-l-c","robots":{"index":"noindex","follow":"follow","max-snippet":"max-snippet:-1","max-image-preview":"max-image-preview:large","max-video-preview":"max-video-preview:-1"},"og_locale":"fr_FR","og_type":"article","og_title":"Le Monde nous appartient  Une trag\u00e9die moderne - w-l-c","og_description":"C\u2019est l\u2019histoire de deux gars qui n\u2019auraient jamais d\u00fb se rencontrer. Ils sont jeunes, ils ont la vie devant eux : le monde leur appartient.","og_url":"https:\/\/w-l-c.be\/fr\/le-monde-nous-appartient-une-tragedie-moderne\/","og_site_name":"w-l-c","article_published_time":"2013-02-21T04:40:10+00:00","article_modified_time":"2013-02-21T05:42:16+00:00","og_image":[{"width":"960","height":"682","url":"https:\/\/w-l-c.be\/wp-content\/uploads\/2012\/12\/Alice-Pacaud-6.jpg","type":"image\/jpeg"}],"author":"Philippe.Pierquin","twitter_card":"summary_large_image","twitter_misc":{"\u00c9crit par":"Philippe.Pierquin","Dur\u00e9e de lecture estim\u00e9e":"4 minutes"},"schema":{"@context":"https:\/\/schema.org","@graph":[{"@type":"WebPage","@id":"https:\/\/w-l-c.be\/fr\/le-monde-nous-appartient-une-tragedie-moderne\/","url":"https:\/\/w-l-c.be\/fr\/le-monde-nous-appartient-une-tragedie-moderne\/","name":"Le Monde nous appartient Une trag\u00e9die moderne - w-l-c","isPartOf":{"@id":"https:\/\/w-l-c.be\/fr\/#website"},"datePublished":"2013-02-21T04:40:10+00:00","dateModified":"2013-02-21T05:42:16+00:00","author":{"@id":"https:\/\/w-l-c.be\/fr\/#\/schema\/person\/4b9b1d857f0943453a38a7c2859ef756"},"breadcrumb":{"@id":"https:\/\/w-l-c.be\/fr\/le-monde-nous-appartient-une-tragedie-moderne\/#breadcrumb"},"inLanguage":"fr-FR","potentialAction":[{"@type":"ReadAction","target":["https:\/\/w-l-c.be\/fr\/le-monde-nous-appartient-une-tragedie-moderne\/"]}]},{"@type":"BreadcrumbList","@id":"https:\/\/w-l-c.be\/fr\/le-monde-nous-appartient-une-tragedie-moderne\/#breadcrumb","itemListElement":[{"@type":"ListItem","position":1,"name":"Accueil","item":"https:\/\/w-l-c.be\/fr\/"},{"@type":"ListItem","position":2,"name":"Le Monde nous appartient Une trag\u00e9die moderne"}]},{"@type":"WebSite","@id":"https:\/\/w-l-c.be\/fr\/#website","url":"https:\/\/w-l-c.be\/fr\/","name":"w-l-c","description":"Le cin\u00e9ma vu par les belges","potentialAction":[{"@type":"SearchAction","target":{"@type":"EntryPoint","urlTemplate":"https:\/\/w-l-c.be\/fr\/?s={search_term_string}"},"query-input":"required name=search_term_string"}],"inLanguage":"fr-FR"},{"@type":"Person","@id":"https:\/\/w-l-c.be\/fr\/#\/schema\/person\/4b9b1d857f0943453a38a7c2859ef756","name":"Philippe.Pierquin","url":"https:\/\/w-l-c.be\/fr\/author\/philippe-pierquin\/"}]}},"_links":{"self":[{"href":"https:\/\/w-l-c.be\/fr\/wp-json\/wp\/v2\/posts\/32371","targetHints":{"allow":["GET"]}}],"collection":[{"href":"https:\/\/w-l-c.be\/fr\/wp-json\/wp\/v2\/posts"}],"about":[{"href":"https:\/\/w-l-c.be\/fr\/wp-json\/wp\/v2\/types\/post"}],"author":[{"embeddable":true,"href":"https:\/\/w-l-c.be\/fr\/wp-json\/wp\/v2\/users\/7"}],"replies":[{"embeddable":true,"href":"https:\/\/w-l-c.be\/fr\/wp-json\/wp\/v2\/comments?post=32371"}],"version-history":[{"count":0,"href":"https:\/\/w-l-c.be\/fr\/wp-json\/wp\/v2\/posts\/32371\/revisions"}],"wp:featuredmedia":[{"embeddable":true,"href":"https:\/\/w-l-c.be\/fr\/wp-json\/wp\/v2\/media\/32375"}],"wp:attachment":[{"href":"https:\/\/w-l-c.be\/fr\/wp-json\/wp\/v2\/media?parent=32371"}],"wp:term":[{"taxonomy":"category","embeddable":true,"href":"https:\/\/w-l-c.be\/fr\/wp-json\/wp\/v2\/categories?post=32371"},{"taxonomy":"post_tag","embeddable":true,"href":"https:\/\/w-l-c.be\/fr\/wp-json\/wp\/v2\/tags?post=32371"}],"curies":[{"name":"wp","href":"https:\/\/api.w.org\/{rel}","templated":true}]}}