
{"id":33218,"date":"2013-01-02T05:12:56","date_gmt":"2013-01-02T05:12:56","guid":{"rendered":"http:\/\/www.cinevox.be\/?p=33218"},"modified":"2012-12-23T18:50:07","modified_gmt":"2012-12-23T18:50:07","slug":"jonathan-zaccai-fabrice-du-welz-marijke-pinnoy","status":"publish","type":"post","link":"https:\/\/w-l-c.be\/fr\/jonathan-zaccai-fabrice-du-welz-marijke-pinnoy\/","title":{"rendered":"&#8230; Jonathan Zacca\u00ef, Fabrice du Welz, Marijke Pinnoy"},"content":{"rendered":"<p>Un acteur belge vivant \u00e0 Paris qui sera bient\u00f4t la vedette d&rsquo;un film 110% belge, un r\u00e9alisateur qui vient de tourner un gros polar en France avant de revenir chez nous pour la suite de son <em>Calvaire <\/em>et une actrice flamande aussi \u00e0 l&rsquo;aise sur \u00e9cran que sur les planches. Aussi \u00e0 l&rsquo;aise en flamand qu&rsquo;en fran\u00e7ais.<\/p>\n<p>Leurs points communs? Ils sont belges et nous parlent de 2013<\/p>\n<p><!--more--><\/p>\n<p>&nbsp;<\/p>\n<p>&nbsp;<\/p>\n<p style=\"text-align: right;\"><a rel=\"attachment wp-att-33219\" href=\"http:\/\/www.cinevox.be\/jonathan-zaccai-fabrice-du-welz-marijke-pinnoy\/img_7226-2\"><img loading=\"lazy\" decoding=\"async\" class=\"aligncenter size-full wp-image-33219\" title=\"IMG_7226\" src=\"http:\/\/www.cinevox.be\/wp-content\/uploads\/2012\/12\/IMG_7226.jpg\" alt=\"\" width=\"5184\" height=\"3456\" srcset=\"https:\/\/w-l-c.be\/wp-content\/uploads\/2012\/12\/IMG_7226.jpg 5184w, https:\/\/w-l-c.be\/wp-content\/uploads\/2012\/12\/IMG_7226-405x270.jpg 405w, https:\/\/w-l-c.be\/wp-content\/uploads\/2012\/12\/IMG_7226-800x533.jpg 800w\" sizes=\"auto, (max-width: 5184px) 100vw, 5184px\" \/><\/a><em>Jonathan avant une\u00a0sc\u00e8ne\u00a0de Je te Survivrai (photo Amiel Pierquin)<\/em><\/p>\n<p style=\"text-align: right;\">&nbsp;<\/p>\n<p><strong>Jonathan Zacca\u00ef<\/strong><\/p>\n<p><em>On a vu ce brillant acteur belge dans Quartier Lointain et El\u00e8ve Libre, mais aussi dans le Robin des Bois de Ridley Scott. En 2012, il a propos\u00e9 JC comme J\u00e9sus Christ son premier long m\u00e9trage en tant que r\u00e9alisateur. <\/em><\/p>\n<p>&nbsp;<\/p>\n<p>LE projet 2013 qui m&rsquo;excite le plus? En termes de tournage, je vais commencer Les Ames de Papier, le nouveau film de Vincent Lanoo et c&rsquo;est tr\u00e8s excitant. Ensuite, j&rsquo;ai un projet de com\u00e9die dont je ne peux pas encore trop parler.\u00a0 En termes de sortie, 2013 sera marqu\u00e9 par <em>Je te survivrai<\/em> de Syvestre Sbille. C&rsquo;\u00e9tait une exp\u00e9rience tr\u00e8s forte, tr\u00e8s intense !!!<\/p>\n<p>Il y aura aussi <em>La sieste sous le figuier<\/em> qui a d\u00e9j\u00e0 \u00e9t\u00e9 pr\u00e9sent\u00e9 au FIFF et qui sortira enfin en mars en France<\/p>\n<p>Et enfin l&rsquo;\u00e9criture de mon second long-m\u00e9trage que je co\u00e9cris avec Elodie Hesme (sa femme, ndlr)<\/p>\n<p>Ha oui, et bien tant qu&rsquo;on y est, j&rsquo;ai \u00e9galement tourn\u00e9 en d\u00e9but d&rsquo;ann\u00e9e un t\u00e9l\u00e9film pour France 2 <em>Chambre noire<\/em> d&rsquo;Arnaud Malerbe . Je l&rsquo;ai vu et c&rsquo;est tr\u00e8s r\u00e9ussi<\/p>\n<p>&nbsp;<\/p>\n<p>&nbsp;<\/p>\n<p style=\"text-align: right;\"><a rel=\"attachment wp-att-33220\" href=\"http:\/\/www.cinevox.be\/jonathan-zaccai-fabrice-du-welz-marijke-pinnoy\/accroche-3\"><img loading=\"lazy\" decoding=\"async\" class=\"aligncenter size-full wp-image-33220\" title=\"accroche\" src=\"http:\/\/www.cinevox.be\/wp-content\/uploads\/2012\/12\/accroche.jpg\" alt=\"\" width=\"862\" height=\"551\" srcset=\"https:\/\/w-l-c.be\/wp-content\/uploads\/2012\/12\/accroche.jpg 862w, https:\/\/w-l-c.be\/wp-content\/uploads\/2012\/12\/accroche-422x270.jpg 422w, https:\/\/w-l-c.be\/wp-content\/uploads\/2012\/12\/accroche-800x511.jpg 800w\" sizes=\"auto, (max-width: 862px) 100vw, 862px\" \/><\/a><em>Fabrice du Welz, sur le plateau de Colt .45<\/em><\/p>\n<p>&nbsp;<\/p>\n<p><strong>Fabrice du Welz<\/strong><\/p>\n<p><em>R\u00e9alisateur\u00a0 de Calvaire et Vinyan<\/em><\/p>\n<p><em> <\/em><\/p>\n<p>Que le printemps 2013 me voit finir COLT 45 qui n&rsquo;en finit plus de finir &#8230;<br \/>\nQue l&rsquo;\u00e9t\u00e9 2013 me voit enfin r\u00e9aliser ALLELUIA, ce projet qui me tient tant \u00e0 coeur.<br \/>\nQue l&rsquo;automne 2013 me pousse vers d&rsquo;autres aventures de cin\u00e9ma. Plus fortes, intenses et toujours plus belles.<\/p>\n<p>&nbsp;<\/p>\n<p>&nbsp;<\/p>\n<p style=\"text-align: right;\"><a rel=\"attachment wp-att-33221\" href=\"http:\/\/www.cinevox.be\/jonathan-zaccai-fabrice-du-welz-marijke-pinnoy\/photo-elle-ne-pleure-pas-elle-chante-2011-6\"><img loading=\"lazy\" decoding=\"async\" class=\"aligncenter size-full wp-image-33221\" title=\"photo-Elle-ne-pleure-pas-elle-chante-2011-6\" src=\"http:\/\/www.cinevox.be\/wp-content\/uploads\/2012\/12\/photo-Elle-ne-pleure-pas-elle-chante-2011-6.jpg\" alt=\"\" width=\"1500\" height=\"1102\" srcset=\"https:\/\/w-l-c.be\/wp-content\/uploads\/2012\/12\/photo-Elle-ne-pleure-pas-elle-chante-2011-6.jpg 1500w, https:\/\/w-l-c.be\/wp-content\/uploads\/2012\/12\/photo-Elle-ne-pleure-pas-elle-chante-2011-6-367x270.jpg 367w, https:\/\/w-l-c.be\/wp-content\/uploads\/2012\/12\/photo-Elle-ne-pleure-pas-elle-chante-2011-6-800x587.jpg 800w\" sizes=\"auto, (max-width: 1500px) 100vw, 1500px\" \/><\/a><em>Marijke Pinoy dans \u00ab\u00a0Elle ne pleure pas elle chante\u00a0\u00bb avec Erika Sainte<\/em><\/p>\n<p>&nbsp;<\/p>\n<p>&nbsp;<\/p>\n<p><strong>Marijke Pinoy<\/strong><\/p>\n<p><em>Actrice (tr\u00e8s) engag\u00e9e qui joue aussi bien au cin\u00e9ma qu&rsquo;au th\u00e9\u00e2tre. En Flandre qu&rsquo;en Wallonie. Et de plus en plus en France. On l&rsquo;a notamment vue dans le bouleversant \u00ab\u00a0Elle ne pleure pas, elle chante\u00a0\u00bb<\/em><\/p>\n<p><strong> <\/strong><\/p>\n<p>Je suis en train de r\u00e9p\u00e9ter une pi\u00e8ce de th\u00e9\u00e2tre \u00e0 Reims. C&rsquo;est une coproduction suisse et on joue \u00e0 Lausanne au mois de mai, aves un vid\u00e9aste de Berlin, un metteur en sc\u00e8ne de Paris. C&rsquo;est une production internationale.<\/p>\n<p>Je suis aussi \u00e0 l&rsquo;affiche d&rsquo;une pi\u00e8ce de th\u00e9\u00e2tre \u00e0 Gand dans le vieux b\u00e2timent du Palais de justice,100 ans expo mondial. Dedans je joue un monologue d&rsquo;Erik Devlaeminck, un \u00e9crivain qui a \u00e9crit pour nous. Comme je suis aussi professeur, je fais une pi\u00e8ce avec sept \u00e9tudiantes de la KASK (Koninklijke Academie voor Schone Kunste). Et j&rsquo;ai aussi un projet m\u00e8re-fils avec mon fils qui est danseur.<\/p>\n<p>Au cin\u00e9ma, j&rsquo;esp\u00e8re qu&rsquo;on pourra r\u00e9aliser le film Anna. C&rsquo;est l&rsquo;histoire d&rsquo;une femme pendant la 2e guerre. Elle \u00e9tait dans la r\u00e9sistance et c&rsquo;est un projet tr\u00e8s personnel. Manu Rich devrait\u00a0 le r\u00e9alsier. J&rsquo;esp\u00e8re qu&rsquo;on parviendra \u00e0 le monter.<\/p>\n<p>Pour le reste, je souhaite que Belgique reste un pays tr\u00e8s ouvert, et j&rsquo;esp\u00e8re que les politiciens comprendront que c&rsquo;est ainsi que les choses doivent se passer. Et puis, j&rsquo;esp\u00e8re que la jeunesse de Gaza pourra d\u00e9sormais avoir une vie plus tranquille. Et plsu belle. Parce que ce qui se passe l\u00e0-bas maintenant est beaucoup trop cruel.<\/p>\n<p>&nbsp;<\/p>\n","protected":false},"excerpt":{"rendered":"<p>Un acteur belge vivant \u00e0 Paris qui sera bient\u00f4t la vedette d&rsquo;un film 110% belge, un r\u00e9alisateur qui vient de tourner un gros polar en France avant de revenir chez nous pour la suite de son Calvaire et une actrice flamande aussi \u00e0 l&rsquo;aise sur \u00e9cran que sur les planches. Aussi \u00e0 l&rsquo;aise en flamand &hellip;<\/p>\n","protected":false},"author":7,"featured_media":33225,"comment_status":"closed","ping_status":"closed","sticky":false,"template":"","format":"standard","meta":{"ngg_post_thumbnail":0,"footnotes":""},"categories":[1923],"tags":[],"class_list":["post-33218","post","type-post","status-publish","format-standard","has-post-thumbnail","","category-en-bref"],"yoast_head":"<!-- This site is optimized with the Yoast SEO plugin v20.4 - https:\/\/yoast.com\/wordpress\/plugins\/seo\/ -->\n<title>... Jonathan Zacca\u00ef, Fabrice du Welz, Marijke Pinnoy - w-l-c<\/title>\n<meta name=\"robots\" content=\"noindex, follow, max-snippet:-1, max-image-preview:large, max-video-preview:-1\" \/>\n<meta property=\"og:locale\" content=\"fr_FR\" \/>\n<meta property=\"og:type\" content=\"article\" \/>\n<meta property=\"og:title\" content=\"... Jonathan Zacca\u00ef, Fabrice du Welz, Marijke Pinnoy - w-l-c\" \/>\n<meta property=\"og:description\" content=\"Un acteur belge vivant \u00e0 Paris qui sera bient\u00f4t la vedette d&rsquo;un film 110% belge, un r\u00e9alisateur qui vient de tourner un gros polar en France avant de revenir chez nous pour la suite de son Calvaire et une actrice flamande aussi \u00e0 l&rsquo;aise sur \u00e9cran que sur les planches. Aussi \u00e0 l&rsquo;aise en flamand &hellip;\" \/>\n<meta property=\"og:url\" content=\"https:\/\/w-l-c.be\/fr\/jonathan-zaccai-fabrice-du-welz-marijke-pinnoy\/\" \/>\n<meta property=\"og:site_name\" content=\"w-l-c\" \/>\n<meta property=\"article:published_time\" content=\"2013-01-02T05:12:56+00:00\" \/>\n<meta property=\"article:modified_time\" content=\"2012-12-23T18:50:07+00:00\" \/>\n<meta property=\"og:image\" content=\"https:\/\/w-l-c.be\/wp-content\/uploads\/2012\/12\/2013-noir.jpg\" \/>\n\t<meta property=\"og:image:width\" content=\"2956\" \/>\n\t<meta property=\"og:image:height\" content=\"1681\" \/>\n\t<meta property=\"og:image:type\" content=\"image\/jpeg\" \/>\n<meta name=\"author\" content=\"Philippe.Pierquin\" \/>\n<meta name=\"twitter:card\" content=\"summary_large_image\" \/>\n<meta name=\"twitter:label1\" content=\"\u00c9crit par\" \/>\n\t<meta name=\"twitter:data1\" content=\"Philippe.Pierquin\" \/>\n\t<meta name=\"twitter:label2\" content=\"Dur\u00e9e de lecture estim\u00e9e\" \/>\n\t<meta name=\"twitter:data2\" content=\"3 minutes\" \/>\n<script type=\"application\/ld+json\" class=\"yoast-schema-graph\">{\"@context\":\"https:\/\/schema.org\",\"@graph\":[{\"@type\":\"WebPage\",\"@id\":\"https:\/\/w-l-c.be\/fr\/jonathan-zaccai-fabrice-du-welz-marijke-pinnoy\/\",\"url\":\"https:\/\/w-l-c.be\/fr\/jonathan-zaccai-fabrice-du-welz-marijke-pinnoy\/\",\"name\":\"... Jonathan Zacca\u00ef, Fabrice du Welz, Marijke Pinnoy - w-l-c\",\"isPartOf\":{\"@id\":\"https:\/\/w-l-c.be\/fr\/#website\"},\"datePublished\":\"2013-01-02T05:12:56+00:00\",\"dateModified\":\"2012-12-23T18:50:07+00:00\",\"author\":{\"@id\":\"https:\/\/w-l-c.be\/fr\/#\/schema\/person\/4b9b1d857f0943453a38a7c2859ef756\"},\"breadcrumb\":{\"@id\":\"https:\/\/w-l-c.be\/fr\/jonathan-zaccai-fabrice-du-welz-marijke-pinnoy\/#breadcrumb\"},\"inLanguage\":\"fr-FR\",\"potentialAction\":[{\"@type\":\"ReadAction\",\"target\":[\"https:\/\/w-l-c.be\/fr\/jonathan-zaccai-fabrice-du-welz-marijke-pinnoy\/\"]}]},{\"@type\":\"BreadcrumbList\",\"@id\":\"https:\/\/w-l-c.be\/fr\/jonathan-zaccai-fabrice-du-welz-marijke-pinnoy\/#breadcrumb\",\"itemListElement\":[{\"@type\":\"ListItem\",\"position\":1,\"name\":\"Accueil\",\"item\":\"https:\/\/w-l-c.be\/fr\/\"},{\"@type\":\"ListItem\",\"position\":2,\"name\":\"&#8230; Jonathan Zacca\u00ef, Fabrice du Welz, Marijke Pinnoy\"}]},{\"@type\":\"WebSite\",\"@id\":\"https:\/\/w-l-c.be\/fr\/#website\",\"url\":\"https:\/\/w-l-c.be\/fr\/\",\"name\":\"w-l-c\",\"description\":\"Le cin\u00e9ma vu par les belges\",\"potentialAction\":[{\"@type\":\"SearchAction\",\"target\":{\"@type\":\"EntryPoint\",\"urlTemplate\":\"https:\/\/w-l-c.be\/fr\/?s={search_term_string}\"},\"query-input\":\"required name=search_term_string\"}],\"inLanguage\":\"fr-FR\"},{\"@type\":\"Person\",\"@id\":\"https:\/\/w-l-c.be\/fr\/#\/schema\/person\/4b9b1d857f0943453a38a7c2859ef756\",\"name\":\"Philippe.Pierquin\",\"url\":\"https:\/\/w-l-c.be\/fr\/author\/philippe-pierquin\/\"}]}<\/script>\n<!-- \/ Yoast SEO plugin. -->","yoast_head_json":{"title":"... Jonathan Zacca\u00ef, Fabrice du Welz, Marijke Pinnoy - w-l-c","robots":{"index":"noindex","follow":"follow","max-snippet":"max-snippet:-1","max-image-preview":"max-image-preview:large","max-video-preview":"max-video-preview:-1"},"og_locale":"fr_FR","og_type":"article","og_title":"... Jonathan Zacca\u00ef, Fabrice du Welz, Marijke Pinnoy - w-l-c","og_description":"Un acteur belge vivant \u00e0 Paris qui sera bient\u00f4t la vedette d&rsquo;un film 110% belge, un r\u00e9alisateur qui vient de tourner un gros polar en France avant de revenir chez nous pour la suite de son Calvaire et une actrice flamande aussi \u00e0 l&rsquo;aise sur \u00e9cran que sur les planches. Aussi \u00e0 l&rsquo;aise en flamand &hellip;","og_url":"https:\/\/w-l-c.be\/fr\/jonathan-zaccai-fabrice-du-welz-marijke-pinnoy\/","og_site_name":"w-l-c","article_published_time":"2013-01-02T05:12:56+00:00","article_modified_time":"2012-12-23T18:50:07+00:00","og_image":[{"width":"2956","height":"1681","url":"https:\/\/w-l-c.be\/wp-content\/uploads\/2012\/12\/2013-noir.jpg","type":"image\/jpeg"}],"author":"Philippe.Pierquin","twitter_card":"summary_large_image","twitter_misc":{"\u00c9crit par":"Philippe.Pierquin","Dur\u00e9e de lecture estim\u00e9e":"3 minutes"},"schema":{"@context":"https:\/\/schema.org","@graph":[{"@type":"WebPage","@id":"https:\/\/w-l-c.be\/fr\/jonathan-zaccai-fabrice-du-welz-marijke-pinnoy\/","url":"https:\/\/w-l-c.be\/fr\/jonathan-zaccai-fabrice-du-welz-marijke-pinnoy\/","name":"... Jonathan Zacca\u00ef, Fabrice du Welz, Marijke Pinnoy - w-l-c","isPartOf":{"@id":"https:\/\/w-l-c.be\/fr\/#website"},"datePublished":"2013-01-02T05:12:56+00:00","dateModified":"2012-12-23T18:50:07+00:00","author":{"@id":"https:\/\/w-l-c.be\/fr\/#\/schema\/person\/4b9b1d857f0943453a38a7c2859ef756"},"breadcrumb":{"@id":"https:\/\/w-l-c.be\/fr\/jonathan-zaccai-fabrice-du-welz-marijke-pinnoy\/#breadcrumb"},"inLanguage":"fr-FR","potentialAction":[{"@type":"ReadAction","target":["https:\/\/w-l-c.be\/fr\/jonathan-zaccai-fabrice-du-welz-marijke-pinnoy\/"]}]},{"@type":"BreadcrumbList","@id":"https:\/\/w-l-c.be\/fr\/jonathan-zaccai-fabrice-du-welz-marijke-pinnoy\/#breadcrumb","itemListElement":[{"@type":"ListItem","position":1,"name":"Accueil","item":"https:\/\/w-l-c.be\/fr\/"},{"@type":"ListItem","position":2,"name":"&#8230; Jonathan Zacca\u00ef, Fabrice du Welz, Marijke Pinnoy"}]},{"@type":"WebSite","@id":"https:\/\/w-l-c.be\/fr\/#website","url":"https:\/\/w-l-c.be\/fr\/","name":"w-l-c","description":"Le cin\u00e9ma vu par les belges","potentialAction":[{"@type":"SearchAction","target":{"@type":"EntryPoint","urlTemplate":"https:\/\/w-l-c.be\/fr\/?s={search_term_string}"},"query-input":"required name=search_term_string"}],"inLanguage":"fr-FR"},{"@type":"Person","@id":"https:\/\/w-l-c.be\/fr\/#\/schema\/person\/4b9b1d857f0943453a38a7c2859ef756","name":"Philippe.Pierquin","url":"https:\/\/w-l-c.be\/fr\/author\/philippe-pierquin\/"}]}},"_links":{"self":[{"href":"https:\/\/w-l-c.be\/fr\/wp-json\/wp\/v2\/posts\/33218","targetHints":{"allow":["GET"]}}],"collection":[{"href":"https:\/\/w-l-c.be\/fr\/wp-json\/wp\/v2\/posts"}],"about":[{"href":"https:\/\/w-l-c.be\/fr\/wp-json\/wp\/v2\/types\/post"}],"author":[{"embeddable":true,"href":"https:\/\/w-l-c.be\/fr\/wp-json\/wp\/v2\/users\/7"}],"replies":[{"embeddable":true,"href":"https:\/\/w-l-c.be\/fr\/wp-json\/wp\/v2\/comments?post=33218"}],"version-history":[{"count":0,"href":"https:\/\/w-l-c.be\/fr\/wp-json\/wp\/v2\/posts\/33218\/revisions"}],"wp:featuredmedia":[{"embeddable":true,"href":"https:\/\/w-l-c.be\/fr\/wp-json\/wp\/v2\/media\/33225"}],"wp:attachment":[{"href":"https:\/\/w-l-c.be\/fr\/wp-json\/wp\/v2\/media?parent=33218"}],"wp:term":[{"taxonomy":"category","embeddable":true,"href":"https:\/\/w-l-c.be\/fr\/wp-json\/wp\/v2\/categories?post=33218"},{"taxonomy":"post_tag","embeddable":true,"href":"https:\/\/w-l-c.be\/fr\/wp-json\/wp\/v2\/tags?post=33218"}],"curies":[{"name":"wp","href":"https:\/\/api.w.org\/{rel}","templated":true}]}}