
{"id":34552,"date":"2013-01-11T05:28:26","date_gmt":"2013-01-11T05:28:26","guid":{"rendered":"http:\/\/www.cinevox.be\/?p=34552"},"modified":"2013-01-11T07:55:33","modified_gmt":"2013-01-11T07:55:33","slug":"%e2%80%a6-philippe-de-pierpont-jan-hammenecker-et-david-murgia","status":"publish","type":"post","link":"https:\/\/w-l-c.be\/fr\/%e2%80%a6-philippe-de-pierpont-jan-hammenecker-et-david-murgia\/","title":{"rendered":"\u2026 Philippe de Pierpont, Jan Hammenecker et David Murgia"},"content":{"rendered":"<p>Un des acteurs flamands les plus connus dans le monde francophone, un r\u00e9alisateur qui pr\u00e9pare un deuxi\u00e8me long m\u00e9trage de fiction apr\u00e8s un premier essai brillant et le jeune prodige li\u00e9geois du th\u00e9\u00e2tre et du cin\u00e9ma.\u00a0Leurs points communs ? Ils sont belges et nous parlent de 2013 (Jan et David ont aussi tourn\u00e9 ensemble dans <em>Tango Libre<\/em>)<\/p>\n<p><!--more--><\/p>\n<p>&nbsp;<\/p>\n<p><a rel=\"attachment wp-att-35381\" href=\"http:\/\/www.cinevox.be\/%e2%80%a6-philippe-de-pierpont-jan-hammenecker-et-david-murgia\/signature-2\"><img loading=\"lazy\" decoding=\"async\" class=\"aligncenter size-full wp-image-35381\" title=\"SIGNATURE\" src=\"http:\/\/www.cinevox.be\/wp-content\/uploads\/2013\/01\/jan-hammenecker_91739.jpg\" alt=\"\" width=\"2300\" height=\"1533\" srcset=\"https:\/\/w-l-c.be\/wp-content\/uploads\/2013\/01\/jan-hammenecker_91739.jpg 2300w, https:\/\/w-l-c.be\/wp-content\/uploads\/2013\/01\/jan-hammenecker_91739-405x270.jpg 405w, https:\/\/w-l-c.be\/wp-content\/uploads\/2013\/01\/jan-hammenecker_91739-800x533.jpg 800w\" sizes=\"auto, (max-width: 2300px) 100vw, 2300px\" \/><\/a><\/p>\n<p>&nbsp;<\/p>\n<p><strong> <\/strong><\/p>\n<p><strong> <\/strong><\/p>\n<p><strong>Jan Hammenecker<\/strong><\/p>\n<p><em>Acteur bilingue, homme simple et attachant, sympathique en diable, Jan Hammenecker a \u00e9t\u00e9 r\u00e9v\u00e9l\u00e9 chez nous par Max et Bobo de Fred Fonteyne.\u00a0 Depuis on le voit non-stop, au th\u00e9\u00e2tre, dans les films belges quelqu&rsquo;en soit la langue et en France aussi o\u00f9 il a \u00e9t\u00e9 une des vedettes de la s\u00e9rie Signatures (notamment)<\/em><\/p>\n<p>&nbsp;<\/p>\n<p>J\u2019ai longuement r\u00e9fl\u00e9chi \u00e0 ce que je pourrais r\u00e9pondre, mais est-ce que je pourrais demander :<\/p>\n<p>\u00ab\u00a0P\u00e8re, si tu le veux, \u00e9loigne de moi cette coupe!\u00a0\u00bb ? \u00a0Juste pour un moment&#8230;<\/p>\n<p>Parce que la question qui me revient de plus en plus comme un boomerang dans la gueule, et sur laquelle on veut que je m\u2019exprime, c\u2019est bien s\u00fbr\u2026. la diff\u00e9rence entre le cin\u00e9ma en Flandre et en Wallonie \u2026. Pourquoi en Flandre les films font-ils des recettes de 300.000 entr\u00e9es et pourquoi \u00e7a ne se passe pas de la m\u00eame fa\u00e7on du c\u00f4t\u00e9 francophone?<\/p>\n<p>Et \u00e7a me rend triste. Triste, et plus. On est en train de perdre une g\u00e9n\u00e9ration&#8230;<\/p>\n<p>L\u2019autre jour j\u2019ai encore \u00e9t\u00e9 contact\u00e9 par une journaliste fran\u00e7aise de T\u00e9l\u00e9rama qui pr\u00e9parait un gros dossier \u00a0sur ce sujet [Ndlr. \u00c0 lire<a href=\"http:\/\/www.telerama.fr\/cinema\/la-belgique-s-offre-un-cinema-flamand-neuf,90744.php?xtatc=INT-60\"> ici<\/a>]. M\u00eame en France, ils essayent de comprendre. Et, \u00e0 vrai dire, \u00a0je n\u2019arrive pas \u00e0 expliquer \u00e0 quelqu\u2019un qui ne conna\u00eet pas le contexte.<\/p>\n<p>J\u2019ai peur de ne pas toujours trouver les bonnes nuances -en quelques lignes- pour m\u2019exprimer et me faire comprendre correctement.<\/p>\n<p>Si vous voulez vraiment savoir ce qu\u2019est mon d\u00e9sir pour le cin\u00e9ma belge pour l\u2019ann\u00e9e \u00e0 venir : h\u00e9 bien c\u2019est de la \u00ab\u00a0pollinisation crois\u00e9e\u00a0\u00bb(\u00ab\u00a0kruisbestuiving\u00a0\u00bb en flamand)\u2026\u00c0 TOUS LES NIVEAUX\u2026<\/p>\n<p>\u00c0 ce moment-l\u00e0, je veux bien \u00eatre l\u2019abeille\/ le papillon ou tout ce qu\u2019on veut pour apporter ma petite graine et essayer de r\u00e9aliser \u00e7a.<\/p>\n<p>&nbsp;<\/p>\n<p style=\"text-align: right;\"><a rel=\"attachment wp-att-35382\" href=\"http:\/\/www.cinevox.be\/%e2%80%a6-philippe-de-pierpont-jan-hammenecker-et-david-murgia\/img_2496-2\"><img loading=\"lazy\" decoding=\"async\" class=\"aligncenter size-full wp-image-35382\" title=\"IMG_2496\" src=\"http:\/\/www.cinevox.be\/wp-content\/uploads\/2013\/01\/IMG_2496.jpg\" alt=\"\" width=\"5184\" height=\"3456\" srcset=\"https:\/\/w-l-c.be\/wp-content\/uploads\/2013\/01\/IMG_2496.jpg 5184w, https:\/\/w-l-c.be\/wp-content\/uploads\/2013\/01\/IMG_2496-405x270.jpg 405w, https:\/\/w-l-c.be\/wp-content\/uploads\/2013\/01\/IMG_2496-800x533.jpg 800w\" sizes=\"auto, (max-width: 5184px) 100vw, 5184px\" \/><\/a><em>[Photo Philippe Pierquin]<\/em><\/p>\n<p>&nbsp;<\/p>\n<p><strong>Philippe de Pierpont<\/strong><\/p>\n<p><em>Sc\u00e9nariste de bande dessin\u00e9e, homme de th\u00e9\u00e2tre, r\u00e9alisateur de nombreux documentaires, Philippe de Pierpont a r\u00e9ussi avec Elle ne pleure pas elle chante un formidable premier film. <\/em><\/p>\n<p>&nbsp;<\/p>\n<p>Avec mon premier long m\u00e9trage, j\u2019avais l\u2019impression de faire de l\u2019auto-stop sur la route du cin\u00e9ma. Avec celui que je pr\u00e9pare (pour l\u2019\u00e9t\u00e9 prochain\/Inch Allah!), j\u2019y serai en scooter (\u00ab\u00a0Bee Lucky\u00a0\u00bb, l\u2019histoire d\u2019une fugue de deux ados entre Verviers et Spa).<\/p>\n<p>Il y a progr\u00e8s! Et finalement, je suis d\u2019accord avec ce vieux sage chinois : l\u2019important n\u2019est pas la destination ou le v\u00e9hicule pour y arriver, c\u2019est la route. Le cin\u00e9ma.<\/p>\n<p>&nbsp;<\/p>\n<p style=\"text-align: right;\"><a rel=\"attachment wp-att-35383\" href=\"http:\/\/www.cinevox.be\/%e2%80%a6-philippe-de-pierpont-jan-hammenecker-et-david-murgia\/img_7615-2\"><img loading=\"lazy\" decoding=\"async\" class=\"aligncenter size-full wp-image-35383\" title=\"IMG_7615\" src=\"http:\/\/www.cinevox.be\/wp-content\/uploads\/2013\/01\/IMG_7615.jpg\" alt=\"\" width=\"5184\" height=\"3456\" srcset=\"https:\/\/w-l-c.be\/wp-content\/uploads\/2013\/01\/IMG_7615.jpg 5184w, https:\/\/w-l-c.be\/wp-content\/uploads\/2013\/01\/IMG_7615-405x270.jpg 405w, https:\/\/w-l-c.be\/wp-content\/uploads\/2013\/01\/IMG_7615-800x533.jpg 800w\" sizes=\"auto, (max-width: 5184px) 100vw, 5184px\" \/><\/a><em>[Photo Amiel Pierquin]<\/em><\/p>\n<p>&nbsp;<\/p>\n<p><strong>David Murgia<\/strong><\/p>\n<p><em>C\u2019est le jeune acteur belge dont tout le monde parle. Parfait dans la R\u00e9gate, Rundskop et La T\u00eate la Premi\u00e8re, il se consacre surtout au th\u00e9\u00e2tre. En 2013, on le retrouvera avec plaisir au cin\u00e9ma dans Je suis supporter du Standard et Je te Survivrai. <\/em><\/p>\n<p><strong> <\/strong><\/p>\n<p>2013 sera apparemment pour moi une ann\u00e9e charg\u00e9e de th\u00e9\u00e2tre avec surtout la tourn\u00e9e du Signal du promeneur et la cr\u00e9ation de Discours \u00e0 la Nation.<\/p>\n<p>Si on peut parler de r\u00eave, je boirais volontiers un caf\u00e9 avec Ken Loach ou Haneke pour discuter de son prochain film. Et on le boirait \u00e0 Rome avec Begnini. On parlerait sans doute d&rsquo;un tournage en Am\u00e9rique du sud vers octobre-novembre, le temps de pr\u00e9parer tout \u00e7a bien tranquillement.<\/p>\n<p>&nbsp;<\/p>\n<p>Sinon rien d&rsquo;autre comme espoir que la rencontre de nouvelles \u00e9quipes de travail, de nouveaux projets enthousiasmants, pratiquer le m\u00e9tier avec un m\u00e9lange de passion et de n\u00e9cessit\u00e9. Cr\u00e9er.<\/p>\n<p>&nbsp;<\/p>\n","protected":false},"excerpt":{"rendered":"<p>Un des acteurs flamands les plus connus dans le monde francophone, un r\u00e9alisateur qui pr\u00e9pare un deuxi\u00e8me long m\u00e9trage de fiction apr\u00e8s un premier essai brillant et le jeune prodige li\u00e9geois du th\u00e9\u00e2tre et du cin\u00e9ma.\u00a0Leurs points communs ? Ils sont belges et nous parlent de 2013 (Jan et David ont aussi tourn\u00e9 ensemble dans &hellip;<\/p>\n","protected":false},"author":7,"featured_media":35273,"comment_status":"closed","ping_status":"closed","sticky":false,"template":"","format":"standard","meta":{"ngg_post_thumbnail":0,"footnotes":""},"categories":[1923],"tags":[],"class_list":["post-34552","post","type-post","status-publish","format-standard","has-post-thumbnail","","category-en-bref"],"yoast_head":"<!-- This site is optimized with the Yoast SEO plugin v20.4 - https:\/\/yoast.com\/wordpress\/plugins\/seo\/ -->\n<title>\u2026 Philippe de Pierpont, Jan Hammenecker et David Murgia - w-l-c<\/title>\n<meta name=\"robots\" content=\"noindex, follow, max-snippet:-1, max-image-preview:large, max-video-preview:-1\" \/>\n<meta property=\"og:locale\" content=\"fr_FR\" \/>\n<meta property=\"og:type\" content=\"article\" \/>\n<meta property=\"og:title\" content=\"\u2026 Philippe de Pierpont, Jan Hammenecker et David Murgia - w-l-c\" \/>\n<meta property=\"og:description\" content=\"Un des acteurs flamands les plus connus dans le monde francophone, un r\u00e9alisateur qui pr\u00e9pare un deuxi\u00e8me long m\u00e9trage de fiction apr\u00e8s un premier essai brillant et le jeune prodige li\u00e9geois du th\u00e9\u00e2tre et du cin\u00e9ma.\u00a0Leurs points communs ? Ils sont belges et nous parlent de 2013 (Jan et David ont aussi tourn\u00e9 ensemble dans &hellip;\" \/>\n<meta property=\"og:url\" content=\"https:\/\/w-l-c.be\/fr\/\u2026-philippe-de-pierpont-jan-hammenecker-et-david-murgia\/\" \/>\n<meta property=\"og:site_name\" content=\"w-l-c\" \/>\n<meta property=\"article:published_time\" content=\"2013-01-11T05:28:26+00:00\" \/>\n<meta property=\"article:modified_time\" content=\"2013-01-11T07:55:33+00:00\" \/>\n<meta property=\"og:image\" content=\"https:\/\/w-l-c.be\/wp-content\/uploads\/2013\/01\/2013-7.jpg\" \/>\n\t<meta property=\"og:image:width\" content=\"2956\" \/>\n\t<meta property=\"og:image:height\" content=\"1681\" \/>\n\t<meta property=\"og:image:type\" content=\"image\/jpeg\" \/>\n<meta name=\"author\" content=\"Philippe.Pierquin\" \/>\n<meta name=\"twitter:card\" content=\"summary_large_image\" \/>\n<meta name=\"twitter:label1\" content=\"\u00c9crit par\" \/>\n\t<meta name=\"twitter:data1\" content=\"Philippe.Pierquin\" \/>\n\t<meta name=\"twitter:label2\" content=\"Dur\u00e9e de lecture estim\u00e9e\" \/>\n\t<meta name=\"twitter:data2\" content=\"3 minutes\" \/>\n<script type=\"application\/ld+json\" class=\"yoast-schema-graph\">{\"@context\":\"https:\/\/schema.org\",\"@graph\":[{\"@type\":\"WebPage\",\"@id\":\"https:\/\/w-l-c.be\/fr\/%e2%80%a6-philippe-de-pierpont-jan-hammenecker-et-david-murgia\/\",\"url\":\"https:\/\/w-l-c.be\/fr\/%e2%80%a6-philippe-de-pierpont-jan-hammenecker-et-david-murgia\/\",\"name\":\"\u2026 Philippe de Pierpont, Jan Hammenecker et David Murgia - w-l-c\",\"isPartOf\":{\"@id\":\"https:\/\/w-l-c.be\/fr\/#website\"},\"datePublished\":\"2013-01-11T05:28:26+00:00\",\"dateModified\":\"2013-01-11T07:55:33+00:00\",\"author\":{\"@id\":\"https:\/\/w-l-c.be\/fr\/#\/schema\/person\/4b9b1d857f0943453a38a7c2859ef756\"},\"breadcrumb\":{\"@id\":\"https:\/\/w-l-c.be\/fr\/%e2%80%a6-philippe-de-pierpont-jan-hammenecker-et-david-murgia\/#breadcrumb\"},\"inLanguage\":\"fr-FR\",\"potentialAction\":[{\"@type\":\"ReadAction\",\"target\":[\"https:\/\/w-l-c.be\/fr\/%e2%80%a6-philippe-de-pierpont-jan-hammenecker-et-david-murgia\/\"]}]},{\"@type\":\"BreadcrumbList\",\"@id\":\"https:\/\/w-l-c.be\/fr\/%e2%80%a6-philippe-de-pierpont-jan-hammenecker-et-david-murgia\/#breadcrumb\",\"itemListElement\":[{\"@type\":\"ListItem\",\"position\":1,\"name\":\"Accueil\",\"item\":\"https:\/\/w-l-c.be\/fr\/\"},{\"@type\":\"ListItem\",\"position\":2,\"name\":\"\u2026 Philippe de Pierpont, Jan Hammenecker et David Murgia\"}]},{\"@type\":\"WebSite\",\"@id\":\"https:\/\/w-l-c.be\/fr\/#website\",\"url\":\"https:\/\/w-l-c.be\/fr\/\",\"name\":\"w-l-c\",\"description\":\"Le cin\u00e9ma vu par les belges\",\"potentialAction\":[{\"@type\":\"SearchAction\",\"target\":{\"@type\":\"EntryPoint\",\"urlTemplate\":\"https:\/\/w-l-c.be\/fr\/?s={search_term_string}\"},\"query-input\":\"required name=search_term_string\"}],\"inLanguage\":\"fr-FR\"},{\"@type\":\"Person\",\"@id\":\"https:\/\/w-l-c.be\/fr\/#\/schema\/person\/4b9b1d857f0943453a38a7c2859ef756\",\"name\":\"Philippe.Pierquin\",\"url\":\"https:\/\/w-l-c.be\/fr\/author\/philippe-pierquin\/\"}]}<\/script>\n<!-- \/ Yoast SEO plugin. -->","yoast_head_json":{"title":"\u2026 Philippe de Pierpont, Jan Hammenecker et David Murgia - w-l-c","robots":{"index":"noindex","follow":"follow","max-snippet":"max-snippet:-1","max-image-preview":"max-image-preview:large","max-video-preview":"max-video-preview:-1"},"og_locale":"fr_FR","og_type":"article","og_title":"\u2026 Philippe de Pierpont, Jan Hammenecker et David Murgia - w-l-c","og_description":"Un des acteurs flamands les plus connus dans le monde francophone, un r\u00e9alisateur qui pr\u00e9pare un deuxi\u00e8me long m\u00e9trage de fiction apr\u00e8s un premier essai brillant et le jeune prodige li\u00e9geois du th\u00e9\u00e2tre et du cin\u00e9ma.\u00a0Leurs points communs ? Ils sont belges et nous parlent de 2013 (Jan et David ont aussi tourn\u00e9 ensemble dans &hellip;","og_url":"https:\/\/w-l-c.be\/fr\/\u2026-philippe-de-pierpont-jan-hammenecker-et-david-murgia\/","og_site_name":"w-l-c","article_published_time":"2013-01-11T05:28:26+00:00","article_modified_time":"2013-01-11T07:55:33+00:00","og_image":[{"width":"2956","height":"1681","url":"https:\/\/w-l-c.be\/wp-content\/uploads\/2013\/01\/2013-7.jpg","type":"image\/jpeg"}],"author":"Philippe.Pierquin","twitter_card":"summary_large_image","twitter_misc":{"\u00c9crit par":"Philippe.Pierquin","Dur\u00e9e de lecture estim\u00e9e":"3 minutes"},"schema":{"@context":"https:\/\/schema.org","@graph":[{"@type":"WebPage","@id":"https:\/\/w-l-c.be\/fr\/%e2%80%a6-philippe-de-pierpont-jan-hammenecker-et-david-murgia\/","url":"https:\/\/w-l-c.be\/fr\/%e2%80%a6-philippe-de-pierpont-jan-hammenecker-et-david-murgia\/","name":"\u2026 Philippe de Pierpont, Jan Hammenecker et David Murgia - w-l-c","isPartOf":{"@id":"https:\/\/w-l-c.be\/fr\/#website"},"datePublished":"2013-01-11T05:28:26+00:00","dateModified":"2013-01-11T07:55:33+00:00","author":{"@id":"https:\/\/w-l-c.be\/fr\/#\/schema\/person\/4b9b1d857f0943453a38a7c2859ef756"},"breadcrumb":{"@id":"https:\/\/w-l-c.be\/fr\/%e2%80%a6-philippe-de-pierpont-jan-hammenecker-et-david-murgia\/#breadcrumb"},"inLanguage":"fr-FR","potentialAction":[{"@type":"ReadAction","target":["https:\/\/w-l-c.be\/fr\/%e2%80%a6-philippe-de-pierpont-jan-hammenecker-et-david-murgia\/"]}]},{"@type":"BreadcrumbList","@id":"https:\/\/w-l-c.be\/fr\/%e2%80%a6-philippe-de-pierpont-jan-hammenecker-et-david-murgia\/#breadcrumb","itemListElement":[{"@type":"ListItem","position":1,"name":"Accueil","item":"https:\/\/w-l-c.be\/fr\/"},{"@type":"ListItem","position":2,"name":"\u2026 Philippe de Pierpont, Jan Hammenecker et David Murgia"}]},{"@type":"WebSite","@id":"https:\/\/w-l-c.be\/fr\/#website","url":"https:\/\/w-l-c.be\/fr\/","name":"w-l-c","description":"Le cin\u00e9ma vu par les belges","potentialAction":[{"@type":"SearchAction","target":{"@type":"EntryPoint","urlTemplate":"https:\/\/w-l-c.be\/fr\/?s={search_term_string}"},"query-input":"required name=search_term_string"}],"inLanguage":"fr-FR"},{"@type":"Person","@id":"https:\/\/w-l-c.be\/fr\/#\/schema\/person\/4b9b1d857f0943453a38a7c2859ef756","name":"Philippe.Pierquin","url":"https:\/\/w-l-c.be\/fr\/author\/philippe-pierquin\/"}]}},"_links":{"self":[{"href":"https:\/\/w-l-c.be\/fr\/wp-json\/wp\/v2\/posts\/34552","targetHints":{"allow":["GET"]}}],"collection":[{"href":"https:\/\/w-l-c.be\/fr\/wp-json\/wp\/v2\/posts"}],"about":[{"href":"https:\/\/w-l-c.be\/fr\/wp-json\/wp\/v2\/types\/post"}],"author":[{"embeddable":true,"href":"https:\/\/w-l-c.be\/fr\/wp-json\/wp\/v2\/users\/7"}],"replies":[{"embeddable":true,"href":"https:\/\/w-l-c.be\/fr\/wp-json\/wp\/v2\/comments?post=34552"}],"version-history":[{"count":0,"href":"https:\/\/w-l-c.be\/fr\/wp-json\/wp\/v2\/posts\/34552\/revisions"}],"wp:featuredmedia":[{"embeddable":true,"href":"https:\/\/w-l-c.be\/fr\/wp-json\/wp\/v2\/media\/35273"}],"wp:attachment":[{"href":"https:\/\/w-l-c.be\/fr\/wp-json\/wp\/v2\/media?parent=34552"}],"wp:term":[{"taxonomy":"category","embeddable":true,"href":"https:\/\/w-l-c.be\/fr\/wp-json\/wp\/v2\/categories?post=34552"},{"taxonomy":"post_tag","embeddable":true,"href":"https:\/\/w-l-c.be\/fr\/wp-json\/wp\/v2\/tags?post=34552"}],"curies":[{"name":"wp","href":"https:\/\/api.w.org\/{rel}","templated":true}]}}