
{"id":35732,"date":"2013-01-21T09:35:45","date_gmt":"2013-01-21T09:35:45","guid":{"rendered":"http:\/\/www.cinevox.be\/?p=35732"},"modified":"2013-01-21T10:24:23","modified_gmt":"2013-01-21T10:24:23","slug":"%e2%80%a6-alain-desauvage-mathieu-donck-erika-sainte-vanja-d%e2%80%99alcantara","status":"publish","type":"post","link":"https:\/\/w-l-c.be\/fr\/%e2%80%a6-alain-desauvage-mathieu-donck-erika-sainte-vanja-d%e2%80%99alcantara\/","title":{"rendered":"\u2026 Alain Desauvage, Mathieu Donck, Erika Sainte, Vanja d\u2019Alcantara"},"content":{"rendered":"<p>Un monteur virtuose, une actrice exceptionnelle et deux r\u00e9alisateurs ambitieux qui ont envie, pour leur prochain film, de planter leur cam\u00e9ra loin de la Belgique.<\/p>\n<p>Leurs points communs ? Ils sont belges et nous parlent de 2013<!--more--><\/p>\n<p>&nbsp;<\/p>\n<p><a rel=\"attachment wp-att-35734\" href=\"http:\/\/www.cinevox.be\/%e2%80%a6-alain-desauvage-mathieu-donck-erika-sainte-vanja-d%e2%80%99alcantara\/mdc-2012-17\"><img loading=\"lazy\" decoding=\"async\" class=\"aligncenter size-full wp-image-35734\" title=\"MDC 2012\" src=\"http:\/\/www.cinevox.be\/wp-content\/uploads\/2013\/01\/Dessauvage1.jpg\" alt=\"\" width=\"4510\" height=\"3096\" srcset=\"https:\/\/w-l-c.be\/wp-content\/uploads\/2013\/01\/Dessauvage1.jpg 4510w, https:\/\/w-l-c.be\/wp-content\/uploads\/2013\/01\/Dessauvage1-393x270.jpg 393w, https:\/\/w-l-c.be\/wp-content\/uploads\/2013\/01\/Dessauvage1-800x549.jpg 800w\" sizes=\"auto, (max-width: 4510px) 100vw, 4510px\" \/><\/a><\/p>\n<p>&nbsp;<\/p>\n<p><strong>Alain Dessauvage <\/strong><\/p>\n<p>&nbsp;<\/p>\n<p><em>En f\u00e9vrier 2012, il a d\u00e9croch\u00e9 le Magritte du meilleur montage pour Rundskop et il n\u2019arr\u00eate pas de travailler. Cette ann\u00e9e, on lui doit aussi le rythme d\u2019Offline et de Brasserie Romantiek deux grands succ\u00e8s du cin\u00e9ma flamand. <\/em><\/p>\n<p>Pour moi, 2013 c\u2019est d\u2019abord la finalisation et la sortie des deux films n\u00e9erlandais que j\u2019ai encha\u00een\u00e9s. Le premier, <em>De Wederopstanding van een Klootzak<\/em> (La r\u00e9surrection d\u2019un salaud) de <strong>Guido Van Driel <\/strong>et <em>Hemel op Aarde <\/em>de <strong>Pieter Kuijpers<\/strong>. Wederopstanding est le premier film n\u00e9erlandais qui aura la chance d\u2019ouvrir le festival de Rotterdam depuis 14 ans. Cet \u00e9t\u00e9 je commence \u00e0 travailler sur <em>Paradise Trips<\/em> de <strong>Raf Reyntjens.<\/strong> Le Tax Shelter apporte beaucoup de possibilit\u00e9s, j\u2019esp\u00e8re d\u2019ailleurs collaborer \u00e0 un long m\u00e9trage francophone ou fran\u00e7ais un jour.<\/p>\n<p>Pour le reste je suis curieux de voir la suite des aventures de Michael Roskam et Matthias Schoenaerts \u00e0 Hollywood, et je croise les doigts pour que Tom Van Avermaet gagne l\u2019Oscar du meilleur court-m\u00e9trage.<\/p>\n<p>Ces derni\u00e8res ann\u00e9es, le cin\u00e9ma belge est en excellente forme. Je suis vraiment heureux d\u2019en faire partie.<\/p>\n<p>&nbsp;<\/p>\n<p><a rel=\"attachment wp-att-35738\" href=\"http:\/\/www.cinevox.be\/%e2%80%a6-alain-desauvage-mathieu-donck-erika-sainte-vanja-d%e2%80%99alcantara\/img_3424-4\"><img loading=\"lazy\" decoding=\"async\" class=\"aligncenter size-full wp-image-35738\" title=\"IMG_3424\" src=\"http:\/\/www.cinevox.be\/wp-content\/uploads\/2013\/01\/IMG_3424.jpg\" alt=\"\" width=\"5184\" height=\"3456\" srcset=\"https:\/\/w-l-c.be\/wp-content\/uploads\/2013\/01\/IMG_3424.jpg 5184w, https:\/\/w-l-c.be\/wp-content\/uploads\/2013\/01\/IMG_3424-405x270.jpg 405w, https:\/\/w-l-c.be\/wp-content\/uploads\/2013\/01\/IMG_3424-800x533.jpg 800w\" sizes=\"auto, (max-width: 5184px) 100vw, 5184px\" \/><\/a><\/p>\n<p>&nbsp;<\/p>\n<p><strong>Matthieu Donck<\/strong><\/p>\n<p>&nbsp;<\/p>\n<p><em>Avec Torpedo, le jeune r\u00e9alisateur belge a r\u00e9ussi son entr\u00e9e dans le cin\u00e9ma de long m\u00e9trage. Une sortie chaotique lui a sans doute co\u00fbt\u00e9 quelques nominations aux Magritte\u00a02013, ce qu\u2019il aurait largement m\u00e9rit\u00e9.\u00a0 Mais loin de se d\u00e9courager, Matthieu a cl\u00f4tur\u00e9 le deuxi\u00e8me tome de sa BD Shrimp chez Dargaud et commenc\u00e9 \u00e0 envisager la suite de sa carri\u00e8re de cin\u00e9aste. <\/em><\/p>\n<p>&nbsp;<\/p>\n<p>Alors 2013, 2013&#8230; Je compte terminer l\u2019\u00e9criture et commencer la production de mon prochain long m\u00e9trage: <em>East.<\/em><\/p>\n<p>En parall\u00e8le, je me r\u00e9jouis de tourner un court-m\u00e9trage au mois de mars et suis aussi en train d\u2019\u00e9crire une nouvelle bande dessin\u00e9e avec Benjamin d\u2019Aoust.<\/p>\n<p>En 2013, j\u2019esp\u00e8re surtout d\u00e9couvrir encore plein de choses: des gens, des films, des histoires.<\/p>\n<p>&nbsp;<\/p>\n<p><a rel=\"attachment wp-att-35741\" href=\"http:\/\/www.cinevox.be\/%e2%80%a6-alain-desauvage-mathieu-donck-erika-sainte-vanja-d%e2%80%99alcantara\/img_2463\"><img loading=\"lazy\" decoding=\"async\" class=\"aligncenter size-full wp-image-35741\" title=\"IMG_2463\" src=\"http:\/\/www.cinevox.be\/wp-content\/uploads\/2013\/01\/IMG_2463.jpg\" alt=\"\" width=\"5184\" height=\"3456\" srcset=\"https:\/\/w-l-c.be\/wp-content\/uploads\/2013\/01\/IMG_2463.jpg 5184w, https:\/\/w-l-c.be\/wp-content\/uploads\/2013\/01\/IMG_2463-405x270.jpg 405w, https:\/\/w-l-c.be\/wp-content\/uploads\/2013\/01\/IMG_2463-800x533.jpg 800w\" sizes=\"auto, (max-width: 5184px) 100vw, 5184px\" \/><\/a><\/p>\n<p>&nbsp;<\/p>\n<p><strong>Erika Sainte<\/strong><\/p>\n<p><em>On pensait que sa formidable prestation dans Elle ne pleure pas elle chante et le Magritte du meilleur espoir f\u00e9minin qu\u2019elle re\u00e7ut en r\u00e9compense allait faire d\u2019elle l\u2019objet de tous les d\u00e9sirs des cin\u00e9astes belges. Il n\u2019en a rien \u00e9t\u00e9. Allez trouver une logique l\u00e0-dedans\u2026 Fin\u00a02012, Erika est donc remont\u00e9e sur sc\u00e8ne pour un Skylight qui lui a valu de nouveaux \u00e9loges de la presse. Qui offrira \u00e0 nouveau \u00e0 ce diamant brut un vrai grand r\u00f4le \u00e0 la mesure de son \u00e9clat ? <\/em><\/p>\n<p>&nbsp;<\/p>\n<p>Ce que je me souhaite en 2013?<\/p>\n<p>J\u2019aimerais que cette ann\u00e9e marque la concr\u00e9tisation des d\u00e9sirs et des envies qui sont n\u00e9s en 2012<\/p>\n<p>Entre autres, deux longs m\u00e9trages, un film de genre et une com\u00e9die qui devraient se tourner dans la premi\u00e8re partie de cette ann\u00e9e. Puis un court aussi qui me tient fort \u00e0 c\u0153ur et qui se tournera au d\u00e9but de l\u2019automne prochain. J\u2019ai surtout envie de continuer \u00e0 \u00eatre curieuse. D\u2019aller voir partout, ailleurs. Au cin\u00e9ma comme au th\u00e9\u00e2tre<\/p>\n<p>&nbsp;<\/p>\n<p><a rel=\"attachment wp-att-35742\" href=\"http:\/\/www.cinevox.be\/%e2%80%a6-alain-desauvage-mathieu-donck-erika-sainte-vanja-d%e2%80%99alcantara\/398430_10151245192265548_2010276101_n\"><img loading=\"lazy\" decoding=\"async\" class=\"aligncenter size-full wp-image-35742\" title=\"398430_10151245192265548_2010276101_n\" src=\"http:\/\/www.cinevox.be\/wp-content\/uploads\/2013\/01\/398430_10151245192265548_2010276101_n.jpg\" alt=\"\" width=\"960\" height=\"511\" srcset=\"https:\/\/w-l-c.be\/wp-content\/uploads\/2013\/01\/398430_10151245192265548_2010276101_n.jpg 960w, https:\/\/w-l-c.be\/wp-content\/uploads\/2013\/01\/398430_10151245192265548_2010276101_n-480x255.jpg 480w, https:\/\/w-l-c.be\/wp-content\/uploads\/2013\/01\/398430_10151245192265548_2010276101_n-800x425.jpg 800w\" sizes=\"auto, (max-width: 960px) 100vw, 960px\" \/><\/a><\/p>\n<p>&nbsp;<\/p>\n<p><strong>Vanja d\u2019Alcantara<\/strong><\/p>\n<p><em>Nomm\u00e9e aux Magritte l\u2019an dernier pour son premier long m\u00e9trage, Beyond the Steppes, Vanja d\u2019Alcantara pr\u00e9pare la suite. Sans pr\u00e9cipitation. Mais avec une vraie t\u00e9nacit\u00e9. Car elle n\u2019est pas femme \u00e0 s\u2019en laisser compter\u2026<\/em><\/p>\n<p>&nbsp;<\/p>\n<p>2013, une ann\u00e9e pleine de promesses&#8230; Je la souhaite remplie de douceur et de l\u00e9g\u00e8ret\u00e9, je l\u2019esp\u00e8re cr\u00e9ative et stimulante. Je veille actuellement \u00e0 l\u2019avancement de <em>Kokoro<\/em>, production franco-japonaise qui est une adaptation du roman \u00ab\u00a0Le c\u0153ur r\u00e9gulier\u00a0\u00bb d\u2019Olivier Adam. Je travaille aussi au d\u00e9veloppement du film flamand <em>Toni &amp; Jesus<\/em>&#8230; De beaux projets et de belles collaborations en perspective.<\/p>\n<p>&nbsp;<\/p>\n<p>&nbsp;<\/p>\n","protected":false},"excerpt":{"rendered":"<p>Un monteur virtuose, une actrice exceptionnelle et deux r\u00e9alisateurs ambitieux qui ont envie, pour leur prochain film, de planter leur cam\u00e9ra loin de la Belgique. Leurs points communs ? Ils sont belges et nous parlent de 2013<\/p>\n","protected":false},"author":7,"featured_media":35744,"comment_status":"closed","ping_status":"closed","sticky":false,"template":"","format":"standard","meta":{"ngg_post_thumbnail":0,"footnotes":""},"categories":[1923],"tags":[],"class_list":["post-35732","post","type-post","status-publish","format-standard","has-post-thumbnail","","category-en-bref"],"yoast_head":"<!-- This site is optimized with the Yoast SEO plugin v20.4 - https:\/\/yoast.com\/wordpress\/plugins\/seo\/ -->\n<title>\u2026 Alain Desauvage, Mathieu Donck, Erika Sainte, Vanja d\u2019Alcantara - w-l-c<\/title>\n<meta name=\"robots\" content=\"noindex, follow, max-snippet:-1, max-image-preview:large, max-video-preview:-1\" \/>\n<meta property=\"og:locale\" content=\"fr_FR\" \/>\n<meta property=\"og:type\" content=\"article\" \/>\n<meta property=\"og:title\" content=\"\u2026 Alain Desauvage, Mathieu Donck, Erika Sainte, Vanja d\u2019Alcantara - w-l-c\" \/>\n<meta property=\"og:description\" content=\"Un monteur virtuose, une actrice exceptionnelle et deux r\u00e9alisateurs ambitieux qui ont envie, pour leur prochain film, de planter leur cam\u00e9ra loin de la Belgique. Leurs points communs ? Ils sont belges et nous parlent de 2013\" \/>\n<meta property=\"og:url\" content=\"https:\/\/w-l-c.be\/fr\/\u2026-alain-desauvage-mathieu-donck-erika-sainte-vanja-d\u2019alcantara\/\" \/>\n<meta property=\"og:site_name\" content=\"w-l-c\" \/>\n<meta property=\"article:published_time\" content=\"2013-01-21T09:35:45+00:00\" \/>\n<meta property=\"article:modified_time\" content=\"2013-01-21T10:24:23+00:00\" \/>\n<meta property=\"og:image\" content=\"https:\/\/w-l-c.be\/wp-content\/uploads\/2013\/01\/2013-10.jpg\" \/>\n\t<meta property=\"og:image:width\" content=\"2956\" \/>\n\t<meta property=\"og:image:height\" content=\"1681\" \/>\n\t<meta property=\"og:image:type\" content=\"image\/jpeg\" \/>\n<meta name=\"author\" content=\"Philippe.Pierquin\" \/>\n<meta name=\"twitter:card\" content=\"summary_large_image\" \/>\n<meta name=\"twitter:label1\" content=\"\u00c9crit par\" \/>\n\t<meta name=\"twitter:data1\" content=\"Philippe.Pierquin\" \/>\n\t<meta name=\"twitter:label2\" content=\"Dur\u00e9e de lecture estim\u00e9e\" \/>\n\t<meta name=\"twitter:data2\" content=\"4 minutes\" \/>\n<script type=\"application\/ld+json\" class=\"yoast-schema-graph\">{\"@context\":\"https:\/\/schema.org\",\"@graph\":[{\"@type\":\"WebPage\",\"@id\":\"https:\/\/w-l-c.be\/fr\/%e2%80%a6-alain-desauvage-mathieu-donck-erika-sainte-vanja-d%e2%80%99alcantara\/\",\"url\":\"https:\/\/w-l-c.be\/fr\/%e2%80%a6-alain-desauvage-mathieu-donck-erika-sainte-vanja-d%e2%80%99alcantara\/\",\"name\":\"\u2026 Alain Desauvage, Mathieu Donck, Erika Sainte, Vanja d\u2019Alcantara - w-l-c\",\"isPartOf\":{\"@id\":\"https:\/\/w-l-c.be\/fr\/#website\"},\"datePublished\":\"2013-01-21T09:35:45+00:00\",\"dateModified\":\"2013-01-21T10:24:23+00:00\",\"author\":{\"@id\":\"https:\/\/w-l-c.be\/fr\/#\/schema\/person\/4b9b1d857f0943453a38a7c2859ef756\"},\"breadcrumb\":{\"@id\":\"https:\/\/w-l-c.be\/fr\/%e2%80%a6-alain-desauvage-mathieu-donck-erika-sainte-vanja-d%e2%80%99alcantara\/#breadcrumb\"},\"inLanguage\":\"fr-FR\",\"potentialAction\":[{\"@type\":\"ReadAction\",\"target\":[\"https:\/\/w-l-c.be\/fr\/%e2%80%a6-alain-desauvage-mathieu-donck-erika-sainte-vanja-d%e2%80%99alcantara\/\"]}]},{\"@type\":\"BreadcrumbList\",\"@id\":\"https:\/\/w-l-c.be\/fr\/%e2%80%a6-alain-desauvage-mathieu-donck-erika-sainte-vanja-d%e2%80%99alcantara\/#breadcrumb\",\"itemListElement\":[{\"@type\":\"ListItem\",\"position\":1,\"name\":\"Accueil\",\"item\":\"https:\/\/w-l-c.be\/fr\/\"},{\"@type\":\"ListItem\",\"position\":2,\"name\":\"\u2026 Alain Desauvage, Mathieu Donck, Erika Sainte, Vanja d\u2019Alcantara\"}]},{\"@type\":\"WebSite\",\"@id\":\"https:\/\/w-l-c.be\/fr\/#website\",\"url\":\"https:\/\/w-l-c.be\/fr\/\",\"name\":\"w-l-c\",\"description\":\"Le cin\u00e9ma vu par les belges\",\"potentialAction\":[{\"@type\":\"SearchAction\",\"target\":{\"@type\":\"EntryPoint\",\"urlTemplate\":\"https:\/\/w-l-c.be\/fr\/?s={search_term_string}\"},\"query-input\":\"required name=search_term_string\"}],\"inLanguage\":\"fr-FR\"},{\"@type\":\"Person\",\"@id\":\"https:\/\/w-l-c.be\/fr\/#\/schema\/person\/4b9b1d857f0943453a38a7c2859ef756\",\"name\":\"Philippe.Pierquin\",\"url\":\"https:\/\/w-l-c.be\/fr\/author\/philippe-pierquin\/\"}]}<\/script>\n<!-- \/ Yoast SEO plugin. -->","yoast_head_json":{"title":"\u2026 Alain Desauvage, Mathieu Donck, Erika Sainte, Vanja d\u2019Alcantara - w-l-c","robots":{"index":"noindex","follow":"follow","max-snippet":"max-snippet:-1","max-image-preview":"max-image-preview:large","max-video-preview":"max-video-preview:-1"},"og_locale":"fr_FR","og_type":"article","og_title":"\u2026 Alain Desauvage, Mathieu Donck, Erika Sainte, Vanja d\u2019Alcantara - w-l-c","og_description":"Un monteur virtuose, une actrice exceptionnelle et deux r\u00e9alisateurs ambitieux qui ont envie, pour leur prochain film, de planter leur cam\u00e9ra loin de la Belgique. Leurs points communs ? Ils sont belges et nous parlent de 2013","og_url":"https:\/\/w-l-c.be\/fr\/\u2026-alain-desauvage-mathieu-donck-erika-sainte-vanja-d\u2019alcantara\/","og_site_name":"w-l-c","article_published_time":"2013-01-21T09:35:45+00:00","article_modified_time":"2013-01-21T10:24:23+00:00","og_image":[{"width":"2956","height":"1681","url":"https:\/\/w-l-c.be\/wp-content\/uploads\/2013\/01\/2013-10.jpg","type":"image\/jpeg"}],"author":"Philippe.Pierquin","twitter_card":"summary_large_image","twitter_misc":{"\u00c9crit par":"Philippe.Pierquin","Dur\u00e9e de lecture estim\u00e9e":"4 minutes"},"schema":{"@context":"https:\/\/schema.org","@graph":[{"@type":"WebPage","@id":"https:\/\/w-l-c.be\/fr\/%e2%80%a6-alain-desauvage-mathieu-donck-erika-sainte-vanja-d%e2%80%99alcantara\/","url":"https:\/\/w-l-c.be\/fr\/%e2%80%a6-alain-desauvage-mathieu-donck-erika-sainte-vanja-d%e2%80%99alcantara\/","name":"\u2026 Alain Desauvage, Mathieu Donck, Erika Sainte, Vanja d\u2019Alcantara - w-l-c","isPartOf":{"@id":"https:\/\/w-l-c.be\/fr\/#website"},"datePublished":"2013-01-21T09:35:45+00:00","dateModified":"2013-01-21T10:24:23+00:00","author":{"@id":"https:\/\/w-l-c.be\/fr\/#\/schema\/person\/4b9b1d857f0943453a38a7c2859ef756"},"breadcrumb":{"@id":"https:\/\/w-l-c.be\/fr\/%e2%80%a6-alain-desauvage-mathieu-donck-erika-sainte-vanja-d%e2%80%99alcantara\/#breadcrumb"},"inLanguage":"fr-FR","potentialAction":[{"@type":"ReadAction","target":["https:\/\/w-l-c.be\/fr\/%e2%80%a6-alain-desauvage-mathieu-donck-erika-sainte-vanja-d%e2%80%99alcantara\/"]}]},{"@type":"BreadcrumbList","@id":"https:\/\/w-l-c.be\/fr\/%e2%80%a6-alain-desauvage-mathieu-donck-erika-sainte-vanja-d%e2%80%99alcantara\/#breadcrumb","itemListElement":[{"@type":"ListItem","position":1,"name":"Accueil","item":"https:\/\/w-l-c.be\/fr\/"},{"@type":"ListItem","position":2,"name":"\u2026 Alain Desauvage, Mathieu Donck, Erika Sainte, Vanja d\u2019Alcantara"}]},{"@type":"WebSite","@id":"https:\/\/w-l-c.be\/fr\/#website","url":"https:\/\/w-l-c.be\/fr\/","name":"w-l-c","description":"Le cin\u00e9ma vu par les belges","potentialAction":[{"@type":"SearchAction","target":{"@type":"EntryPoint","urlTemplate":"https:\/\/w-l-c.be\/fr\/?s={search_term_string}"},"query-input":"required name=search_term_string"}],"inLanguage":"fr-FR"},{"@type":"Person","@id":"https:\/\/w-l-c.be\/fr\/#\/schema\/person\/4b9b1d857f0943453a38a7c2859ef756","name":"Philippe.Pierquin","url":"https:\/\/w-l-c.be\/fr\/author\/philippe-pierquin\/"}]}},"_links":{"self":[{"href":"https:\/\/w-l-c.be\/fr\/wp-json\/wp\/v2\/posts\/35732","targetHints":{"allow":["GET"]}}],"collection":[{"href":"https:\/\/w-l-c.be\/fr\/wp-json\/wp\/v2\/posts"}],"about":[{"href":"https:\/\/w-l-c.be\/fr\/wp-json\/wp\/v2\/types\/post"}],"author":[{"embeddable":true,"href":"https:\/\/w-l-c.be\/fr\/wp-json\/wp\/v2\/users\/7"}],"replies":[{"embeddable":true,"href":"https:\/\/w-l-c.be\/fr\/wp-json\/wp\/v2\/comments?post=35732"}],"version-history":[{"count":0,"href":"https:\/\/w-l-c.be\/fr\/wp-json\/wp\/v2\/posts\/35732\/revisions"}],"wp:featuredmedia":[{"embeddable":true,"href":"https:\/\/w-l-c.be\/fr\/wp-json\/wp\/v2\/media\/35744"}],"wp:attachment":[{"href":"https:\/\/w-l-c.be\/fr\/wp-json\/wp\/v2\/media?parent=35732"}],"wp:term":[{"taxonomy":"category","embeddable":true,"href":"https:\/\/w-l-c.be\/fr\/wp-json\/wp\/v2\/categories?post=35732"},{"taxonomy":"post_tag","embeddable":true,"href":"https:\/\/w-l-c.be\/fr\/wp-json\/wp\/v2\/tags?post=35732"}],"curies":[{"name":"wp","href":"https:\/\/api.w.org\/{rel}","templated":true}]}}