
{"id":35986,"date":"2013-01-24T10:54:38","date_gmt":"2013-01-24T10:54:38","guid":{"rendered":"http:\/\/www.cinevox.be\/?p=35986"},"modified":"2013-01-24T14:06:43","modified_gmt":"2013-01-24T14:06:43","slug":"voulez-vous-collaborer-avec-steven-spielberg","status":"publish","type":"post","link":"https:\/\/w-l-c.be\/fr\/voulez-vous-collaborer-avec-steven-spielberg\/","title":{"rendered":"Voulez-vous collaborer avec Steven Spielberg ?"},"content":{"rendered":"<p>Le tournage de <em>The Fifth Estate<\/em> vient tout juste de d\u00e9marrer. Les studios Dream Works de <strong>Steven Spielberg <\/strong>produisent ce thriller dramatique ax\u00e9 sur le ph\u00e9nom\u00e8ne Wikileaks et plus pr\u00e9cis\u00e9ment sur son patron Julien Assange qui sera interpr\u00e9t\u00e9 \u00e0 l\u2019\u00e9cran par <strong>Benedict Cumberlach<\/strong> (<em>The Hobbit, Parade&rsquo;s End<\/em>).<\/p>\n<p>&nbsp;<\/p>\n<p>Le deuxi\u00e8me personnage principal du film Daniel Domscheit-Berg, supporter du projet depuis ses origines, sera camp\u00e9 \u00e0 l\u2019\u00e9cran par <strong>Daniel Br\u00fchl<\/strong>, vu dans <em>Inglorious basterds<\/em> ou <em>Goodbye Lenin<\/em>.\u00a0 Les autres acteurs retenus sont Laura Linney, Anthony Mackie, David Thewlis, Peter Capaldi, Dan Stevens, Alicia Vikander et Carice van Houten.<\/p>\n<p><em>The Fifth Estate<\/em> sera r\u00e9alis\u00e9 par <strong>Bill Condon,<\/strong> responsable des deux derniers tomes cin\u00e9matographiques de la saga <em>Twilight<\/em> et avant cela de <em>Dreamgirls<\/em> ou <em>Dr Kingsey<\/em>.\u00a0 Le film sera distribu\u00e9 aux \u00c9tats-Unis d\u00e8s le 15 novembre par Reliance (partenaire de DreamWorks) et Disney.<\/p>\n<p>&nbsp;<\/p>\n<p><span style=\"font-size: 16px;\"><!--more--><\/span><\/p>\n<p>&nbsp;<\/p>\n<p><a rel=\"attachment wp-att-35987\" href=\"http:\/\/www.cinevox.be\/voulez-vous-collaborer-avec-steven-spielberg\/2013-01-24_11h19_25\"><img loading=\"lazy\" decoding=\"async\" class=\"aligncenter size-full wp-image-35987\" title=\"2013-01-24_11h19_25\" src=\"http:\/\/www.cinevox.be\/wp-content\/uploads\/2013\/01\/2013-01-24_11h19_25.jpg\" alt=\"\" width=\"716\" height=\"400\" srcset=\"https:\/\/w-l-c.be\/wp-content\/uploads\/2013\/01\/2013-01-24_11h19_25.jpg 716w, https:\/\/w-l-c.be\/wp-content\/uploads\/2013\/01\/2013-01-24_11h19_25-200x113.jpg 200w, https:\/\/w-l-c.be\/wp-content\/uploads\/2013\/01\/2013-01-24_11h19_25-480x268.jpg 480w, https:\/\/w-l-c.be\/wp-content\/uploads\/2013\/01\/2013-01-24_11h19_25-300x169.jpg 300w\" sizes=\"auto, (max-width: 716px) 100vw, 716px\" \/><\/a><\/p>\n<p>&nbsp;<\/p>\n<p><em>The Fifth Estate<\/em> se concentre sur les premiers jours de gloire de Wikileaks, au moment o\u00f9 le site Internet a commenc\u00e9 \u00e0 publier des documents classifi\u00e9s et sur la chasse aux sorci\u00e8res qui a alors fait de son patron Julien Assange l\u2019ennemi n\u00b01 de nombreux \u00e9tats affol\u00e9s par ces r\u00e9v\u00e9lations cavali\u00e8res, souvent g\u00eanantes.<\/p>\n<p>Que vient faire ce film dans Cinevox, vous demandez-vous? H\u00e9 bien, cette opulente production am\u00e9ricaine est support\u00e9e\u2026 par le Tax Shelter belge et coproduite chez nous par Hilde de Laere qui a d\u00e9j\u00e0 collabor\u00e9 avec les studios am\u00e9ricains sur la version US de Loft (qu\u2019on attend toujours\u2026).<\/p>\n<p>&nbsp;<\/p>\n<p>L\u2019arriv\u00e9e de grosses productions internationales chez nous signifie naturellement du travail suppl\u00e9mentaire pour nos techniciens, plus d\u2019activit\u00e9s autour des lieux de tournage aussi. Car c\u2019est bien de cela qu\u2019il s\u2019agit. Si certains francophones se posent parfois la question de la p\u00e9rennit\u00e9 du Tax Shelter, la question ne se pose m\u00eame pas en Flandre o\u00f9 son utilit\u00e9 est pleinement comprise et d\u00e9fendue becs et ongles par toute la profession.<\/p>\n<p>&nbsp;<\/p>\n<p><em>The Fifth Estate<\/em> sera en partie tourn\u00e9 chez nous et la production belge cherche de nombreux figurants. Un site a \u00e9t\u00e9 cr\u00e9\u00e9 pour que vous puissiez vous inscrire si l\u2019aventure vous tente. L\u2019offre est d\u2019autant plus all\u00e9chante qu\u2019elle d\u00e9passe le cadre du cin\u00e9ma puisque Wikileaks c\u2019est d\u00e9j\u00e0 une page d\u2019histoire, un ph\u00e9nom\u00e8ne qui risque de changer \u00e0 jamais notre perception du pouvoir et de remettre en question la mani\u00e8re d\u2019acheminer les informations vers le grand public.<\/p>\n<p>&nbsp;<\/p>\n<p>Alors tent\u00e9s? Vous pouvez vous connecter imm\u00e9diatement en cliquant<a href=\"http:\/\/inthepicture.tv\/signup.php?partner=348&amp;clang=4\" target=\"_blank\"> ICI.<\/a> La proc\u00e9dure est simple : inscription, confirmation via un lien envoy\u00e9 sur votre adresse mail, un profil \u00e0 remplir plus une photo. Et hop&#8230; Un jour\u00a0de tournage est pr\u00e9vu \u00e0 la gare des Guillemins avec le Clap.<\/p>\n<p>&nbsp;<\/p>\n<p>Bonne chance !<\/p>\n<p>&nbsp;<\/p>\n<p>&nbsp;<\/p>\n","protected":false},"excerpt":{"rendered":"<p>Le tournage de The Fifth Estate vient tout juste de d\u00e9marrer. Les studios Dream Works de Steven Spielberg produisent ce thriller dramatique ax\u00e9 sur le ph\u00e9nom\u00e8ne Wikileaks et plus pr\u00e9cis\u00e9ment sur son patron Julien Assange qui sera interpr\u00e9t\u00e9 \u00e0 l\u2019\u00e9cran par Benedict Cumberlach (The Hobbit, Parade&rsquo;s End). &nbsp; Le deuxi\u00e8me personnage principal du film Daniel &hellip;<\/p>\n","protected":false},"author":7,"featured_media":35989,"comment_status":"closed","ping_status":"closed","sticky":false,"template":"","format":"standard","meta":{"ngg_post_thumbnail":0,"footnotes":""},"categories":[1923,7],"tags":[],"class_list":["post-35986","post","type-post","status-publish","format-standard","has-post-thumbnail","","category-en-bref","category-actualites"],"yoast_head":"<!-- This site is optimized with the Yoast SEO plugin v20.4 - https:\/\/yoast.com\/wordpress\/plugins\/seo\/ -->\n<title>Voulez-vous collaborer avec Steven Spielberg ? - w-l-c<\/title>\n<meta name=\"robots\" content=\"noindex, follow, max-snippet:-1, max-image-preview:large, max-video-preview:-1\" \/>\n<meta property=\"og:locale\" content=\"fr_FR\" \/>\n<meta property=\"og:type\" content=\"article\" \/>\n<meta property=\"og:title\" content=\"Voulez-vous collaborer avec Steven Spielberg ? - w-l-c\" \/>\n<meta property=\"og:description\" content=\"Le tournage de The Fifth Estate vient tout juste de d\u00e9marrer. Les studios Dream Works de Steven Spielberg produisent ce thriller dramatique ax\u00e9 sur le ph\u00e9nom\u00e8ne Wikileaks et plus pr\u00e9cis\u00e9ment sur son patron Julien Assange qui sera interpr\u00e9t\u00e9 \u00e0 l\u2019\u00e9cran par Benedict Cumberlach (The Hobbit, Parade&rsquo;s End). &nbsp; Le deuxi\u00e8me personnage principal du film Daniel &hellip;\" \/>\n<meta property=\"og:url\" content=\"https:\/\/w-l-c.be\/fr\/voulez-vous-collaborer-avec-steven-spielberg\/\" \/>\n<meta property=\"og:site_name\" content=\"w-l-c\" \/>\n<meta property=\"article:published_time\" content=\"2013-01-24T10:54:38+00:00\" \/>\n<meta property=\"article:modified_time\" content=\"2013-01-24T14:06:43+00:00\" \/>\n<meta property=\"og:image\" content=\"https:\/\/w-l-c.be\/wp-content\/uploads\/2013\/01\/dreamworks-178623.jpg\" \/>\n\t<meta property=\"og:image:width\" content=\"800\" \/>\n\t<meta property=\"og:image:height\" content=\"524\" \/>\n\t<meta property=\"og:image:type\" content=\"image\/jpeg\" \/>\n<meta name=\"author\" content=\"Philippe.Pierquin\" \/>\n<meta name=\"twitter:card\" content=\"summary_large_image\" \/>\n<meta name=\"twitter:label1\" content=\"\u00c9crit par\" \/>\n\t<meta name=\"twitter:data1\" content=\"Philippe.Pierquin\" \/>\n\t<meta name=\"twitter:label2\" content=\"Dur\u00e9e de lecture estim\u00e9e\" \/>\n\t<meta name=\"twitter:data2\" content=\"2 minutes\" \/>\n<script type=\"application\/ld+json\" class=\"yoast-schema-graph\">{\"@context\":\"https:\/\/schema.org\",\"@graph\":[{\"@type\":\"WebPage\",\"@id\":\"https:\/\/w-l-c.be\/fr\/voulez-vous-collaborer-avec-steven-spielberg\/\",\"url\":\"https:\/\/w-l-c.be\/fr\/voulez-vous-collaborer-avec-steven-spielberg\/\",\"name\":\"Voulez-vous collaborer avec Steven Spielberg ? - w-l-c\",\"isPartOf\":{\"@id\":\"https:\/\/w-l-c.be\/fr\/#website\"},\"datePublished\":\"2013-01-24T10:54:38+00:00\",\"dateModified\":\"2013-01-24T14:06:43+00:00\",\"author\":{\"@id\":\"https:\/\/w-l-c.be\/fr\/#\/schema\/person\/4b9b1d857f0943453a38a7c2859ef756\"},\"breadcrumb\":{\"@id\":\"https:\/\/w-l-c.be\/fr\/voulez-vous-collaborer-avec-steven-spielberg\/#breadcrumb\"},\"inLanguage\":\"fr-FR\",\"potentialAction\":[{\"@type\":\"ReadAction\",\"target\":[\"https:\/\/w-l-c.be\/fr\/voulez-vous-collaborer-avec-steven-spielberg\/\"]}]},{\"@type\":\"BreadcrumbList\",\"@id\":\"https:\/\/w-l-c.be\/fr\/voulez-vous-collaborer-avec-steven-spielberg\/#breadcrumb\",\"itemListElement\":[{\"@type\":\"ListItem\",\"position\":1,\"name\":\"Accueil\",\"item\":\"https:\/\/w-l-c.be\/fr\/\"},{\"@type\":\"ListItem\",\"position\":2,\"name\":\"Voulez-vous collaborer avec Steven Spielberg ?\"}]},{\"@type\":\"WebSite\",\"@id\":\"https:\/\/w-l-c.be\/fr\/#website\",\"url\":\"https:\/\/w-l-c.be\/fr\/\",\"name\":\"w-l-c\",\"description\":\"Le cin\u00e9ma vu par les belges\",\"potentialAction\":[{\"@type\":\"SearchAction\",\"target\":{\"@type\":\"EntryPoint\",\"urlTemplate\":\"https:\/\/w-l-c.be\/fr\/?s={search_term_string}\"},\"query-input\":\"required name=search_term_string\"}],\"inLanguage\":\"fr-FR\"},{\"@type\":\"Person\",\"@id\":\"https:\/\/w-l-c.be\/fr\/#\/schema\/person\/4b9b1d857f0943453a38a7c2859ef756\",\"name\":\"Philippe.Pierquin\",\"url\":\"https:\/\/w-l-c.be\/fr\/author\/philippe-pierquin\/\"}]}<\/script>\n<!-- \/ Yoast SEO plugin. -->","yoast_head_json":{"title":"Voulez-vous collaborer avec Steven Spielberg ? - w-l-c","robots":{"index":"noindex","follow":"follow","max-snippet":"max-snippet:-1","max-image-preview":"max-image-preview:large","max-video-preview":"max-video-preview:-1"},"og_locale":"fr_FR","og_type":"article","og_title":"Voulez-vous collaborer avec Steven Spielberg ? - w-l-c","og_description":"Le tournage de The Fifth Estate vient tout juste de d\u00e9marrer. Les studios Dream Works de Steven Spielberg produisent ce thriller dramatique ax\u00e9 sur le ph\u00e9nom\u00e8ne Wikileaks et plus pr\u00e9cis\u00e9ment sur son patron Julien Assange qui sera interpr\u00e9t\u00e9 \u00e0 l\u2019\u00e9cran par Benedict Cumberlach (The Hobbit, Parade&rsquo;s End). &nbsp; Le deuxi\u00e8me personnage principal du film Daniel &hellip;","og_url":"https:\/\/w-l-c.be\/fr\/voulez-vous-collaborer-avec-steven-spielberg\/","og_site_name":"w-l-c","article_published_time":"2013-01-24T10:54:38+00:00","article_modified_time":"2013-01-24T14:06:43+00:00","og_image":[{"width":"800","height":"524","url":"https:\/\/w-l-c.be\/wp-content\/uploads\/2013\/01\/dreamworks-178623.jpg","type":"image\/jpeg"}],"author":"Philippe.Pierquin","twitter_card":"summary_large_image","twitter_misc":{"\u00c9crit par":"Philippe.Pierquin","Dur\u00e9e de lecture estim\u00e9e":"2 minutes"},"schema":{"@context":"https:\/\/schema.org","@graph":[{"@type":"WebPage","@id":"https:\/\/w-l-c.be\/fr\/voulez-vous-collaborer-avec-steven-spielberg\/","url":"https:\/\/w-l-c.be\/fr\/voulez-vous-collaborer-avec-steven-spielberg\/","name":"Voulez-vous collaborer avec Steven Spielberg ? - w-l-c","isPartOf":{"@id":"https:\/\/w-l-c.be\/fr\/#website"},"datePublished":"2013-01-24T10:54:38+00:00","dateModified":"2013-01-24T14:06:43+00:00","author":{"@id":"https:\/\/w-l-c.be\/fr\/#\/schema\/person\/4b9b1d857f0943453a38a7c2859ef756"},"breadcrumb":{"@id":"https:\/\/w-l-c.be\/fr\/voulez-vous-collaborer-avec-steven-spielberg\/#breadcrumb"},"inLanguage":"fr-FR","potentialAction":[{"@type":"ReadAction","target":["https:\/\/w-l-c.be\/fr\/voulez-vous-collaborer-avec-steven-spielberg\/"]}]},{"@type":"BreadcrumbList","@id":"https:\/\/w-l-c.be\/fr\/voulez-vous-collaborer-avec-steven-spielberg\/#breadcrumb","itemListElement":[{"@type":"ListItem","position":1,"name":"Accueil","item":"https:\/\/w-l-c.be\/fr\/"},{"@type":"ListItem","position":2,"name":"Voulez-vous collaborer avec Steven Spielberg ?"}]},{"@type":"WebSite","@id":"https:\/\/w-l-c.be\/fr\/#website","url":"https:\/\/w-l-c.be\/fr\/","name":"w-l-c","description":"Le cin\u00e9ma vu par les belges","potentialAction":[{"@type":"SearchAction","target":{"@type":"EntryPoint","urlTemplate":"https:\/\/w-l-c.be\/fr\/?s={search_term_string}"},"query-input":"required name=search_term_string"}],"inLanguage":"fr-FR"},{"@type":"Person","@id":"https:\/\/w-l-c.be\/fr\/#\/schema\/person\/4b9b1d857f0943453a38a7c2859ef756","name":"Philippe.Pierquin","url":"https:\/\/w-l-c.be\/fr\/author\/philippe-pierquin\/"}]}},"_links":{"self":[{"href":"https:\/\/w-l-c.be\/fr\/wp-json\/wp\/v2\/posts\/35986","targetHints":{"allow":["GET"]}}],"collection":[{"href":"https:\/\/w-l-c.be\/fr\/wp-json\/wp\/v2\/posts"}],"about":[{"href":"https:\/\/w-l-c.be\/fr\/wp-json\/wp\/v2\/types\/post"}],"author":[{"embeddable":true,"href":"https:\/\/w-l-c.be\/fr\/wp-json\/wp\/v2\/users\/7"}],"replies":[{"embeddable":true,"href":"https:\/\/w-l-c.be\/fr\/wp-json\/wp\/v2\/comments?post=35986"}],"version-history":[{"count":0,"href":"https:\/\/w-l-c.be\/fr\/wp-json\/wp\/v2\/posts\/35986\/revisions"}],"wp:featuredmedia":[{"embeddable":true,"href":"https:\/\/w-l-c.be\/fr\/wp-json\/wp\/v2\/media\/35989"}],"wp:attachment":[{"href":"https:\/\/w-l-c.be\/fr\/wp-json\/wp\/v2\/media?parent=35986"}],"wp:term":[{"taxonomy":"category","embeddable":true,"href":"https:\/\/w-l-c.be\/fr\/wp-json\/wp\/v2\/categories?post=35986"},{"taxonomy":"post_tag","embeddable":true,"href":"https:\/\/w-l-c.be\/fr\/wp-json\/wp\/v2\/tags?post=35986"}],"curies":[{"name":"wp","href":"https:\/\/api.w.org\/{rel}","templated":true}]}}