
{"id":36063,"date":"2013-01-28T08:33:57","date_gmt":"2013-01-28T08:33:57","guid":{"rendered":"http:\/\/www.cinevox.be\/?p=36063"},"modified":"2013-12-17T17:29:06","modified_gmt":"2013-12-17T16:29:06","slug":"ce-supplement-dame","status":"publish","type":"post","link":"https:\/\/w-l-c.be\/fr\/ce-supplement-dame\/","title":{"rendered":"Ce suppl\u00e9ment d\u2019\u00e2me"},"content":{"rendered":"<p><span style=\"font-size: 16px;\">\u00c7a sent bon, \u00e7a sent tr\u00e8s bon\u2026<\/span><\/p>\n<p>Non, on ne parle pas de cuisine. Cette expression, assez \u00e0 la mode dans le petit univers de la production cin\u00e9matographique, signifie qu\u2019un projet est en train de prendre une forme attractive qui pourrait d\u00e9boucher sur un grand film.<\/p>\n<p>Un exemple concret ? <em>Les \u00c2mes de Papier<\/em> !<\/p>\n<p>&nbsp;<\/p>\n<p><em>[Toutes les photos sont extraites des rushes tourn\u00e9s par l&rsquo;\u00e9quipe de Cinevox. Les Ames de Papier sera le film vedette de notre Grand Ecran diffus\u00e9 dans les salles de cin\u00e9ma en avril 2013]<\/em><!--more--><\/p>\n<p>&nbsp;<\/p>\n<p>Le nouveau long m\u00e9trage de\u00a0<strong>Vincent Lannoo<\/strong> est actuellement en tournage \u00e0 Bruxelles, en plein centre-ville. Nous n\u2019en dirons pas plus pour ne pas troubler la s\u00e9r\u00e9nit\u00e9 des travailleurs, car le casting est all\u00e9chant et beaucoup de cin\u00e9philes auraient certainement \u00e0 c\u0153ur de venir rencontrer les acteurs : dans les appartements que nous avons visit\u00e9s vivent Paul et Victor, respectivement interpr\u00e9t\u00e9s par\u00a0<strong>St\u00e9phane Guillon<\/strong> et\u00a0<strong>Pierre Richard<\/strong>.<\/p>\n<p>&nbsp;<\/p>\n<p><a href=\"http:\/\/www.cinevox.be\/ce-supplement-d%e2%80%99ame\/1-6\" rel=\"attachment wp-att-36064\"><img loading=\"lazy\" decoding=\"async\" class=\"aligncenter size-full wp-image-36064\" title=\"1\" alt=\"\" src=\"http:\/\/www.cinevox.be\/wp-content\/uploads\/2013\/01\/1.jpg\" width=\"934\" height=\"526\" srcset=\"https:\/\/w-l-c.be\/wp-content\/uploads\/2013\/01\/1.jpg 934w, https:\/\/w-l-c.be\/wp-content\/uploads\/2013\/01\/1-200x113.jpg 200w, https:\/\/w-l-c.be\/wp-content\/uploads\/2013\/01\/1-480x270.jpg 480w, https:\/\/w-l-c.be\/wp-content\/uploads\/2013\/01\/1-800x450.jpg 800w, https:\/\/w-l-c.be\/wp-content\/uploads\/2013\/01\/1-300x169.jpg 300w, https:\/\/w-l-c.be\/wp-content\/uploads\/2013\/01\/1-620x350.jpg 620w\" sizes=\"auto, (max-width: 934px) 100vw, 934px\" \/><\/a><\/p>\n<p>&nbsp;<\/p>\n<p>Le trublion du PAF, ma\u00eetre du jeu de mots venimeux, s&rsquo;est gliss\u00e9 ici dans la peau d\u2019un \u00e9crivain d\u00e9sabus\u00e9, reconverti dans les oraisons fun\u00e9raires. Son voisin, Victor, est un vieil original, volontiers bougon, mais qui a pour Paul une affection quasi filiale. Pierre Richard, l\u2019\u0153il aussi bleu que son condisciple, vif et dr\u00f4le, trouve ici son plus beau r\u00f4le depuis fort longtemps. Le genre de composition qui pourrait valoir un C\u00e9sar si vous voyez ce qu\u2019on veut dire\u2026<\/p>\n<p>&nbsp;<\/p>\n<p><a href=\"http:\/\/www.cinevox.be\/ce-supplement-d%e2%80%99ame\/3-7\" rel=\"attachment wp-att-36065\"><img loading=\"lazy\" decoding=\"async\" class=\"aligncenter size-full wp-image-36065\" title=\"3\" alt=\"\" src=\"http:\/\/www.cinevox.be\/wp-content\/uploads\/2013\/01\/3.jpg\" width=\"1673\" height=\"940\" srcset=\"https:\/\/w-l-c.be\/wp-content\/uploads\/2013\/01\/3.jpg 1673w, https:\/\/w-l-c.be\/wp-content\/uploads\/2013\/01\/3-200x113.jpg 200w, https:\/\/w-l-c.be\/wp-content\/uploads\/2013\/01\/3-480x270.jpg 480w, https:\/\/w-l-c.be\/wp-content\/uploads\/2013\/01\/3-800x449.jpg 800w, https:\/\/w-l-c.be\/wp-content\/uploads\/2013\/01\/3-300x169.jpg 300w\" sizes=\"auto, (max-width: 1673px) 100vw, 1673px\" \/><\/a><\/p>\n<p>&nbsp;<\/p>\n<p>Ce duo prometteur sur le papier a pris dans la vie une consistance surprenante. Les deux larrons, d\u00e9sormais ins\u00e9parables, s\u2019amusent en dehors des heures de tournage \u00e0 \u00e9cumer les meilleurs restaurants bruxellois. Formidablement complices, ils prolongent dans la ville leurs joutes cin\u00e9matographiques. Car les d\u00e9couvrir sur un plateau est un r\u00e9gal. Une surprise? Oui, au moins par l\u2019intensit\u00e9 de leur connivence qui se transforme sur l\u2019\u00e9cran en v\u00e9ritable magie.<\/p>\n<p>&nbsp;<\/p>\n<p><a href=\"http:\/\/www.cinevox.be\/ce-supplement-d%e2%80%99ame\/9-2\" rel=\"attachment wp-att-36066\"><img loading=\"lazy\" decoding=\"async\" class=\"aligncenter size-full wp-image-36066\" title=\"9\" alt=\"\" src=\"http:\/\/www.cinevox.be\/wp-content\/uploads\/2013\/01\/9.jpg\" width=\"1679\" height=\"943\" srcset=\"https:\/\/w-l-c.be\/wp-content\/uploads\/2013\/01\/9.jpg 1679w, https:\/\/w-l-c.be\/wp-content\/uploads\/2013\/01\/9-200x113.jpg 200w, https:\/\/w-l-c.be\/wp-content\/uploads\/2013\/01\/9-480x270.jpg 480w, https:\/\/w-l-c.be\/wp-content\/uploads\/2013\/01\/9-800x449.jpg 800w, https:\/\/w-l-c.be\/wp-content\/uploads\/2013\/01\/9-300x169.jpg 300w\" sizes=\"auto, (max-width: 1679px) 100vw, 1679px\" \/><\/a><\/p>\n<p>&nbsp;<\/p>\n<p>Cette ambiance formidable est aussi l\u2019\u0153uvre de <strong>Vincent Lannoo<\/strong>, un des r\u00e9alisateurs les plus sympathiques qu\u2019on puisse imaginer. D\u00e8s qu\u2019il en a l\u2019occasion, Vincent se joint au duo: il faut dire que la bonne bouffe, c\u2019est son truc. Passer une soir\u00e9e autour d\u2019une table avec quelques amis est sans doute pour lui le summum des plaisirs que peut offrir l\u2019existence. C&rsquo;est en tous cas ce que pensent tous ceux qui l&rsquo;entourent.<\/p>\n<p>&nbsp;<\/p>\n<p>Combl\u00e9, il l\u2019est \u00e9galement par la consistance que donnent les deux com\u00e9diens aux situations que jusque-l\u00e0 il n\u2019avait que lues et fantasm\u00e9es.<\/p>\n<p>\u00ab\u00a0Parfois, \u00e0 la fin d\u2019une sc\u00e8ne, on le voit arriver encore hilare\u00a0\u00bb, nous explique Pierre Richard. \u00ab\u00a0\u00c0 deux reprises, par contre, il a d\u00e9boul\u00e9 sur le plateau en larmes.\u00a0\u00bb<\/p>\n<p>\u00ab\u00a0Un jour\u00a0\u00bb, confirme St\u00e9phane Guillon,\u00a0\u00bb on a d\u00fb stopper une prise, car Vincent \u00e9tait secou\u00e9 d\u2019une crise de fou rire, incapable de s\u2019arr\u00eater.\u00a0\u00bb<\/p>\n<p>Charismatique, sympathique, imparable meneur d\u2019hommes, s\u00fbr de lui, mais ouvert \u00e0 tous, Vincent Lannoo surprend. Il a r\u00e9ponse \u00e0 toutes les questions qu&rsquo;on lui pose, comprend imm\u00e9diatement les enjeux de tout ce qui se d\u00e9roule autour de lui. Et surtout, qualit\u00e9 rare sur un plateau, il passe du coq \u00e0 l\u2019\u00e2ne sans agacement, disponible pour tout le monde (y compris pour Cinevox), mais n\u00e9anmoins totalement concentr\u00e9 sur son sujet. Sous le charme, nous?<\/p>\n<p>&nbsp;<\/p>\n<p><a href=\"http:\/\/www.cinevox.be\/ce-supplement-d%e2%80%99ame\/7-3\" rel=\"attachment wp-att-36067\"><img loading=\"lazy\" decoding=\"async\" class=\"aligncenter size-full wp-image-36067\" title=\"7\" alt=\"\" src=\"http:\/\/www.cinevox.be\/wp-content\/uploads\/2013\/01\/7.jpg\" width=\"1673\" height=\"941\" srcset=\"https:\/\/w-l-c.be\/wp-content\/uploads\/2013\/01\/7.jpg 1673w, https:\/\/w-l-c.be\/wp-content\/uploads\/2013\/01\/7-200x113.jpg 200w, https:\/\/w-l-c.be\/wp-content\/uploads\/2013\/01\/7-480x270.jpg 480w, https:\/\/w-l-c.be\/wp-content\/uploads\/2013\/01\/7-800x449.jpg 800w, https:\/\/w-l-c.be\/wp-content\/uploads\/2013\/01\/7-300x169.jpg 300w, https:\/\/w-l-c.be\/wp-content\/uploads\/2013\/01\/7-620x350.jpg 620w\" sizes=\"auto, (max-width: 1673px) 100vw, 1673px\" \/><\/a><\/p>\n<p>&nbsp;<\/p>\n<p>Car cette ambiance tr\u00e8s d\u00e9contract\u00e9e n\u2019est pas celle d\u2019une colonie de vacances. Chacun est ici pour travailler et s\u2019y applique avec z\u00e8le. La preuve qu\u2019on peut respecter les plannings, sublimer un sc\u00e9nario et quand m\u00eame profiter d\u2019une atmosph\u00e8re chaleureuse, sans tension. Un r\u00e9gal.<\/p>\n<p>&nbsp;<\/p>\n<p>Dans les jours \u00e0 venir, <strong>Jonathan Zacca\u00ef<\/strong> va rejoindre Pierre Richard et St\u00e9phane Guillon \u00a0pour quelques s\u00e9quences d\u00e9cal\u00e9es, voire fantastiques (lire notre premier article <a href=\"http:\/\/www.cinevox.be\/?p=32398\" target=\"_blank\">ICI<\/a>). <strong>Julie Gayet<\/strong> visitera \u00e9galement notre la capitale, le temps d\u2019une sc\u00e8ne \u00e9mouvante.<\/p>\n<p>&nbsp;<\/p>\n<p><a href=\"http:\/\/www.cinevox.be\/ce-supplement-d%e2%80%99ame\/4-5\" rel=\"attachment wp-att-36068\"><img loading=\"lazy\" decoding=\"async\" class=\"aligncenter size-full wp-image-36068\" title=\"4\" alt=\"\" src=\"http:\/\/www.cinevox.be\/wp-content\/uploads\/2013\/01\/4.jpg\" width=\"1673\" height=\"939\" srcset=\"https:\/\/w-l-c.be\/wp-content\/uploads\/2013\/01\/4.jpg 1673w, https:\/\/w-l-c.be\/wp-content\/uploads\/2013\/01\/4-200x113.jpg 200w, https:\/\/w-l-c.be\/wp-content\/uploads\/2013\/01\/4-480x270.jpg 480w, https:\/\/w-l-c.be\/wp-content\/uploads\/2013\/01\/4-800x449.jpg 800w, https:\/\/w-l-c.be\/wp-content\/uploads\/2013\/01\/4-300x169.jpg 300w\" sizes=\"auto, (max-width: 1673px) 100vw, 1673px\" \/><\/a><\/p>\n<p>&nbsp;<\/p>\n<p>Nous avions go\u00fbt\u00e9 le sc\u00e9nario de <strong>Fran\u00e7ois Uzan,<\/strong> pr\u00e9sent sur le plateau aux c\u00f4t\u00e9s du r\u00e9alisateur, toujours pr\u00eat \u00e0 adapter son texte. Le casting nous avait \u00e9moustill\u00e9s. Une journ\u00e9e pass\u00e9e dans les coulisses nous a enthousiasm\u00e9s. La photographie sign\u00e9e par le fid\u00e8le <strong>Vincent Van Gelder<\/strong> est un autre ravissement, \u00e9voquant les moments les plus magiques du<em> Pinocchio <\/em>de Comencini.<\/p>\n<p>&nbsp;<\/p>\n<p><a href=\"http:\/\/www.cinevox.be\/ce-supplement-d%e2%80%99ame\/6-6\" rel=\"attachment wp-att-36069\"><img loading=\"lazy\" decoding=\"async\" class=\"aligncenter size-full wp-image-36069\" title=\"6\" alt=\"\" src=\"http:\/\/www.cinevox.be\/wp-content\/uploads\/2013\/01\/6.jpg\" width=\"1676\" height=\"941\" srcset=\"https:\/\/w-l-c.be\/wp-content\/uploads\/2013\/01\/6.jpg 1676w, https:\/\/w-l-c.be\/wp-content\/uploads\/2013\/01\/6-200x113.jpg 200w, https:\/\/w-l-c.be\/wp-content\/uploads\/2013\/01\/6-480x270.jpg 480w, https:\/\/w-l-c.be\/wp-content\/uploads\/2013\/01\/6-800x449.jpg 800w, https:\/\/w-l-c.be\/wp-content\/uploads\/2013\/01\/6-300x169.jpg 300w\" sizes=\"auto, (max-width: 1676px) 100vw, 1676px\" \/><\/a><\/p>\n<p>&nbsp;<\/p>\n<p><em>Les \u00c2mes de Papier<\/em>, film de No\u00ebl par excellence qui sortira donc en fin d\u2019ann\u00e9e, promet d\u2019\u00eatre une com\u00e9die, parfois loufoque, parfois romantique, parfois dramatique; tr\u00e8s engageante. \u00a0Vivement les f\u00eates pour go\u00fbter ce nectar\u2026<\/p>\n<p>Et dire que nous ne sommes qu\u2019en janvier\u2026<\/p>\n<p>&nbsp;<\/p>\n","protected":false},"excerpt":{"rendered":"<p>\u00c7a sent bon, \u00e7a sent tr\u00e8s bon\u2026 Non, on ne parle pas de cuisine. Cette expression, assez \u00e0 la mode dans le petit univers de la production cin\u00e9matographique, signifie qu\u2019un projet est en train de prendre une forme attractive qui pourrait d\u00e9boucher sur un grand film. Un exemple concret ? Les \u00c2mes de Papier ! &hellip;<\/p>\n","protected":false},"author":7,"featured_media":36071,"comment_status":"closed","ping_status":"closed","sticky":false,"template":"","format":"standard","meta":{"ngg_post_thumbnail":0,"footnotes":""},"categories":[7,11],"tags":[],"class_list":["post-36063","post","type-post","status-publish","format-standard","has-post-thumbnail","","category-actualites","category-tournages"],"yoast_head":"<!-- This site is optimized with the Yoast SEO plugin v20.4 - https:\/\/yoast.com\/wordpress\/plugins\/seo\/ -->\n<title>Ce suppl\u00e9ment d\u2019\u00e2me - w-l-c<\/title>\n<meta name=\"robots\" content=\"noindex, follow, max-snippet:-1, max-image-preview:large, max-video-preview:-1\" \/>\n<meta property=\"og:locale\" content=\"fr_FR\" \/>\n<meta property=\"og:type\" content=\"article\" \/>\n<meta property=\"og:title\" content=\"Ce suppl\u00e9ment d\u2019\u00e2me - w-l-c\" \/>\n<meta property=\"og:description\" content=\"\u00c7a sent bon, \u00e7a sent tr\u00e8s bon\u2026 Non, on ne parle pas de cuisine. Cette expression, assez \u00e0 la mode dans le petit univers de la production cin\u00e9matographique, signifie qu\u2019un projet est en train de prendre une forme attractive qui pourrait d\u00e9boucher sur un grand film. Un exemple concret ? Les \u00c2mes de Papier ! &hellip;\" \/>\n<meta property=\"og:url\" content=\"https:\/\/w-l-c.be\/fr\/ce-supplement-dame\/\" \/>\n<meta property=\"og:site_name\" content=\"w-l-c\" \/>\n<meta property=\"article:published_time\" content=\"2013-01-28T08:33:57+00:00\" \/>\n<meta property=\"article:modified_time\" content=\"2013-12-17T16:29:06+00:00\" \/>\n<meta property=\"og:image\" content=\"https:\/\/w-l-c.be\/wp-content\/uploads\/2013\/01\/14.jpg\" \/>\n\t<meta property=\"og:image:width\" content=\"1679\" \/>\n\t<meta property=\"og:image:height\" content=\"921\" \/>\n\t<meta property=\"og:image:type\" content=\"image\/jpeg\" \/>\n<meta name=\"author\" content=\"Philippe.Pierquin\" \/>\n<meta name=\"twitter:card\" content=\"summary_large_image\" \/>\n<meta name=\"twitter:label1\" content=\"\u00c9crit par\" \/>\n\t<meta name=\"twitter:data1\" content=\"Philippe.Pierquin\" \/>\n\t<meta name=\"twitter:label2\" content=\"Dur\u00e9e de lecture estim\u00e9e\" \/>\n\t<meta name=\"twitter:data2\" content=\"4 minutes\" \/>\n<script type=\"application\/ld+json\" class=\"yoast-schema-graph\">{\"@context\":\"https:\/\/schema.org\",\"@graph\":[{\"@type\":\"WebPage\",\"@id\":\"https:\/\/w-l-c.be\/fr\/ce-supplement-dame\/\",\"url\":\"https:\/\/w-l-c.be\/fr\/ce-supplement-dame\/\",\"name\":\"Ce suppl\u00e9ment d\u2019\u00e2me - w-l-c\",\"isPartOf\":{\"@id\":\"https:\/\/w-l-c.be\/fr\/#website\"},\"datePublished\":\"2013-01-28T08:33:57+00:00\",\"dateModified\":\"2013-12-17T16:29:06+00:00\",\"author\":{\"@id\":\"https:\/\/w-l-c.be\/fr\/#\/schema\/person\/4b9b1d857f0943453a38a7c2859ef756\"},\"breadcrumb\":{\"@id\":\"https:\/\/w-l-c.be\/fr\/ce-supplement-dame\/#breadcrumb\"},\"inLanguage\":\"fr-FR\",\"potentialAction\":[{\"@type\":\"ReadAction\",\"target\":[\"https:\/\/w-l-c.be\/fr\/ce-supplement-dame\/\"]}]},{\"@type\":\"BreadcrumbList\",\"@id\":\"https:\/\/w-l-c.be\/fr\/ce-supplement-dame\/#breadcrumb\",\"itemListElement\":[{\"@type\":\"ListItem\",\"position\":1,\"name\":\"Accueil\",\"item\":\"https:\/\/w-l-c.be\/fr\/\"},{\"@type\":\"ListItem\",\"position\":2,\"name\":\"Ce suppl\u00e9ment d\u2019\u00e2me\"}]},{\"@type\":\"WebSite\",\"@id\":\"https:\/\/w-l-c.be\/fr\/#website\",\"url\":\"https:\/\/w-l-c.be\/fr\/\",\"name\":\"w-l-c\",\"description\":\"Le cin\u00e9ma vu par les belges\",\"potentialAction\":[{\"@type\":\"SearchAction\",\"target\":{\"@type\":\"EntryPoint\",\"urlTemplate\":\"https:\/\/w-l-c.be\/fr\/?s={search_term_string}\"},\"query-input\":\"required name=search_term_string\"}],\"inLanguage\":\"fr-FR\"},{\"@type\":\"Person\",\"@id\":\"https:\/\/w-l-c.be\/fr\/#\/schema\/person\/4b9b1d857f0943453a38a7c2859ef756\",\"name\":\"Philippe.Pierquin\",\"url\":\"https:\/\/w-l-c.be\/fr\/author\/philippe-pierquin\/\"}]}<\/script>\n<!-- \/ Yoast SEO plugin. -->","yoast_head_json":{"title":"Ce suppl\u00e9ment d\u2019\u00e2me - w-l-c","robots":{"index":"noindex","follow":"follow","max-snippet":"max-snippet:-1","max-image-preview":"max-image-preview:large","max-video-preview":"max-video-preview:-1"},"og_locale":"fr_FR","og_type":"article","og_title":"Ce suppl\u00e9ment d\u2019\u00e2me - w-l-c","og_description":"\u00c7a sent bon, \u00e7a sent tr\u00e8s bon\u2026 Non, on ne parle pas de cuisine. Cette expression, assez \u00e0 la mode dans le petit univers de la production cin\u00e9matographique, signifie qu\u2019un projet est en train de prendre une forme attractive qui pourrait d\u00e9boucher sur un grand film. Un exemple concret ? Les \u00c2mes de Papier ! &hellip;","og_url":"https:\/\/w-l-c.be\/fr\/ce-supplement-dame\/","og_site_name":"w-l-c","article_published_time":"2013-01-28T08:33:57+00:00","article_modified_time":"2013-12-17T16:29:06+00:00","og_image":[{"width":"1679","height":"921","url":"https:\/\/w-l-c.be\/wp-content\/uploads\/2013\/01\/14.jpg","type":"image\/jpeg"}],"author":"Philippe.Pierquin","twitter_card":"summary_large_image","twitter_misc":{"\u00c9crit par":"Philippe.Pierquin","Dur\u00e9e de lecture estim\u00e9e":"4 minutes"},"schema":{"@context":"https:\/\/schema.org","@graph":[{"@type":"WebPage","@id":"https:\/\/w-l-c.be\/fr\/ce-supplement-dame\/","url":"https:\/\/w-l-c.be\/fr\/ce-supplement-dame\/","name":"Ce suppl\u00e9ment d\u2019\u00e2me - w-l-c","isPartOf":{"@id":"https:\/\/w-l-c.be\/fr\/#website"},"datePublished":"2013-01-28T08:33:57+00:00","dateModified":"2013-12-17T16:29:06+00:00","author":{"@id":"https:\/\/w-l-c.be\/fr\/#\/schema\/person\/4b9b1d857f0943453a38a7c2859ef756"},"breadcrumb":{"@id":"https:\/\/w-l-c.be\/fr\/ce-supplement-dame\/#breadcrumb"},"inLanguage":"fr-FR","potentialAction":[{"@type":"ReadAction","target":["https:\/\/w-l-c.be\/fr\/ce-supplement-dame\/"]}]},{"@type":"BreadcrumbList","@id":"https:\/\/w-l-c.be\/fr\/ce-supplement-dame\/#breadcrumb","itemListElement":[{"@type":"ListItem","position":1,"name":"Accueil","item":"https:\/\/w-l-c.be\/fr\/"},{"@type":"ListItem","position":2,"name":"Ce suppl\u00e9ment d\u2019\u00e2me"}]},{"@type":"WebSite","@id":"https:\/\/w-l-c.be\/fr\/#website","url":"https:\/\/w-l-c.be\/fr\/","name":"w-l-c","description":"Le cin\u00e9ma vu par les belges","potentialAction":[{"@type":"SearchAction","target":{"@type":"EntryPoint","urlTemplate":"https:\/\/w-l-c.be\/fr\/?s={search_term_string}"},"query-input":"required name=search_term_string"}],"inLanguage":"fr-FR"},{"@type":"Person","@id":"https:\/\/w-l-c.be\/fr\/#\/schema\/person\/4b9b1d857f0943453a38a7c2859ef756","name":"Philippe.Pierquin","url":"https:\/\/w-l-c.be\/fr\/author\/philippe-pierquin\/"}]}},"_links":{"self":[{"href":"https:\/\/w-l-c.be\/fr\/wp-json\/wp\/v2\/posts\/36063","targetHints":{"allow":["GET"]}}],"collection":[{"href":"https:\/\/w-l-c.be\/fr\/wp-json\/wp\/v2\/posts"}],"about":[{"href":"https:\/\/w-l-c.be\/fr\/wp-json\/wp\/v2\/types\/post"}],"author":[{"embeddable":true,"href":"https:\/\/w-l-c.be\/fr\/wp-json\/wp\/v2\/users\/7"}],"replies":[{"embeddable":true,"href":"https:\/\/w-l-c.be\/fr\/wp-json\/wp\/v2\/comments?post=36063"}],"version-history":[{"count":0,"href":"https:\/\/w-l-c.be\/fr\/wp-json\/wp\/v2\/posts\/36063\/revisions"}],"wp:featuredmedia":[{"embeddable":true,"href":"https:\/\/w-l-c.be\/fr\/wp-json\/wp\/v2\/media\/36071"}],"wp:attachment":[{"href":"https:\/\/w-l-c.be\/fr\/wp-json\/wp\/v2\/media?parent=36063"}],"wp:term":[{"taxonomy":"category","embeddable":true,"href":"https:\/\/w-l-c.be\/fr\/wp-json\/wp\/v2\/categories?post=36063"},{"taxonomy":"post_tag","embeddable":true,"href":"https:\/\/w-l-c.be\/fr\/wp-json\/wp\/v2\/tags?post=36063"}],"curies":[{"name":"wp","href":"https:\/\/api.w.org\/{rel}","templated":true}]}}