
{"id":36116,"date":"2013-01-25T10:20:44","date_gmt":"2013-01-25T10:20:44","guid":{"rendered":"http:\/\/www.cinevox.be\/?p=36116"},"modified":"2013-01-26T00:39:39","modified_gmt":"2013-01-26T00:39:39","slug":"cesars-toutes-les-nominations","status":"publish","type":"post","link":"https:\/\/w-l-c.be\/fr\/cesars-toutes-les-nominations\/","title":{"rendered":"C\u00e9sar du cin\u00e9ma fran\u00e7ais : toutes les nominations"},"content":{"rendered":"<p><span style=\"font-size: 16px;\">Beaucoup de cat\u00e9gories, beaucoup de nomin\u00e9s. Du belge (<a href=\"http:\/\/www.cinevox.be\/focus-sur-les-belges-aux-cesar\" target=\"_blank\">ici<\/a>)&#8230; mais pas seulement&#8230;<\/span><\/p>\n<p><span style=\"color: #000000;\"><!--more--><\/span><\/p>\n<p>&nbsp;<\/p>\n<p>&nbsp;<\/p>\n<p>&nbsp;<\/p>\n<p>&nbsp;<\/p>\n<p>&nbsp;<\/p>\n<p><strong>Meilleur film<\/strong><br \/>\nLe Pr\u00e9nom<br \/>\nHoly Motors<br \/>\nDe rouille et d&rsquo;os<br \/>\nLes Adieux \u00e0 la reine<br \/>\nDans la maison<br \/>\nCamille redouble<\/p>\n<p><strong>Meilleur r\u00e9alisateur<\/strong><br \/>\nBeno\u00eet Jacquot<br \/>\nMichael Haneke<br \/>\nNo\u00e9mie Lvovsky<br \/>\nFran\u00e7ois Ozon<br \/>\nJacques Audiard<br \/>\nLeos Carax<br \/>\nSt\u00e9phane Briz\u00e9<\/p>\n<p><strong>Meilleur film \u00e9tranger<\/strong><br \/>\nArgo<br \/>\nBullhead<br \/>\nLaurence ANyways<br \/>\nOslo, 31 ao\u00fbt<br \/>\nLa Part des Anges<br \/>\nRoyal Affair<br \/>\n\u00c0 perdre la raison<\/p>\n<p><strong>Meilleure actrice<\/strong><br \/>\nCatherine Frot<br \/>\nMarion Cotillard<br \/>\nNo\u00e9mie Lvovsky<br \/>\nCorinne Masiero<br \/>\nEmmanuelle Riva<br \/>\nL\u00e9a Seydoux<br \/>\nH\u00e9l\u00e8ne Vincent<\/p>\n<p><strong>Meilleur acteur<\/strong><br \/>\nJean-Pierre Bacri<br \/>\nPatrick Bruel<br \/>\nDennis Lavant<br \/>\nVincent Lindon<br \/>\nFabrice Lucchini<br \/>\nJean-Louis Trintignant<br \/>\nJ\u00e9r\u00e9mie Renier<\/p>\n<p><strong>Meilleur second r\u00f4le f\u00e9minin:<\/strong><br \/>\nVal\u00e9rie Benguigui dans Le Pr\u00e9nom<br \/>\nJudith Chemla dans Camille redouble<br \/>\nIsabelle Huppert dans Amour<br \/>\nYolande Moreau dans Camille redoubble<br \/>\nEdith Scob dans Holy Motors<\/p>\n<p><strong>Meilleur second r\u00f4le masculin<\/strong><br \/>\nGuillaume de Tonquedec dans Le Pr\u00e9nom<br \/>\nSamir Guesmi dans Camille redouble<br \/>\nBeno\u00eet Magimel dans Cloclo<br \/>\nClaude Rich dans Cherchez Hortense<br \/>\nMichel Vuillermoz dans Camille redouble<\/p>\n<p><strong>Meilleur premier film<\/strong><br \/>\nAugustine d&rsquo;Alice Winocour<br \/>\nCOmme des fr\u00e8res d&rsquo;Hugo G\u00e9lin<br \/>\nLouise Wimmer de Cyril Mennegun<br \/>\nPopulaire de R\u00e9gis Roinsard<br \/>\nRengaine de Rachid Dja\u00efdani<\/p>\n<p><strong>Meilleur documentaire:<\/strong><br \/>\nBovines ou la vraie vie des vaches d&rsquo;Emmanuel Gras<br \/>\nDuch, le ma\u00eetre des forges de l&rsquo;enfer de Rithy Panh<br \/>\nLes Invisibles de S\u00e9bastien Lifshitz<br \/>\nJournal de France de Claudine Nougaret et Raymond Depardon<br \/>\nLes Nouveaux chiens de garde de Gilles Balbastre et Yannick Kergoat<\/p>\n<p><strong>Meilleur film d&rsquo;animation<\/strong><br \/>\nEdmond \u00e9tait un \u00e2ne de Franck Dion<br \/>\nErnest et C\u00e9lestine de Benjamin Rennet, Vincent Patar et St\u00e9phane Aubier<br \/>\nKirikou et les hommes et les femmes de Michel Ocelot<br \/>\nOh Willy&#8230; d&rsquo;Emma de Swaef et Marc Roels<br \/>\nZarafa de R\u00e9mi Bezan\u00e7on et Jean-Christophe Lie<\/p>\n<p><strong>Meilleur espoir masculin<\/strong><br \/>\nF\u00e9lix Moati dans T\u00e9l\u00e9 Gaucho<br \/>\nKacey Mottet Klein dans L&rsquo;Enfant d&rsquo;en haut<br \/>\nPierre Niney dans Comme des fr\u00e8res<br \/>\nMatthias Schoenaerts dans De rouille et d&rsquo;os<br \/>\nErnst Umhaeur dans Dans la maison<\/p>\n<p><strong>Meilleur espoir f\u00e9minin<\/strong><br \/>\nAlice de Lencquesaing dans Au galop<br \/>\nLola Dewaere dans Mince alors<br \/>\nJulia Faure dans Camille redouble<br \/>\nIndia Hair dans Camille redouble<br \/>\nIzia Higelin dans Mauvaise fille<\/p>\n<p><strong>Meilleur sc\u00e9nario original<\/strong><br \/>\nAdieu Berthe<br \/>\nAmour<br \/>\nCamille redouble<br \/>\nHoly Motors<br \/>\nQuelques heures de printemps<\/p>\n<p><strong>Meilleure adaptation:<\/strong><br \/>\nLuca Belvaux pour 38 t\u00e9moins<br \/>\nGilles Taurand et Beno\u00eet Jacquot pour Les Adieux \u00e0 la Reine<br \/>\nFran\u00e7ois Ozon pour Dans la maison<br \/>\nJacques Audiard et Thomas Bidegain pour De rouille et d&rsquo;os<br \/>\nMatthieu Delaporte et Alexandre de la Patelli\u00e8re pour Le Pr\u00e9nom<\/p>\n<p><strong>Meilleure musique originale<\/strong><br \/>\nBruno Coulais pour Les Adieux \u00e0 la Reine<br \/>\nGa\u00ebtan Roussel et Joseph Dahan pour Camille redouble<br \/>\nPhilippe Rombi pour Dans la maison<br \/>\nAlexandre Desplat pour De rouille et d&rsquo;os<br \/>\nRob et Emmanuel d&rsquo;Orlando pour Populaire<\/p>\n<p><strong>Meilleur montage:<\/strong><br \/>\nLuc Barnier pour Les Adieux \u00e0 la Reine<br \/>\nMonika Willi pour Amour<br \/>\nAnnette Dutertre et Michel Klochendler pour Camille redouble<br \/>\nJuliette Welfling pour De rouille et d&rsquo;os<br \/>\nNelly Quettier pour Holy Motors<\/p>\n<p><strong>Meilleur son:<\/strong><br \/>\nLes Adieux \u00e0 la Reine<br \/>\nAmour<br \/>\nCloclo<br \/>\nDe rouille et d&rsquo;os<br \/>\nHoly Motors<\/p>\n<p><strong>Meilleure photographie:<\/strong><br \/>\nRomain Winding pour Les Adieux \u00e0 la Reine<br \/>\nDarius Khondji pour Amour<br \/>\nSt\u00e9phane Fontaine pour De rouille et d&rsquo;os<br \/>\nCaroline CHampetier pour Holy Motors<br \/>\nGuillaume Schiffman pour Populaire<\/p>\n<p><strong>Meilleurs costumes:<\/strong><br \/>\nChristian Gasc pour Les Adieux \u00e0 la Reine<br \/>\nPascaline Chavanne pour Augustine<br \/>\nMadeline Fontaine pour Camille redouble<br \/>\nMimi Lepicka pour Cloclo<br \/>\nCharlotte David pour Populaire<\/p>\n<p><strong>Meilleurs d\u00e9cors:<\/strong><br \/>\nKatya Wyszkop pour Les Adieux \u00e0 la Reine<br \/>\nJean-Vincent Puzos pour Amour<br \/>\nPhilippe Chiffre pour Cloclo<br \/>\nFlorian Sanson pour Holy Motors<br \/>\nSylvie Oliv\u00e9 pour Populaire<\/p>\n<p><strong>Meilleur court-m\u00e9trage:<\/strong><br \/>\n<em>Ce n&rsquo;est pas un film de cow-boys<\/em> de Benjamin Parent<br \/>\n<em>Ce qu&rsquo;il restera de nous<\/em> de Vincent Macaigne<br \/>\n<em>Le Cri du homard<\/em> de Nicolas Guiot<br \/>\n<em>Les Meutes<\/em> de Manuel Schapira<br \/>\n<em>La vie parisienne<\/em> de VIncent Dietschy<\/p>\n<p>&nbsp;<\/p>\n","protected":false},"excerpt":{"rendered":"<p>Beaucoup de cat\u00e9gories, beaucoup de nomin\u00e9s. Du belge (ici)&#8230; mais pas seulement&#8230;<\/p>\n","protected":false},"author":7,"featured_media":36119,"comment_status":"closed","ping_status":"closed","sticky":false,"template":"","format":"standard","meta":{"ngg_post_thumbnail":0,"footnotes":""},"categories":[12,7],"tags":[],"class_list":["post-36116","post","type-post","status-publish","format-standard","has-post-thumbnail","","category-awards","category-actualites"],"yoast_head":"<!-- This site is optimized with the Yoast SEO plugin v20.4 - https:\/\/yoast.com\/wordpress\/plugins\/seo\/ -->\n<title>C\u00e9sar du cin\u00e9ma fran\u00e7ais : toutes les nominations - w-l-c<\/title>\n<meta name=\"robots\" content=\"noindex, follow, max-snippet:-1, max-image-preview:large, max-video-preview:-1\" \/>\n<meta property=\"og:locale\" content=\"fr_FR\" \/>\n<meta property=\"og:type\" content=\"article\" \/>\n<meta property=\"og:title\" content=\"C\u00e9sar du cin\u00e9ma fran\u00e7ais : toutes les nominations - w-l-c\" \/>\n<meta property=\"og:description\" content=\"Beaucoup de cat\u00e9gories, beaucoup de nomin\u00e9s. Du belge (ici)&#8230; mais pas seulement&#8230;\" \/>\n<meta property=\"og:url\" content=\"https:\/\/w-l-c.be\/fr\/cesars-toutes-les-nominations\/\" \/>\n<meta property=\"og:site_name\" content=\"w-l-c\" \/>\n<meta property=\"article:published_time\" content=\"2013-01-25T10:20:44+00:00\" \/>\n<meta property=\"article:modified_time\" content=\"2013-01-26T00:39:39+00:00\" \/>\n<meta property=\"og:image\" content=\"https:\/\/w-l-c.be\/wp-content\/uploads\/2013\/01\/c\u00e9sars-2.jpg\" \/>\n\t<meta property=\"og:image:width\" content=\"1027\" \/>\n\t<meta property=\"og:image:height\" content=\"684\" \/>\n\t<meta property=\"og:image:type\" content=\"image\/jpeg\" \/>\n<meta name=\"author\" content=\"Philippe.Pierquin\" \/>\n<meta name=\"twitter:card\" content=\"summary_large_image\" \/>\n<meta name=\"twitter:label1\" content=\"\u00c9crit par\" \/>\n\t<meta name=\"twitter:data1\" content=\"Philippe.Pierquin\" \/>\n\t<meta name=\"twitter:label2\" content=\"Dur\u00e9e de lecture estim\u00e9e\" \/>\n\t<meta name=\"twitter:data2\" content=\"3 minutes\" \/>\n<script type=\"application\/ld+json\" class=\"yoast-schema-graph\">{\"@context\":\"https:\/\/schema.org\",\"@graph\":[{\"@type\":\"WebPage\",\"@id\":\"https:\/\/w-l-c.be\/fr\/cesars-toutes-les-nominations\/\",\"url\":\"https:\/\/w-l-c.be\/fr\/cesars-toutes-les-nominations\/\",\"name\":\"C\u00e9sar du cin\u00e9ma fran\u00e7ais : toutes les nominations - w-l-c\",\"isPartOf\":{\"@id\":\"https:\/\/w-l-c.be\/fr\/#website\"},\"datePublished\":\"2013-01-25T10:20:44+00:00\",\"dateModified\":\"2013-01-26T00:39:39+00:00\",\"author\":{\"@id\":\"https:\/\/w-l-c.be\/fr\/#\/schema\/person\/4b9b1d857f0943453a38a7c2859ef756\"},\"breadcrumb\":{\"@id\":\"https:\/\/w-l-c.be\/fr\/cesars-toutes-les-nominations\/#breadcrumb\"},\"inLanguage\":\"fr-FR\",\"potentialAction\":[{\"@type\":\"ReadAction\",\"target\":[\"https:\/\/w-l-c.be\/fr\/cesars-toutes-les-nominations\/\"]}]},{\"@type\":\"BreadcrumbList\",\"@id\":\"https:\/\/w-l-c.be\/fr\/cesars-toutes-les-nominations\/#breadcrumb\",\"itemListElement\":[{\"@type\":\"ListItem\",\"position\":1,\"name\":\"Accueil\",\"item\":\"https:\/\/w-l-c.be\/fr\/\"},{\"@type\":\"ListItem\",\"position\":2,\"name\":\"C\u00e9sar du cin\u00e9ma fran\u00e7ais : toutes les nominations\"}]},{\"@type\":\"WebSite\",\"@id\":\"https:\/\/w-l-c.be\/fr\/#website\",\"url\":\"https:\/\/w-l-c.be\/fr\/\",\"name\":\"w-l-c\",\"description\":\"Le cin\u00e9ma vu par les belges\",\"potentialAction\":[{\"@type\":\"SearchAction\",\"target\":{\"@type\":\"EntryPoint\",\"urlTemplate\":\"https:\/\/w-l-c.be\/fr\/?s={search_term_string}\"},\"query-input\":\"required name=search_term_string\"}],\"inLanguage\":\"fr-FR\"},{\"@type\":\"Person\",\"@id\":\"https:\/\/w-l-c.be\/fr\/#\/schema\/person\/4b9b1d857f0943453a38a7c2859ef756\",\"name\":\"Philippe.Pierquin\",\"url\":\"https:\/\/w-l-c.be\/fr\/author\/philippe-pierquin\/\"}]}<\/script>\n<!-- \/ Yoast SEO plugin. -->","yoast_head_json":{"title":"C\u00e9sar du cin\u00e9ma fran\u00e7ais : toutes les nominations - w-l-c","robots":{"index":"noindex","follow":"follow","max-snippet":"max-snippet:-1","max-image-preview":"max-image-preview:large","max-video-preview":"max-video-preview:-1"},"og_locale":"fr_FR","og_type":"article","og_title":"C\u00e9sar du cin\u00e9ma fran\u00e7ais : toutes les nominations - w-l-c","og_description":"Beaucoup de cat\u00e9gories, beaucoup de nomin\u00e9s. Du belge (ici)&#8230; mais pas seulement&#8230;","og_url":"https:\/\/w-l-c.be\/fr\/cesars-toutes-les-nominations\/","og_site_name":"w-l-c","article_published_time":"2013-01-25T10:20:44+00:00","article_modified_time":"2013-01-26T00:39:39+00:00","og_image":[{"width":"1027","height":"684","url":"https:\/\/w-l-c.be\/wp-content\/uploads\/2013\/01\/c\u00e9sars-2.jpg","type":"image\/jpeg"}],"author":"Philippe.Pierquin","twitter_card":"summary_large_image","twitter_misc":{"\u00c9crit par":"Philippe.Pierquin","Dur\u00e9e de lecture estim\u00e9e":"3 minutes"},"schema":{"@context":"https:\/\/schema.org","@graph":[{"@type":"WebPage","@id":"https:\/\/w-l-c.be\/fr\/cesars-toutes-les-nominations\/","url":"https:\/\/w-l-c.be\/fr\/cesars-toutes-les-nominations\/","name":"C\u00e9sar du cin\u00e9ma fran\u00e7ais : toutes les nominations - w-l-c","isPartOf":{"@id":"https:\/\/w-l-c.be\/fr\/#website"},"datePublished":"2013-01-25T10:20:44+00:00","dateModified":"2013-01-26T00:39:39+00:00","author":{"@id":"https:\/\/w-l-c.be\/fr\/#\/schema\/person\/4b9b1d857f0943453a38a7c2859ef756"},"breadcrumb":{"@id":"https:\/\/w-l-c.be\/fr\/cesars-toutes-les-nominations\/#breadcrumb"},"inLanguage":"fr-FR","potentialAction":[{"@type":"ReadAction","target":["https:\/\/w-l-c.be\/fr\/cesars-toutes-les-nominations\/"]}]},{"@type":"BreadcrumbList","@id":"https:\/\/w-l-c.be\/fr\/cesars-toutes-les-nominations\/#breadcrumb","itemListElement":[{"@type":"ListItem","position":1,"name":"Accueil","item":"https:\/\/w-l-c.be\/fr\/"},{"@type":"ListItem","position":2,"name":"C\u00e9sar du cin\u00e9ma fran\u00e7ais : toutes les nominations"}]},{"@type":"WebSite","@id":"https:\/\/w-l-c.be\/fr\/#website","url":"https:\/\/w-l-c.be\/fr\/","name":"w-l-c","description":"Le cin\u00e9ma vu par les belges","potentialAction":[{"@type":"SearchAction","target":{"@type":"EntryPoint","urlTemplate":"https:\/\/w-l-c.be\/fr\/?s={search_term_string}"},"query-input":"required name=search_term_string"}],"inLanguage":"fr-FR"},{"@type":"Person","@id":"https:\/\/w-l-c.be\/fr\/#\/schema\/person\/4b9b1d857f0943453a38a7c2859ef756","name":"Philippe.Pierquin","url":"https:\/\/w-l-c.be\/fr\/author\/philippe-pierquin\/"}]}},"_links":{"self":[{"href":"https:\/\/w-l-c.be\/fr\/wp-json\/wp\/v2\/posts\/36116","targetHints":{"allow":["GET"]}}],"collection":[{"href":"https:\/\/w-l-c.be\/fr\/wp-json\/wp\/v2\/posts"}],"about":[{"href":"https:\/\/w-l-c.be\/fr\/wp-json\/wp\/v2\/types\/post"}],"author":[{"embeddable":true,"href":"https:\/\/w-l-c.be\/fr\/wp-json\/wp\/v2\/users\/7"}],"replies":[{"embeddable":true,"href":"https:\/\/w-l-c.be\/fr\/wp-json\/wp\/v2\/comments?post=36116"}],"version-history":[{"count":0,"href":"https:\/\/w-l-c.be\/fr\/wp-json\/wp\/v2\/posts\/36116\/revisions"}],"wp:featuredmedia":[{"embeddable":true,"href":"https:\/\/w-l-c.be\/fr\/wp-json\/wp\/v2\/media\/36119"}],"wp:attachment":[{"href":"https:\/\/w-l-c.be\/fr\/wp-json\/wp\/v2\/media?parent=36116"}],"wp:term":[{"taxonomy":"category","embeddable":true,"href":"https:\/\/w-l-c.be\/fr\/wp-json\/wp\/v2\/categories?post=36116"},{"taxonomy":"post_tag","embeddable":true,"href":"https:\/\/w-l-c.be\/fr\/wp-json\/wp\/v2\/tags?post=36116"}],"curies":[{"name":"wp","href":"https:\/\/api.w.org\/{rel}","templated":true}]}}