
{"id":36151,"date":"2013-01-26T06:16:45","date_gmt":"2013-01-26T06:16:45","guid":{"rendered":"http:\/\/www.cinevox.be\/?p=36151"},"modified":"2013-04-24T12:34:48","modified_gmt":"2013-04-24T12:34:48","slug":"la-cinquieme-saison-cinindependant","status":"publish","type":"post","link":"https:\/\/w-l-c.be\/fr\/la-cinquieme-saison-cinindependant\/","title":{"rendered":"La Cinqui\u00e8me Saison &#8211; Jessica Woodworth : Un cin\u00e9ma ind\u00e9pendant"},"content":{"rendered":"<p>Une myst\u00e9rieuse calamit\u00e9 frappe un village belge dans les Ardennes :<br \/>\nle printemps refuse de venir. Le cycle de la nature est bris\u00e9.<br \/>\nAlice et Thomas, deux adolescents du village, vont se battre pour donner    un sens \u00e0 leur vie dans un monde qui s&rsquo;effondre autour d&rsquo;eux.<img decoding=\"async\" title=\"More...\" src=\"http:\/\/www.cinevox.be\/wp-includes\/js\/tinymce\/plugins\/wordpress\/img\/trans.gif\" alt=\"\" \/><img decoding=\"async\" title=\"More...\" src=\"http:\/\/www.cinevox.be\/wp-includes\/js\/tinymce\/plugins\/wordpress\/img\/trans.gif\" alt=\"\" \/><!--more--><\/p>\n<p>&nbsp;<\/p>\n<p><em>La Cinqui\u00e8me Saison <\/em>est sorti en Belgique le 23 janvier<\/p>\n<p>&nbsp;<\/p>\n<p>Kurt Vandemaele, r\u00e9dacteur en chef de la version  flamande de Cinevox a rencontr\u00e9 la r\u00e9alisatrice <strong>Jessica Woodworth<\/strong> (avec son mari, Peter Brosens) et l&rsquo;a  interview\u00e9e en fran\u00e7ais.<\/p>\n<p>&nbsp;<\/p>\n","protected":false},"excerpt":{"rendered":"<p>Une myst\u00e9rieuse calamit\u00e9 frappe un village belge dans les Ardennes : le printemps refuse de venir. Le cycle de la nature est bris\u00e9. Alice et Thomas, deux adolescents du village, vont se battre pour donner un sens \u00e0 leur vie dans un monde qui s&rsquo;effondre autour d&rsquo;eux.<\/p>\n","protected":false},"author":7,"featured_media":36153,"comment_status":"closed","ping_status":"closed","sticky":false,"template":"","format":"standard","meta":{"ngg_post_thumbnail":0,"footnotes":""},"categories":[1978],"tags":[],"class_list":["post-36151","post","type-post","status-publish","format-standard","has-post-thumbnail","","category-interviews"],"yoast_head":"<!-- This site is optimized with the Yoast SEO plugin v20.4 - https:\/\/yoast.com\/wordpress\/plugins\/seo\/ -->\n<title>La Cinqui\u00e8me Saison - Jessica Woodworth : Un cin\u00e9ma ind\u00e9pendant - w-l-c<\/title>\n<meta name=\"robots\" content=\"noindex, follow, max-snippet:-1, max-image-preview:large, max-video-preview:-1\" \/>\n<meta property=\"og:locale\" content=\"fr_FR\" \/>\n<meta property=\"og:type\" content=\"article\" \/>\n<meta property=\"og:title\" content=\"La Cinqui\u00e8me Saison - Jessica Woodworth : Un cin\u00e9ma ind\u00e9pendant - w-l-c\" \/>\n<meta property=\"og:description\" content=\"Une myst\u00e9rieuse calamit\u00e9 frappe un village belge dans les Ardennes : le printemps refuse de venir. Le cycle de la nature est bris\u00e9. Alice et Thomas, deux adolescents du village, vont se battre pour donner un sens \u00e0 leur vie dans un monde qui s&rsquo;effondre autour d&rsquo;eux.\" \/>\n<meta property=\"og:url\" content=\"https:\/\/w-l-c.be\/fr\/la-cinquieme-saison-cinindependant\/\" \/>\n<meta property=\"og:site_name\" content=\"w-l-c\" \/>\n<meta property=\"article:published_time\" content=\"2013-01-26T06:16:45+00:00\" \/>\n<meta property=\"article:modified_time\" content=\"2013-04-24T12:34:48+00:00\" \/>\n<meta property=\"og:image\" content=\"https:\/\/w-l-c.be\/wp-content\/uploads\/2012\/01\/JW3.jpg\" \/>\n\t<meta property=\"og:image:width\" content=\"623\" \/>\n\t<meta property=\"og:image:height\" content=\"346\" \/>\n\t<meta property=\"og:image:type\" content=\"image\/jpeg\" \/>\n<meta name=\"author\" content=\"Philippe.Pierquin\" \/>\n<meta name=\"twitter:card\" content=\"summary_large_image\" \/>\n<meta name=\"twitter:label1\" content=\"\u00c9crit par\" \/>\n\t<meta name=\"twitter:data1\" content=\"Philippe.Pierquin\" \/>\n<script type=\"application\/ld+json\" class=\"yoast-schema-graph\">{\"@context\":\"https:\/\/schema.org\",\"@graph\":[{\"@type\":\"WebPage\",\"@id\":\"https:\/\/w-l-c.be\/fr\/la-cinquieme-saison-cinindependant\/\",\"url\":\"https:\/\/w-l-c.be\/fr\/la-cinquieme-saison-cinindependant\/\",\"name\":\"La Cinqui\u00e8me Saison - Jessica Woodworth : Un cin\u00e9ma ind\u00e9pendant - w-l-c\",\"isPartOf\":{\"@id\":\"https:\/\/w-l-c.be\/fr\/#website\"},\"datePublished\":\"2013-01-26T06:16:45+00:00\",\"dateModified\":\"2013-04-24T12:34:48+00:00\",\"author\":{\"@id\":\"https:\/\/w-l-c.be\/fr\/#\/schema\/person\/4b9b1d857f0943453a38a7c2859ef756\"},\"breadcrumb\":{\"@id\":\"https:\/\/w-l-c.be\/fr\/la-cinquieme-saison-cinindependant\/#breadcrumb\"},\"inLanguage\":\"fr-FR\",\"potentialAction\":[{\"@type\":\"ReadAction\",\"target\":[\"https:\/\/w-l-c.be\/fr\/la-cinquieme-saison-cinindependant\/\"]}]},{\"@type\":\"BreadcrumbList\",\"@id\":\"https:\/\/w-l-c.be\/fr\/la-cinquieme-saison-cinindependant\/#breadcrumb\",\"itemListElement\":[{\"@type\":\"ListItem\",\"position\":1,\"name\":\"Accueil\",\"item\":\"https:\/\/w-l-c.be\/fr\/\"},{\"@type\":\"ListItem\",\"position\":2,\"name\":\"La Cinqui\u00e8me Saison &#8211; Jessica Woodworth : Un cin\u00e9ma ind\u00e9pendant\"}]},{\"@type\":\"WebSite\",\"@id\":\"https:\/\/w-l-c.be\/fr\/#website\",\"url\":\"https:\/\/w-l-c.be\/fr\/\",\"name\":\"w-l-c\",\"description\":\"Le cin\u00e9ma vu par les belges\",\"potentialAction\":[{\"@type\":\"SearchAction\",\"target\":{\"@type\":\"EntryPoint\",\"urlTemplate\":\"https:\/\/w-l-c.be\/fr\/?s={search_term_string}\"},\"query-input\":\"required name=search_term_string\"}],\"inLanguage\":\"fr-FR\"},{\"@type\":\"Person\",\"@id\":\"https:\/\/w-l-c.be\/fr\/#\/schema\/person\/4b9b1d857f0943453a38a7c2859ef756\",\"name\":\"Philippe.Pierquin\",\"url\":\"https:\/\/w-l-c.be\/fr\/author\/philippe-pierquin\/\"}]}<\/script>\n<!-- \/ Yoast SEO plugin. -->","yoast_head_json":{"title":"La Cinqui\u00e8me Saison - Jessica Woodworth : Un cin\u00e9ma ind\u00e9pendant - w-l-c","robots":{"index":"noindex","follow":"follow","max-snippet":"max-snippet:-1","max-image-preview":"max-image-preview:large","max-video-preview":"max-video-preview:-1"},"og_locale":"fr_FR","og_type":"article","og_title":"La Cinqui\u00e8me Saison - Jessica Woodworth : Un cin\u00e9ma ind\u00e9pendant - w-l-c","og_description":"Une myst\u00e9rieuse calamit\u00e9 frappe un village belge dans les Ardennes : le printemps refuse de venir. Le cycle de la nature est bris\u00e9. Alice et Thomas, deux adolescents du village, vont se battre pour donner un sens \u00e0 leur vie dans un monde qui s&rsquo;effondre autour d&rsquo;eux.","og_url":"https:\/\/w-l-c.be\/fr\/la-cinquieme-saison-cinindependant\/","og_site_name":"w-l-c","article_published_time":"2013-01-26T06:16:45+00:00","article_modified_time":"2013-04-24T12:34:48+00:00","og_image":[{"width":"623","height":"346","url":"https:\/\/w-l-c.be\/wp-content\/uploads\/2012\/01\/JW3.jpg","type":"image\/jpeg"}],"author":"Philippe.Pierquin","twitter_card":"summary_large_image","twitter_misc":{"\u00c9crit par":"Philippe.Pierquin"},"schema":{"@context":"https:\/\/schema.org","@graph":[{"@type":"WebPage","@id":"https:\/\/w-l-c.be\/fr\/la-cinquieme-saison-cinindependant\/","url":"https:\/\/w-l-c.be\/fr\/la-cinquieme-saison-cinindependant\/","name":"La Cinqui\u00e8me Saison - Jessica Woodworth : Un cin\u00e9ma ind\u00e9pendant - w-l-c","isPartOf":{"@id":"https:\/\/w-l-c.be\/fr\/#website"},"datePublished":"2013-01-26T06:16:45+00:00","dateModified":"2013-04-24T12:34:48+00:00","author":{"@id":"https:\/\/w-l-c.be\/fr\/#\/schema\/person\/4b9b1d857f0943453a38a7c2859ef756"},"breadcrumb":{"@id":"https:\/\/w-l-c.be\/fr\/la-cinquieme-saison-cinindependant\/#breadcrumb"},"inLanguage":"fr-FR","potentialAction":[{"@type":"ReadAction","target":["https:\/\/w-l-c.be\/fr\/la-cinquieme-saison-cinindependant\/"]}]},{"@type":"BreadcrumbList","@id":"https:\/\/w-l-c.be\/fr\/la-cinquieme-saison-cinindependant\/#breadcrumb","itemListElement":[{"@type":"ListItem","position":1,"name":"Accueil","item":"https:\/\/w-l-c.be\/fr\/"},{"@type":"ListItem","position":2,"name":"La Cinqui\u00e8me Saison &#8211; Jessica Woodworth : Un cin\u00e9ma ind\u00e9pendant"}]},{"@type":"WebSite","@id":"https:\/\/w-l-c.be\/fr\/#website","url":"https:\/\/w-l-c.be\/fr\/","name":"w-l-c","description":"Le cin\u00e9ma vu par les belges","potentialAction":[{"@type":"SearchAction","target":{"@type":"EntryPoint","urlTemplate":"https:\/\/w-l-c.be\/fr\/?s={search_term_string}"},"query-input":"required name=search_term_string"}],"inLanguage":"fr-FR"},{"@type":"Person","@id":"https:\/\/w-l-c.be\/fr\/#\/schema\/person\/4b9b1d857f0943453a38a7c2859ef756","name":"Philippe.Pierquin","url":"https:\/\/w-l-c.be\/fr\/author\/philippe-pierquin\/"}]}},"_links":{"self":[{"href":"https:\/\/w-l-c.be\/fr\/wp-json\/wp\/v2\/posts\/36151","targetHints":{"allow":["GET"]}}],"collection":[{"href":"https:\/\/w-l-c.be\/fr\/wp-json\/wp\/v2\/posts"}],"about":[{"href":"https:\/\/w-l-c.be\/fr\/wp-json\/wp\/v2\/types\/post"}],"author":[{"embeddable":true,"href":"https:\/\/w-l-c.be\/fr\/wp-json\/wp\/v2\/users\/7"}],"replies":[{"embeddable":true,"href":"https:\/\/w-l-c.be\/fr\/wp-json\/wp\/v2\/comments?post=36151"}],"version-history":[{"count":0,"href":"https:\/\/w-l-c.be\/fr\/wp-json\/wp\/v2\/posts\/36151\/revisions"}],"wp:featuredmedia":[{"embeddable":true,"href":"https:\/\/w-l-c.be\/fr\/wp-json\/wp\/v2\/media\/36153"}],"wp:attachment":[{"href":"https:\/\/w-l-c.be\/fr\/wp-json\/wp\/v2\/media?parent=36151"}],"wp:term":[{"taxonomy":"category","embeddable":true,"href":"https:\/\/w-l-c.be\/fr\/wp-json\/wp\/v2\/categories?post=36151"},{"taxonomy":"post_tag","embeddable":true,"href":"https:\/\/w-l-c.be\/fr\/wp-json\/wp\/v2\/tags?post=36151"}],"curies":[{"name":"wp","href":"https:\/\/api.w.org\/{rel}","templated":true}]}}