
{"id":36221,"date":"2013-01-30T04:42:32","date_gmt":"2013-01-30T04:42:32","guid":{"rendered":"http:\/\/www.cinevox.be\/?p=36221"},"modified":"2013-01-30T06:52:26","modified_gmt":"2013-01-30T06:52:26","slug":"3e-magritte-du-cinema-jour-j-5","status":"publish","type":"post","link":"https:\/\/w-l-c.be\/fr\/3e-magritte-du-cinema-jour-j-5\/","title":{"rendered":"3e Magritte du Cin\u00e9ma : jour J-3"},"content":{"rendered":"<p><em>Le deuxi\u00e8me tour de scrutin s\u2019est achev\u00e9 dimanche. Les laur\u00e9ats des 3<sup>e<\/sup> Magritte du Cin\u00e9ma seront annonc\u00e9s samedi 2 f\u00e9vrier lors d\u2019une soir\u00e9e prestigieuse au Mont des Arts. Vous pourrez suivre la c\u00e9r\u00e9monie en direct et en clair sur BeTV et\/ou sur notre page Facebook.<\/em><\/p>\n<p><em><!--more--><\/em><\/p>\n<p>&nbsp;<\/p>\n<p>&nbsp;<\/p>\n<p>&nbsp;<\/p>\n<p><em>Cinevox<\/em> et les <em>Magritte du cin\u00e9ma <\/em>ont un objectif commun : augmenter la notori\u00e9t\u00e9 du 7e art belge aupr\u00e8s du grand public. Cinevox s\u2019est donn\u00e9 pour mission d\u2019informer chaque jour de tout ce qui se passe sur les \u00e9crans et dans les coulisses. Avec des moyens certes limit\u00e9s, mais un enthousiasme de tous les instants. Les Magritte jouent une autre carte : celle \u00a0de la comp\u00e9tition nationale, un axe qui existe dans la plupart des pays europ\u00e9ens et qui avait toute sa place chez nous. La preuve par trois, trois comme le nombre d\u2019\u00e9ditions depuis la cr\u00e9ation de l\u2019\u00e9v\u00e8nement.<\/p>\n<p>&nbsp;<\/p>\n<p>Comme la culture est une mati\u00e8re communautaris\u00e9e, la Flandre et la F\u00e9d\u00e9ration Wallonie-Bruxelles ont, chacune, leurs r\u00e9compenses, mais elles collaborent \u00e9troitement, que ce soit en coproduisant des \u0153uvres ou en remettant des prix aux artistes de l\u2019autre communaut\u00e9. Les Magritte ont d\u2019ailleurs fait fort l\u2019an dernier en octroyant quatre troph\u00e9es \u00e0 <em>Rundskop<\/em>. En 2013, une coproduction flamande sera \u00e0 nouveau mise \u00e0 l\u2019honneur et <strong>Matthias Schoenaerts<\/strong> est en position de s\u2019assurer un doubl\u00e9 d\u00e9j\u00e0 historique dans la cat\u00e9gorie \u00ab\u00a0Meilleur acteur\u00a0\u00bb. Personne ne niera qu\u2019il y a deux march\u00e9s en Belgique tant en termes de films que de spectateurs potentiels, les r\u00e9unir en un seul prix n\u2019aurait aucun sens.<\/p>\n<p>&nbsp;<\/p>\n<p><a rel=\"attachment wp-att-36222\" href=\"http:\/\/www.cinevox.be\/3e-magritte-du-cinema-jour-j-5\/img_4173\"><img loading=\"lazy\" decoding=\"async\" class=\"aligncenter size-full wp-image-36222\" title=\"IMG_4173\" src=\"http:\/\/www.cinevox.be\/wp-content\/uploads\/2013\/01\/IMG_4173.jpg\" alt=\"\" width=\"5184\" height=\"3456\" srcset=\"https:\/\/w-l-c.be\/wp-content\/uploads\/2013\/01\/IMG_4173.jpg 5184w, https:\/\/w-l-c.be\/wp-content\/uploads\/2013\/01\/IMG_4173-405x270.jpg 405w, https:\/\/w-l-c.be\/wp-content\/uploads\/2013\/01\/IMG_4173-800x533.jpg 800w\" sizes=\"auto, (max-width: 5184px) 100vw, 5184px\" \/><\/a><\/p>\n<p>&nbsp;<\/p>\n<p>Pour la troisi\u00e8me fois, la c\u00e9r\u00e9monie des Magritte du Cin\u00e9ma sera diffus\u00e9e sur BeTV. En direct et en clair. L\u2019occasion pour les t\u00e9l\u00e9spectateurs de d\u00e9couvrir tous les visages connus et moins connus du cin\u00e9ma belge. La cha\u00eene priv\u00e9e consacrera des moyens tr\u00e8s importants \u00e0 la captation : une \u00e9quipe d\u2019une quarantaine de personnes, similaire \u00e0 celle qui travaille sur les retransmissions de matches de football, dix cam\u00e9ras, une grue de 9 m\u00e8tres, une steadycam&#8230; Le tout en HD avec la classe, le professionnalisme et la sobri\u00e9t\u00e9 qui sont les caract\u00e9ristiques de la cha\u00eene.<\/p>\n<p>&nbsp;<\/p>\n<p><a rel=\"attachment wp-att-36223\" href=\"http:\/\/www.cinevox.be\/3e-magritte-du-cinema-jour-j-5\/img_4099\"><img loading=\"lazy\" decoding=\"async\" class=\"aligncenter size-full wp-image-36223\" title=\"IMG_4099\" src=\"http:\/\/www.cinevox.be\/wp-content\/uploads\/2013\/01\/IMG_4099.jpg\" alt=\"\" width=\"5184\" height=\"3456\" srcset=\"https:\/\/w-l-c.be\/wp-content\/uploads\/2013\/01\/IMG_4099.jpg 5184w, https:\/\/w-l-c.be\/wp-content\/uploads\/2013\/01\/IMG_4099-405x270.jpg 405w, https:\/\/w-l-c.be\/wp-content\/uploads\/2013\/01\/IMG_4099-800x533.jpg 800w\" sizes=\"auto, (max-width: 5184px) 100vw, 5184px\" \/><\/a><\/p>\n<p>&nbsp;<\/p>\n<p>BeTV multipliera d\u2019ailleurs les rendez-vous autour du cin\u00e9ma belge en diffusant une s\u00e9rie de films bleu blanc belges \u00e0 ses abonn\u00e9s. Vendredi \u00e0 partir de 20h55, d\u00e9marrage en force avec <em>38 T\u00e9moins<\/em> un long m\u00e9trage nomm\u00e9 7 fois apr\u00e8s le premier tour de scrutin et <em>Hasta La Vista<\/em>.<\/p>\n<p>Samedi, c\u2019est le feu d\u2019artifice : <em>Le Gamin au V\u00e9lo, La F\u00e9e<\/em> et <em>Les G\u00e9ants<\/em> se succ\u00e9deront \u00e0 l\u2019\u00e9cran, entrecoup\u00e9s de courts m\u00e9trages comme <em>Marie et Fred<\/em> ou <em>Dos au mur<\/em> (double dose d\u2019Erika Sainte, donc, un r\u00e9gal).<\/p>\n<p>D\u00e8s 20h, pleins feux sur la c\u00e9r\u00e9monie bruxelloise, un spectacle suivie \u00e0 22h par <em>Au Cul du Loup<\/em> de Pierre Duculot et <em>Le Syndrome du Cornichon<\/em>, d\u00e9licieux court sign\u00e9 par G\u00e9raldine Doignon. Au m\u00eame moment la Trois programmera aussi une s\u00e9rie de courts m\u00e9trages belges : <em>La version du Loup, Dans le Cochon tout est bon<\/em> ou <em>Juste la Lettre T<\/em> et continuera la nuit avec le documentaire belge <em>Amsterdam Stories USA<\/em> de Rob Rombout et Rogier VanEck.<\/p>\n<p>&nbsp;<\/p>\n<p>TV5 retransmettra int\u00e9gralement les Magritte du Cin\u00e9ma, en diff\u00e9r\u00e9, le lundi 4 \u00e0 23h20 et la Trois montrera un r\u00e9sum\u00e9 la semaine suivante. Comme l\u2019an dernier, <strong>Cinevox<\/strong> consacrera son Grand \u00c9cran de f\u00e9vrier \u00e0 un digest complet de la soir\u00e9e en 2&prime; chrono. Un clip comm\u00e9moratif diffus\u00e9 dans toutes les salles de cin\u00e9ma pendant cinq semaines. Public potentiel : 800.000 spectateurs. La RTBF et RTL proposeront bien s\u00fbr des reportages enregistr\u00e9s aux Magritte dans leurs JT respectifs \u00e0 partir du dimanche \u00e0 13h et les meilleurs quotidiens passeront les r\u00e9sultats au scanner d\u00e8s lundi, mais probablement aussi un jour plus t\u00f4t via leur site internet.<\/p>\n<p>&nbsp;<\/p>\n<p><a rel=\"attachment wp-att-36224\" href=\"http:\/\/www.cinevox.be\/3e-magritte-du-cinema-jour-j-5\/img_4202\"><img loading=\"lazy\" decoding=\"async\" class=\"aligncenter size-full wp-image-36224\" title=\"IMG_4202\" src=\"http:\/\/www.cinevox.be\/wp-content\/uploads\/2013\/01\/IMG_4202.jpg\" alt=\"\" width=\"5184\" height=\"3456\" srcset=\"https:\/\/w-l-c.be\/wp-content\/uploads\/2013\/01\/IMG_4202.jpg 5184w, https:\/\/w-l-c.be\/wp-content\/uploads\/2013\/01\/IMG_4202-405x270.jpg 405w, https:\/\/w-l-c.be\/wp-content\/uploads\/2013\/01\/IMG_4202-800x533.jpg 800w\" sizes=\"auto, (max-width: 5184px) 100vw, 5184px\" \/><\/a><\/p>\n<p>&nbsp;<\/p>\n<p>Les r\u00e9seaux sociaux seront sans doute investis par les commentateurs de tout poil. Twitter pour les r\u00e9actions en direct, d\u00e8s samedi soir, et Facebook pour quelques joutes \u00e0 fleurets \u00e0 peine mouchet\u00e9s.<\/p>\n<p>&nbsp;<\/p>\n<p>Cinevox ne sera naturellement pas en reste : un dispositif sp\u00e9cial sera mis en place. Tout le long de la soir\u00e9e, nous d\u00e9voilerons le nom des laur\u00e9ats sur la page Facebook (avec un relais sur Twitter). L\u2019occasion pour vous de d\u00e9couvrir les vainqueurs si vous n\u2019avez pas acc\u00e8s \u00e0 un \u00e9cran de t\u00e9l\u00e9vision ou de commenter les r\u00e9sultats en direct, d\u2019en discuter entre vous. N\u2019h\u00e9sitez pas \u00e0 intervenir,\u2026 en toute courtoisie, car tout \u00e7a n\u2019est qu\u2019un jeu. Notre journaliste pr\u00e9sent dans la salle publiera un article tout de suite apr\u00e8s la manifestation et d\u00e8s le lendemain vous aurez droit aux photos des coulisses : des clich\u00e9s in\u00e9dits, indiscrets ou amusants. Dimanche, nous reviendrons aussi sur les \u00e9v\u00e8nements marquants et sur une analyse du palmar\u00e8s plus compl\u00e8te.<\/p>\n<p>&nbsp;<\/p>\n<p>Avant cela, d\u00e8s jeudi, Cinevox tentera de vous livrer les clefs du suffrage et de vous proposer, non pas ses favoris, mais ses pronostics, cat\u00e9gorie par cat\u00e9gorie, selon les crit\u00e8res les plus objectifs possible. Histoire de vous donner quelques indices suppl\u00e9mentaires pour suivre cette soir\u00e9e qui s\u2019annonce \u00e0 nouveau fastueuse et divertissante.<br \/>\nL\u2019an dernier, nous avions d\u2019ailleurs plut\u00f4t bien r\u00e9ussi cet exercice toujours amusant. Que vous pratiquerez sans doute \u00a0\u00e0 votre tour, histoire de confronter vos opinions aux n\u00f4tres, puis \u00e0 celles de la profession.<\/p>\n<p>&nbsp;<\/p>\n","protected":false},"excerpt":{"rendered":"<p>Le deuxi\u00e8me tour de scrutin s\u2019est achev\u00e9 dimanche. Les laur\u00e9ats des 3e Magritte du Cin\u00e9ma seront annonc\u00e9s samedi 2 f\u00e9vrier lors d\u2019une soir\u00e9e prestigieuse au Mont des Arts. Vous pourrez suivre la c\u00e9r\u00e9monie en direct et en clair sur BeTV et\/ou sur notre page Facebook.<\/p>\n","protected":false},"author":7,"featured_media":36226,"comment_status":"closed","ping_status":"closed","sticky":false,"template":"","format":"standard","meta":{"ngg_post_thumbnail":0,"footnotes":""},"categories":[1923],"tags":[],"class_list":["post-36221","post","type-post","status-publish","format-standard","has-post-thumbnail","","category-en-bref"],"yoast_head":"<!-- This site is optimized with the Yoast SEO plugin v20.4 - https:\/\/yoast.com\/wordpress\/plugins\/seo\/ -->\n<title>3e Magritte du Cin\u00e9ma : jour J-3 - w-l-c<\/title>\n<meta name=\"robots\" content=\"noindex, follow, max-snippet:-1, max-image-preview:large, max-video-preview:-1\" \/>\n<meta property=\"og:locale\" content=\"fr_FR\" \/>\n<meta property=\"og:type\" content=\"article\" \/>\n<meta property=\"og:title\" content=\"3e Magritte du Cin\u00e9ma : jour J-3 - w-l-c\" \/>\n<meta property=\"og:description\" content=\"Le deuxi\u00e8me tour de scrutin s\u2019est achev\u00e9 dimanche. Les laur\u00e9ats des 3e Magritte du Cin\u00e9ma seront annonc\u00e9s samedi 2 f\u00e9vrier lors d\u2019une soir\u00e9e prestigieuse au Mont des Arts. Vous pourrez suivre la c\u00e9r\u00e9monie en direct et en clair sur BeTV et\/ou sur notre page Facebook.\" \/>\n<meta property=\"og:url\" content=\"https:\/\/w-l-c.be\/fr\/3e-magritte-du-cinema-jour-j-5\/\" \/>\n<meta property=\"og:site_name\" content=\"w-l-c\" \/>\n<meta property=\"article:published_time\" content=\"2013-01-30T04:42:32+00:00\" \/>\n<meta property=\"article:modified_time\" content=\"2013-01-30T06:52:26+00:00\" \/>\n<meta property=\"og:image\" content=\"https:\/\/w-l-c.be\/wp-content\/uploads\/2013\/01\/IMG_39751.jpg\" \/>\n\t<meta property=\"og:image:width\" content=\"5184\" \/>\n\t<meta property=\"og:image:height\" content=\"3456\" \/>\n\t<meta property=\"og:image:type\" content=\"image\/jpeg\" \/>\n<meta name=\"author\" content=\"Philippe.Pierquin\" \/>\n<meta name=\"twitter:card\" content=\"summary_large_image\" \/>\n<meta name=\"twitter:label1\" content=\"\u00c9crit par\" \/>\n\t<meta name=\"twitter:data1\" content=\"Philippe.Pierquin\" \/>\n\t<meta name=\"twitter:label2\" content=\"Dur\u00e9e de lecture estim\u00e9e\" \/>\n\t<meta name=\"twitter:data2\" content=\"5 minutes\" \/>\n<script type=\"application\/ld+json\" class=\"yoast-schema-graph\">{\"@context\":\"https:\/\/schema.org\",\"@graph\":[{\"@type\":\"WebPage\",\"@id\":\"https:\/\/w-l-c.be\/fr\/3e-magritte-du-cinema-jour-j-5\/\",\"url\":\"https:\/\/w-l-c.be\/fr\/3e-magritte-du-cinema-jour-j-5\/\",\"name\":\"3e Magritte du Cin\u00e9ma : jour J-3 - w-l-c\",\"isPartOf\":{\"@id\":\"https:\/\/w-l-c.be\/fr\/#website\"},\"datePublished\":\"2013-01-30T04:42:32+00:00\",\"dateModified\":\"2013-01-30T06:52:26+00:00\",\"author\":{\"@id\":\"https:\/\/w-l-c.be\/fr\/#\/schema\/person\/4b9b1d857f0943453a38a7c2859ef756\"},\"breadcrumb\":{\"@id\":\"https:\/\/w-l-c.be\/fr\/3e-magritte-du-cinema-jour-j-5\/#breadcrumb\"},\"inLanguage\":\"fr-FR\",\"potentialAction\":[{\"@type\":\"ReadAction\",\"target\":[\"https:\/\/w-l-c.be\/fr\/3e-magritte-du-cinema-jour-j-5\/\"]}]},{\"@type\":\"BreadcrumbList\",\"@id\":\"https:\/\/w-l-c.be\/fr\/3e-magritte-du-cinema-jour-j-5\/#breadcrumb\",\"itemListElement\":[{\"@type\":\"ListItem\",\"position\":1,\"name\":\"Accueil\",\"item\":\"https:\/\/w-l-c.be\/fr\/\"},{\"@type\":\"ListItem\",\"position\":2,\"name\":\"3e Magritte du Cin\u00e9ma : jour J-3\"}]},{\"@type\":\"WebSite\",\"@id\":\"https:\/\/w-l-c.be\/fr\/#website\",\"url\":\"https:\/\/w-l-c.be\/fr\/\",\"name\":\"w-l-c\",\"description\":\"Le cin\u00e9ma vu par les belges\",\"potentialAction\":[{\"@type\":\"SearchAction\",\"target\":{\"@type\":\"EntryPoint\",\"urlTemplate\":\"https:\/\/w-l-c.be\/fr\/?s={search_term_string}\"},\"query-input\":\"required name=search_term_string\"}],\"inLanguage\":\"fr-FR\"},{\"@type\":\"Person\",\"@id\":\"https:\/\/w-l-c.be\/fr\/#\/schema\/person\/4b9b1d857f0943453a38a7c2859ef756\",\"name\":\"Philippe.Pierquin\",\"url\":\"https:\/\/w-l-c.be\/fr\/author\/philippe-pierquin\/\"}]}<\/script>\n<!-- \/ Yoast SEO plugin. -->","yoast_head_json":{"title":"3e Magritte du Cin\u00e9ma : jour J-3 - w-l-c","robots":{"index":"noindex","follow":"follow","max-snippet":"max-snippet:-1","max-image-preview":"max-image-preview:large","max-video-preview":"max-video-preview:-1"},"og_locale":"fr_FR","og_type":"article","og_title":"3e Magritte du Cin\u00e9ma : jour J-3 - w-l-c","og_description":"Le deuxi\u00e8me tour de scrutin s\u2019est achev\u00e9 dimanche. Les laur\u00e9ats des 3e Magritte du Cin\u00e9ma seront annonc\u00e9s samedi 2 f\u00e9vrier lors d\u2019une soir\u00e9e prestigieuse au Mont des Arts. Vous pourrez suivre la c\u00e9r\u00e9monie en direct et en clair sur BeTV et\/ou sur notre page Facebook.","og_url":"https:\/\/w-l-c.be\/fr\/3e-magritte-du-cinema-jour-j-5\/","og_site_name":"w-l-c","article_published_time":"2013-01-30T04:42:32+00:00","article_modified_time":"2013-01-30T06:52:26+00:00","og_image":[{"width":"5184","height":"3456","url":"https:\/\/w-l-c.be\/wp-content\/uploads\/2013\/01\/IMG_39751.jpg","type":"image\/jpeg"}],"author":"Philippe.Pierquin","twitter_card":"summary_large_image","twitter_misc":{"\u00c9crit par":"Philippe.Pierquin","Dur\u00e9e de lecture estim\u00e9e":"5 minutes"},"schema":{"@context":"https:\/\/schema.org","@graph":[{"@type":"WebPage","@id":"https:\/\/w-l-c.be\/fr\/3e-magritte-du-cinema-jour-j-5\/","url":"https:\/\/w-l-c.be\/fr\/3e-magritte-du-cinema-jour-j-5\/","name":"3e Magritte du Cin\u00e9ma : jour J-3 - w-l-c","isPartOf":{"@id":"https:\/\/w-l-c.be\/fr\/#website"},"datePublished":"2013-01-30T04:42:32+00:00","dateModified":"2013-01-30T06:52:26+00:00","author":{"@id":"https:\/\/w-l-c.be\/fr\/#\/schema\/person\/4b9b1d857f0943453a38a7c2859ef756"},"breadcrumb":{"@id":"https:\/\/w-l-c.be\/fr\/3e-magritte-du-cinema-jour-j-5\/#breadcrumb"},"inLanguage":"fr-FR","potentialAction":[{"@type":"ReadAction","target":["https:\/\/w-l-c.be\/fr\/3e-magritte-du-cinema-jour-j-5\/"]}]},{"@type":"BreadcrumbList","@id":"https:\/\/w-l-c.be\/fr\/3e-magritte-du-cinema-jour-j-5\/#breadcrumb","itemListElement":[{"@type":"ListItem","position":1,"name":"Accueil","item":"https:\/\/w-l-c.be\/fr\/"},{"@type":"ListItem","position":2,"name":"3e Magritte du Cin\u00e9ma : jour J-3"}]},{"@type":"WebSite","@id":"https:\/\/w-l-c.be\/fr\/#website","url":"https:\/\/w-l-c.be\/fr\/","name":"w-l-c","description":"Le cin\u00e9ma vu par les belges","potentialAction":[{"@type":"SearchAction","target":{"@type":"EntryPoint","urlTemplate":"https:\/\/w-l-c.be\/fr\/?s={search_term_string}"},"query-input":"required name=search_term_string"}],"inLanguage":"fr-FR"},{"@type":"Person","@id":"https:\/\/w-l-c.be\/fr\/#\/schema\/person\/4b9b1d857f0943453a38a7c2859ef756","name":"Philippe.Pierquin","url":"https:\/\/w-l-c.be\/fr\/author\/philippe-pierquin\/"}]}},"_links":{"self":[{"href":"https:\/\/w-l-c.be\/fr\/wp-json\/wp\/v2\/posts\/36221","targetHints":{"allow":["GET"]}}],"collection":[{"href":"https:\/\/w-l-c.be\/fr\/wp-json\/wp\/v2\/posts"}],"about":[{"href":"https:\/\/w-l-c.be\/fr\/wp-json\/wp\/v2\/types\/post"}],"author":[{"embeddable":true,"href":"https:\/\/w-l-c.be\/fr\/wp-json\/wp\/v2\/users\/7"}],"replies":[{"embeddable":true,"href":"https:\/\/w-l-c.be\/fr\/wp-json\/wp\/v2\/comments?post=36221"}],"version-history":[{"count":0,"href":"https:\/\/w-l-c.be\/fr\/wp-json\/wp\/v2\/posts\/36221\/revisions"}],"wp:featuredmedia":[{"embeddable":true,"href":"https:\/\/w-l-c.be\/fr\/wp-json\/wp\/v2\/media\/36226"}],"wp:attachment":[{"href":"https:\/\/w-l-c.be\/fr\/wp-json\/wp\/v2\/media?parent=36221"}],"wp:term":[{"taxonomy":"category","embeddable":true,"href":"https:\/\/w-l-c.be\/fr\/wp-json\/wp\/v2\/categories?post=36221"},{"taxonomy":"post_tag","embeddable":true,"href":"https:\/\/w-l-c.be\/fr\/wp-json\/wp\/v2\/tags?post=36221"}],"curies":[{"name":"wp","href":"https:\/\/api.w.org\/{rel}","templated":true}]}}