
{"id":36503,"date":"2013-02-01T04:14:23","date_gmt":"2013-02-01T04:14:23","guid":{"rendered":"http:\/\/www.cinevox.be\/?p=36503"},"modified":"2013-02-01T12:47:05","modified_gmt":"2013-02-01T12:47:05","slug":"magritte-2013-des-nomines","status":"publish","type":"post","link":"https:\/\/w-l-c.be\/fr\/magritte-2013-des-nomines\/","title":{"rendered":"Magritte 2013 : des nomin\u00e9s se confient\u2026"},"content":{"rendered":"<p>Leur c\u0153ur bat sans doute d\u00e9j\u00e0 un peu plus vite. Samedi, ce sera pire. Plus les heures passeront, plus \u00a0leur palpitant s\u2019emballera. Apr\u00e8s avoir descendu le tapis bleu, ils converseront avec leurs coll\u00e8gues et se d\u00e9tendront un peu, mais une fois dans la salle, cal\u00e9s dans leur fauteuil, une fois que la sc\u00e8ne s\u2019\u00e9clairera et que Yolande Moreau d\u00e9clarera ouverte la 3<sup>e<\/sup> c\u00e9r\u00e9monie des Magritte du Cin\u00e9ma, alors la paume de leurs mains deviendra moite et, pendant deux heures pour certains, la soir\u00e9e ne sera plus qu\u2019un long roller-coaster infernal. Une autoroute vers la gloire ou un sentier sem\u00e9 de pierres tranchantes.<!--more--><\/p>\n<p>&nbsp;<\/p>\n<p><a rel=\"attachment wp-att-36575\" href=\"http:\/\/www.cinevox.be\/magritte-2013-des-nomines\/img_4203-4\"><img loading=\"lazy\" decoding=\"async\" class=\"aligncenter size-full wp-image-36575\" title=\"IMG_4203\" src=\"http:\/\/www.cinevox.be\/wp-content\/uploads\/2013\/02\/IMG_4203.jpg\" alt=\"\" width=\"1000\" height=\"612\" srcset=\"https:\/\/w-l-c.be\/wp-content\/uploads\/2013\/02\/IMG_4203.jpg 1000w, https:\/\/w-l-c.be\/wp-content\/uploads\/2013\/02\/IMG_4203-441x270.jpg 441w, https:\/\/w-l-c.be\/wp-content\/uploads\/2013\/02\/IMG_4203-800x489.jpg 800w\" sizes=\"auto, (max-width: 1000px) 100vw, 1000px\" \/><\/a><\/p>\n<p>&nbsp;<\/p>\n<p>Parmi les quelques artistes qui se sont confi\u00e9 \u00e0 nous une seule a l\u2019habitude de cette comp\u00e9tition. Mieux : <strong>Christelle Cornil<\/strong> a d\u00e9j\u00e0 remport\u00e9 un troph\u00e9e. C\u2019\u00e9tait en 2011 pour sa performance dans <em>Ill\u00e9gal<\/em> d\u2019Olivier Masset-Depasse.\u00a0 Pour les autres qu\u2019ils d\u00e9fendent <em>Torpedo, Mobile Home, A Perdre la raison <\/em>ou <em>Dead Man Talking,<\/em> c\u2019est une authentique premi\u00e8re.<\/p>\n<p>Avec le surcro\u00eet de stress que cela suppose.<\/p>\n<p>&nbsp;<\/p>\n<p><strong>Christelle Cornil<\/strong><\/p>\n<p><em>Elle est une des quatre demoiselles qui peut revendiquer le titre de meilleure actrice belge de l\u2019ann\u00e9e. Pour son premier grand r\u00f4le au cin\u00e9ma, c\u2019est d\u00e9j\u00e0 une formidable r\u00e9compense.<\/em><\/p>\n<p><strong> <\/strong><\/p>\n<p><a rel=\"attachment wp-att-36554\" href=\"http:\/\/www.cinevox.be\/magritte-2013-des-nomines\/148745_496484897060108_1479309335_n\"><img loading=\"lazy\" decoding=\"async\" class=\"alignright size-medium wp-image-36554\" title=\"148745_496484897060108_1479309335_n\" src=\"http:\/\/www.cinevox.be\/wp-content\/uploads\/2013\/02\/148745_496484897060108_1479309335_n-270x270.jpg\" alt=\"\" width=\"270\" height=\"270\" srcset=\"https:\/\/w-l-c.be\/wp-content\/uploads\/2013\/02\/148745_496484897060108_1479309335_n-270x270.jpg 270w, https:\/\/w-l-c.be\/wp-content\/uploads\/2013\/02\/148745_496484897060108_1479309335_n-87x87.jpg 87w, https:\/\/w-l-c.be\/wp-content\/uploads\/2013\/02\/148745_496484897060108_1479309335_n.jpg 480w\" sizes=\"auto, (max-width: 270px) 100vw, 270px\" \/><\/a>Ca y est ! Aujourd&rsquo;hui, j&rsquo;ai r\u00e9gl\u00e9 la question du dress code. Je suis heureuse de mon choix, voil\u00e0 une bonne chose de faite !<\/p>\n<p>D&rsquo;ici \u00e0 samedi, je dois encore perdre trois kilos et arr\u00eater de me ronger les ongles, mais vu que les heures s\u2019\u00e9grainent \u00e0 une vitesse ahurissante, autant te dire que je vais vraisemblablement faire une croix dessus\u2026<\/p>\n<p>Tout est bien. Ma carte de pointage est partie ce matin, j\u2019ai sorti les poubelles et mis de l\u2019ordre dans mes papiers. Les lessives tournent, les chats ronronnent, le vent souffle, j\u2019ai eu quelques pens\u00e9es pour ceux qui me manquent, et, bien s\u00fbr, j\u2019ai r\u00eav\u00e9 que je loupais la c\u00e9r\u00e9monie des Magritte car j\u2019\u00e9tais enferm\u00e9e dans ma v\u00e9randa\u2026<\/p>\n<p>Mais aujourd\u2019hui, janvier est derri\u00e8re moi, alors, vive f\u00e9vrier !<\/p>\n<p>Cette ann\u00e9e, pas de discours. D\u2019abord parce que la concurrence est sacr\u00e9ment belle et que j\u2019ai moi aussi fait mes petits pronostics personnels et secrets, et puis surtout parce que le gars que j\u2019avais engag\u00e9 il y a deux ans pour m\u2019\u00e9crire un truc a d\u00e9cid\u00e9 de changer de plan de carri\u00e8re (on m\u2019a dit qu\u2019il avait d\u00e9pos\u00e9 le bilan\u2026) Du coup, me voil\u00e0 r\u00e9duite \u00e0 l\u2019improvisation et au l\u00e2cher prise.<\/p>\n<p>Entre les Machins vendredi et les Magritte samedi, je suis heureuse de penser que je vais recroiser plein de visages connus, de personnes aim\u00e9es et faire de nouvelles rencontres. Tout cela est assez exaltant, m\u00eame si je suis crev\u00e9e et que j\u2019aurais sans doute besoin, comme tout le monde, d\u2019une semaine de Thalasso dans un pays chaud et ensoleill\u00e9, histoire de recharger les batteries \u00e0 bloc. On ne peut pas avoir le beurre, l\u2019argent du beurre, et les baisers du cr\u00e9mier. (Quel dommage\u2026)<\/p>\n<p>Ces festivit\u00e9s promettent donc de chouettes et illustres moments, et aussi quelques ampoules aux pieds, mais qu\u2019\u00e0 cela ne tienne, et puis tout le monde s\u2019en fout un peu, sans doute, de mes pieds.<\/p>\n<p>&nbsp;<\/p>\n<p>&nbsp;<\/p>\n<p><a rel=\"attachment wp-att-36504\" href=\"http:\/\/www.cinevox.be\/magritte-2013-des-nomines\/246479_145623468915518_63399509_n\"><img loading=\"lazy\" decoding=\"async\" class=\"aligncenter size-full wp-image-36504\" title=\"246479_145623468915518_63399509_n\" src=\"http:\/\/www.cinevox.be\/wp-content\/uploads\/2013\/01\/246479_145623468915518_63399509_n.jpg\" alt=\"\" width=\"960\" height=\"640\" srcset=\"https:\/\/w-l-c.be\/wp-content\/uploads\/2013\/01\/246479_145623468915518_63399509_n.jpg 960w, https:\/\/w-l-c.be\/wp-content\/uploads\/2013\/01\/246479_145623468915518_63399509_n-405x270.jpg 405w, https:\/\/w-l-c.be\/wp-content\/uploads\/2013\/01\/246479_145623468915518_63399509_n-800x533.jpg 800w\" sizes=\"auto, (max-width: 960px) 100vw, 960px\" \/><\/a><\/p>\n<p>&nbsp;<\/p>\n<p><strong>Patrick Ridremont<\/strong><\/p>\n<p><em>Nomm\u00e9 en tant que meilleur r\u00e9alisateur pour Dead Man Talking, champion des nominations avec 8 citations. <\/em><\/p>\n<p>Pas de stress particulier.<\/p>\n<p>J\u2019ai \u00e9t\u00e9 invit\u00e9 \u00e0 m\u2019asseoir anonymement dans le public lors de la premi\u00e8re \u00e9dition, j\u2019ai \u00e9t\u00e9 invit\u00e9 \u00e0 monter sur sc\u00e8ne pour remettre un prix lors de la seconde \u00e9dition et je suis \u00e0 pr\u00e9sent invit\u00e9 \u00e0 y assister en tant que nomin\u00e9. Alors? Vais-je cette fois rester dans le public ou avoir la chance de monter sur sc\u00e8ne? No f****ing idea!<\/p>\n<p>Mais l\u00e0 o\u00f9 certains pourraient penser que seules comptent \u00e0 mes yeux les cat\u00e9gories o\u00f9 je suis nomin\u00e9 personnellement, je vous avouerai que je r\u00eave d\u2019une soir\u00e9e o\u00f9 je resterais assis tranquillement dans mon tuxedo noir en voyant d\u00e9filer sur sc\u00e8ne Danny Elsen pour sa lumi\u00e8re surr\u00e9aliste, Alina Santos pour ses sublimes d\u00e9cors venus d\u2019ailleurs, Pauline Burlet parce que son talent, son sourire et ses larmes ont illumin\u00e9 le film et enfin Denis M\u2019Punga et Jean-Luc Couchard main dans la main se partageant le Magritte des meilleurs acteurs dans un second r\u00f4le.<\/p>\n<p>Ah non, j\u2019allais oublier! J\u2019aimerais aussi que le film remporte le Magritte du meilleur sc\u00e9nario parce que Jean-S\u00e9bastien Lopez, co-sc\u00e9nariste de <em>Dead Man Talking<\/em>, y est nomin\u00e9. Avec moi, certes, mais j\u2019irai jusqu\u2019\u00e0 feindre une entorse pour le voir monter seul sur sc\u00e8ne. Ou bien je lui donnerai mes 45 secondes de temps de paroles auxquelles les gagnants ont droit pour qu\u2019il puisse causer une minute et demie.<\/p>\n<p>Mais alors, me direz-vous : quid du Magritte du meilleur film qui pourrait permettre \u00e0 Serge de Poucques et Sylvain Goldberg, les producteurs, de monter eux aussi sur sc\u00e8ne? Bon allez, j\u2019esp\u00e8re que le film remportera ce Magritte-l\u00e0 aussi. En fait, avec beaucoup d\u2019humilit\u00e9, je les voudrais tous&#8230;sauf le mien. Et quoi qu\u2019il arrive, que ce soit pour c\u00e9l\u00e9brer d\u2019\u00e9ventuelles r\u00e9compenses ou oublier de probables d\u00e9ceptions, nous ferons la f\u00eate. Parce que finalement c\u2019est tout ce qui compte!<\/p>\n<p>Ce n\u2019est pas une question de victoires et de d\u00e9faites. Rentrer bredouille ne ferait pas de moi un loser et je ne serai pas davantage un \u00ab\u00a0king du cin\u00e9ma\u00a0\u00bb si je plantais 8 roses sur 8.<\/p>\n<p>J\u2019ai r\u00e9ellement trembl\u00e9 lorsque le 21 avril 2009, Nexus Factory d\u00e9posait le sc\u00e9nario \u00e0 la Communaut\u00e9 fran\u00e7aise. Notre sort, et le sort de <em>Dead Man Talking<\/em> \u00e9taient entre leurs mains. Nous avons remport\u00e9 notre victoire la plus importante lorsque plus tard celle-ci a accept\u00e9 de financer le film.<\/p>\n<p>Depuis, tout n\u2019est que plaisir, bonus, joie et heureuse d\u00e9livrance. Et pour conclure, je vous dirais que le vrai stress des Magritte ce n\u2019est pas d\u2019obtenir des prix, mais bien d\u2019obtenir des places!<\/p>\n<p>Huit nominations et un seul invit\u00e9!!!!!!!!!!!!!!!!!<\/p>\n<p>J\u2019ai d\u00fb donner mon invitation \u00e0 un membre de l\u2019\u00e9quipe non invit\u00e9 et laisser ma nana sur le carreau! Et pour cela je suis inconsolable!<\/p>\n<p>&nbsp;<\/p>\n<p><a rel=\"attachment wp-att-36505\" href=\"http:\/\/www.cinevox.be\/magritte-2013-des-nomines\/420081_10151048759408041_1911551570_n\"><img loading=\"lazy\" decoding=\"async\" class=\"aligncenter size-full wp-image-36505\" title=\"420081_10151048759408041_1911551570_n\" src=\"http:\/\/www.cinevox.be\/wp-content\/uploads\/2013\/01\/420081_10151048759408041_1911551570_n.jpg\" alt=\"\" width=\"640\" height=\"355\" srcset=\"https:\/\/w-l-c.be\/wp-content\/uploads\/2013\/01\/420081_10151048759408041_1911551570_n.jpg 640w, https:\/\/w-l-c.be\/wp-content\/uploads\/2013\/01\/420081_10151048759408041_1911551570_n-480x266.jpg 480w\" sizes=\"auto, (max-width: 640px) 100vw, 640px\" \/><\/a><\/p>\n<p>&nbsp;<\/p>\n<p><strong>Catherine Sal\u00e9e<\/strong><\/p>\n<p><em>Nomin\u00e9e dans la cat\u00e9gorie \u00ab\u00a0meilleure actrice dans un second r\u00f4le\u00bb, mais aussi indirectement pour le court m\u00e9trage U.H.T. o\u00f9 elle joue un des deux r\u00f4les principaux. <\/em><\/p>\n<p>&nbsp;<\/p>\n<p>Je suis \u00e9videmment tr\u00e8s contente de participer \u00e0 cette soir\u00e9e et d\u2019y \u00eatre nomin\u00e9e, je ne me fais pas trop d\u2019illusions quant au r\u00e9sultat dans ma cat\u00e9gorie\u2026 Je trouve que c\u2019est une bonne chose de mettre un bon coup de projecteur sur une partie du cin\u00e9ma belge!<\/p>\n<p>C\u2019est important de mettre en valeur ces artistes, et souvent je trouve que la Belgique c\u00f4t\u00e9 francophone ne le fait pas assez. Donc l\u00e0, je suis \u00e0 fond pour ce genre d\u2019\u00e9v\u00e8nement.<\/p>\n<p>Et puis c\u2019est l\u2019occasion aussi de faire la f\u00eate avec les amis avec qui j\u2019ai travaill\u00e9, car non seulement il y aura une partie de l\u2019\u00e9quipe de <em>Mobile Home<\/em> mais il y aura aussi une partie de l\u2019\u00e9quipe de <em>U.H.T<\/em> qui concourt pour les courts m\u00e9trages!<\/p>\n<p>&nbsp;<\/p>\n<p><a rel=\"attachment wp-att-36506\" href=\"http:\/\/www.cinevox.be\/magritte-2013-des-nomines\/img_7088-2\"><img loading=\"lazy\" decoding=\"async\" class=\"aligncenter size-full wp-image-36506\" title=\"IMG_7088\" src=\"http:\/\/www.cinevox.be\/wp-content\/uploads\/2013\/01\/IMG_7088.jpg\" alt=\"\" width=\"4936\" height=\"2809\" srcset=\"https:\/\/w-l-c.be\/wp-content\/uploads\/2013\/01\/IMG_7088.jpg 4936w, https:\/\/w-l-c.be\/wp-content\/uploads\/2013\/01\/IMG_7088-200x113.jpg 200w, https:\/\/w-l-c.be\/wp-content\/uploads\/2013\/01\/IMG_7088-474x270.jpg 474w, https:\/\/w-l-c.be\/wp-content\/uploads\/2013\/01\/IMG_7088-800x455.jpg 800w\" sizes=\"auto, (max-width: 4936px) 100vw, 4936px\" \/><\/a><\/p>\n<p>&nbsp;<\/p>\n<p><strong>Nexus Factory<\/strong><\/p>\n<p><em>Sylvain Goldberg et Serge de Poucques n\u2019en reviennent pas. Avec leurs dix nominations, ils ont cass\u00e9 la baraque.<strong> <\/strong><\/em><\/p>\n<p><strong> <\/strong><\/p>\n<p>Les 8 nominations pour <em>Dead Man Talking<\/em> sont d\u00e9j\u00e0 une fabuleuse r\u00e9compense en soi. \u00c7a en fait le film le plus nomin\u00e9 cette ann\u00e9e. Si nous remportons un prix, nous serons \u00e9videmment combl\u00e9s et tellement fiers ! C\u2019est la reconnaissance du professionnalisme et du talent de toute une \u00e9quipe!<\/p>\n<p><strong>Patrick Ridremont<\/strong> est un auteur, acteur et r\u00e9alisateur g\u00e9nial, charismatique et exemplaire de professionnalisme. Nous avons cru en lui et l\u2019avons soutenu contre vents et mar\u00e9es. Nous avons accompagn\u00e9 ce projet avec enthousiasme durant 5 ann\u00e9es. C\u2019est dire combien il nous a fallu \u00eatre patients et tr\u00e8s pers\u00e9v\u00e9rants !<\/p>\n<p>Nous n\u2019oublions pas non plus les nominations dans un meilleur r\u00f4le de <strong>D\u00e9borah Fran\u00e7ois<\/strong> pour\u00a0 <em>Les tribulations d\u2019une caissi\u00e8re<\/em> et de <strong>J\u00e9r\u00e9mie R\u00e9nier<\/strong> pour <em>Cloclo<\/em>.<\/p>\n<p>10 nominations au total pour <em>Nexus Factory,<\/em> ce n\u2019est pas rien !<\/p>\n<p>Les autres films en comp\u00e9tition sont tous d\u2019une tr\u00e8s grande qualit\u00e9, nous sommes sinc\u00e8rement honor\u00e9s de figurer parmi cette s\u00e9lection.<\/p>\n<p>Bien s\u00fbr, nous avons le trac \u00e0 l\u2019approche de la C\u00e9r\u00e9monie, mais quelle qu\u2019en soit l\u2019issue, nous prendrons cet \u00e9v\u00e9nement comme il se doit : une soir\u00e9e de f\u00eate !<\/p>\n<p>&nbsp;<\/p>\n<p><a rel=\"attachment wp-att-36507\" href=\"http:\/\/www.cinevox.be\/magritte-2013-des-nomines\/img_3455-2\"><img loading=\"lazy\" decoding=\"async\" class=\"aligncenter size-full wp-image-36507\" title=\"IMG_3455\" src=\"http:\/\/www.cinevox.be\/wp-content\/uploads\/2013\/01\/IMG_3455.jpg\" alt=\"\" width=\"5184\" height=\"3456\" srcset=\"https:\/\/w-l-c.be\/wp-content\/uploads\/2013\/01\/IMG_3455.jpg 5184w, https:\/\/w-l-c.be\/wp-content\/uploads\/2013\/01\/IMG_3455-405x270.jpg 405w, https:\/\/w-l-c.be\/wp-content\/uploads\/2013\/01\/IMG_3455-800x533.jpg 800w\" sizes=\"auto, (max-width: 5184px) 100vw, 5184px\" \/><\/a><\/p>\n<p>&nbsp;<\/p>\n<p><strong>C\u00e9dric Constantin<\/strong><\/p>\n<p><em>Dans Torpedo, C\u00e9dric tenait la drag\u00e9e haute \u00e0 Fran\u00e7ois Damiens et Audrey Dana. Samedi il sera le seul repr\u00e9sentant aux Magritte de l\u2019excellente com\u00e9die de Matthieu Donck\u2026 <\/em><\/p>\n<p><em> <\/em><\/p>\n<p>Quand maman m\u2019a annonc\u00e9 que j\u2019\u00e9tais nomin\u00e9 aux Magritte, je n\u2019ai pas compris parce que je ne savais pas ce que c\u2019\u00e9tait. Mais quand elle m\u2019a expliqu\u00e9 que c\u2019\u00e9tait comme les C\u00e9sars ou le Festival de Cannes, j\u2019\u00e9tais super content. C\u2019\u00e9tait vraiment inattendu et inesp\u00e9r\u00e9, car je n\u2019\u00e9tais m\u00eame pas au courant que j\u2019\u00e9tais dans la liste des participants.<\/p>\n<p>Je sais qu\u2019on est quatre \u00a0pour le meilleur espoir masculin. Donc, du coup, j\u2019ai une chance sur 4 de remporter le troph\u00e9e. J\u2019aimerais d\u00e9j\u00e0 \u00eatre samedi, car \u00e7a doit \u00eatre trop cool de participer, en plus j\u2019aurai un smoking.<\/p>\n<p>J\u2019esp\u00e8re que je vais rencontrer plein d\u2019acteurs et d\u2019actrices et surtout Beno\u00eet Pelvoorde. Je vais lui demander si je peux faire un film avec lui, il est trop marrant. Et aussi avec les fr\u00e8res <strong>Dardenne.<\/strong> En fait, j\u2019adore le cin\u00e9ma et j\u2019esp\u00e8re que je pourrai encore tourner dans des films, car depuis <em>Torp\u00e9do,<\/em> plus rien !<\/p>\n<p>Si je ne gagne pas, c&rsquo;est pas grave, mais je pr\u00e9f\u00e9rerais quand m\u00eame revenir avec le Magritte.<\/p>\n<p>&nbsp;<\/p>\n<p><a rel=\"attachment wp-att-36508\" href=\"http:\/\/www.cinevox.be\/magritte-2013-des-nomines\/_vis6272-2\"><img loading=\"lazy\" decoding=\"async\" class=\"aligncenter size-full wp-image-36508\" title=\"_VIS6272\" src=\"http:\/\/www.cinevox.be\/wp-content\/uploads\/2013\/01\/VIS6272.jpg\" alt=\"\" width=\"900\" height=\"650\" srcset=\"https:\/\/w-l-c.be\/wp-content\/uploads\/2013\/01\/VIS6272.jpg 900w, https:\/\/w-l-c.be\/wp-content\/uploads\/2013\/01\/VIS6272-373x270.jpg 373w, https:\/\/w-l-c.be\/wp-content\/uploads\/2013\/01\/VIS6272-800x577.jpg 800w\" sizes=\"auto, (max-width: 900px) 100vw, 900px\" \/><\/a><\/p>\n<p>&nbsp;<\/p>\n<p><strong>Pauline Burlet<\/strong><\/p>\n<p><em>Le petit Chaperon Rouge de Dead Man Talking va-t-il d\u00e9vorer ses trois concurrentes dans la course aux Magritte du meilleur espoir f\u00e9minin. D\u2019apr\u00e8s nos pronostiqueurs, c\u2019est loin d\u2019\u00eatre impossible.<\/em><\/p>\n<p><strong> <\/strong><\/p>\n<p>Et quel stress!!!! Je r\u00eaverais tellement de me casser une jambe, attraper la varicelle, soit; une bonne raison pour \u00eatre absente.<br \/>\nAutant je peux aimer \u00eatre sur un plateau, autant je d\u00e9teste les mondanit\u00e9s, les interviews et tout ce qui va avec!<\/p>\n<p>\u00c9tant tr\u00e8s nulle en dissertation, je peux juste dire que mon espoir est d\u2019avoir ce prix auquel je ne m\u2019attendais pas DU TOUT!<\/p>\n<p>Et je suis s\u00fbre que comme au 1er tour, Dead Man cartonnera<\/p>\n<p>&nbsp;<\/p>\n<p><a rel=\"attachment wp-att-36509\" href=\"http:\/\/www.cinevox.be\/magritte-2013-des-nomines\/380327_10151284738544824_1790875048_n\"><img loading=\"lazy\" decoding=\"async\" class=\"aligncenter size-full wp-image-36509\" title=\"380327_10151284738544824_1790875048_n\" src=\"http:\/\/www.cinevox.be\/wp-content\/uploads\/2013\/01\/380327_10151284738544824_1790875048_n.jpg\" alt=\"\" width=\"685\" height=\"527\" srcset=\"https:\/\/w-l-c.be\/wp-content\/uploads\/2013\/01\/380327_10151284738544824_1790875048_n.jpg 685w, https:\/\/w-l-c.be\/wp-content\/uploads\/2013\/01\/380327_10151284738544824_1790875048_n-350x270.jpg 350w\" sizes=\"auto, (max-width: 685px) 100vw, 685px\" \/><\/a><\/p>\n<p>&nbsp;<\/p>\n<p><strong>St\u00e9phane Bissot<\/strong><\/p>\n<p><em>Une soir\u00e9e A Perdre la Raison? Et pourquoi pas, pour St\u00e9phane Bissot ? Ce n\u2019est pas parce que la soeurette d\u2019\u00c9milie Dequenne dans le film de Joachim Lafosse est d\u00e9j\u00e0 ravie d\u2019\u00eatre l\u00e0 qu\u2019elle envisage de s\u2019arr\u00eater en si bon chemin. <\/em><\/p>\n<p><strong> <\/strong><\/p>\n<p>C\u2019est bien simple, je ne me nourris que de l\u00e9gumes depuis l\u2019annonce de ma nomination.<br \/>\nBon, pas exactement depuis l\u2019annonce, parce que j\u2019ai l\u2019esprit de contradiction, m\u00eame envers moi, mais presque.<\/p>\n<p>J\u2019ai tard\u00e9 \u00e0 commencer ma petite cure parce que je cr\u00e2nais un peu en faisant semblant que cette formidable nouvelle n\u2019\u00e9tait sans doute pas si importante. Que ce n\u2019est pas \u00e7a qui fait la diff\u00e9rence\u2026 Un Magritte\u2026 Que les artistes et les professionnels, entre nous, on sait, on se conna\u00eet, on se suit, se voit grandir, \u00e9voluer, on s\u2019aime ; qu\u2019il y a des choses mille fois plus importantes dans la vie&#8230; L\u2019aust\u00e9rit\u00e9, le Mali, les int\u00e9gristes, Arcelor Mittal, Dexia-Belfius\u2026<br \/>\nEt puis \u00ab Oui \u00bb! Oui, \u00e7a fait la diff\u00e9rence un Magritte !<br \/>\nJ\u2019\u00e9tais \u00e0 Paris pour des essais quand j\u2019ai appris la nouvelle : j\u2019ai fait des bonds ! J\u2019avais 6 ans ,l\u2019espace d\u2019un moment, et je jubilais de plaisir, l\u00e2chant blagues sur bons mots \u00e0 mon interlocutrice.<br \/>\nC\u2019est le bonheur de sentir la confiance de mes pairs. Que ceux avec qui je travaille ou avec qui je r\u00eaverais de travailler, ces fous de libert\u00e9 et d\u2019exigence, ceux qui ouvrent des portes sur le monde, caressent les c\u0153urs, enflamment les imaginaires, tutoie la po\u00e9sie, me portent, me pl\u00e9biscitent ; c\u2019est un ravissement ! Alors l\u00e9gumes, essayage, robe, qui a vot\u00e9 pour moi, mais qui vote pour moi !?\u2026<\/p>\n<p>Moi qui me sens tout le temps ill\u00e9gitime dans le m\u00e9tier et qui remets tout en question \u00e0 la moindre frayeur, je me sens un tout petit peu rassur\u00e9e par leurs clics \u2026 L\u2019amour du public que j\u2019ai senti pendant ma p\u00e9riode s\u00e9rie, c\u2019\u00e9tait du bonheur pur : le vrai salaire de ce m\u00e9tier ; sentir l\u2019amour des pros, c\u2019est la s\u00e8ve qui monte!\u2026<br \/>\nJe suis heureuse d\u2019\u00eatre l\u00e0, dans ce pays (m\u00eame si l\u2019\u00e9motion n\u2019a pas de fronti\u00e8re), \u00e0 une p\u00e9riode o\u00f9 les choses s\u2019inventent, \u00e9closent, o\u00f9 tout est en chantier, o\u00f9 on cr\u00e9e nos r\u00e9f\u00e9rences, nos c\u00e9r\u00e9monies, nos univers.<\/p>\n<p>Notre cin\u00e9ma est libre, jeune, fougueux, sensuel, inventif, d\u00e9lirant, profond, central en Europe, \u00e0 1h25 de la ville Lumi\u00e8re, par\u00e9 pour rayonner dans le monde\u2026<br \/>\nJe ne sais si je monterai sur la sc\u00e8ne samedi, mais je sais que je savoure chaque seconde qui me s\u00e9pare de ce soir-l\u00e0, de cette f\u00eate faite aux artistes et au 7e art\u2026 Je savoure en mangeant mes l\u00e9gumes vapeur.<\/p>\n<p>&nbsp;<\/p>\n<p>&nbsp;<\/p>\n","protected":false},"excerpt":{"rendered":"<p>Leur c\u0153ur bat sans doute d\u00e9j\u00e0 un peu plus vite. Samedi, ce sera pire. Plus les heures passeront, plus \u00a0leur palpitant s\u2019emballera. Apr\u00e8s avoir descendu le tapis bleu, ils converseront avec leurs coll\u00e8gues et se d\u00e9tendront un peu, mais une fois dans la salle, cal\u00e9s dans leur fauteuil, une fois que la sc\u00e8ne s\u2019\u00e9clairera et &hellip;<\/p>\n","protected":false},"author":7,"featured_media":36511,"comment_status":"closed","ping_status":"closed","sticky":false,"template":"","format":"standard","meta":{"ngg_post_thumbnail":0,"footnotes":""},"categories":[1923,7],"tags":[],"class_list":["post-36503","post","type-post","status-publish","format-standard","has-post-thumbnail","","category-en-bref","category-actualites"],"yoast_head":"<!-- This site is optimized with the Yoast SEO plugin v20.4 - https:\/\/yoast.com\/wordpress\/plugins\/seo\/ -->\n<title>Magritte 2013 : des nomin\u00e9s se confient\u2026 - w-l-c<\/title>\n<meta name=\"robots\" content=\"noindex, follow, max-snippet:-1, max-image-preview:large, max-video-preview:-1\" \/>\n<meta property=\"og:locale\" content=\"fr_FR\" \/>\n<meta property=\"og:type\" content=\"article\" \/>\n<meta property=\"og:title\" content=\"Magritte 2013 : des nomin\u00e9s se confient\u2026 - w-l-c\" \/>\n<meta property=\"og:description\" content=\"Leur c\u0153ur bat sans doute d\u00e9j\u00e0 un peu plus vite. Samedi, ce sera pire. Plus les heures passeront, plus \u00a0leur palpitant s\u2019emballera. Apr\u00e8s avoir descendu le tapis bleu, ils converseront avec leurs coll\u00e8gues et se d\u00e9tendront un peu, mais une fois dans la salle, cal\u00e9s dans leur fauteuil, une fois que la sc\u00e8ne s\u2019\u00e9clairera et &hellip;\" \/>\n<meta property=\"og:url\" content=\"https:\/\/w-l-c.be\/fr\/magritte-2013-des-nomines\/\" \/>\n<meta property=\"og:site_name\" content=\"w-l-c\" \/>\n<meta property=\"article:published_time\" content=\"2013-02-01T04:14:23+00:00\" \/>\n<meta property=\"article:modified_time\" content=\"2013-02-01T12:47:05+00:00\" \/>\n<meta property=\"og:image\" content=\"https:\/\/w-l-c.be\/wp-content\/uploads\/2013\/02\/IMG_3967.jpg\" \/>\n\t<meta property=\"og:image:width\" content=\"5184\" \/>\n\t<meta property=\"og:image:height\" content=\"3456\" \/>\n\t<meta property=\"og:image:type\" content=\"image\/jpeg\" \/>\n<meta name=\"author\" content=\"Philippe.Pierquin\" \/>\n<meta name=\"twitter:card\" content=\"summary_large_image\" \/>\n<meta name=\"twitter:label1\" content=\"\u00c9crit par\" \/>\n\t<meta name=\"twitter:data1\" content=\"Philippe.Pierquin\" \/>\n\t<meta name=\"twitter:label2\" content=\"Dur\u00e9e de lecture estim\u00e9e\" \/>\n\t<meta name=\"twitter:data2\" content=\"12 minutes\" \/>\n<script type=\"application\/ld+json\" class=\"yoast-schema-graph\">{\"@context\":\"https:\/\/schema.org\",\"@graph\":[{\"@type\":\"WebPage\",\"@id\":\"https:\/\/w-l-c.be\/fr\/magritte-2013-des-nomines\/\",\"url\":\"https:\/\/w-l-c.be\/fr\/magritte-2013-des-nomines\/\",\"name\":\"Magritte 2013 : des nomin\u00e9s se confient\u2026 - w-l-c\",\"isPartOf\":{\"@id\":\"https:\/\/w-l-c.be\/fr\/#website\"},\"datePublished\":\"2013-02-01T04:14:23+00:00\",\"dateModified\":\"2013-02-01T12:47:05+00:00\",\"author\":{\"@id\":\"https:\/\/w-l-c.be\/fr\/#\/schema\/person\/4b9b1d857f0943453a38a7c2859ef756\"},\"breadcrumb\":{\"@id\":\"https:\/\/w-l-c.be\/fr\/magritte-2013-des-nomines\/#breadcrumb\"},\"inLanguage\":\"fr-FR\",\"potentialAction\":[{\"@type\":\"ReadAction\",\"target\":[\"https:\/\/w-l-c.be\/fr\/magritte-2013-des-nomines\/\"]}]},{\"@type\":\"BreadcrumbList\",\"@id\":\"https:\/\/w-l-c.be\/fr\/magritte-2013-des-nomines\/#breadcrumb\",\"itemListElement\":[{\"@type\":\"ListItem\",\"position\":1,\"name\":\"Accueil\",\"item\":\"https:\/\/w-l-c.be\/fr\/\"},{\"@type\":\"ListItem\",\"position\":2,\"name\":\"Magritte 2013 : des nomin\u00e9s se confient\u2026\"}]},{\"@type\":\"WebSite\",\"@id\":\"https:\/\/w-l-c.be\/fr\/#website\",\"url\":\"https:\/\/w-l-c.be\/fr\/\",\"name\":\"w-l-c\",\"description\":\"Le cin\u00e9ma vu par les belges\",\"potentialAction\":[{\"@type\":\"SearchAction\",\"target\":{\"@type\":\"EntryPoint\",\"urlTemplate\":\"https:\/\/w-l-c.be\/fr\/?s={search_term_string}\"},\"query-input\":\"required name=search_term_string\"}],\"inLanguage\":\"fr-FR\"},{\"@type\":\"Person\",\"@id\":\"https:\/\/w-l-c.be\/fr\/#\/schema\/person\/4b9b1d857f0943453a38a7c2859ef756\",\"name\":\"Philippe.Pierquin\",\"url\":\"https:\/\/w-l-c.be\/fr\/author\/philippe-pierquin\/\"}]}<\/script>\n<!-- \/ Yoast SEO plugin. -->","yoast_head_json":{"title":"Magritte 2013 : des nomin\u00e9s se confient\u2026 - w-l-c","robots":{"index":"noindex","follow":"follow","max-snippet":"max-snippet:-1","max-image-preview":"max-image-preview:large","max-video-preview":"max-video-preview:-1"},"og_locale":"fr_FR","og_type":"article","og_title":"Magritte 2013 : des nomin\u00e9s se confient\u2026 - w-l-c","og_description":"Leur c\u0153ur bat sans doute d\u00e9j\u00e0 un peu plus vite. Samedi, ce sera pire. Plus les heures passeront, plus \u00a0leur palpitant s\u2019emballera. Apr\u00e8s avoir descendu le tapis bleu, ils converseront avec leurs coll\u00e8gues et se d\u00e9tendront un peu, mais une fois dans la salle, cal\u00e9s dans leur fauteuil, une fois que la sc\u00e8ne s\u2019\u00e9clairera et &hellip;","og_url":"https:\/\/w-l-c.be\/fr\/magritte-2013-des-nomines\/","og_site_name":"w-l-c","article_published_time":"2013-02-01T04:14:23+00:00","article_modified_time":"2013-02-01T12:47:05+00:00","og_image":[{"width":"5184","height":"3456","url":"https:\/\/w-l-c.be\/wp-content\/uploads\/2013\/02\/IMG_3967.jpg","type":"image\/jpeg"}],"author":"Philippe.Pierquin","twitter_card":"summary_large_image","twitter_misc":{"\u00c9crit par":"Philippe.Pierquin","Dur\u00e9e de lecture estim\u00e9e":"12 minutes"},"schema":{"@context":"https:\/\/schema.org","@graph":[{"@type":"WebPage","@id":"https:\/\/w-l-c.be\/fr\/magritte-2013-des-nomines\/","url":"https:\/\/w-l-c.be\/fr\/magritte-2013-des-nomines\/","name":"Magritte 2013 : des nomin\u00e9s se confient\u2026 - w-l-c","isPartOf":{"@id":"https:\/\/w-l-c.be\/fr\/#website"},"datePublished":"2013-02-01T04:14:23+00:00","dateModified":"2013-02-01T12:47:05+00:00","author":{"@id":"https:\/\/w-l-c.be\/fr\/#\/schema\/person\/4b9b1d857f0943453a38a7c2859ef756"},"breadcrumb":{"@id":"https:\/\/w-l-c.be\/fr\/magritte-2013-des-nomines\/#breadcrumb"},"inLanguage":"fr-FR","potentialAction":[{"@type":"ReadAction","target":["https:\/\/w-l-c.be\/fr\/magritte-2013-des-nomines\/"]}]},{"@type":"BreadcrumbList","@id":"https:\/\/w-l-c.be\/fr\/magritte-2013-des-nomines\/#breadcrumb","itemListElement":[{"@type":"ListItem","position":1,"name":"Accueil","item":"https:\/\/w-l-c.be\/fr\/"},{"@type":"ListItem","position":2,"name":"Magritte 2013 : des nomin\u00e9s se confient\u2026"}]},{"@type":"WebSite","@id":"https:\/\/w-l-c.be\/fr\/#website","url":"https:\/\/w-l-c.be\/fr\/","name":"w-l-c","description":"Le cin\u00e9ma vu par les belges","potentialAction":[{"@type":"SearchAction","target":{"@type":"EntryPoint","urlTemplate":"https:\/\/w-l-c.be\/fr\/?s={search_term_string}"},"query-input":"required name=search_term_string"}],"inLanguage":"fr-FR"},{"@type":"Person","@id":"https:\/\/w-l-c.be\/fr\/#\/schema\/person\/4b9b1d857f0943453a38a7c2859ef756","name":"Philippe.Pierquin","url":"https:\/\/w-l-c.be\/fr\/author\/philippe-pierquin\/"}]}},"_links":{"self":[{"href":"https:\/\/w-l-c.be\/fr\/wp-json\/wp\/v2\/posts\/36503","targetHints":{"allow":["GET"]}}],"collection":[{"href":"https:\/\/w-l-c.be\/fr\/wp-json\/wp\/v2\/posts"}],"about":[{"href":"https:\/\/w-l-c.be\/fr\/wp-json\/wp\/v2\/types\/post"}],"author":[{"embeddable":true,"href":"https:\/\/w-l-c.be\/fr\/wp-json\/wp\/v2\/users\/7"}],"replies":[{"embeddable":true,"href":"https:\/\/w-l-c.be\/fr\/wp-json\/wp\/v2\/comments?post=36503"}],"version-history":[{"count":0,"href":"https:\/\/w-l-c.be\/fr\/wp-json\/wp\/v2\/posts\/36503\/revisions"}],"wp:featuredmedia":[{"embeddable":true,"href":"https:\/\/w-l-c.be\/fr\/wp-json\/wp\/v2\/media\/36511"}],"wp:attachment":[{"href":"https:\/\/w-l-c.be\/fr\/wp-json\/wp\/v2\/media?parent=36503"}],"wp:term":[{"taxonomy":"category","embeddable":true,"href":"https:\/\/w-l-c.be\/fr\/wp-json\/wp\/v2\/categories?post=36503"},{"taxonomy":"post_tag","embeddable":true,"href":"https:\/\/w-l-c.be\/fr\/wp-json\/wp\/v2\/tags?post=36503"}],"curies":[{"name":"wp","href":"https:\/\/api.w.org\/{rel}","templated":true}]}}