
{"id":37312,"date":"2013-02-14T05:06:28","date_gmt":"2013-02-14T05:06:28","guid":{"rendered":"http:\/\/www.cinevox.be\/?p=37312"},"modified":"2013-04-24T12:34:48","modified_gmt":"2013-04-24T12:34:48","slug":"stephan-streker-le-monde-nous-appartient-le-sens-du-film","status":"publish","type":"post","link":"https:\/\/w-l-c.be\/fr\/stephan-streker-le-monde-nous-appartient-le-sens-du-film\/","title":{"rendered":"Stephan Streker &#8211; Le Monde nous Appartient &#8211; Le sens du film"},"content":{"rendered":"<p>Une nuit, sur un pont\u2026 un coup de couteau. Il y a Pouga. Et il y a   Julien. Le film montre le destin parall\u00e8le de ces deux jeunes hommes qui   se ressemblent sans se conna\u00eetre. Ils partagent les m\u00eames valeurs et  un  m\u00eame d\u00e9sir d\u2019absolu. Ils pourraient \u00eatre amis. Et pourtant\u2026<\/p>\n<p>&nbsp;<\/p>\n<p><em> <\/em>Stephan Streker explique ici le sens profond de son film, ses envies initiales qui donnent le ton du long m\u00e9trage.<\/p>\n<p>&nbsp;<\/p>\n<p><em>Le Monde nous Appartient<\/em> sort\u00a0 en Belgique le 20 f\u00e9vrier.<\/p>\n","protected":false},"excerpt":{"rendered":"<p>Une nuit, sur un pont\u2026 un coup de couteau. Il y a Pouga. Et il y a Julien. Le film montre le destin parall\u00e8le de ces deux jeunes hommes qui se ressemblent sans se conna\u00eetre. Ils partagent les m\u00eames valeurs et un m\u00eame d\u00e9sir d\u2019absolu. Ils pourraient \u00eatre amis. Et pourtant\u2026 &nbsp; Stephan Streker explique &hellip;<\/p>\n","protected":false},"author":7,"featured_media":37313,"comment_status":"closed","ping_status":"closed","sticky":false,"template":"","format":"standard","meta":{"ngg_post_thumbnail":0,"footnotes":""},"categories":[1978],"tags":[],"class_list":["post-37312","post","type-post","status-publish","format-standard","has-post-thumbnail","","category-interviews"],"yoast_head":"<!-- This site is optimized with the Yoast SEO plugin v20.4 - https:\/\/yoast.com\/wordpress\/plugins\/seo\/ -->\n<title>Stephan Streker - Le Monde nous Appartient - Le sens du film - w-l-c<\/title>\n<meta name=\"robots\" content=\"noindex, follow, max-snippet:-1, max-image-preview:large, max-video-preview:-1\" \/>\n<meta property=\"og:locale\" content=\"fr_FR\" \/>\n<meta property=\"og:type\" content=\"article\" \/>\n<meta property=\"og:title\" content=\"Stephan Streker - Le Monde nous Appartient - Le sens du film - w-l-c\" \/>\n<meta property=\"og:description\" content=\"Une nuit, sur un pont\u2026 un coup de couteau. Il y a Pouga. Et il y a Julien. Le film montre le destin parall\u00e8le de ces deux jeunes hommes qui se ressemblent sans se conna\u00eetre. Ils partagent les m\u00eames valeurs et un m\u00eame d\u00e9sir d\u2019absolu. Ils pourraient \u00eatre amis. Et pourtant\u2026 &nbsp; Stephan Streker explique &hellip;\" \/>\n<meta property=\"og:url\" content=\"https:\/\/w-l-c.be\/fr\/stephan-streker-le-monde-nous-appartient-le-sens-du-film\/\" \/>\n<meta property=\"og:site_name\" content=\"w-l-c\" \/>\n<meta property=\"article:published_time\" content=\"2013-02-14T05:06:28+00:00\" \/>\n<meta property=\"article:modified_time\" content=\"2013-04-24T12:34:48+00:00\" \/>\n<meta property=\"og:image\" content=\"https:\/\/w-l-c.be\/wp-content\/uploads\/2012\/02\/ss-4.jpg\" \/>\n\t<meta property=\"og:image:width\" content=\"628\" \/>\n\t<meta property=\"og:image:height\" content=\"338\" \/>\n\t<meta property=\"og:image:type\" content=\"image\/jpeg\" \/>\n<meta name=\"author\" content=\"Philippe.Pierquin\" \/>\n<meta name=\"twitter:card\" content=\"summary_large_image\" \/>\n<meta name=\"twitter:label1\" content=\"\u00c9crit par\" \/>\n\t<meta name=\"twitter:data1\" content=\"Philippe.Pierquin\" \/>\n<script type=\"application\/ld+json\" class=\"yoast-schema-graph\">{\"@context\":\"https:\/\/schema.org\",\"@graph\":[{\"@type\":\"WebPage\",\"@id\":\"https:\/\/w-l-c.be\/fr\/stephan-streker-le-monde-nous-appartient-le-sens-du-film\/\",\"url\":\"https:\/\/w-l-c.be\/fr\/stephan-streker-le-monde-nous-appartient-le-sens-du-film\/\",\"name\":\"Stephan Streker - Le Monde nous Appartient - Le sens du film - w-l-c\",\"isPartOf\":{\"@id\":\"https:\/\/w-l-c.be\/fr\/#website\"},\"datePublished\":\"2013-02-14T05:06:28+00:00\",\"dateModified\":\"2013-04-24T12:34:48+00:00\",\"author\":{\"@id\":\"https:\/\/w-l-c.be\/fr\/#\/schema\/person\/4b9b1d857f0943453a38a7c2859ef756\"},\"breadcrumb\":{\"@id\":\"https:\/\/w-l-c.be\/fr\/stephan-streker-le-monde-nous-appartient-le-sens-du-film\/#breadcrumb\"},\"inLanguage\":\"fr-FR\",\"potentialAction\":[{\"@type\":\"ReadAction\",\"target\":[\"https:\/\/w-l-c.be\/fr\/stephan-streker-le-monde-nous-appartient-le-sens-du-film\/\"]}]},{\"@type\":\"BreadcrumbList\",\"@id\":\"https:\/\/w-l-c.be\/fr\/stephan-streker-le-monde-nous-appartient-le-sens-du-film\/#breadcrumb\",\"itemListElement\":[{\"@type\":\"ListItem\",\"position\":1,\"name\":\"Accueil\",\"item\":\"https:\/\/w-l-c.be\/fr\/\"},{\"@type\":\"ListItem\",\"position\":2,\"name\":\"Stephan Streker &#8211; Le Monde nous Appartient &#8211; Le sens du film\"}]},{\"@type\":\"WebSite\",\"@id\":\"https:\/\/w-l-c.be\/fr\/#website\",\"url\":\"https:\/\/w-l-c.be\/fr\/\",\"name\":\"w-l-c\",\"description\":\"Le cin\u00e9ma vu par les belges\",\"potentialAction\":[{\"@type\":\"SearchAction\",\"target\":{\"@type\":\"EntryPoint\",\"urlTemplate\":\"https:\/\/w-l-c.be\/fr\/?s={search_term_string}\"},\"query-input\":\"required name=search_term_string\"}],\"inLanguage\":\"fr-FR\"},{\"@type\":\"Person\",\"@id\":\"https:\/\/w-l-c.be\/fr\/#\/schema\/person\/4b9b1d857f0943453a38a7c2859ef756\",\"name\":\"Philippe.Pierquin\",\"url\":\"https:\/\/w-l-c.be\/fr\/author\/philippe-pierquin\/\"}]}<\/script>\n<!-- \/ Yoast SEO plugin. -->","yoast_head_json":{"title":"Stephan Streker - Le Monde nous Appartient - Le sens du film - w-l-c","robots":{"index":"noindex","follow":"follow","max-snippet":"max-snippet:-1","max-image-preview":"max-image-preview:large","max-video-preview":"max-video-preview:-1"},"og_locale":"fr_FR","og_type":"article","og_title":"Stephan Streker - Le Monde nous Appartient - Le sens du film - w-l-c","og_description":"Une nuit, sur un pont\u2026 un coup de couteau. Il y a Pouga. Et il y a Julien. Le film montre le destin parall\u00e8le de ces deux jeunes hommes qui se ressemblent sans se conna\u00eetre. Ils partagent les m\u00eames valeurs et un m\u00eame d\u00e9sir d\u2019absolu. Ils pourraient \u00eatre amis. Et pourtant\u2026 &nbsp; Stephan Streker explique &hellip;","og_url":"https:\/\/w-l-c.be\/fr\/stephan-streker-le-monde-nous-appartient-le-sens-du-film\/","og_site_name":"w-l-c","article_published_time":"2013-02-14T05:06:28+00:00","article_modified_time":"2013-04-24T12:34:48+00:00","og_image":[{"width":"628","height":"338","url":"https:\/\/w-l-c.be\/wp-content\/uploads\/2012\/02\/ss-4.jpg","type":"image\/jpeg"}],"author":"Philippe.Pierquin","twitter_card":"summary_large_image","twitter_misc":{"\u00c9crit par":"Philippe.Pierquin"},"schema":{"@context":"https:\/\/schema.org","@graph":[{"@type":"WebPage","@id":"https:\/\/w-l-c.be\/fr\/stephan-streker-le-monde-nous-appartient-le-sens-du-film\/","url":"https:\/\/w-l-c.be\/fr\/stephan-streker-le-monde-nous-appartient-le-sens-du-film\/","name":"Stephan Streker - Le Monde nous Appartient - Le sens du film - w-l-c","isPartOf":{"@id":"https:\/\/w-l-c.be\/fr\/#website"},"datePublished":"2013-02-14T05:06:28+00:00","dateModified":"2013-04-24T12:34:48+00:00","author":{"@id":"https:\/\/w-l-c.be\/fr\/#\/schema\/person\/4b9b1d857f0943453a38a7c2859ef756"},"breadcrumb":{"@id":"https:\/\/w-l-c.be\/fr\/stephan-streker-le-monde-nous-appartient-le-sens-du-film\/#breadcrumb"},"inLanguage":"fr-FR","potentialAction":[{"@type":"ReadAction","target":["https:\/\/w-l-c.be\/fr\/stephan-streker-le-monde-nous-appartient-le-sens-du-film\/"]}]},{"@type":"BreadcrumbList","@id":"https:\/\/w-l-c.be\/fr\/stephan-streker-le-monde-nous-appartient-le-sens-du-film\/#breadcrumb","itemListElement":[{"@type":"ListItem","position":1,"name":"Accueil","item":"https:\/\/w-l-c.be\/fr\/"},{"@type":"ListItem","position":2,"name":"Stephan Streker &#8211; Le Monde nous Appartient &#8211; Le sens du film"}]},{"@type":"WebSite","@id":"https:\/\/w-l-c.be\/fr\/#website","url":"https:\/\/w-l-c.be\/fr\/","name":"w-l-c","description":"Le cin\u00e9ma vu par les belges","potentialAction":[{"@type":"SearchAction","target":{"@type":"EntryPoint","urlTemplate":"https:\/\/w-l-c.be\/fr\/?s={search_term_string}"},"query-input":"required name=search_term_string"}],"inLanguage":"fr-FR"},{"@type":"Person","@id":"https:\/\/w-l-c.be\/fr\/#\/schema\/person\/4b9b1d857f0943453a38a7c2859ef756","name":"Philippe.Pierquin","url":"https:\/\/w-l-c.be\/fr\/author\/philippe-pierquin\/"}]}},"_links":{"self":[{"href":"https:\/\/w-l-c.be\/fr\/wp-json\/wp\/v2\/posts\/37312","targetHints":{"allow":["GET"]}}],"collection":[{"href":"https:\/\/w-l-c.be\/fr\/wp-json\/wp\/v2\/posts"}],"about":[{"href":"https:\/\/w-l-c.be\/fr\/wp-json\/wp\/v2\/types\/post"}],"author":[{"embeddable":true,"href":"https:\/\/w-l-c.be\/fr\/wp-json\/wp\/v2\/users\/7"}],"replies":[{"embeddable":true,"href":"https:\/\/w-l-c.be\/fr\/wp-json\/wp\/v2\/comments?post=37312"}],"version-history":[{"count":0,"href":"https:\/\/w-l-c.be\/fr\/wp-json\/wp\/v2\/posts\/37312\/revisions"}],"wp:featuredmedia":[{"embeddable":true,"href":"https:\/\/w-l-c.be\/fr\/wp-json\/wp\/v2\/media\/37313"}],"wp:attachment":[{"href":"https:\/\/w-l-c.be\/fr\/wp-json\/wp\/v2\/media?parent=37312"}],"wp:term":[{"taxonomy":"category","embeddable":true,"href":"https:\/\/w-l-c.be\/fr\/wp-json\/wp\/v2\/categories?post=37312"},{"taxonomy":"post_tag","embeddable":true,"href":"https:\/\/w-l-c.be\/fr\/wp-json\/wp\/v2\/tags?post=37312"}],"curies":[{"name":"wp","href":"https:\/\/api.w.org\/{rel}","templated":true}]}}