
{"id":37607,"date":"2013-02-17T13:39:41","date_gmt":"2013-02-17T13:39:41","guid":{"rendered":"http:\/\/www.cinevox.be\/?p=37607"},"modified":"2013-04-24T12:34:48","modified_gmt":"2013-04-24T12:34:48","slug":"stephan-streker-le-monde-nous-appartient-un-film-de-genre","status":"publish","type":"post","link":"https:\/\/w-l-c.be\/fr\/stephan-streker-le-monde-nous-appartient-un-film-de-genre\/","title":{"rendered":"Stephan Streker &#8211; Le Monde Nous Appartient &#8211; Un film \u00ab\u00a0de genre\u00a0\u00bb ?"},"content":{"rendered":"<p>Une nuit, sur un pont\u2026 un coup de couteau. Il y a Pouga. Et il y a   Julien. Le film montre le destin parall\u00e8le de ces deux jeunes hommes qui   se ressemblent sans se conna\u00eetre. Ils partagent les m\u00eames valeurs et  un  m\u00eame d\u00e9sir d\u2019absolu. Ils pourraient \u00eatre amis. Et pourtant\u2026<\/p>\n<p>&nbsp;<\/p>\n<p><em> <\/em>On dit parfois qu&rsquo;une des raisons pour lesquelles le cin\u00e9ma belge francophone se coupe de son public est qu&rsquo;il m\u00e9prise les films de genre. Fan de Michael Mann et Coppola, <strong>Stephan Streker<\/strong> sera-t-il le leader d&rsquo;une vague belge &lsquo;noir polar&rsquo;?<\/p>\n<p>Question subsidiaire: <em>Le Monde nous Appartient <\/em>est-il un film de genre<em>?<br \/>\n<\/em><\/p>\n<p>&nbsp;<\/p>\n<p><em>Le Monde nous Appartient<\/em> sort\u00a0 en Belgique le 20 f\u00e9vrier.<\/p>\n","protected":false},"excerpt":{"rendered":"<p>Une nuit, sur un pont\u2026 un coup de couteau. Il y a Pouga. Et il y a Julien. Le film montre le destin parall\u00e8le de ces deux jeunes hommes qui se ressemblent sans se conna\u00eetre. Ils partagent les m\u00eames valeurs et un m\u00eame d\u00e9sir d\u2019absolu. Ils pourraient \u00eatre amis. Et pourtant\u2026 &nbsp; On dit parfois &hellip;<\/p>\n","protected":false},"author":7,"featured_media":37609,"comment_status":"closed","ping_status":"closed","sticky":false,"template":"","format":"standard","meta":{"ngg_post_thumbnail":0,"footnotes":""},"categories":[1978],"tags":[],"class_list":["post-37607","post","type-post","status-publish","format-standard","has-post-thumbnail","","category-interviews"],"yoast_head":"<!-- This site is optimized with the Yoast SEO plugin v20.4 - https:\/\/yoast.com\/wordpress\/plugins\/seo\/ -->\n<title>Stephan Streker - Le Monde Nous Appartient - Un film &quot;de genre&quot; ? - w-l-c<\/title>\n<meta name=\"robots\" content=\"noindex, follow, max-snippet:-1, max-image-preview:large, max-video-preview:-1\" \/>\n<meta property=\"og:locale\" content=\"fr_FR\" \/>\n<meta property=\"og:type\" content=\"article\" \/>\n<meta property=\"og:title\" content=\"Stephan Streker - Le Monde Nous Appartient - Un film &quot;de genre&quot; ? - w-l-c\" \/>\n<meta property=\"og:description\" content=\"Une nuit, sur un pont\u2026 un coup de couteau. Il y a Pouga. Et il y a Julien. Le film montre le destin parall\u00e8le de ces deux jeunes hommes qui se ressemblent sans se conna\u00eetre. Ils partagent les m\u00eames valeurs et un m\u00eame d\u00e9sir d\u2019absolu. Ils pourraient \u00eatre amis. Et pourtant\u2026 &nbsp; On dit parfois &hellip;\" \/>\n<meta property=\"og:url\" content=\"https:\/\/w-l-c.be\/fr\/stephan-streker-le-monde-nous-appartient-un-film-de-genre\/\" \/>\n<meta property=\"og:site_name\" content=\"w-l-c\" \/>\n<meta property=\"article:published_time\" content=\"2013-02-17T13:39:41+00:00\" \/>\n<meta property=\"article:modified_time\" content=\"2013-04-24T12:34:48+00:00\" \/>\n<meta property=\"og:image\" content=\"https:\/\/w-l-c.be\/wp-content\/uploads\/2012\/02\/ss-07.jpg\" \/>\n\t<meta property=\"og:image:width\" content=\"635\" \/>\n\t<meta property=\"og:image:height\" content=\"346\" \/>\n\t<meta property=\"og:image:type\" content=\"image\/jpeg\" \/>\n<meta name=\"author\" content=\"Philippe.Pierquin\" \/>\n<meta name=\"twitter:card\" content=\"summary_large_image\" \/>\n<meta name=\"twitter:label1\" content=\"\u00c9crit par\" \/>\n\t<meta name=\"twitter:data1\" content=\"Philippe.Pierquin\" \/>\n\t<meta name=\"twitter:label2\" content=\"Dur\u00e9e de lecture estim\u00e9e\" \/>\n\t<meta name=\"twitter:data2\" content=\"1 minute\" \/>\n<script type=\"application\/ld+json\" class=\"yoast-schema-graph\">{\"@context\":\"https:\/\/schema.org\",\"@graph\":[{\"@type\":\"WebPage\",\"@id\":\"https:\/\/w-l-c.be\/fr\/stephan-streker-le-monde-nous-appartient-un-film-de-genre\/\",\"url\":\"https:\/\/w-l-c.be\/fr\/stephan-streker-le-monde-nous-appartient-un-film-de-genre\/\",\"name\":\"Stephan Streker - Le Monde Nous Appartient - Un film \\\"de genre\\\" ? - w-l-c\",\"isPartOf\":{\"@id\":\"https:\/\/w-l-c.be\/fr\/#website\"},\"datePublished\":\"2013-02-17T13:39:41+00:00\",\"dateModified\":\"2013-04-24T12:34:48+00:00\",\"author\":{\"@id\":\"https:\/\/w-l-c.be\/fr\/#\/schema\/person\/4b9b1d857f0943453a38a7c2859ef756\"},\"breadcrumb\":{\"@id\":\"https:\/\/w-l-c.be\/fr\/stephan-streker-le-monde-nous-appartient-un-film-de-genre\/#breadcrumb\"},\"inLanguage\":\"fr-FR\",\"potentialAction\":[{\"@type\":\"ReadAction\",\"target\":[\"https:\/\/w-l-c.be\/fr\/stephan-streker-le-monde-nous-appartient-un-film-de-genre\/\"]}]},{\"@type\":\"BreadcrumbList\",\"@id\":\"https:\/\/w-l-c.be\/fr\/stephan-streker-le-monde-nous-appartient-un-film-de-genre\/#breadcrumb\",\"itemListElement\":[{\"@type\":\"ListItem\",\"position\":1,\"name\":\"Accueil\",\"item\":\"https:\/\/w-l-c.be\/fr\/\"},{\"@type\":\"ListItem\",\"position\":2,\"name\":\"Stephan Streker &#8211; Le Monde Nous Appartient &#8211; Un film \u00ab\u00a0de genre\u00a0\u00bb ?\"}]},{\"@type\":\"WebSite\",\"@id\":\"https:\/\/w-l-c.be\/fr\/#website\",\"url\":\"https:\/\/w-l-c.be\/fr\/\",\"name\":\"w-l-c\",\"description\":\"Le cin\u00e9ma vu par les belges\",\"potentialAction\":[{\"@type\":\"SearchAction\",\"target\":{\"@type\":\"EntryPoint\",\"urlTemplate\":\"https:\/\/w-l-c.be\/fr\/?s={search_term_string}\"},\"query-input\":\"required name=search_term_string\"}],\"inLanguage\":\"fr-FR\"},{\"@type\":\"Person\",\"@id\":\"https:\/\/w-l-c.be\/fr\/#\/schema\/person\/4b9b1d857f0943453a38a7c2859ef756\",\"name\":\"Philippe.Pierquin\",\"url\":\"https:\/\/w-l-c.be\/fr\/author\/philippe-pierquin\/\"}]}<\/script>\n<!-- \/ Yoast SEO plugin. -->","yoast_head_json":{"title":"Stephan Streker - Le Monde Nous Appartient - Un film \"de genre\" ? - w-l-c","robots":{"index":"noindex","follow":"follow","max-snippet":"max-snippet:-1","max-image-preview":"max-image-preview:large","max-video-preview":"max-video-preview:-1"},"og_locale":"fr_FR","og_type":"article","og_title":"Stephan Streker - Le Monde Nous Appartient - Un film \"de genre\" ? - w-l-c","og_description":"Une nuit, sur un pont\u2026 un coup de couteau. Il y a Pouga. Et il y a Julien. Le film montre le destin parall\u00e8le de ces deux jeunes hommes qui se ressemblent sans se conna\u00eetre. Ils partagent les m\u00eames valeurs et un m\u00eame d\u00e9sir d\u2019absolu. Ils pourraient \u00eatre amis. Et pourtant\u2026 &nbsp; On dit parfois &hellip;","og_url":"https:\/\/w-l-c.be\/fr\/stephan-streker-le-monde-nous-appartient-un-film-de-genre\/","og_site_name":"w-l-c","article_published_time":"2013-02-17T13:39:41+00:00","article_modified_time":"2013-04-24T12:34:48+00:00","og_image":[{"width":"635","height":"346","url":"https:\/\/w-l-c.be\/wp-content\/uploads\/2012\/02\/ss-07.jpg","type":"image\/jpeg"}],"author":"Philippe.Pierquin","twitter_card":"summary_large_image","twitter_misc":{"\u00c9crit par":"Philippe.Pierquin","Dur\u00e9e de lecture estim\u00e9e":"1 minute"},"schema":{"@context":"https:\/\/schema.org","@graph":[{"@type":"WebPage","@id":"https:\/\/w-l-c.be\/fr\/stephan-streker-le-monde-nous-appartient-un-film-de-genre\/","url":"https:\/\/w-l-c.be\/fr\/stephan-streker-le-monde-nous-appartient-un-film-de-genre\/","name":"Stephan Streker - Le Monde Nous Appartient - Un film \"de genre\" ? - w-l-c","isPartOf":{"@id":"https:\/\/w-l-c.be\/fr\/#website"},"datePublished":"2013-02-17T13:39:41+00:00","dateModified":"2013-04-24T12:34:48+00:00","author":{"@id":"https:\/\/w-l-c.be\/fr\/#\/schema\/person\/4b9b1d857f0943453a38a7c2859ef756"},"breadcrumb":{"@id":"https:\/\/w-l-c.be\/fr\/stephan-streker-le-monde-nous-appartient-un-film-de-genre\/#breadcrumb"},"inLanguage":"fr-FR","potentialAction":[{"@type":"ReadAction","target":["https:\/\/w-l-c.be\/fr\/stephan-streker-le-monde-nous-appartient-un-film-de-genre\/"]}]},{"@type":"BreadcrumbList","@id":"https:\/\/w-l-c.be\/fr\/stephan-streker-le-monde-nous-appartient-un-film-de-genre\/#breadcrumb","itemListElement":[{"@type":"ListItem","position":1,"name":"Accueil","item":"https:\/\/w-l-c.be\/fr\/"},{"@type":"ListItem","position":2,"name":"Stephan Streker &#8211; Le Monde Nous Appartient &#8211; Un film \u00ab\u00a0de genre\u00a0\u00bb ?"}]},{"@type":"WebSite","@id":"https:\/\/w-l-c.be\/fr\/#website","url":"https:\/\/w-l-c.be\/fr\/","name":"w-l-c","description":"Le cin\u00e9ma vu par les belges","potentialAction":[{"@type":"SearchAction","target":{"@type":"EntryPoint","urlTemplate":"https:\/\/w-l-c.be\/fr\/?s={search_term_string}"},"query-input":"required name=search_term_string"}],"inLanguage":"fr-FR"},{"@type":"Person","@id":"https:\/\/w-l-c.be\/fr\/#\/schema\/person\/4b9b1d857f0943453a38a7c2859ef756","name":"Philippe.Pierquin","url":"https:\/\/w-l-c.be\/fr\/author\/philippe-pierquin\/"}]}},"_links":{"self":[{"href":"https:\/\/w-l-c.be\/fr\/wp-json\/wp\/v2\/posts\/37607","targetHints":{"allow":["GET"]}}],"collection":[{"href":"https:\/\/w-l-c.be\/fr\/wp-json\/wp\/v2\/posts"}],"about":[{"href":"https:\/\/w-l-c.be\/fr\/wp-json\/wp\/v2\/types\/post"}],"author":[{"embeddable":true,"href":"https:\/\/w-l-c.be\/fr\/wp-json\/wp\/v2\/users\/7"}],"replies":[{"embeddable":true,"href":"https:\/\/w-l-c.be\/fr\/wp-json\/wp\/v2\/comments?post=37607"}],"version-history":[{"count":0,"href":"https:\/\/w-l-c.be\/fr\/wp-json\/wp\/v2\/posts\/37607\/revisions"}],"wp:featuredmedia":[{"embeddable":true,"href":"https:\/\/w-l-c.be\/fr\/wp-json\/wp\/v2\/media\/37609"}],"wp:attachment":[{"href":"https:\/\/w-l-c.be\/fr\/wp-json\/wp\/v2\/media?parent=37607"}],"wp:term":[{"taxonomy":"category","embeddable":true,"href":"https:\/\/w-l-c.be\/fr\/wp-json\/wp\/v2\/categories?post=37607"},{"taxonomy":"post_tag","embeddable":true,"href":"https:\/\/w-l-c.be\/fr\/wp-json\/wp\/v2\/tags?post=37607"}],"curies":[{"name":"wp","href":"https:\/\/api.w.org\/{rel}","templated":true}]}}