
{"id":37661,"date":"2013-02-16T15:06:15","date_gmt":"2013-02-16T15:06:15","guid":{"rendered":"http:\/\/www.cinevox.be\/?p=37661"},"modified":"2013-02-16T15:16:55","modified_gmt":"2013-02-16T15:16:55","slug":"tom-van-avermaet-dans-la-cour-des-grands","status":"publish","type":"post","link":"https:\/\/w-l-c.be\/fr\/tom-van-avermaet-dans-la-cour-des-grands\/","title":{"rendered":"Tom Van Avermaet dans la cour des grands"},"content":{"rendered":"<p>Quel est le point commun entre Robert De Niro, Cate Blanchett, James Cameron, George Clooney, Daniel Craig, Tom Cruise, Cameron Diaz, Robert Downey, Jr, Michael Fassbender, Tom Hanks, Ron Howard, Scarlett Johansson, Nicole Kidman, Tobey Maguire, Julianne Moore, Sean Penn, Brad Pitt, Natalie Portman, Will Smith, Steven Spielberg, Oliver Stone, Meryl Streep, Hilary Swank, Rachel Weisz, Kate Winslet ou J. J. Abrams?<!--more--><\/p>\n<p>&nbsp;<\/p>\n<p><a rel=\"attachment wp-att-37674\" href=\"http:\/\/www.cinevox.be\/tom-van-avermaet-dans-la-cour-des-grands\/536762_327082854065196_1512540589_n-1\"><img loading=\"lazy\" decoding=\"async\" class=\"alignright size-medium wp-image-37674\" title=\"536762_327082854065196_1512540589_n (1)\" src=\"http:\/\/www.cinevox.be\/wp-content\/uploads\/2013\/02\/536762_327082854065196_1512540589_n-1-296x270.jpg\" alt=\"\" width=\"296\" height=\"270\" srcset=\"https:\/\/w-l-c.be\/wp-content\/uploads\/2013\/02\/536762_327082854065196_1512540589_n-1-296x270.jpg 296w, https:\/\/w-l-c.be\/wp-content\/uploads\/2013\/02\/536762_327082854065196_1512540589_n-1.jpg 643w\" sizes=\"auto, (max-width: 296px) 100vw, 296px\" \/><\/a>Ce sont quelques-uns des clients les plus c\u00e9l\u00e8bres de la CAA, Creative Artists Agency qui les repr\u00e9sente et n\u00e9gocie leur contrat \u00e0 Hollywood ou ailleurs \u00e0 travers le monde.<\/p>\n<p>L\u2019an dernier, Matthias Schoenaerts a rejoint cette formidable \u00e9quipe.<\/p>\n<p>&nbsp;<\/p>\n<p>A une semaine de la remise des Oscars, on apprend qu\u2019un autre petit Belge vient d\u2019\u00eatre sign\u00e9 par cette prestigieuse compagnie. Il s\u2019agit de <strong>Tom Van Avermaet<\/strong>, le r\u00e9alisateur de <em>Dood van een Schaduw\/Mort d\u2019une ombre<\/em>, court m\u00e9trage dans lequel un soldat tomb\u00e9 sous les balles ennemies devient un chasseur d\u2019\u00e2mes pour le compte d\u2019un dr\u00f4le de collectionneur.<\/p>\n<p>&nbsp;<\/p>\n<p><a rel=\"attachment wp-att-37662\" href=\"http:\/\/www.cinevox.be\/tom-van-avermaet-dans-la-cour-des-grands\/547078_10151022391250763_1737499176_n-2\"><img loading=\"lazy\" decoding=\"async\" class=\"aligncenter size-full wp-image-37662\" title=\"547078_10151022391250763_1737499176_n\" src=\"http:\/\/www.cinevox.be\/wp-content\/uploads\/2013\/02\/547078_10151022391250763_1737499176_n.jpg\" alt=\"\" width=\"956\" height=\"401\" srcset=\"https:\/\/w-l-c.be\/wp-content\/uploads\/2013\/02\/547078_10151022391250763_1737499176_n.jpg 956w, https:\/\/w-l-c.be\/wp-content\/uploads\/2013\/02\/547078_10151022391250763_1737499176_n-480x201.jpg 480w, https:\/\/w-l-c.be\/wp-content\/uploads\/2013\/02\/547078_10151022391250763_1737499176_n-800x335.jpg 800w\" sizes=\"auto, (max-width: 956px) 100vw, 956px\" \/><\/a><\/p>\n<p>&nbsp;<\/p>\n<p>Ce film \u00e9blouissant dont nous avons \u00e9t\u00e9 par ici les premiers \u00e0 vous parler en juillet dernier (lire <a href=\"http:\/\/www.cinevox.be\/matthias-schoenaerts-larmee-des-ombres\" target=\"_blank\">ici<\/a>) est non seulement nomm\u00e9 aux Oscars dans la cat\u00e9gorie court m\u00e9trage, il en est aussi un des favoris. Aucun film belge ne s\u2019\u00e9tant jamais impos\u00e9 \u00e0 Hollywood, m\u00eame dans la section \u00ab\u00a0meilleur film \u00e9tranger\u00a0\u00bb, sa victoire serait naturellement un \u00e9v\u00e8nement exceptionnel.<\/p>\n<p>&nbsp;<\/p>\n<p><a rel=\"attachment wp-att-37663\" href=\"http:\/\/www.cinevox.be\/tom-van-avermaet-dans-la-cour-des-grands\/223938_10151022261665763_1069521133_n\"><img loading=\"lazy\" decoding=\"async\" class=\"aligncenter size-full wp-image-37663\" title=\"223938_10151022261665763_1069521133_n\" src=\"http:\/\/www.cinevox.be\/wp-content\/uploads\/2013\/02\/223938_10151022261665763_1069521133_n.jpg\" alt=\"\" width=\"953\" height=\"400\" srcset=\"https:\/\/w-l-c.be\/wp-content\/uploads\/2013\/02\/223938_10151022261665763_1069521133_n.jpg 953w, https:\/\/w-l-c.be\/wp-content\/uploads\/2013\/02\/223938_10151022261665763_1069521133_n-480x201.jpg 480w, https:\/\/w-l-c.be\/wp-content\/uploads\/2013\/02\/223938_10151022261665763_1069521133_n-800x335.jpg 800w\" sizes=\"auto, (max-width: 953px) 100vw, 953px\" \/><\/a><\/p>\n<p>&nbsp;<\/p>\n<p>Port\u00e9 par un <strong>Matthias Schoenaerts<\/strong>, sobre, mais charismatique en diable, Dood van een Schaduw est avant tout une le\u00e7on de mise en sc\u00e8ne qui laisse le spectateur bouche b\u00e9e: \u00e0 l\u2019exception de <em>Mr Nobody,<\/em> jamais on n\u2019a vu en Belgique une \u0153uvre d\u2019une telle audace visuelle, d\u2019une telle ma\u00eetrise; surtout dans le chef d\u2019un jeune cin\u00e9aste.<br \/>\nSi vous \u00eates curieux de d\u00e9couvrir enfin ce film sur grand \u00e9cran, sachez que le Festival International du film d\u2019amour de Mons le programme dans sa comp\u00e9tition de courts m\u00e9trages ce mercredi \u00e0 16h30 et 1800 au Plaza Art.<\/p>\n<p>Une occasion unique de voir sur grand \u00e9cran le chef d\u2019\u0153uvre dont la plan\u00e8te enti\u00e8re parle.<\/p>\n<p>&nbsp;<\/p>\n","protected":false},"excerpt":{"rendered":"<p>Quel est le point commun entre Robert De Niro, Cate Blanchett, James Cameron, George Clooney, Daniel Craig, Tom Cruise, Cameron Diaz, Robert Downey, Jr, Michael Fassbender, Tom Hanks, Ron Howard, Scarlett Johansson, Nicole Kidman, Tobey Maguire, Julianne Moore, Sean Penn, Brad Pitt, Natalie Portman, Will Smith, Steven Spielberg, Oliver Stone, Meryl Streep, Hilary Swank, Rachel &hellip;<\/p>\n","protected":false},"author":7,"featured_media":37665,"comment_status":"closed","ping_status":"closed","sticky":false,"template":"","format":"standard","meta":{"ngg_post_thumbnail":0,"footnotes":""},"categories":[10,7],"tags":[],"class_list":["post-37661","post","type-post","status-publish","format-standard","has-post-thumbnail","","category-a-l-affiche","category-actualites"],"yoast_head":"<!-- This site is optimized with the Yoast SEO plugin v20.4 - https:\/\/yoast.com\/wordpress\/plugins\/seo\/ -->\n<title>Tom Van Avermaet dans la cour des grands - w-l-c<\/title>\n<meta name=\"robots\" content=\"noindex, follow, max-snippet:-1, max-image-preview:large, max-video-preview:-1\" \/>\n<meta property=\"og:locale\" content=\"fr_FR\" \/>\n<meta property=\"og:type\" content=\"article\" \/>\n<meta property=\"og:title\" content=\"Tom Van Avermaet dans la cour des grands - w-l-c\" \/>\n<meta property=\"og:description\" content=\"Quel est le point commun entre Robert De Niro, Cate Blanchett, James Cameron, George Clooney, Daniel Craig, Tom Cruise, Cameron Diaz, Robert Downey, Jr, Michael Fassbender, Tom Hanks, Ron Howard, Scarlett Johansson, Nicole Kidman, Tobey Maguire, Julianne Moore, Sean Penn, Brad Pitt, Natalie Portman, Will Smith, Steven Spielberg, Oliver Stone, Meryl Streep, Hilary Swank, Rachel &hellip;\" \/>\n<meta property=\"og:url\" content=\"https:\/\/w-l-c.be\/fr\/tom-van-avermaet-dans-la-cour-des-grands\/\" \/>\n<meta property=\"og:site_name\" content=\"w-l-c\" \/>\n<meta property=\"article:published_time\" content=\"2013-02-16T15:06:15+00:00\" \/>\n<meta property=\"article:modified_time\" content=\"2013-02-16T15:16:55+00:00\" \/>\n<meta property=\"og:image\" content=\"https:\/\/w-l-c.be\/wp-content\/uploads\/2013\/02\/1327937432dvs_ws1.jpg\" \/>\n\t<meta property=\"og:image:width\" content=\"4215\" \/>\n\t<meta property=\"og:image:height\" content=\"2422\" \/>\n\t<meta property=\"og:image:type\" content=\"image\/jpeg\" \/>\n<meta name=\"author\" content=\"Philippe.Pierquin\" \/>\n<meta name=\"twitter:card\" content=\"summary_large_image\" \/>\n<meta name=\"twitter:label1\" content=\"\u00c9crit par\" \/>\n\t<meta name=\"twitter:data1\" content=\"Philippe.Pierquin\" \/>\n\t<meta name=\"twitter:label2\" content=\"Dur\u00e9e de lecture estim\u00e9e\" \/>\n\t<meta name=\"twitter:data2\" content=\"2 minutes\" \/>\n<script type=\"application\/ld+json\" class=\"yoast-schema-graph\">{\"@context\":\"https:\/\/schema.org\",\"@graph\":[{\"@type\":\"WebPage\",\"@id\":\"https:\/\/w-l-c.be\/fr\/tom-van-avermaet-dans-la-cour-des-grands\/\",\"url\":\"https:\/\/w-l-c.be\/fr\/tom-van-avermaet-dans-la-cour-des-grands\/\",\"name\":\"Tom Van Avermaet dans la cour des grands - w-l-c\",\"isPartOf\":{\"@id\":\"https:\/\/w-l-c.be\/fr\/#website\"},\"datePublished\":\"2013-02-16T15:06:15+00:00\",\"dateModified\":\"2013-02-16T15:16:55+00:00\",\"author\":{\"@id\":\"https:\/\/w-l-c.be\/fr\/#\/schema\/person\/4b9b1d857f0943453a38a7c2859ef756\"},\"breadcrumb\":{\"@id\":\"https:\/\/w-l-c.be\/fr\/tom-van-avermaet-dans-la-cour-des-grands\/#breadcrumb\"},\"inLanguage\":\"fr-FR\",\"potentialAction\":[{\"@type\":\"ReadAction\",\"target\":[\"https:\/\/w-l-c.be\/fr\/tom-van-avermaet-dans-la-cour-des-grands\/\"]}]},{\"@type\":\"BreadcrumbList\",\"@id\":\"https:\/\/w-l-c.be\/fr\/tom-van-avermaet-dans-la-cour-des-grands\/#breadcrumb\",\"itemListElement\":[{\"@type\":\"ListItem\",\"position\":1,\"name\":\"Accueil\",\"item\":\"https:\/\/w-l-c.be\/fr\/\"},{\"@type\":\"ListItem\",\"position\":2,\"name\":\"Tom Van Avermaet dans la cour des grands\"}]},{\"@type\":\"WebSite\",\"@id\":\"https:\/\/w-l-c.be\/fr\/#website\",\"url\":\"https:\/\/w-l-c.be\/fr\/\",\"name\":\"w-l-c\",\"description\":\"Le cin\u00e9ma vu par les belges\",\"potentialAction\":[{\"@type\":\"SearchAction\",\"target\":{\"@type\":\"EntryPoint\",\"urlTemplate\":\"https:\/\/w-l-c.be\/fr\/?s={search_term_string}\"},\"query-input\":\"required name=search_term_string\"}],\"inLanguage\":\"fr-FR\"},{\"@type\":\"Person\",\"@id\":\"https:\/\/w-l-c.be\/fr\/#\/schema\/person\/4b9b1d857f0943453a38a7c2859ef756\",\"name\":\"Philippe.Pierquin\",\"url\":\"https:\/\/w-l-c.be\/fr\/author\/philippe-pierquin\/\"}]}<\/script>\n<!-- \/ Yoast SEO plugin. -->","yoast_head_json":{"title":"Tom Van Avermaet dans la cour des grands - w-l-c","robots":{"index":"noindex","follow":"follow","max-snippet":"max-snippet:-1","max-image-preview":"max-image-preview:large","max-video-preview":"max-video-preview:-1"},"og_locale":"fr_FR","og_type":"article","og_title":"Tom Van Avermaet dans la cour des grands - w-l-c","og_description":"Quel est le point commun entre Robert De Niro, Cate Blanchett, James Cameron, George Clooney, Daniel Craig, Tom Cruise, Cameron Diaz, Robert Downey, Jr, Michael Fassbender, Tom Hanks, Ron Howard, Scarlett Johansson, Nicole Kidman, Tobey Maguire, Julianne Moore, Sean Penn, Brad Pitt, Natalie Portman, Will Smith, Steven Spielberg, Oliver Stone, Meryl Streep, Hilary Swank, Rachel &hellip;","og_url":"https:\/\/w-l-c.be\/fr\/tom-van-avermaet-dans-la-cour-des-grands\/","og_site_name":"w-l-c","article_published_time":"2013-02-16T15:06:15+00:00","article_modified_time":"2013-02-16T15:16:55+00:00","og_image":[{"width":"4215","height":"2422","url":"https:\/\/w-l-c.be\/wp-content\/uploads\/2013\/02\/1327937432dvs_ws1.jpg","type":"image\/jpeg"}],"author":"Philippe.Pierquin","twitter_card":"summary_large_image","twitter_misc":{"\u00c9crit par":"Philippe.Pierquin","Dur\u00e9e de lecture estim\u00e9e":"2 minutes"},"schema":{"@context":"https:\/\/schema.org","@graph":[{"@type":"WebPage","@id":"https:\/\/w-l-c.be\/fr\/tom-van-avermaet-dans-la-cour-des-grands\/","url":"https:\/\/w-l-c.be\/fr\/tom-van-avermaet-dans-la-cour-des-grands\/","name":"Tom Van Avermaet dans la cour des grands - w-l-c","isPartOf":{"@id":"https:\/\/w-l-c.be\/fr\/#website"},"datePublished":"2013-02-16T15:06:15+00:00","dateModified":"2013-02-16T15:16:55+00:00","author":{"@id":"https:\/\/w-l-c.be\/fr\/#\/schema\/person\/4b9b1d857f0943453a38a7c2859ef756"},"breadcrumb":{"@id":"https:\/\/w-l-c.be\/fr\/tom-van-avermaet-dans-la-cour-des-grands\/#breadcrumb"},"inLanguage":"fr-FR","potentialAction":[{"@type":"ReadAction","target":["https:\/\/w-l-c.be\/fr\/tom-van-avermaet-dans-la-cour-des-grands\/"]}]},{"@type":"BreadcrumbList","@id":"https:\/\/w-l-c.be\/fr\/tom-van-avermaet-dans-la-cour-des-grands\/#breadcrumb","itemListElement":[{"@type":"ListItem","position":1,"name":"Accueil","item":"https:\/\/w-l-c.be\/fr\/"},{"@type":"ListItem","position":2,"name":"Tom Van Avermaet dans la cour des grands"}]},{"@type":"WebSite","@id":"https:\/\/w-l-c.be\/fr\/#website","url":"https:\/\/w-l-c.be\/fr\/","name":"w-l-c","description":"Le cin\u00e9ma vu par les belges","potentialAction":[{"@type":"SearchAction","target":{"@type":"EntryPoint","urlTemplate":"https:\/\/w-l-c.be\/fr\/?s={search_term_string}"},"query-input":"required name=search_term_string"}],"inLanguage":"fr-FR"},{"@type":"Person","@id":"https:\/\/w-l-c.be\/fr\/#\/schema\/person\/4b9b1d857f0943453a38a7c2859ef756","name":"Philippe.Pierquin","url":"https:\/\/w-l-c.be\/fr\/author\/philippe-pierquin\/"}]}},"_links":{"self":[{"href":"https:\/\/w-l-c.be\/fr\/wp-json\/wp\/v2\/posts\/37661","targetHints":{"allow":["GET"]}}],"collection":[{"href":"https:\/\/w-l-c.be\/fr\/wp-json\/wp\/v2\/posts"}],"about":[{"href":"https:\/\/w-l-c.be\/fr\/wp-json\/wp\/v2\/types\/post"}],"author":[{"embeddable":true,"href":"https:\/\/w-l-c.be\/fr\/wp-json\/wp\/v2\/users\/7"}],"replies":[{"embeddable":true,"href":"https:\/\/w-l-c.be\/fr\/wp-json\/wp\/v2\/comments?post=37661"}],"version-history":[{"count":0,"href":"https:\/\/w-l-c.be\/fr\/wp-json\/wp\/v2\/posts\/37661\/revisions"}],"wp:featuredmedia":[{"embeddable":true,"href":"https:\/\/w-l-c.be\/fr\/wp-json\/wp\/v2\/media\/37665"}],"wp:attachment":[{"href":"https:\/\/w-l-c.be\/fr\/wp-json\/wp\/v2\/media?parent=37661"}],"wp:term":[{"taxonomy":"category","embeddable":true,"href":"https:\/\/w-l-c.be\/fr\/wp-json\/wp\/v2\/categories?post=37661"},{"taxonomy":"post_tag","embeddable":true,"href":"https:\/\/w-l-c.be\/fr\/wp-json\/wp\/v2\/tags?post=37661"}],"curies":[{"name":"wp","href":"https:\/\/api.w.org\/{rel}","templated":true}]}}