
{"id":37860,"date":"2013-02-22T05:02:36","date_gmt":"2013-02-22T05:02:36","guid":{"rendered":"http:\/\/www.cinevox.be\/?p=37860"},"modified":"2013-03-04T08:46:42","modified_gmt":"2013-03-04T08:46:42","slug":"ave-cesar-le-cinema-belge-te-salue","status":"publish","type":"post","link":"https:\/\/w-l-c.be\/fr\/ave-cesar-le-cinema-belge-te-salue\/","title":{"rendered":"Ave C\u00e9sar, le cin\u00e9ma belge te salue."},"content":{"rendered":"<p>C\u2019est ce vendredi que seront remis les C\u00e9sar du cin\u00e9ma fran\u00e7ais.\u00a0 Jamel Debbouze qui a annonc\u00e9 qu\u2019il serait particuli\u00e8rement concentr\u00e9 sur sa t\u00e2che sera le pr\u00e9sident de cette 38e c\u00e9r\u00e9monie qui se d\u00e9roulera au th\u00e9\u00e2tre du Ch\u00e2telet, \u00e0 Paris. Si vous \u00eates client chez Voo vous pourrez suivre la soir\u00e9e sur BeTV (en clair). En France, c\u2019est Canal qui la diffuse.<!--more--><\/p>\n<p>&nbsp;<\/p>\n<p>&nbsp;<\/p>\n<p>Cette ann\u00e9e, la comp\u00e9tition sera particuli\u00e8rement serr\u00e9e avec pas moins de trois favoris qui partent \u00e0 chances presque \u00e9gales: les incontournables\u00a0<em>Amour <\/em>de\u00a0<strong>Michael Haneke,<\/strong>Palme d\u2019Or \u00e0 Cannes, et\u00a0<em>De rouille et d\u2019os<\/em> de\u00a0<strong>Jacques Audiard<\/strong> seront \u00e0 nouveau au coude \u00e0 coude. Jusqu\u2019ici la balance des r\u00e9compenses a nettement pench\u00e9 en faveur du clan franco-autrichien et on voit mal qui pourrait emp\u00eacher\u00a0<strong>Emmanuelle Riva<\/strong> et\u00a0<strong>Jean-Louis Trintignant<\/strong> de se distinguer sur leurs terres.<\/p>\n<p>&nbsp;<\/p>\n<p><a rel=\"attachment wp-att-37861\" href=\"http:\/\/www.cinevox.be\/ave-cesar-le-cinema-belge-te-salue\/2012-05-16-11h06_42-3\"><img loading=\"lazy\" decoding=\"async\" class=\"aligncenter size-full wp-image-37861\" title=\"2012-05-16 11h06_42\" src=\"http:\/\/www.cinevox.be\/wp-content\/uploads\/2013\/02\/2012-05-16-11h06_42.jpg\" alt=\"\" width=\"1125\" height=\"738\" srcset=\"https:\/\/w-l-c.be\/wp-content\/uploads\/2013\/02\/2012-05-16-11h06_42.jpg 1125w, https:\/\/w-l-c.be\/wp-content\/uploads\/2013\/02\/2012-05-16-11h06_42-411x270.jpg 411w, https:\/\/w-l-c.be\/wp-content\/uploads\/2013\/02\/2012-05-16-11h06_42-800x524.jpg 800w\" sizes=\"auto, (max-width: 1125px) 100vw, 1125px\" \/><\/a><\/p>\n<p>&nbsp;<\/p>\n<p>Mais, particularit\u00e9 fran\u00e7aise, un \u00ab\u00a0petit\u00a0\u00bb film pas encore vraiment distribu\u00e9 ailleurs dans le monde pourrait venir jouer les trouble-f\u00eates et mettre tout le monde d\u2019accord dans diff\u00e9rentes cat\u00e9gories: avec 13 citations, <em>Camille Redouble<\/em> de <strong>No\u00e9mie Lvovsky<\/strong> a domin\u00e9 la premier tour et son \u00e9norme cote de sympathie pourrait lui permettre d\u2019\u00eatre \u00e9lu \u00ab\u00a0meilleur film\u00a0\u00bb de l\u2019ann\u00e9e. C\u2019est du moins la rumeur persistante qui court Outre-Qui\u00e9vrain<\/p>\n<p>&nbsp;<\/p>\n<p>Nomm\u00e9 dans les cat\u00e9gories principales,\u00a0<em>De Rouille et d\u2019Os<\/em>, est coproduit chez nous par<em> Les Films du Fleuve <\/em>des fr\u00e8res Dardenne. Aux r\u00e9cents Magritte, il a valu \u00e0 Bouli Lanners le troph\u00e9e du meilleur acteur dans un second r\u00f4le.<\/p>\n<p>&nbsp;<\/p>\n<p><a rel=\"attachment wp-att-37862\" href=\"http:\/\/www.cinevox.be\/ave-cesar-le-cinema-belge-te-salue\/2012-05-16-11h07_16-5\"><img loading=\"lazy\" decoding=\"async\" class=\"aligncenter size-full wp-image-37862\" title=\"2012-05-16 11h07_16\" src=\"http:\/\/www.cinevox.be\/wp-content\/uploads\/2013\/02\/2012-05-16-11h07_16.jpg\" alt=\"\" width=\"1114\" height=\"738\" srcset=\"https:\/\/w-l-c.be\/wp-content\/uploads\/2013\/02\/2012-05-16-11h07_16.jpg 1114w, https:\/\/w-l-c.be\/wp-content\/uploads\/2013\/02\/2012-05-16-11h07_16-407x270.jpg 407w, https:\/\/w-l-c.be\/wp-content\/uploads\/2013\/02\/2012-05-16-11h07_16-800x529.jpg 800w\" sizes=\"auto, (max-width: 1114px) 100vw, 1114px\" \/><\/a><\/p>\n<p>&nbsp;<\/p>\n<p>Point de Philippe Lanners aux C\u00e9sar, mais une statuette promise \u00e0 <strong>Matthias Schoenaerts, <\/strong>que tous les critiques voient d\u00e9j\u00e0 sacr\u00e9 \u00ab\u00a0Meilleur espoir\u00a0\u00bb de l\u2019ann\u00e9e<strong>.<\/strong> Par contre, Marion Cotillard aura fort \u00e0 faire pour cela supplanter la favorite Emmanuelle Riva. Jacques Audiard, de son c\u00f4t\u00e9, pourrait tr\u00e8s bien faire plier Michael Hanecke et remporter un\u2026 neuvi\u00e8me C\u00e9sar. Ces derni\u00e8res ann\u00e9es, il a \u00e9t\u00e9 r\u00e9compens\u00e9 pour <em>De battre mon c\u0153ur s\u2019est arr\u00eat\u00e9<\/em> et <em>Un proph\u00e8te<\/em> (meilleurs films, meilleur r\u00e9al, meilleur sc\u00e9nario), mais aussi pour <em>Sur mes l\u00e8vres <\/em>(meilleur sc\u00e9nario) et <em>Regarde les Hommes tomber<\/em> (meilleure premi\u00e8re \u0153uvre). Impressionnant, n\u2019est-il pas?<\/p>\n<p>&nbsp;<\/p>\n<p>Une intuition ? Sans nous conseiller de nous lancer dans des pronostics presque impossibles, notre petit doigt nous dit que les principaux prix pourraient, cette ann\u00e9e, \u00eatre plus \u00e9clat\u00e9s que les ann\u00e9es pr\u00e9c\u00e9dentes\u2026<\/p>\n<p>&nbsp;<\/p>\n<p><strong>MATTHIAS, JEREMIE, YOLANDE, DEBORAH, JOACHIM, LUCAS\u2026<\/strong><\/p>\n<p>&nbsp;<\/p>\n<p><a rel=\"attachment wp-att-37863\" href=\"http:\/\/www.cinevox.be\/ave-cesar-le-cinema-belge-te-salue\/cloclo-4\"><img loading=\"lazy\" decoding=\"async\" class=\"aligncenter size-full wp-image-37863\" title=\"Cloclo\" src=\"http:\/\/www.cinevox.be\/wp-content\/uploads\/2013\/02\/cloclo-5.jpg\" alt=\"\" width=\"1200\" height=\"800\" srcset=\"https:\/\/w-l-c.be\/wp-content\/uploads\/2013\/02\/cloclo-5.jpg 1200w, https:\/\/w-l-c.be\/wp-content\/uploads\/2013\/02\/cloclo-5-405x270.jpg 405w, https:\/\/w-l-c.be\/wp-content\/uploads\/2013\/02\/cloclo-5-800x533.jpg 800w\" sizes=\"auto, (max-width: 1200px) 100vw, 1200px\" \/><\/a><\/p>\n<p>&nbsp;<\/p>\n<p>Si Matthias est cantonn\u00e9 dans la cat\u00e9gorie \u00ab\u00a0Meilleur espoir\u00a0\u00bb, <strong>J\u00e9r\u00e9mie Renier<\/strong> est bel et bien nomm\u00e9 parmi les meilleurs acteurs de l\u2019ann\u00e9e pour son \u00e9poustouflante prestation dans\u00a0<em>Cloclo.<\/em> Mais lui aussi aura fort \u00e0 faire avec l\u2019interpr\u00e8te principal (masculin en l\u2019occurrence) d\u2019<em>Amour<\/em>.<\/p>\n<p>&nbsp;<\/p>\n<p><a rel=\"attachment wp-att-37864\" href=\"http:\/\/www.cinevox.be\/ave-cesar-le-cinema-belge-te-salue\/img_8183-2\"><img loading=\"lazy\" decoding=\"async\" class=\"aligncenter size-full wp-image-37864\" title=\"IMG_8183\" src=\"http:\/\/www.cinevox.be\/wp-content\/uploads\/2013\/02\/IMG_81831.jpg\" alt=\"\" width=\"4976\" height=\"3114\" srcset=\"https:\/\/w-l-c.be\/wp-content\/uploads\/2013\/02\/IMG_81831.jpg 4976w, https:\/\/w-l-c.be\/wp-content\/uploads\/2013\/02\/IMG_81831-431x270.jpg 431w, https:\/\/w-l-c.be\/wp-content\/uploads\/2013\/02\/IMG_81831-800x500.jpg 800w\" sizes=\"auto, (max-width: 4976px) 100vw, 4976px\" \/><\/a><\/p>\n<p>&nbsp;<\/p>\n<p>L\u2019ambassadrice de nos com\u00e9diennes sera, comme souvent, <strong>Yolande Moreau<\/strong>. La pr\u00e9sidente d\u2019honneur des Magritte du Cin\u00e9ma\u00a02013, titulaire du Magritte du meilleur second r\u00f4le pour ce film est en course aux C\u00e9sar dans la m\u00eame cat\u00e9gorie. Sa prestation douce et touchante dans <em>Camille Redouble<\/em> pourrait tr\u00e8s bien lui valoir en compression dor\u00e9e.<\/p>\n<p>&nbsp;<\/p>\n<p><a rel=\"attachment wp-att-37865\" href=\"http:\/\/www.cinevox.be\/ave-cesar-le-cinema-belge-te-salue\/img_8298\"><img loading=\"lazy\" decoding=\"async\" class=\"aligncenter size-full wp-image-37865\" title=\"IMG_8298\" src=\"http:\/\/www.cinevox.be\/wp-content\/uploads\/2013\/02\/IMG_8298.jpg\" alt=\"\" width=\"1024\" height=\"652\" srcset=\"https:\/\/w-l-c.be\/wp-content\/uploads\/2013\/02\/IMG_8298.jpg 1024w, https:\/\/w-l-c.be\/wp-content\/uploads\/2013\/02\/IMG_8298-424x270.jpg 424w, https:\/\/w-l-c.be\/wp-content\/uploads\/2013\/02\/IMG_8298-800x509.jpg 800w\" sizes=\"auto, (max-width: 1024px) 100vw, 1024px\" \/><\/a><\/p>\n<p>&nbsp;<\/p>\n<p><em>\u00c0 Perdre la raison<\/em>, le grand vainqueur des Magritte\u00a02013 figure dans la liste des meilleurs longs m\u00e9trages \u00e9trangers. Le drame de\u00a0<strong>Joachim Lafosse<\/strong> devra composer avec <em>Argo, Laurence Anyways, Oslo, 31 ao\u00fbt, La Part des Anges, Royal Affair. <\/em>Mais \u00e9galement avec <em>Bullhead<\/em>. Autrement dit<em> Rundskop<\/em>. Coup double pour le cin\u00e9ma belge et pour <strong>Matthias Schoenaerts. <\/strong>Une ic\u00f4ne, on vous dit\u2026 Math\u00e9matiquement, on a donc deux chances sur sept et en 2013, il n&rsquo;y pas de <em>Une S\u00e9paration<\/em> pour nous d\u00e9moraliser d&rsquo;avance. Jouable, donc.<\/p>\n<p>&nbsp;<\/p>\n<p><a rel=\"attachment wp-att-37866\" href=\"http:\/\/www.cinevox.be\/ave-cesar-le-cinema-belge-te-salue\/img_8099\"><img loading=\"lazy\" decoding=\"async\" class=\"aligncenter size-full wp-image-37866\" title=\"IMG_8099\" src=\"http:\/\/www.cinevox.be\/wp-content\/uploads\/2013\/02\/IMG_8099.jpg\" alt=\"\" width=\"1024\" height=\"683\" srcset=\"https:\/\/w-l-c.be\/wp-content\/uploads\/2013\/02\/IMG_8099.jpg 1024w, https:\/\/w-l-c.be\/wp-content\/uploads\/2013\/02\/IMG_8099-404x270.jpg 404w, https:\/\/w-l-c.be\/wp-content\/uploads\/2013\/02\/IMG_8099-800x533.jpg 800w\" sizes=\"auto, (max-width: 1024px) 100vw, 1024px\" \/><\/a><\/p>\n<p>&nbsp;<\/p>\n<p>Au rayon, meilleur sc\u00e9nario, <strong>Lucas Belvaux<\/strong> tentera de faire aussi bien qu\u2019aux \u00a0Magritte o\u00f9 il avait empoch\u00e9 le troph\u00e9e de la discipline. Son adaptation du roman de Didier Decoin, <em>Est-ce ainsi que les femmes meurent ?<\/em> a visiblement plu \u00e0 la profession. Mais l\u2019auteur de <em>38 t\u00e9moins<\/em> aura fort \u00e0 faire face \u00e0 quelques monstres ador\u00e9s Outre-Qui\u00e9vrain.<\/p>\n<p>Dans la cat\u00e9gorie \u00ab\u00a0meilleur premier film\u00a0\u00bb, <em>Populaire <\/em>pourrait confirmer le statut de star \u00e9mergente de notre compatriote <strong>D\u00e9borah Fran\u00e7ois.<\/strong> M\u00eame s\u2019il a un peu d\u00e9\u00e7u en salles, le film a la cote dans la profession.<\/p>\n<p>&nbsp;<\/p>\n<p><strong>COURTS MAIS EXCELLENTS<\/strong><\/p>\n<p>&nbsp;<\/p>\n<p>On pourrait ais\u00e9ment se contenter de cette avalanche, mais cette ann\u00e9e, les C\u00e9sar seront vraiment tr\u00e8s particuliers pour le cin\u00e9ma belge. Pour la premi\u00e8re fois deux courts m\u00e9trages r\u00e9alis\u00e9s chez nous ont l\u2019opportunit\u00e9 de remporter un troph\u00e9e sur les terres de nos voisins. De vraies et belles surprises qui s\u2019ajoutent \u00e0 la participation tout aussi enthousiasmante de <em>Dood van een Schaduw<\/em> aux Oscars, dimanche soir. Pr\u00e9tendre que la rel\u00e8ve belge est assur\u00e9e fait aujourd\u2019hui office de m\u00e8tre \u00e9talon du poncif cin\u00e9matographique.<\/p>\n<p>&nbsp;<\/p>\n<p><a rel=\"attachment wp-att-37867\" href=\"http:\/\/www.cinevox.be\/ave-cesar-le-cinema-belge-te-salue\/le-cri-du-homard_2-3\"><img loading=\"lazy\" decoding=\"async\" class=\"aligncenter size-full wp-image-37867\" title=\"le-cri-du-homard_2\" src=\"http:\/\/www.cinevox.be\/wp-content\/uploads\/2013\/02\/le-cri-du-homard_2.jpg\" alt=\"\" width=\"1919\" height=\"1035\" srcset=\"https:\/\/w-l-c.be\/wp-content\/uploads\/2013\/02\/le-cri-du-homard_2.jpg 1919w, https:\/\/w-l-c.be\/wp-content\/uploads\/2013\/02\/le-cri-du-homard_2-480x258.jpg 480w, https:\/\/w-l-c.be\/wp-content\/uploads\/2013\/02\/le-cri-du-homard_2-800x431.jpg 800w\" sizes=\"auto, (max-width: 1919px) 100vw, 1919px\" \/><\/a><\/p>\n<p>&nbsp;<\/p>\n<p>Produit en Belgique par Ultime Razzia Productions, <em>Le cri du Homard <\/em>est un court d\u00e9finitivement atypique puisque tourn\u00e9 en France\u2026et en russe. Couronn\u00e9 \u00e0 Media 10\/10, au Brussels short film festival, distingu\u00e9 \u00e0 trois reprises en France, le film de <strong>Nicolas Guiot<\/strong> a remport\u00e9 le 2 f\u00e9vrier dernier le Magritte de la sp\u00e9cialit\u00e9.\u00a0 S\u2019il doublait la mise, on ose \u00e0 peine imaginer la f\u00eate qui aurait lieu dans le clan des nombreux fans du film.<\/p>\n<p>&nbsp;<\/p>\n<p><a rel=\"attachment wp-att-37869\" href=\"http:\/\/www.cinevox.be\/ave-cesar-le-cinema-belge-te-salue\/images-42\"><img loading=\"lazy\" decoding=\"async\" class=\"aligncenter size-full wp-image-37869\" title=\"images\" src=\"http:\/\/www.cinevox.be\/wp-content\/uploads\/2013\/02\/images2.jpg\" alt=\"\" width=\"1024\" height=\"576\" srcset=\"https:\/\/w-l-c.be\/wp-content\/uploads\/2013\/02\/images2.jpg 1024w, https:\/\/w-l-c.be\/wp-content\/uploads\/2013\/02\/images2-200x113.jpg 200w, https:\/\/w-l-c.be\/wp-content\/uploads\/2013\/02\/images2-480x270.jpg 480w, https:\/\/w-l-c.be\/wp-content\/uploads\/2013\/02\/images2-800x450.jpg 800w, https:\/\/w-l-c.be\/wp-content\/uploads\/2013\/02\/images2-300x169.jpg 300w, https:\/\/w-l-c.be\/wp-content\/uploads\/2013\/02\/images2-620x350.jpg 620w\" sizes=\"auto, (max-width: 1024px) 100vw, 1024px\" \/><\/a><\/p>\n<p>&nbsp;<\/p>\n<p>L\u2019autre court est nomm\u00e9\u2026 dans la cat\u00e9gorie \u00ab\u00a0film d\u2019animation\u00a0\u00bb : <em>Oh Willy\u2026<\/em> d\u2019<strong>Emma de Swaef <\/strong>et <strong>Marc Roels <\/strong>a fait sensation partout \u00e0 travers le monde, mais le retrouver face \u00e0 des longs m\u00e9trages d\u2019animation sortis dans les salles fran\u00e7aises est une fameuse surprise. Son style unique et son propos d\u00e9capant ont interpell\u00e9 les votants. Son adversaire le plus coriace sera sans doute <em>Ernest et C\u00e9lestine. <\/em>Si la production de ce doux conte humaniste est majoritairement fran\u00e7aise et que le r\u00e9alisateur principal l\u2019est tout autant, le travail de <strong>Vincent Patar<\/strong> et <strong>St\u00e9phane Aubier <\/strong>sous la supervision \u00e9clair\u00e9e de <strong>Vincent Tavier,<\/strong> ainsi que l\u2019implication des Sorciers de <em>Digital Graphics<\/em> font notre fiert\u00e9. \u00a0Il est clairement favori !<\/p>\n<p>&nbsp;<\/p>\n<p><a rel=\"attachment wp-att-37870\" href=\"http:\/\/www.cinevox.be\/ave-cesar-le-cinema-belge-te-salue\/ernest-et-celestine-12-12-2012-8-g\"><img loading=\"lazy\" decoding=\"async\" class=\"aligncenter size-full wp-image-37870\" title=\"ernest-et-celestine-12-12-2012-8-g\" src=\"http:\/\/www.cinevox.be\/wp-content\/uploads\/2013\/02\/ernest-et-celestine-12-12-2012-8-g.jpg\" alt=\"\" width=\"1542\" height=\"496\" srcset=\"https:\/\/w-l-c.be\/wp-content\/uploads\/2013\/02\/ernest-et-celestine-12-12-2012-8-g.jpg 1542w, https:\/\/w-l-c.be\/wp-content\/uploads\/2013\/02\/ernest-et-celestine-12-12-2012-8-g-480x154.jpg 480w, https:\/\/w-l-c.be\/wp-content\/uploads\/2013\/02\/ernest-et-celestine-12-12-2012-8-g-800x257.jpg 800w\" sizes=\"auto, (max-width: 1542px) 100vw, 1542px\" \/><\/a><br \/>\nD\u00e9j\u00e0 globalement all\u00e9chants, Les C\u00e9sars auront donc cette ann\u00e9e une coloration tr\u00e8s belge qui les rendra encore plus passionnants pour les habitu\u00e9s de Cinevox.\u00a0 Nous ne manquerons pas de vous tenir au courant si quelques nominations devaient se concr\u00e9tiser par un prix retentissant. En direct vendredi sur notre page Facebook d\u00e8s 21h et ensuite sur notre site.<\/p>\n<p>&nbsp;<\/p>\n<p>Tous les nomin\u00e9s sont\u00a0<a href=\"http:\/\/www.cinevox.be\/cesars-toutes-les-nominations\" target=\"_blank\">ici<\/a><\/p>\n<p>&nbsp;<\/p>\n<p>&nbsp;<\/p>\n","protected":false},"excerpt":{"rendered":"<p>C\u2019est ce vendredi que seront remis les C\u00e9sar du cin\u00e9ma fran\u00e7ais.\u00a0 Jamel Debbouze qui a annonc\u00e9 qu\u2019il serait particuli\u00e8rement concentr\u00e9 sur sa t\u00e2che sera le pr\u00e9sident de cette 38e c\u00e9r\u00e9monie qui se d\u00e9roulera au th\u00e9\u00e2tre du Ch\u00e2telet, \u00e0 Paris. Si vous \u00eates client chez Voo vous pourrez suivre la soir\u00e9e sur BeTV (en clair). En &hellip;<\/p>\n","protected":false},"author":7,"featured_media":37872,"comment_status":"closed","ping_status":"closed","sticky":false,"template":"","format":"standard","meta":{"ngg_post_thumbnail":0,"footnotes":""},"categories":[12,7],"tags":[],"class_list":["post-37860","post","type-post","status-publish","format-standard","has-post-thumbnail","","category-awards","category-actualites"],"yoast_head":"<!-- This site is optimized with the Yoast SEO plugin v20.4 - https:\/\/yoast.com\/wordpress\/plugins\/seo\/ -->\n<title>Ave C\u00e9sar, le cin\u00e9ma belge te salue. - w-l-c<\/title>\n<meta name=\"robots\" content=\"noindex, follow, max-snippet:-1, max-image-preview:large, max-video-preview:-1\" \/>\n<meta property=\"og:locale\" content=\"fr_FR\" \/>\n<meta property=\"og:type\" content=\"article\" \/>\n<meta property=\"og:title\" content=\"Ave C\u00e9sar, le cin\u00e9ma belge te salue. - w-l-c\" \/>\n<meta property=\"og:description\" content=\"C\u2019est ce vendredi que seront remis les C\u00e9sar du cin\u00e9ma fran\u00e7ais.\u00a0 Jamel Debbouze qui a annonc\u00e9 qu\u2019il serait particuli\u00e8rement concentr\u00e9 sur sa t\u00e2che sera le pr\u00e9sident de cette 38e c\u00e9r\u00e9monie qui se d\u00e9roulera au th\u00e9\u00e2tre du Ch\u00e2telet, \u00e0 Paris. Si vous \u00eates client chez Voo vous pourrez suivre la soir\u00e9e sur BeTV (en clair). En &hellip;\" \/>\n<meta property=\"og:url\" content=\"https:\/\/w-l-c.be\/fr\/ave-cesar-le-cinema-belge-te-salue\/\" \/>\n<meta property=\"og:site_name\" content=\"w-l-c\" \/>\n<meta property=\"article:published_time\" content=\"2013-02-22T05:02:36+00:00\" \/>\n<meta property=\"article:modified_time\" content=\"2013-03-04T08:46:42+00:00\" \/>\n<meta property=\"og:image\" content=\"https:\/\/w-l-c.be\/wp-content\/uploads\/2013\/02\/Cesar_scaledown_450.jpg\" \/>\n\t<meta property=\"og:image:width\" content=\"450\" \/>\n\t<meta property=\"og:image:height\" content=\"299\" \/>\n\t<meta property=\"og:image:type\" content=\"image\/jpeg\" \/>\n<meta name=\"author\" content=\"Philippe.Pierquin\" \/>\n<meta name=\"twitter:card\" content=\"summary_large_image\" \/>\n<meta name=\"twitter:label1\" content=\"\u00c9crit par\" \/>\n\t<meta name=\"twitter:data1\" content=\"Philippe.Pierquin\" \/>\n\t<meta name=\"twitter:label2\" content=\"Dur\u00e9e de lecture estim\u00e9e\" \/>\n\t<meta name=\"twitter:data2\" content=\"6 minutes\" \/>\n<script type=\"application\/ld+json\" class=\"yoast-schema-graph\">{\"@context\":\"https:\/\/schema.org\",\"@graph\":[{\"@type\":\"WebPage\",\"@id\":\"https:\/\/w-l-c.be\/fr\/ave-cesar-le-cinema-belge-te-salue\/\",\"url\":\"https:\/\/w-l-c.be\/fr\/ave-cesar-le-cinema-belge-te-salue\/\",\"name\":\"Ave C\u00e9sar, le cin\u00e9ma belge te salue. - w-l-c\",\"isPartOf\":{\"@id\":\"https:\/\/w-l-c.be\/fr\/#website\"},\"datePublished\":\"2013-02-22T05:02:36+00:00\",\"dateModified\":\"2013-03-04T08:46:42+00:00\",\"author\":{\"@id\":\"https:\/\/w-l-c.be\/fr\/#\/schema\/person\/4b9b1d857f0943453a38a7c2859ef756\"},\"breadcrumb\":{\"@id\":\"https:\/\/w-l-c.be\/fr\/ave-cesar-le-cinema-belge-te-salue\/#breadcrumb\"},\"inLanguage\":\"fr-FR\",\"potentialAction\":[{\"@type\":\"ReadAction\",\"target\":[\"https:\/\/w-l-c.be\/fr\/ave-cesar-le-cinema-belge-te-salue\/\"]}]},{\"@type\":\"BreadcrumbList\",\"@id\":\"https:\/\/w-l-c.be\/fr\/ave-cesar-le-cinema-belge-te-salue\/#breadcrumb\",\"itemListElement\":[{\"@type\":\"ListItem\",\"position\":1,\"name\":\"Accueil\",\"item\":\"https:\/\/w-l-c.be\/fr\/\"},{\"@type\":\"ListItem\",\"position\":2,\"name\":\"Ave C\u00e9sar, le cin\u00e9ma belge te salue.\"}]},{\"@type\":\"WebSite\",\"@id\":\"https:\/\/w-l-c.be\/fr\/#website\",\"url\":\"https:\/\/w-l-c.be\/fr\/\",\"name\":\"w-l-c\",\"description\":\"Le cin\u00e9ma vu par les belges\",\"potentialAction\":[{\"@type\":\"SearchAction\",\"target\":{\"@type\":\"EntryPoint\",\"urlTemplate\":\"https:\/\/w-l-c.be\/fr\/?s={search_term_string}\"},\"query-input\":\"required name=search_term_string\"}],\"inLanguage\":\"fr-FR\"},{\"@type\":\"Person\",\"@id\":\"https:\/\/w-l-c.be\/fr\/#\/schema\/person\/4b9b1d857f0943453a38a7c2859ef756\",\"name\":\"Philippe.Pierquin\",\"url\":\"https:\/\/w-l-c.be\/fr\/author\/philippe-pierquin\/\"}]}<\/script>\n<!-- \/ Yoast SEO plugin. -->","yoast_head_json":{"title":"Ave C\u00e9sar, le cin\u00e9ma belge te salue. - w-l-c","robots":{"index":"noindex","follow":"follow","max-snippet":"max-snippet:-1","max-image-preview":"max-image-preview:large","max-video-preview":"max-video-preview:-1"},"og_locale":"fr_FR","og_type":"article","og_title":"Ave C\u00e9sar, le cin\u00e9ma belge te salue. - w-l-c","og_description":"C\u2019est ce vendredi que seront remis les C\u00e9sar du cin\u00e9ma fran\u00e7ais.\u00a0 Jamel Debbouze qui a annonc\u00e9 qu\u2019il serait particuli\u00e8rement concentr\u00e9 sur sa t\u00e2che sera le pr\u00e9sident de cette 38e c\u00e9r\u00e9monie qui se d\u00e9roulera au th\u00e9\u00e2tre du Ch\u00e2telet, \u00e0 Paris. Si vous \u00eates client chez Voo vous pourrez suivre la soir\u00e9e sur BeTV (en clair). En &hellip;","og_url":"https:\/\/w-l-c.be\/fr\/ave-cesar-le-cinema-belge-te-salue\/","og_site_name":"w-l-c","article_published_time":"2013-02-22T05:02:36+00:00","article_modified_time":"2013-03-04T08:46:42+00:00","og_image":[{"width":"450","height":"299","url":"https:\/\/w-l-c.be\/wp-content\/uploads\/2013\/02\/Cesar_scaledown_450.jpg","type":"image\/jpeg"}],"author":"Philippe.Pierquin","twitter_card":"summary_large_image","twitter_misc":{"\u00c9crit par":"Philippe.Pierquin","Dur\u00e9e de lecture estim\u00e9e":"6 minutes"},"schema":{"@context":"https:\/\/schema.org","@graph":[{"@type":"WebPage","@id":"https:\/\/w-l-c.be\/fr\/ave-cesar-le-cinema-belge-te-salue\/","url":"https:\/\/w-l-c.be\/fr\/ave-cesar-le-cinema-belge-te-salue\/","name":"Ave C\u00e9sar, le cin\u00e9ma belge te salue. - w-l-c","isPartOf":{"@id":"https:\/\/w-l-c.be\/fr\/#website"},"datePublished":"2013-02-22T05:02:36+00:00","dateModified":"2013-03-04T08:46:42+00:00","author":{"@id":"https:\/\/w-l-c.be\/fr\/#\/schema\/person\/4b9b1d857f0943453a38a7c2859ef756"},"breadcrumb":{"@id":"https:\/\/w-l-c.be\/fr\/ave-cesar-le-cinema-belge-te-salue\/#breadcrumb"},"inLanguage":"fr-FR","potentialAction":[{"@type":"ReadAction","target":["https:\/\/w-l-c.be\/fr\/ave-cesar-le-cinema-belge-te-salue\/"]}]},{"@type":"BreadcrumbList","@id":"https:\/\/w-l-c.be\/fr\/ave-cesar-le-cinema-belge-te-salue\/#breadcrumb","itemListElement":[{"@type":"ListItem","position":1,"name":"Accueil","item":"https:\/\/w-l-c.be\/fr\/"},{"@type":"ListItem","position":2,"name":"Ave C\u00e9sar, le cin\u00e9ma belge te salue."}]},{"@type":"WebSite","@id":"https:\/\/w-l-c.be\/fr\/#website","url":"https:\/\/w-l-c.be\/fr\/","name":"w-l-c","description":"Le cin\u00e9ma vu par les belges","potentialAction":[{"@type":"SearchAction","target":{"@type":"EntryPoint","urlTemplate":"https:\/\/w-l-c.be\/fr\/?s={search_term_string}"},"query-input":"required name=search_term_string"}],"inLanguage":"fr-FR"},{"@type":"Person","@id":"https:\/\/w-l-c.be\/fr\/#\/schema\/person\/4b9b1d857f0943453a38a7c2859ef756","name":"Philippe.Pierquin","url":"https:\/\/w-l-c.be\/fr\/author\/philippe-pierquin\/"}]}},"_links":{"self":[{"href":"https:\/\/w-l-c.be\/fr\/wp-json\/wp\/v2\/posts\/37860","targetHints":{"allow":["GET"]}}],"collection":[{"href":"https:\/\/w-l-c.be\/fr\/wp-json\/wp\/v2\/posts"}],"about":[{"href":"https:\/\/w-l-c.be\/fr\/wp-json\/wp\/v2\/types\/post"}],"author":[{"embeddable":true,"href":"https:\/\/w-l-c.be\/fr\/wp-json\/wp\/v2\/users\/7"}],"replies":[{"embeddable":true,"href":"https:\/\/w-l-c.be\/fr\/wp-json\/wp\/v2\/comments?post=37860"}],"version-history":[{"count":0,"href":"https:\/\/w-l-c.be\/fr\/wp-json\/wp\/v2\/posts\/37860\/revisions"}],"wp:featuredmedia":[{"embeddable":true,"href":"https:\/\/w-l-c.be\/fr\/wp-json\/wp\/v2\/media\/37872"}],"wp:attachment":[{"href":"https:\/\/w-l-c.be\/fr\/wp-json\/wp\/v2\/media?parent=37860"}],"wp:term":[{"taxonomy":"category","embeddable":true,"href":"https:\/\/w-l-c.be\/fr\/wp-json\/wp\/v2\/categories?post=37860"},{"taxonomy":"post_tag","embeddable":true,"href":"https:\/\/w-l-c.be\/fr\/wp-json\/wp\/v2\/tags?post=37860"}],"curies":[{"name":"wp","href":"https:\/\/api.w.org\/{rel}","templated":true}]}}