
{"id":38017,"date":"2013-02-22T22:52:09","date_gmt":"2013-02-22T22:52:09","guid":{"rendered":"http:\/\/www.cinevox.be\/?p=38017"},"modified":"2013-02-27T08:36:36","modified_gmt":"2013-02-27T08:36:36","slug":"palmares-du-festival-international-du-film-damour-2013","status":"publish","type":"post","link":"https:\/\/w-l-c.be\/fr\/palmares-du-festival-international-du-film-damour-2013\/","title":{"rendered":"Palmares du Festival International du Film d&rsquo;amour 2013"},"content":{"rendered":"<p>Le festival international du film d&rsquo;amour de Mons est termin\u00e9: voici le palmar\u00e8s !<!--more--><\/p>\n<p>Le\u00a0<strong>Prix UPCB<\/strong> (Union de la Presse Cin\u00e9matographique Belge) est attribu\u00e9 au court m\u00e9trage\u00a0<strong><em>Sac de noeuds<\/em> <\/strong>d&rsquo;Eve DUCHEMIN (Belgique)<\/p>\n<p>&nbsp;<\/p>\n<p>Le\u00a0<strong>Prix du Meilleur Court M\u00e9trage Belge<\/strong> est attribu\u00e9 \u00e0\u00a0<strong><em>Sac de noeuds<\/em><\/strong> d&rsquo;Eve DUCHEMIN (Belgique)<\/p>\n<p>&nbsp;<\/p>\n<p>Le\u00a0<strong>Prix du Meilleur Court M\u00e9trage International<\/strong> est attribu\u00e9 \u00e0\u00a0<strong><em>The Curse<\/em><\/strong> de Fyzal BOULIFA (Maroc\/Grande-Bretagne)<\/p>\n<p>&nbsp;<\/p>\n<p>Le\u00a0<strong>Prix du Jury Cin\u00e9Femme<\/strong> est attribu\u00e9 \u00e0\u00a0<strong><em>Halima\u2019s Path<\/em><\/strong> d&rsquo;Arsen Anton OSTOJIC (Croatie\/Slov\u00e9nie\/Bosnie)<\/p>\n<p>&nbsp;<\/p>\n<p>Le\u00a0<strong>Prix de la Comp\u00e9tition du Premier Film Europ\u00e9en<\/strong> est attribu\u00e9 \u00e0\u00a0<strong><em>Faith, Love and Whiskey<\/em> <\/strong>de Kristina NIKOLOVA (Bulgarie)<\/p>\n<p>&nbsp;<\/p>\n<p>Le\u00a0<strong>Prix du Jury FEDEORA<\/strong> est attribu\u00e9 \u00e0<strong> <em>Chrysalis <\/em><\/strong>de Paula ORTIZ (Espagne)<\/p>\n<p>&nbsp;<\/p>\n<p>Le\u00a0<strong>Prix BeTV<\/strong> est attribu\u00e9 \u00e0\u00a0<strong><em>Elefante Blanco<\/em><\/strong> de Pablo TRAPERO (Argentine\/Espagne)<\/p>\n<p>&nbsp;<\/p>\n<p><a rel=\"attachment wp-att-38034\" href=\"http:\/\/www.cinevox.be\/palmares-du-festival-international-du-film-damour-2013\/20413889-jpg-r_640_600-b_1_d6d6d6-f_jpg-q_x-xxyxx\"><img loading=\"lazy\" decoding=\"async\" class=\"aligncenter size-full wp-image-38034\" title=\"20413889.jpg-r_640_600-b_1_D6D6D6-f_jpg-q_x-xxyxx\" src=\"http:\/\/www.cinevox.be\/wp-content\/uploads\/2013\/02\/20413889.jpg-r_640_600-b_1_D6D6D6-f_jpg-q_x-xxyxx.jpg\" alt=\"\" width=\"640\" height=\"427\" srcset=\"https:\/\/w-l-c.be\/wp-content\/uploads\/2013\/02\/20413889.jpg-r_640_600-b_1_D6D6D6-f_jpg-q_x-xxyxx.jpg 640w, https:\/\/w-l-c.be\/wp-content\/uploads\/2013\/02\/20413889.jpg-r_640_600-b_1_D6D6D6-f_jpg-q_x-xxyxx-404x270.jpg 404w\" sizes=\"auto, (max-width: 640px) 100vw, 640px\" \/><\/a><\/p>\n<p>&nbsp;<\/p>\n<p>Le\u00a0<strong>Prix du Public<\/strong><strong> et de la Ville de Mons<\/strong> est attribu\u00e9 \u00e0\u00a0<strong><em>Une Chanson pour ma m\u00e8re<\/em><\/strong> de Jo\u00ebl FRANKA (France\/Belgique)<\/p>\n<p>&nbsp;<\/p>\n<p>Le\u00a0<strong>Prix du Meilleur Sc\u00e9nario<\/strong> est attribu\u00e9 \u00e0\u00a0<strong><em>Le Professeur <\/em><\/strong>de Mahmoud BEN MAHMOUD (Tunisie\/Belgique)<\/p>\n<p>&nbsp;<\/p>\n<p>Le\u00a0<strong>Prix d&rsquo;Interpr\u00e9tation F\u00e9minine<\/strong> est attribu\u00e9 \u00e0 Alma PRICA pour sa prestation dans le film\u00a0<em><strong>Halima&rsquo;s Path<\/strong><\/em> d&rsquo;Arsen Anton OSTOJIC\u00a0(Croatie\/Slov\u00e9nie\/Bosnie)<\/p>\n<p>&nbsp;<\/p>\n<p>Le\u00a0<strong>Prix d&rsquo;Interpr\u00e9tation Masculine<\/strong> est attribu\u00e9 \u00e0 Valerio MASTANDREA pour sa prestation dans le film<strong><em>Gli Equilibristi<\/em> <\/strong>d&rsquo;Ivano DE MATTEO (Italie)<\/p>\n<p>&nbsp;<\/p>\n<p>Le\u00a0<strong>Coup de Coeur du Jury<\/strong> est attribu\u00e9 \u00e0\u00a0<strong><em>Naked Harbour<\/em><\/strong> de Aku LOUHIMIES (Finlande)<\/p>\n<p>&nbsp;<\/p>\n<p>Le\u00a0<strong>Prix Sp\u00e9cial de la Ville de Mons<\/strong> est attribu\u00e9 \u00e0\u00a0<strong><em>Apr\u00e8s la bataille<\/em><\/strong> de Yousry NASRALLAH (France\/Egypt)<br \/>\nLe\u00a0<strong>Grand Prix du Festival<\/strong> est attribu\u00e9 \u00e0\u00a0<strong><em>Halima&rsquo;s Path<\/em><\/strong> d&rsquo;Arsen Anton OSTOJIC\u00a0(Croatie\/Slov\u00e9nie\/Bosnie)<\/p>\n<p>&nbsp;<\/p>\n<table cellspacing=\"5\">\n<tbody>\n<tr>\n<td colspan=\"2\">Apr\u00e8s une semaine remplie d&rsquo;\u00e9motions, voici le Palmar\u00e8s tant attendu de cette 29\u00e8me \u00e9dition du Festival International du Film d&rsquo;Amour de Mons:&nbsp;<\/p>\n<p>&nbsp;<\/td>\n<\/tr>\n<\/tbody>\n<\/table>\n<p>&nbsp;<\/p>\n","protected":false},"excerpt":{"rendered":"<p>Le festival international du film d&rsquo;amour de Mons est termin\u00e9: voici le palmar\u00e8s !<\/p>\n","protected":false},"author":7,"featured_media":38019,"comment_status":"closed","ping_status":"closed","sticky":false,"template":"","format":"standard","meta":{"ngg_post_thumbnail":0,"footnotes":""},"categories":[12,7],"tags":[],"class_list":["post-38017","post","type-post","status-publish","format-standard","has-post-thumbnail","","category-awards","category-actualites"],"yoast_head":"<!-- This site is optimized with the Yoast SEO plugin v20.4 - https:\/\/yoast.com\/wordpress\/plugins\/seo\/ -->\n<title>Palmares du Festival International du Film d&#039;amour 2013 - w-l-c<\/title>\n<meta name=\"robots\" content=\"noindex, follow, max-snippet:-1, max-image-preview:large, max-video-preview:-1\" \/>\n<meta property=\"og:locale\" content=\"fr_FR\" \/>\n<meta property=\"og:type\" content=\"article\" \/>\n<meta property=\"og:title\" content=\"Palmares du Festival International du Film d&#039;amour 2013 - w-l-c\" \/>\n<meta property=\"og:description\" content=\"Le festival international du film d&rsquo;amour de Mons est termin\u00e9: voici le palmar\u00e8s !\" \/>\n<meta property=\"og:url\" content=\"https:\/\/w-l-c.be\/fr\/palmares-du-festival-international-du-film-damour-2013\/\" \/>\n<meta property=\"og:site_name\" content=\"w-l-c\" \/>\n<meta property=\"article:published_time\" content=\"2013-02-22T22:52:09+00:00\" \/>\n<meta property=\"article:modified_time\" content=\"2013-02-27T08:36:36+00:00\" \/>\n<meta property=\"og:image\" content=\"https:\/\/w-l-c.be\/wp-content\/uploads\/2013\/02\/2013-02-22_23h51_48.jpg\" \/>\n\t<meta property=\"og:image:width\" content=\"550\" \/>\n\t<meta property=\"og:image:height\" content=\"238\" \/>\n\t<meta property=\"og:image:type\" content=\"image\/jpeg\" \/>\n<meta name=\"author\" content=\"Philippe.Pierquin\" \/>\n<meta name=\"twitter:card\" content=\"summary_large_image\" \/>\n<meta name=\"twitter:label1\" content=\"\u00c9crit par\" \/>\n\t<meta name=\"twitter:data1\" content=\"Philippe.Pierquin\" \/>\n\t<meta name=\"twitter:label2\" content=\"Dur\u00e9e de lecture estim\u00e9e\" \/>\n\t<meta name=\"twitter:data2\" content=\"2 minutes\" \/>\n<script type=\"application\/ld+json\" class=\"yoast-schema-graph\">{\"@context\":\"https:\/\/schema.org\",\"@graph\":[{\"@type\":\"WebPage\",\"@id\":\"https:\/\/w-l-c.be\/fr\/palmares-du-festival-international-du-film-damour-2013\/\",\"url\":\"https:\/\/w-l-c.be\/fr\/palmares-du-festival-international-du-film-damour-2013\/\",\"name\":\"Palmares du Festival International du Film d'amour 2013 - w-l-c\",\"isPartOf\":{\"@id\":\"https:\/\/w-l-c.be\/fr\/#website\"},\"datePublished\":\"2013-02-22T22:52:09+00:00\",\"dateModified\":\"2013-02-27T08:36:36+00:00\",\"author\":{\"@id\":\"https:\/\/w-l-c.be\/fr\/#\/schema\/person\/4b9b1d857f0943453a38a7c2859ef756\"},\"breadcrumb\":{\"@id\":\"https:\/\/w-l-c.be\/fr\/palmares-du-festival-international-du-film-damour-2013\/#breadcrumb\"},\"inLanguage\":\"fr-FR\",\"potentialAction\":[{\"@type\":\"ReadAction\",\"target\":[\"https:\/\/w-l-c.be\/fr\/palmares-du-festival-international-du-film-damour-2013\/\"]}]},{\"@type\":\"BreadcrumbList\",\"@id\":\"https:\/\/w-l-c.be\/fr\/palmares-du-festival-international-du-film-damour-2013\/#breadcrumb\",\"itemListElement\":[{\"@type\":\"ListItem\",\"position\":1,\"name\":\"Accueil\",\"item\":\"https:\/\/w-l-c.be\/fr\/\"},{\"@type\":\"ListItem\",\"position\":2,\"name\":\"Palmares du Festival International du Film d&rsquo;amour 2013\"}]},{\"@type\":\"WebSite\",\"@id\":\"https:\/\/w-l-c.be\/fr\/#website\",\"url\":\"https:\/\/w-l-c.be\/fr\/\",\"name\":\"w-l-c\",\"description\":\"Le cin\u00e9ma vu par les belges\",\"potentialAction\":[{\"@type\":\"SearchAction\",\"target\":{\"@type\":\"EntryPoint\",\"urlTemplate\":\"https:\/\/w-l-c.be\/fr\/?s={search_term_string}\"},\"query-input\":\"required name=search_term_string\"}],\"inLanguage\":\"fr-FR\"},{\"@type\":\"Person\",\"@id\":\"https:\/\/w-l-c.be\/fr\/#\/schema\/person\/4b9b1d857f0943453a38a7c2859ef756\",\"name\":\"Philippe.Pierquin\",\"url\":\"https:\/\/w-l-c.be\/fr\/author\/philippe-pierquin\/\"}]}<\/script>\n<!-- \/ Yoast SEO plugin. -->","yoast_head_json":{"title":"Palmares du Festival International du Film d'amour 2013 - w-l-c","robots":{"index":"noindex","follow":"follow","max-snippet":"max-snippet:-1","max-image-preview":"max-image-preview:large","max-video-preview":"max-video-preview:-1"},"og_locale":"fr_FR","og_type":"article","og_title":"Palmares du Festival International du Film d'amour 2013 - w-l-c","og_description":"Le festival international du film d&rsquo;amour de Mons est termin\u00e9: voici le palmar\u00e8s !","og_url":"https:\/\/w-l-c.be\/fr\/palmares-du-festival-international-du-film-damour-2013\/","og_site_name":"w-l-c","article_published_time":"2013-02-22T22:52:09+00:00","article_modified_time":"2013-02-27T08:36:36+00:00","og_image":[{"width":"550","height":"238","url":"https:\/\/w-l-c.be\/wp-content\/uploads\/2013\/02\/2013-02-22_23h51_48.jpg","type":"image\/jpeg"}],"author":"Philippe.Pierquin","twitter_card":"summary_large_image","twitter_misc":{"\u00c9crit par":"Philippe.Pierquin","Dur\u00e9e de lecture estim\u00e9e":"2 minutes"},"schema":{"@context":"https:\/\/schema.org","@graph":[{"@type":"WebPage","@id":"https:\/\/w-l-c.be\/fr\/palmares-du-festival-international-du-film-damour-2013\/","url":"https:\/\/w-l-c.be\/fr\/palmares-du-festival-international-du-film-damour-2013\/","name":"Palmares du Festival International du Film d'amour 2013 - w-l-c","isPartOf":{"@id":"https:\/\/w-l-c.be\/fr\/#website"},"datePublished":"2013-02-22T22:52:09+00:00","dateModified":"2013-02-27T08:36:36+00:00","author":{"@id":"https:\/\/w-l-c.be\/fr\/#\/schema\/person\/4b9b1d857f0943453a38a7c2859ef756"},"breadcrumb":{"@id":"https:\/\/w-l-c.be\/fr\/palmares-du-festival-international-du-film-damour-2013\/#breadcrumb"},"inLanguage":"fr-FR","potentialAction":[{"@type":"ReadAction","target":["https:\/\/w-l-c.be\/fr\/palmares-du-festival-international-du-film-damour-2013\/"]}]},{"@type":"BreadcrumbList","@id":"https:\/\/w-l-c.be\/fr\/palmares-du-festival-international-du-film-damour-2013\/#breadcrumb","itemListElement":[{"@type":"ListItem","position":1,"name":"Accueil","item":"https:\/\/w-l-c.be\/fr\/"},{"@type":"ListItem","position":2,"name":"Palmares du Festival International du Film d&rsquo;amour 2013"}]},{"@type":"WebSite","@id":"https:\/\/w-l-c.be\/fr\/#website","url":"https:\/\/w-l-c.be\/fr\/","name":"w-l-c","description":"Le cin\u00e9ma vu par les belges","potentialAction":[{"@type":"SearchAction","target":{"@type":"EntryPoint","urlTemplate":"https:\/\/w-l-c.be\/fr\/?s={search_term_string}"},"query-input":"required name=search_term_string"}],"inLanguage":"fr-FR"},{"@type":"Person","@id":"https:\/\/w-l-c.be\/fr\/#\/schema\/person\/4b9b1d857f0943453a38a7c2859ef756","name":"Philippe.Pierquin","url":"https:\/\/w-l-c.be\/fr\/author\/philippe-pierquin\/"}]}},"_links":{"self":[{"href":"https:\/\/w-l-c.be\/fr\/wp-json\/wp\/v2\/posts\/38017","targetHints":{"allow":["GET"]}}],"collection":[{"href":"https:\/\/w-l-c.be\/fr\/wp-json\/wp\/v2\/posts"}],"about":[{"href":"https:\/\/w-l-c.be\/fr\/wp-json\/wp\/v2\/types\/post"}],"author":[{"embeddable":true,"href":"https:\/\/w-l-c.be\/fr\/wp-json\/wp\/v2\/users\/7"}],"replies":[{"embeddable":true,"href":"https:\/\/w-l-c.be\/fr\/wp-json\/wp\/v2\/comments?post=38017"}],"version-history":[{"count":0,"href":"https:\/\/w-l-c.be\/fr\/wp-json\/wp\/v2\/posts\/38017\/revisions"}],"wp:featuredmedia":[{"embeddable":true,"href":"https:\/\/w-l-c.be\/fr\/wp-json\/wp\/v2\/media\/38019"}],"wp:attachment":[{"href":"https:\/\/w-l-c.be\/fr\/wp-json\/wp\/v2\/media?parent=38017"}],"wp:term":[{"taxonomy":"category","embeddable":true,"href":"https:\/\/w-l-c.be\/fr\/wp-json\/wp\/v2\/categories?post=38017"},{"taxonomy":"post_tag","embeddable":true,"href":"https:\/\/w-l-c.be\/fr\/wp-json\/wp\/v2\/tags?post=38017"}],"curies":[{"name":"wp","href":"https:\/\/api.w.org\/{rel}","templated":true}]}}