
{"id":38101,"date":"2013-03-04T08:22:49","date_gmt":"2013-03-04T08:22:49","guid":{"rendered":"http:\/\/www.cinevox.be\/?p=38101"},"modified":"2013-03-04T10:48:17","modified_gmt":"2013-03-04T10:48:17","slug":"25-editions-en-37-ans-le-festival-du-cinema-belge-de-moustier-en-pleine-forme","status":"publish","type":"post","link":"https:\/\/w-l-c.be\/fr\/25-editions-en-37-ans-le-festival-du-cinema-belge-de-moustier-en-pleine-forme\/","title":{"rendered":"25 \u00e9ditions en 37 ans <br> le Festival du Cin\u00e9ma belge de Moustier en pleine forme"},"content":{"rendered":"<p>C\u2019est une bonne nouvelle : depuis deux ou trois ans, le public et surtout les m\u00e9dias s\u2019int\u00e9ressent de plus en plus au cin\u00e9ma belge. Certains valeureux passionn\u00e9s n\u2019ont pourtant pas attendu cette vague de curiosit\u00e9 pour focaliser leur attention sur le 7<sup>e<\/sup> Art d\u2019ici.<!--more--><\/p>\n<p>&nbsp;<\/p>\n<p>Le FIFF namurois et le Film festival Ghent ont, de tout temps, port\u00e9 une attention particuli\u00e8re \u00e0 nos cin\u00e9astes. Plus r\u00e9cemment le Filmfestival Oostende o\u00f9 sont remis les Ensors du cin\u00e9ma flamand a largement braqu\u00e9 ses projecteurs sur les films belges. Et le Be Film festival organis\u00e9 en toute fin d\u2019ann\u00e9e \u00e0 Bruxelles pourrait facilement s\u2019appeler Festival Cinevox puisqu&rsquo;il concentre toute son \u00e9nergie et son attention sur les \u0153uvres r\u00e9alis\u00e9es dans nos r\u00e9gions.<\/p>\n<p>&nbsp;<\/p>\n<p style=\"text-align: right;\"><a rel=\"attachment wp-att-38112\" href=\"http:\/\/www.cinevox.be\/25-editions-en-37-ans-le-festival-du-cinema-belge-de-moustier-en-pleine-forme\/namurimage-44\"><img loading=\"lazy\" decoding=\"async\" class=\"aligncenter size-full wp-image-38112\" title=\"namurimage-44\" src=\"http:\/\/www.cinevox.be\/wp-content\/uploads\/2013\/02\/namurimage-44.jpg\" alt=\"\" width=\"751\" height=\"500\" srcset=\"https:\/\/w-l-c.be\/wp-content\/uploads\/2013\/02\/namurimage-44.jpg 751w, https:\/\/w-l-c.be\/wp-content\/uploads\/2013\/02\/namurimage-44-405x270.jpg 405w\" sizes=\"auto, (max-width: 751px) 100vw, 751px\" \/><\/a><em>[Photo Namurimage 2012 ]<\/em><\/p>\n<p>&nbsp;<\/p>\n<p>Mais le Festival du Cin\u00e9ma belge de Moustier est le p\u00e8re fondateur de ce mouvement. Fond\u00e9 en 1976, il f\u00eate cette ann\u00e9e sa 25e \u00e9dition. C\u2019est dire qu\u2019il a su g\u00e9n\u00e9rer l\u2019enthousiasme chez les fans et les professionnels du cin\u00e9ma belge qui adorent son ambiance conviviale, inimitable. Vous pouvez tendre l\u2019oreille autour de vous: m\u00eame les plus cyniques ont toujours un petit mot gentil pour cette manifestation sympathique. Sympathique ne signifiant pas amateur. Tous ceux qui y ont assist\u00e9 vous jureront que l\u2019organisation \u00e0 taille humaine est parfaite. Tr\u00e8s d\u00e9contract\u00e9e, mais pr\u00e9cise. Avec un sens de l&rsquo;accueil convivial assez exceptionnel. Tr\u00e8s belge, en fait.<\/p>\n<p>&nbsp;<\/p>\n<p style=\"text-align: right;\"><a rel=\"attachment wp-att-38102\" href=\"http:\/\/www.cinevox.be\/25-editions-en-37-ans-le-festival-du-cinema-belge-de-moustier-en-pleine-forme\/remember_007\"><img loading=\"lazy\" decoding=\"async\" class=\"size-full wp-image-38102 aligncenter\" title=\"remember_007\" src=\"http:\/\/www.cinevox.be\/wp-content\/uploads\/2013\/02\/remember_007.jpg\" alt=\"\" width=\"750\" height=\"500\" srcset=\"https:\/\/w-l-c.be\/wp-content\/uploads\/2013\/02\/remember_007.jpg 750w, https:\/\/w-l-c.be\/wp-content\/uploads\/2013\/02\/remember_007-405x270.jpg 405w\" sizes=\"auto, (max-width: 750px) 100vw, 750px\" \/><\/a><em>Souvenirs de l&rsquo;\u00e9dition 86<\/em><\/p>\n<p>&nbsp;<\/p>\n<p>&nbsp;<\/p>\n<p>Comme l\u2019an dernier, cette cuv\u00e9e du Festival du Cin\u00e9ma belge de Moustier aura \u00e0 nouveau lieu \u00e0 la Salle de l\u2019Amical Solvay, Rue du Br\u00fbl\u00e9 n\u00b032 \u00e0 Jemeppe-sur-Sambre. Depuis l\u2019incendie qui a ravag\u00e9 le centre culturel Gabrielle Bernard en d\u00e9cembre 2009, la manifestation a d\u00fb s\u2019exiler, mais se tient pr\u00eate \u00e0 faire son retour dans son fief lorsque la reconstruction sera termin\u00e9e.<\/p>\n<p>&nbsp;<\/p>\n<p>En attendant, c\u2019est dans un cadre art d\u00e9co mis \u00e0 la disposition des cin\u00e9philes par Solvay et avec un projecteur num\u00e9rique tout neuf offert par la province de Namur que ce festival, soutenu par la <em>f\u00e9d\u00e9ration Wallonie-Bruxelles<\/em> poursuivra cette ann\u00e9e son petit bonhomme de chemin. Du 4 au 10 mars, on pourra y (re)voir les courts et longs m\u00e9trages qui ont fait l\u2019actualit\u00e9 cette ann\u00e9e. Souvent en pr\u00e9sence des \u00e9quipes, car tout le monde adore participer \u00e0 ce festival qui ne s\u2019est pas pris le melon.<\/p>\n<p>&nbsp;<\/p>\n<p>Historiquement organis\u00e9 \u00e0 partir du mercredi, le Festival commen\u00e7ait depuis quelques ann\u00e9es le mardi. Pour cette 25e \u00e9dition, il s\u2019allonge encore d\u2019un jour pour d\u00e9marrer le lundi. En 2013, le Festival aura donc une dur\u00e9e de 7 jours : il faut bien caser tous les bons films belges \u00e0 (re)voir.<\/p>\n<p>&nbsp;<\/p>\n<p><a rel=\"attachment wp-att-38103\" href=\"http:\/\/www.cinevox.be\/25-editions-en-37-ans-le-festival-du-cinema-belge-de-moustier-en-pleine-forme\/177849_3782277269003_161405790_o-3\"><img loading=\"lazy\" decoding=\"async\" class=\"aligncenter size-full wp-image-38103\" title=\"177849_3782277269003_161405790_o\" src=\"http:\/\/www.cinevox.be\/wp-content\/uploads\/2013\/02\/177849_3782277269003_161405790_o.jpg\" alt=\"\" width=\"1591\" height=\"664\" srcset=\"https:\/\/w-l-c.be\/wp-content\/uploads\/2013\/02\/177849_3782277269003_161405790_o.jpg 1591w, https:\/\/w-l-c.be\/wp-content\/uploads\/2013\/02\/177849_3782277269003_161405790_o-480x200.jpg 480w, https:\/\/w-l-c.be\/wp-content\/uploads\/2013\/02\/177849_3782277269003_161405790_o-800x333.jpg 800w\" sizes=\"auto, (max-width: 1591px) 100vw, 1591px\" \/><\/a><\/p>\n<p>&nbsp;<\/p>\n<p>Au menu, <em>A Perdre la Raison<\/em> (le 4), <em>Dead Man Talking<\/em> (le 5), <em>Ernest et C\u00e9lestine<\/em> et <em>Au Nom du Fils<\/em> (le mercredi 6), <em>Ombline<\/em> (coproduction belge) et <em>Tango Libre<\/em> (le 7), <em>Hors les Murs<\/em> et <em>Sous le Figuier<\/em> en avant-premi\u00e8re le 8, <em>Couleur de Peau Miel<\/em> et les coproductions <em>Les Chevaux de Dieu<\/em> et <em>le Capital<\/em> le 9. <em>Populaire <\/em>et<em> La T\u00eate La Premi\u00e8re<\/em> cl\u00f4tureront les festivit\u00e9s \u00a0le 10. Le tout pr\u00e9c\u00e9d\u00e9 de quelques-uns des courts m\u00e9trages les plus croustillants de l\u2019ann\u00e9e.<\/p>\n<p>&nbsp;<\/p>\n<p><a rel=\"attachment wp-att-38104\" href=\"http:\/\/www.cinevox.be\/25-editions-en-37-ans-le-festival-du-cinema-belge-de-moustier-en-pleine-forme\/ben-5\"><img loading=\"lazy\" decoding=\"async\" class=\"aligncenter size-full wp-image-38104\" title=\"ben\" src=\"http:\/\/www.cinevox.be\/wp-content\/uploads\/2013\/02\/ben.jpg\" alt=\"\" width=\"640\" height=\"314\" srcset=\"https:\/\/w-l-c.be\/wp-content\/uploads\/2013\/02\/ben.jpg 640w, https:\/\/w-l-c.be\/wp-content\/uploads\/2013\/02\/ben-480x235.jpg 480w\" sizes=\"auto, (max-width: 640px) 100vw, 640px\" \/><\/a><\/p>\n<p>&nbsp;<\/p>\n<p>Mais \u00e9galement deux reprises: <em>C\u2019est Arriv\u00e9 pr\u00e8s de chez vous<\/em> (le 6) qui f\u00eate cette ann\u00e9e son 20<sup>e<\/sup> anniversaire et <em>La Vie R\u00eav\u00e9e des Anges<\/em> (le 9) qui permettra de revoir dans le r\u00f4le qui l\u2019a r\u00e9v\u00e9l\u00e9e de <strong>Natacha R\u00e9gnier<\/strong> qui sera cette ann\u00e9e l\u2019invit\u00e9e d\u2019honneur du Festival.<\/p>\n<p>&nbsp;<\/p>\n<p style=\"text-align: right;\"><a rel=\"attachment wp-att-38105\" href=\"http:\/\/www.cinevox.be\/25-editions-en-37-ans-le-festival-du-cinema-belge-de-moustier-en-pleine-forme\/img_8319-2\"><img loading=\"lazy\" decoding=\"async\" class=\"aligncenter size-full wp-image-38105\" title=\"IMG_8319\" src=\"http:\/\/www.cinevox.be\/wp-content\/uploads\/2013\/02\/IMG_83191.jpg\" alt=\"\" width=\"5184\" height=\"3456\" srcset=\"https:\/\/w-l-c.be\/wp-content\/uploads\/2013\/02\/IMG_83191.jpg 5184w, https:\/\/w-l-c.be\/wp-content\/uploads\/2013\/02\/IMG_83191-405x270.jpg 405w, https:\/\/w-l-c.be\/wp-content\/uploads\/2013\/02\/IMG_83191-800x533.jpg 800w\" sizes=\"auto, (max-width: 5184px) 100vw, 5184px\" \/><\/a><em>[Natacha R\u00e9gnier aux Magritte 2013 &#8211; Photo PP\/Cinevox\u00a02013]<\/em><\/p>\n<p>&nbsp;<\/p>\n<p>Rien que pour ses premiers jours, le festival accueillera Joachim Lafosse et St\u00e9phane, Guillaume Senez pour \u00ab U.H.T. \u00bb (le 4), Patrick Ridremont et Fran\u00e7oise Dupal accompagn\u00e9e de F\u00e9lix Loncol pour \u00a0(le 5), Vincent Lannoo et Astrid Whettnall pour Gr\u00e9gory Lecocq et Manu Coeman. Mais aussi, plus tard, Jonathan Zacca\u00ef, Fr\u00e9d\u00e9ric Fonteyne et Anne Paulicevitch, Philippe Reynaert, Eric Larcin, Jean-Marie Barbier, Marie Kr\u00e9mer, Tania et Sam Garbarski, Christ\u00e8le Corni, Antoine Cuypers, Sabine Leurquin, Marianne Grimont et Marc Antoine. Entre autres\u2026<\/p>\n<p>&nbsp;<\/p>\n<p><strong>Informations Pratiques<\/strong><\/p>\n<p>Adresse : Salle de l\u2019Amicale Solvay, Rue du Br\u00fbl\u00e9 n\u00b032, 5190 Jemeppe-sur-Sambre (vaste parking disponible)<\/p>\n<p>Prix : \u00a05 \u20ac par s\u00e9ance<\/p>\n<p>Entr\u00e9e gratuite pour les enfants le mercredi \u00e0 14h (jusque 12 ans)<\/p>\n<p>Pr\u00e9vente : \u00e0 partir du samedi 2 mars jusqu\u2019au lundi 4 mars inclus de 14h \u00e0 17h, \u00e0 l\u2019Amicale Solvay<\/p>\n<p>Le programme complet \u2013 courts &amp; longs m\u00e9trages \u2013 est consultable <a href=\"http:\/\/cinemabelge.be\/?page_id=8\">sur le site du festival<\/a><\/p>\n<p>&nbsp;<\/p>\n<p>&nbsp;<\/p>\n<p>&nbsp;<\/p>\n<p>&nbsp;<\/p>\n<p>&nbsp;<\/p>\n","protected":false},"excerpt":{"rendered":"<p>C\u2019est une bonne nouvelle : depuis deux ou trois ans, le public et surtout les m\u00e9dias s\u2019int\u00e9ressent de plus en plus au cin\u00e9ma belge. Certains valeureux passionn\u00e9s n\u2019ont pourtant pas attendu cette vague de curiosit\u00e9 pour focaliser leur attention sur le 7e Art d\u2019ici.<\/p>\n","protected":false},"author":7,"featured_media":38110,"comment_status":"closed","ping_status":"closed","sticky":false,"template":"","format":"standard","meta":{"ngg_post_thumbnail":0,"footnotes":""},"categories":[53,7],"tags":[],"class_list":["post-38101","post","type-post","status-publish","format-standard","has-post-thumbnail","","category-coming-soon","category-actualites"],"yoast_head":"<!-- This site is optimized with the Yoast SEO plugin v20.4 - https:\/\/yoast.com\/wordpress\/plugins\/seo\/ -->\n<title>25 \u00e9ditions en 37 ans  le Festival du Cin\u00e9ma belge de Moustier en pleine forme - w-l-c<\/title>\n<meta name=\"robots\" content=\"noindex, follow, max-snippet:-1, max-image-preview:large, max-video-preview:-1\" \/>\n<meta property=\"og:locale\" content=\"fr_FR\" \/>\n<meta property=\"og:type\" content=\"article\" \/>\n<meta property=\"og:title\" content=\"25 \u00e9ditions en 37 ans  le Festival du Cin\u00e9ma belge de Moustier en pleine forme - w-l-c\" \/>\n<meta property=\"og:description\" content=\"C\u2019est une bonne nouvelle : depuis deux ou trois ans, le public et surtout les m\u00e9dias s\u2019int\u00e9ressent de plus en plus au cin\u00e9ma belge. Certains valeureux passionn\u00e9s n\u2019ont pourtant pas attendu cette vague de curiosit\u00e9 pour focaliser leur attention sur le 7e Art d\u2019ici.\" \/>\n<meta property=\"og:url\" content=\"https:\/\/w-l-c.be\/fr\/25-editions-en-37-ans-le-festival-du-cinema-belge-de-moustier-en-pleine-forme\/\" \/>\n<meta property=\"og:site_name\" content=\"w-l-c\" \/>\n<meta property=\"article:published_time\" content=\"2013-03-04T08:22:49+00:00\" \/>\n<meta property=\"article:modified_time\" content=\"2013-03-04T10:48:17+00:00\" \/>\n<meta property=\"og:image\" content=\"https:\/\/w-l-c.be\/wp-content\/uploads\/2013\/02\/2013-02-25_09h35_55.jpg\" \/>\n\t<meta property=\"og:image:width\" content=\"638\" \/>\n\t<meta property=\"og:image:height\" content=\"382\" \/>\n\t<meta property=\"og:image:type\" content=\"image\/jpeg\" \/>\n<meta name=\"author\" content=\"Philippe.Pierquin\" \/>\n<meta name=\"twitter:card\" content=\"summary_large_image\" \/>\n<meta name=\"twitter:label1\" content=\"\u00c9crit par\" \/>\n\t<meta name=\"twitter:data1\" content=\"Philippe.Pierquin\" \/>\n\t<meta name=\"twitter:label2\" content=\"Dur\u00e9e de lecture estim\u00e9e\" \/>\n\t<meta name=\"twitter:data2\" content=\"4 minutes\" \/>\n<script type=\"application\/ld+json\" class=\"yoast-schema-graph\">{\"@context\":\"https:\/\/schema.org\",\"@graph\":[{\"@type\":\"WebPage\",\"@id\":\"https:\/\/w-l-c.be\/fr\/25-editions-en-37-ans-le-festival-du-cinema-belge-de-moustier-en-pleine-forme\/\",\"url\":\"https:\/\/w-l-c.be\/fr\/25-editions-en-37-ans-le-festival-du-cinema-belge-de-moustier-en-pleine-forme\/\",\"name\":\"25 \u00e9ditions en 37 ans le Festival du Cin\u00e9ma belge de Moustier en pleine forme - w-l-c\",\"isPartOf\":{\"@id\":\"https:\/\/w-l-c.be\/fr\/#website\"},\"datePublished\":\"2013-03-04T08:22:49+00:00\",\"dateModified\":\"2013-03-04T10:48:17+00:00\",\"author\":{\"@id\":\"https:\/\/w-l-c.be\/fr\/#\/schema\/person\/4b9b1d857f0943453a38a7c2859ef756\"},\"breadcrumb\":{\"@id\":\"https:\/\/w-l-c.be\/fr\/25-editions-en-37-ans-le-festival-du-cinema-belge-de-moustier-en-pleine-forme\/#breadcrumb\"},\"inLanguage\":\"fr-FR\",\"potentialAction\":[{\"@type\":\"ReadAction\",\"target\":[\"https:\/\/w-l-c.be\/fr\/25-editions-en-37-ans-le-festival-du-cinema-belge-de-moustier-en-pleine-forme\/\"]}]},{\"@type\":\"BreadcrumbList\",\"@id\":\"https:\/\/w-l-c.be\/fr\/25-editions-en-37-ans-le-festival-du-cinema-belge-de-moustier-en-pleine-forme\/#breadcrumb\",\"itemListElement\":[{\"@type\":\"ListItem\",\"position\":1,\"name\":\"Accueil\",\"item\":\"https:\/\/w-l-c.be\/fr\/\"},{\"@type\":\"ListItem\",\"position\":2,\"name\":\"25 \u00e9ditions en 37 ans le Festival du Cin\u00e9ma belge de Moustier en pleine forme\"}]},{\"@type\":\"WebSite\",\"@id\":\"https:\/\/w-l-c.be\/fr\/#website\",\"url\":\"https:\/\/w-l-c.be\/fr\/\",\"name\":\"w-l-c\",\"description\":\"Le cin\u00e9ma vu par les belges\",\"potentialAction\":[{\"@type\":\"SearchAction\",\"target\":{\"@type\":\"EntryPoint\",\"urlTemplate\":\"https:\/\/w-l-c.be\/fr\/?s={search_term_string}\"},\"query-input\":\"required name=search_term_string\"}],\"inLanguage\":\"fr-FR\"},{\"@type\":\"Person\",\"@id\":\"https:\/\/w-l-c.be\/fr\/#\/schema\/person\/4b9b1d857f0943453a38a7c2859ef756\",\"name\":\"Philippe.Pierquin\",\"url\":\"https:\/\/w-l-c.be\/fr\/author\/philippe-pierquin\/\"}]}<\/script>\n<!-- \/ Yoast SEO plugin. -->","yoast_head_json":{"title":"25 \u00e9ditions en 37 ans  le Festival du Cin\u00e9ma belge de Moustier en pleine forme - w-l-c","robots":{"index":"noindex","follow":"follow","max-snippet":"max-snippet:-1","max-image-preview":"max-image-preview:large","max-video-preview":"max-video-preview:-1"},"og_locale":"fr_FR","og_type":"article","og_title":"25 \u00e9ditions en 37 ans  le Festival du Cin\u00e9ma belge de Moustier en pleine forme - w-l-c","og_description":"C\u2019est une bonne nouvelle : depuis deux ou trois ans, le public et surtout les m\u00e9dias s\u2019int\u00e9ressent de plus en plus au cin\u00e9ma belge. Certains valeureux passionn\u00e9s n\u2019ont pourtant pas attendu cette vague de curiosit\u00e9 pour focaliser leur attention sur le 7e Art d\u2019ici.","og_url":"https:\/\/w-l-c.be\/fr\/25-editions-en-37-ans-le-festival-du-cinema-belge-de-moustier-en-pleine-forme\/","og_site_name":"w-l-c","article_published_time":"2013-03-04T08:22:49+00:00","article_modified_time":"2013-03-04T10:48:17+00:00","og_image":[{"width":"638","height":"382","url":"https:\/\/w-l-c.be\/wp-content\/uploads\/2013\/02\/2013-02-25_09h35_55.jpg","type":"image\/jpeg"}],"author":"Philippe.Pierquin","twitter_card":"summary_large_image","twitter_misc":{"\u00c9crit par":"Philippe.Pierquin","Dur\u00e9e de lecture estim\u00e9e":"4 minutes"},"schema":{"@context":"https:\/\/schema.org","@graph":[{"@type":"WebPage","@id":"https:\/\/w-l-c.be\/fr\/25-editions-en-37-ans-le-festival-du-cinema-belge-de-moustier-en-pleine-forme\/","url":"https:\/\/w-l-c.be\/fr\/25-editions-en-37-ans-le-festival-du-cinema-belge-de-moustier-en-pleine-forme\/","name":"25 \u00e9ditions en 37 ans le Festival du Cin\u00e9ma belge de Moustier en pleine forme - w-l-c","isPartOf":{"@id":"https:\/\/w-l-c.be\/fr\/#website"},"datePublished":"2013-03-04T08:22:49+00:00","dateModified":"2013-03-04T10:48:17+00:00","author":{"@id":"https:\/\/w-l-c.be\/fr\/#\/schema\/person\/4b9b1d857f0943453a38a7c2859ef756"},"breadcrumb":{"@id":"https:\/\/w-l-c.be\/fr\/25-editions-en-37-ans-le-festival-du-cinema-belge-de-moustier-en-pleine-forme\/#breadcrumb"},"inLanguage":"fr-FR","potentialAction":[{"@type":"ReadAction","target":["https:\/\/w-l-c.be\/fr\/25-editions-en-37-ans-le-festival-du-cinema-belge-de-moustier-en-pleine-forme\/"]}]},{"@type":"BreadcrumbList","@id":"https:\/\/w-l-c.be\/fr\/25-editions-en-37-ans-le-festival-du-cinema-belge-de-moustier-en-pleine-forme\/#breadcrumb","itemListElement":[{"@type":"ListItem","position":1,"name":"Accueil","item":"https:\/\/w-l-c.be\/fr\/"},{"@type":"ListItem","position":2,"name":"25 \u00e9ditions en 37 ans le Festival du Cin\u00e9ma belge de Moustier en pleine forme"}]},{"@type":"WebSite","@id":"https:\/\/w-l-c.be\/fr\/#website","url":"https:\/\/w-l-c.be\/fr\/","name":"w-l-c","description":"Le cin\u00e9ma vu par les belges","potentialAction":[{"@type":"SearchAction","target":{"@type":"EntryPoint","urlTemplate":"https:\/\/w-l-c.be\/fr\/?s={search_term_string}"},"query-input":"required name=search_term_string"}],"inLanguage":"fr-FR"},{"@type":"Person","@id":"https:\/\/w-l-c.be\/fr\/#\/schema\/person\/4b9b1d857f0943453a38a7c2859ef756","name":"Philippe.Pierquin","url":"https:\/\/w-l-c.be\/fr\/author\/philippe-pierquin\/"}]}},"_links":{"self":[{"href":"https:\/\/w-l-c.be\/fr\/wp-json\/wp\/v2\/posts\/38101","targetHints":{"allow":["GET"]}}],"collection":[{"href":"https:\/\/w-l-c.be\/fr\/wp-json\/wp\/v2\/posts"}],"about":[{"href":"https:\/\/w-l-c.be\/fr\/wp-json\/wp\/v2\/types\/post"}],"author":[{"embeddable":true,"href":"https:\/\/w-l-c.be\/fr\/wp-json\/wp\/v2\/users\/7"}],"replies":[{"embeddable":true,"href":"https:\/\/w-l-c.be\/fr\/wp-json\/wp\/v2\/comments?post=38101"}],"version-history":[{"count":0,"href":"https:\/\/w-l-c.be\/fr\/wp-json\/wp\/v2\/posts\/38101\/revisions"}],"wp:featuredmedia":[{"embeddable":true,"href":"https:\/\/w-l-c.be\/fr\/wp-json\/wp\/v2\/media\/38110"}],"wp:attachment":[{"href":"https:\/\/w-l-c.be\/fr\/wp-json\/wp\/v2\/media?parent=38101"}],"wp:term":[{"taxonomy":"category","embeddable":true,"href":"https:\/\/w-l-c.be\/fr\/wp-json\/wp\/v2\/categories?post=38101"},{"taxonomy":"post_tag","embeddable":true,"href":"https:\/\/w-l-c.be\/fr\/wp-json\/wp\/v2\/tags?post=38101"}],"curies":[{"name":"wp","href":"https:\/\/api.w.org\/{rel}","templated":true}]}}