
{"id":38121,"date":"2013-02-27T05:53:04","date_gmt":"2013-02-27T05:53:04","guid":{"rendered":"http:\/\/www.cinevox.be\/?p=38121"},"modified":"2013-02-26T16:14:32","modified_gmt":"2013-02-26T16:14:32","slug":"magritte-du-1er-film-toutes-les-projections","status":"publish","type":"post","link":"https:\/\/w-l-c.be\/fr\/magritte-du-1er-film-toutes-les-projections\/","title":{"rendered":"Magritte du 1er film : toutes les projections"},"content":{"rendered":"<p>Pendant deux mois, les 12 premiers films qui concourraient pour le Magritte 2013 du meilleur film seront pr\u00e9sent\u00e9s dans dix-huit centres culturels en Wallonie et \u00e0 Bruxelles se sont associ\u00e9s \u00e0 l\u2019initiative.\u00a0Ils proposent au public une trentaine de projections auront lieu jusqu\u2019au 29 avril 2013.<\/p>\n<p>Le but est d&rsquo;\u00e9lire le meilleur premier film de l&rsquo;ann\u00e9e et de r\u00e9compenser quelques cin\u00e9philes avec de formidables prix. Toutes les pr\u00e9cisions : <a href=\"http:\/\/www.cinevox.be\/?p=38132\" target=\"_blank\">ici.<\/a><\/p>\n<p>Toutes les informations concernant le programme film par film sont disponibles ICI<\/p>\n<p>&nbsp;<\/p>\n<p>Voici le calendrier des projections :<!--more--><\/p>\n<p>&nbsp;<\/p>\n<p>&nbsp;<\/p>\n<p>&nbsp;<\/p>\n<div>\n<table border=\"0\" cellspacing=\"0\" cellpadding=\"0\" width=\"100%\">\n<tbody>\n<tr>\n<td align=\"left\" valign=\"top\">\n<table border=\"0\" cellspacing=\"0\" cellpadding=\"0\" width=\"100%\">\n<tbody>\n<tr>\n<td align=\"left\" valign=\"top\"><a href=\"http:\/\/www.lesmagritteducinema.com\/workfile?id=11\">Au cul du loup<\/a><\/td>\n<\/tr>\n<\/tbody>\n<\/table>\n<table border=\"0\" cellspacing=\"0\" cellpadding=\"0\" width=\"100%\">\n<tbody>\n<tr>\n<td align=\"left\" valign=\"top\"><a href=\"http:\/\/www.jupiculture.be\/\" target=\"_blank\">Centre culturel de Jupille-Wandre<\/a><\/td>\n<td width=\"80\" align=\"right\" valign=\"top\">17-04-2013<\/td>\n<td width=\"40\" align=\"right\" valign=\"top\">20h15<\/td>\n<\/tr>\n<\/tbody>\n<\/table>\n<table border=\"0\" cellspacing=\"0\" cellpadding=\"0\" width=\"100%\">\n<tbody>\n<tr>\n<td align=\"left\" valign=\"top\">Salle Pr\u00e9vers<br \/>\nRue Jean Hermesse &#8211; 4020 Jupille<\/td>\n<\/tr>\n<\/tbody>\n<\/table>\n<\/td>\n<\/tr>\n<\/tbody>\n<\/table>\n<\/div>\n<p><img loading=\"lazy\" decoding=\"async\" src=\"http:\/\/www.lesmagritteducinema.com\/_images\/spacer8.gif\" alt=\"spacer\" width=\"8\" height=\"8\" \/><\/p>\n<div>\n<table border=\"0\" cellspacing=\"0\" cellpadding=\"0\" width=\"100%\">\n<tbody>\n<tr>\n<td align=\"left\" valign=\"top\">\n<table border=\"0\" cellspacing=\"0\" cellpadding=\"0\" width=\"100%\">\n<tbody>\n<tr>\n<td align=\"left\" valign=\"top\"><a href=\"http:\/\/www.lesmagritteducinema.com\/workfile?id=15\">Couleur de peau : miel<\/a><\/td>\n<\/tr>\n<\/tbody>\n<\/table>\n<table border=\"0\" cellspacing=\"0\" cellpadding=\"0\" width=\"100%\">\n<tbody>\n<tr>\n<td align=\"left\" valign=\"top\"><a href=\"http:\/\/www.lavenerie.be\/\" target=\"_blank\">La V\u00e9nerie<\/a><\/td>\n<td width=\"80\" align=\"right\" valign=\"top\">17-03-2013<\/td>\n<td width=\"40\" align=\"right\" valign=\"top\">10h00<\/td>\n<\/tr>\n<\/tbody>\n<\/table>\n<table border=\"0\" cellspacing=\"0\" cellpadding=\"0\" width=\"100%\">\n<tbody>\n<tr>\n<td align=\"left\" valign=\"top\">Espace Delvaux<br \/>\nPlace Keym &#8211; 1170 Bruxelles<\/td>\n<\/tr>\n<\/tbody>\n<\/table>\n<p>&nbsp;<\/p>\n<table border=\"0\" cellspacing=\"0\" cellpadding=\"0\" width=\"100%\">\n<tbody>\n<tr>\n<td align=\"left\" valign=\"top\"><a href=\"http:\/\/cinemarche.marche.be\/\" target=\"_blank\">Cin\u00e9marche<\/a><\/td>\n<td width=\"80\" align=\"right\" valign=\"top\">19-03-2013<\/td>\n<td width=\"40\" align=\"right\" valign=\"top\">20h00<\/td>\n<\/tr>\n<\/tbody>\n<\/table>\n<table border=\"0\" cellspacing=\"0\" cellpadding=\"0\" width=\"100%\">\n<tbody>\n<tr>\n<td align=\"left\" valign=\"top\">Cin\u00e9pointcom Marche<br \/>\nPlace de l&rsquo;\u00c9tang &#8211; 6900 Marche-en-Famenne<\/td>\n<\/tr>\n<\/tbody>\n<\/table>\n<p>&nbsp;<\/p>\n<table border=\"0\" cellspacing=\"0\" cellpadding=\"0\" width=\"100%\">\n<tbody>\n<tr>\n<td align=\"left\" valign=\"top\"><a href=\"http:\/\/www.lejacquesfranck.be\/\" target=\"_blank\">Le Jacques Franck<\/a><\/td>\n<td width=\"80\" align=\"right\" valign=\"top\">24-03-2013<\/td>\n<td width=\"40\" align=\"right\" valign=\"top\">20h00<\/td>\n<\/tr>\n<\/tbody>\n<\/table>\n<table border=\"0\" cellspacing=\"0\" cellpadding=\"0\" width=\"100%\">\n<tbody>\n<tr>\n<td align=\"left\" valign=\"top\">Centre culturel Jacques Franck<br \/>\nChauss\u00e9e de Waterloo 94 &#8211; 1060 Saint-Gilles<\/td>\n<\/tr>\n<\/tbody>\n<\/table>\n<table border=\"0\" cellspacing=\"0\" cellpadding=\"0\" width=\"100%\">\n<tbody>\n<tr>\n<td align=\"left\" valign=\"top\"><a href=\"http:\/\/www.ecrin.be\/\" target=\"_blank\">Centre culturel d&rsquo;Eghez\u00e9e<\/a><\/td>\n<td width=\"80\" align=\"right\" valign=\"top\">03-04-2013<\/td>\n<td width=\"40\" align=\"right\" valign=\"top\">19h30<\/td>\n<\/tr>\n<\/tbody>\n<\/table>\n<table border=\"0\" cellspacing=\"0\" cellpadding=\"0\" width=\"100%\">\n<tbody>\n<tr>\n<td align=\"left\" valign=\"top\">Centre culturel Ecrin<br \/>\nRue de la gare, 5 &#8211; 5310 Eghez\u00e9e<\/td>\n<\/tr>\n<\/tbody>\n<\/table>\n<p>&nbsp;<\/p>\n<table border=\"0\" cellspacing=\"0\" cellpadding=\"0\" width=\"100%\">\n<tbody>\n<tr>\n<td align=\"left\" valign=\"top\"><a href=\"http:\/\/www.centrecultureldeseraing.be\/\" target=\"_blank\">Cin\u00e9-club S\u00e9r\u00e9sien<\/a><\/td>\n<td width=\"80\" align=\"right\" valign=\"top\">03-04-2013<\/td>\n<td width=\"40\" align=\"right\" valign=\"top\">20h00<\/td>\n<\/tr>\n<\/tbody>\n<\/table>\n<table border=\"0\" cellspacing=\"0\" cellpadding=\"0\" width=\"100%\">\n<tbody>\n<tr>\n<td align=\"left\" valign=\"top\">Centre Culturel de Seraing<br \/>\nRue Renaud Strivay, 44 &#8211; Seraing<\/td>\n<\/tr>\n<\/tbody>\n<\/table>\n<p>&nbsp;<\/p>\n<table border=\"0\" cellspacing=\"0\" cellpadding=\"0\" width=\"100%\">\n<tbody>\n<tr>\n<td align=\"left\" valign=\"top\"><a href=\"http:\/\/www.ccgenappe.be\/\" target=\"_blank\">Centre culturel de Genappe<\/a><\/td>\n<td width=\"80\" align=\"right\" valign=\"top\">13-04-2013<\/td>\n<td width=\"40\" align=\"right\" valign=\"top\">18h00<\/td>\n<\/tr>\n<\/tbody>\n<\/table>\n<table border=\"0\" cellspacing=\"0\" cellpadding=\"0\" width=\"100%\">\n<tbody>\n<tr>\n<td align=\"left\" valign=\"top\">Espace 2000<br \/>\n1470 Genappe<\/td>\n<\/tr>\n<\/tbody>\n<\/table>\n<p>&nbsp;<\/p>\n<table border=\"0\" cellspacing=\"0\" cellpadding=\"0\" width=\"100%\">\n<tbody>\n<tr>\n<td align=\"left\" valign=\"top\"><a href=\"http:\/\/www.centreculturelfloreffe.be\/\" target=\"_blank\">Centre culturel de Floreffe<\/a><\/td>\n<td width=\"80\" align=\"right\" valign=\"top\">23-04-2013<\/td>\n<td width=\"40\" align=\"right\" valign=\"top\">20h00<\/td>\n<\/tr>\n<\/tbody>\n<\/table>\n<table border=\"0\" cellspacing=\"0\" cellpadding=\"0\" width=\"100%\">\n<tbody>\n<tr>\n<td align=\"left\" valign=\"top\">Salle communale de Floreffe<br \/>\nRue Joseph Piret &#8211; 5150 Floreffe<\/td>\n<\/tr>\n<\/tbody>\n<\/table>\n<p>&nbsp;<\/p>\n<table border=\"0\" cellspacing=\"0\" cellpadding=\"0\" width=\"100%\">\n<tbody>\n<tr>\n<td align=\"left\" valign=\"top\"><a href=\"http:\/\/cultureleuze.be\/\" target=\"_blank\">Centre culturel de Leuze-en-Hainaut<\/a><\/td>\n<td width=\"80\" align=\"right\" valign=\"top\">26-04-2013<\/td>\n<td width=\"40\" align=\"right\" valign=\"top\">20h00<\/td>\n<\/tr>\n<\/tbody>\n<\/table>\n<table border=\"0\" cellspacing=\"0\" cellpadding=\"0\" width=\"100%\">\n<tbody>\n<tr>\n<td align=\"left\" valign=\"top\">Cin\u00e9ma Novelty<br \/>\nRue de Tournai &#8211; 7900 Leuze-en-Hainaut<\/td>\n<\/tr>\n<\/tbody>\n<\/table>\n<p>&nbsp;<\/td>\n<\/tr>\n<\/tbody>\n<\/table>\n<\/div>\n<p><img loading=\"lazy\" decoding=\"async\" src=\"http:\/\/www.lesmagritteducinema.com\/_images\/spacer8.gif\" alt=\"spacer\" width=\"8\" height=\"8\" \/><\/p>\n<div>\n<table border=\"0\" cellspacing=\"0\" cellpadding=\"0\" width=\"100%\">\n<tbody>\n<tr>\n<td align=\"left\" valign=\"top\">\n<table border=\"0\" cellspacing=\"0\" cellpadding=\"0\" width=\"100%\">\n<tbody>\n<tr>\n<td align=\"left\" valign=\"top\"><a href=\"http:\/\/www.lesmagritteducinema.com\/workfile?id=18\">De leur vivant<\/a><\/td>\n<\/tr>\n<\/tbody>\n<\/table>\n<table border=\"0\" cellspacing=\"0\" cellpadding=\"0\" width=\"100%\">\n<tbody>\n<tr>\n<td align=\"left\" valign=\"top\"><a href=\"http:\/\/www.lavenerie.be\/\" target=\"_blank\">La V\u00e9nerie<\/a><\/td>\n<td width=\"80\" align=\"right\" valign=\"top\"><span style=\"color: #00538b;\">20-03-2013<\/span><\/td>\n<td width=\"40\" align=\"right\" valign=\"top\">18h00<\/td>\n<\/tr>\n<tr>\n<td align=\"left\" valign=\"top\"><\/td>\n<td width=\"80\" align=\"right\" valign=\"top\">20-03-2013<\/td>\n<td width=\"40\" align=\"right\" valign=\"top\">20h30<\/td>\n<\/tr>\n<\/tbody>\n<\/table>\n<table border=\"0\" cellspacing=\"0\" cellpadding=\"0\" width=\"100%\">\n<tbody>\n<tr>\n<td align=\"left\" valign=\"top\">Espace Delvaux<br \/>\nPlace Keym &#8211; 1170 Bruxelles<\/td>\n<\/tr>\n<\/tbody>\n<\/table>\n<table border=\"0\" cellspacing=\"0\" cellpadding=\"0\" width=\"100%\">\n<tbody>\n<tr>\n<td align=\"left\" valign=\"top\"><\/td>\n<\/tr>\n<\/tbody>\n<\/table>\n<table border=\"0\" cellspacing=\"0\" cellpadding=\"0\" width=\"100%\">\n<tbody>\n<tr>\n<td align=\"left\" valign=\"top\"><a href=\"http:\/\/www.lejacquesfranck.be\/\" target=\"_blank\">Le Jacques Franck<\/a><\/td>\n<td width=\"80\" align=\"right\" valign=\"top\">11-04-2013<\/td>\n<td width=\"40\" align=\"right\" valign=\"top\">20h00<\/td>\n<\/tr>\n<\/tbody>\n<\/table>\n<table border=\"0\" cellspacing=\"0\" cellpadding=\"0\" width=\"100%\">\n<tbody>\n<tr>\n<td align=\"left\" valign=\"top\">Centre culturel Jacques Franck<br \/>\nChauss\u00e9e de Waterloo 94 &#8211; 1060 Saint-Gilles<\/td>\n<\/tr>\n<\/tbody>\n<\/table>\n<\/td>\n<\/tr>\n<\/tbody>\n<\/table>\n<\/div>\n<p><img loading=\"lazy\" decoding=\"async\" src=\"http:\/\/www.lesmagritteducinema.com\/_images\/spacer8.gif\" alt=\"spacer\" width=\"8\" height=\"8\" \/><\/p>\n<div>\n<table border=\"0\" cellspacing=\"0\" cellpadding=\"0\" width=\"100%\">\n<tbody>\n<tr>\n<td align=\"left\" valign=\"top\">\n<table border=\"0\" cellspacing=\"0\" cellpadding=\"0\" width=\"100%\">\n<tbody>\n<tr>\n<td align=\"left\" valign=\"top\"><a href=\"http:\/\/www.lesmagritteducinema.com\/workfile?id=20\">Dead man talking<\/a><\/td>\n<\/tr>\n<\/tbody>\n<\/table>\n<table border=\"0\" cellspacing=\"0\" cellpadding=\"0\" width=\"100%\">\n<tbody>\n<tr>\n<td align=\"left\" valign=\"top\"><a href=\"http:\/\/www.jupiculture.be\/\" target=\"_blank\">Foyer culturel de Jupille-Wandre<\/a><\/td>\n<td width=\"80\" align=\"right\" valign=\"top\">27-02-2013<\/td>\n<td width=\"40\" align=\"right\" valign=\"top\">20h15<\/td>\n<\/tr>\n<\/tbody>\n<\/table>\n<table border=\"0\" cellspacing=\"0\" cellpadding=\"0\" width=\"100%\">\n<tbody>\n<tr>\n<td align=\"left\" valign=\"top\">Salle Pr\u00e9vers<br \/>\nRue Jean Hermesse &#8211; 4020 Jupille<\/td>\n<\/tr>\n<\/tbody>\n<\/table>\n<table border=\"0\" cellspacing=\"0\" cellpadding=\"0\" width=\"100%\">\n<tbody>\n<tr>\n<td align=\"left\" valign=\"top\"><\/td>\n<\/tr>\n<\/tbody>\n<\/table>\n<table border=\"0\" cellspacing=\"0\" cellpadding=\"0\" width=\"100%\">\n<tbody>\n<tr>\n<td align=\"left\" valign=\"top\"><a href=\"http:\/\/www.centrecultureldenivelles.be\/\" target=\"_blank\">Centre culturel de Nivelles<\/a><\/td>\n<td width=\"80\" align=\"right\" valign=\"top\">08-03-2013<\/td>\n<td width=\"40\" align=\"right\" valign=\"top\">20h15<\/td>\n<\/tr>\n<\/tbody>\n<\/table>\n<table border=\"0\" cellspacing=\"0\" cellpadding=\"0\" width=\"100%\">\n<tbody>\n<tr>\n<td align=\"left\" valign=\"top\">Place Albert 1er, 1 &#8211; 1400 Nivelles<\/td>\n<\/tr>\n<\/tbody>\n<\/table>\n<table border=\"0\" cellspacing=\"0\" cellpadding=\"0\" width=\"100%\">\n<tbody>\n<tr>\n<td align=\"left\" valign=\"top\"><\/td>\n<\/tr>\n<\/tbody>\n<\/table>\n<table border=\"0\" cellspacing=\"0\" cellpadding=\"0\" width=\"100%\">\n<tbody>\n<tr>\n<td align=\"left\" valign=\"top\"><a href=\"http:\/\/www.centreculturelfloreffe.be\/\" target=\"_blank\">Centre culturel de Floreffe<\/a><\/td>\n<td width=\"80\" align=\"right\" valign=\"top\">28-03-2013<\/td>\n<td width=\"40\" align=\"right\" valign=\"top\">20h00<\/td>\n<\/tr>\n<\/tbody>\n<\/table>\n<table border=\"0\" cellspacing=\"0\" cellpadding=\"0\" width=\"100%\">\n<tbody>\n<tr>\n<td align=\"left\" valign=\"top\">Salle communale de Floreffe<br \/>\nRue Joseph Piret &#8211; 5150 Floreffe<\/td>\n<\/tr>\n<\/tbody>\n<\/table>\n<table border=\"0\" cellspacing=\"0\" cellpadding=\"0\" width=\"100%\">\n<tbody>\n<tr>\n<td align=\"left\" valign=\"top\"><\/td>\n<\/tr>\n<\/tbody>\n<\/table>\n<table border=\"0\" cellspacing=\"0\" cellpadding=\"0\" width=\"100%\">\n<tbody>\n<tr>\n<td align=\"left\" valign=\"top\"><a href=\"http:\/\/www.tubize-culture.be\/\" target=\"_blank\">Centre culturel de Tubize<\/a><\/td>\n<td width=\"80\" align=\"right\" valign=\"top\"><span style=\"color: #00538b;\">12-04-2013<\/span><\/td>\n<td width=\"40\" align=\"right\" valign=\"top\">12h00<\/td>\n<\/tr>\n<\/tbody>\n<\/table>\n<table border=\"0\" cellspacing=\"0\" cellpadding=\"0\" width=\"100%\">\n<tbody>\n<tr>\n<td align=\"left\" valign=\"top\">Th\u00e9\u00e2tre du Gymnase<br \/>\n124 bld Georges Deryck &#8211; 1480 Tubize<\/td>\n<\/tr>\n<\/tbody>\n<\/table>\n<\/td>\n<\/tr>\n<\/tbody>\n<\/table>\n<\/div>\n<p><img loading=\"lazy\" decoding=\"async\" src=\"http:\/\/www.lesmagritteducinema.com\/_images\/spacer8.gif\" alt=\"spacer\" width=\"8\" height=\"8\" \/><\/p>\n<div>\n<table border=\"0\" cellspacing=\"0\" cellpadding=\"0\" width=\"100%\">\n<tbody>\n<tr>\n<td align=\"left\" valign=\"top\">\n<table border=\"0\" cellspacing=\"0\" cellpadding=\"0\" width=\"100%\">\n<tbody>\n<tr>\n<td align=\"left\" valign=\"top\"><a href=\"http:\/\/www.lesmagritteducinema.com\/workfile?id=24\">JC comme J\u00e9sus Christ<\/a><\/td>\n<\/tr>\n<\/tbody>\n<\/table>\n<table border=\"0\" cellspacing=\"0\" cellpadding=\"0\" width=\"100%\">\n<tbody>\n<tr>\n<td align=\"left\" valign=\"top\"><a href=\"http:\/\/www.lavenerie.be\/\" target=\"_blank\">La V\u00e9nerie<\/a><\/td>\n<td width=\"80\" align=\"right\" valign=\"top\">29-04-2013<\/td>\n<td width=\"40\" align=\"right\" valign=\"top\">20h30<\/td>\n<\/tr>\n<\/tbody>\n<\/table>\n<table border=\"0\" cellspacing=\"0\" cellpadding=\"0\" width=\"100%\">\n<tbody>\n<tr>\n<td align=\"left\" valign=\"top\">Espace Delvaux<br \/>\nPlace Keym &#8211; 1170 Bruxelles<\/td>\n<\/tr>\n<\/tbody>\n<\/table>\n<\/td>\n<\/tr>\n<\/tbody>\n<\/table>\n<\/div>\n<p><img loading=\"lazy\" decoding=\"async\" src=\"http:\/\/www.lesmagritteducinema.com\/_images\/spacer8.gif\" alt=\"spacer\" width=\"8\" height=\"8\" \/><\/p>\n<div>\n<table border=\"0\" cellspacing=\"0\" cellpadding=\"0\" width=\"100%\">\n<tbody>\n<tr>\n<td align=\"left\" valign=\"top\">\n<table border=\"0\" cellspacing=\"0\" cellpadding=\"0\" width=\"100%\">\n<tbody>\n<tr>\n<td align=\"left\" valign=\"top\"><a href=\"http:\/\/www.lesmagritteducinema.com\/workfile?id=26\">L&rsquo;envahisseur<\/a><\/td>\n<\/tr>\n<\/tbody>\n<\/table>\n<table border=\"0\" cellspacing=\"0\" cellpadding=\"0\" width=\"100%\">\n<tbody>\n<tr>\n<td align=\"left\" valign=\"top\"><a href=\"http:\/\/www.lavenerie.be\/\" target=\"_blank\">La V\u00e9nerie<\/a><\/td>\n<td width=\"80\" align=\"right\" valign=\"top\">27-03-2013<\/td>\n<td width=\"40\" align=\"right\" valign=\"top\">18h00<\/td>\n<\/tr>\n<tr>\n<td align=\"left\" valign=\"top\"><\/td>\n<td width=\"80\" align=\"right\" valign=\"top\">27-03-2013<\/td>\n<td width=\"40\" align=\"right\" valign=\"top\">20h30<\/td>\n<\/tr>\n<\/tbody>\n<\/table>\n<table border=\"0\" cellspacing=\"0\" cellpadding=\"0\" width=\"100%\">\n<tbody>\n<tr>\n<td align=\"left\" valign=\"top\">Espace Delvaux<br \/>\nPlace Keym &#8211; 1170 Bruxelles<\/td>\n<\/tr>\n<\/tbody>\n<\/table>\n<\/td>\n<\/tr>\n<\/tbody>\n<\/table>\n<\/div>\n<p><img loading=\"lazy\" decoding=\"async\" src=\"http:\/\/www.lesmagritteducinema.com\/_images\/spacer8.gif\" alt=\"spacer\" width=\"8\" height=\"8\" \/><\/p>\n<div>\n<table border=\"0\" cellspacing=\"0\" cellpadding=\"0\" width=\"100%\">\n<tbody>\n<tr>\n<td align=\"left\" valign=\"top\">\n<table border=\"0\" cellspacing=\"0\" cellpadding=\"0\" width=\"100%\">\n<tbody>\n<tr>\n<td align=\"left\" valign=\"top\"><a href=\"http:\/\/www.lesmagritteducinema.com\/workfile?id=27\">L&rsquo;hiver dernier<\/a><\/td>\n<\/tr>\n<\/tbody>\n<\/table>\n<table border=\"0\" cellspacing=\"0\" cellpadding=\"0\" width=\"100%\">\n<tbody>\n<tr>\n<td align=\"left\" valign=\"top\"><a href=\"http:\/\/www.lejacquesfranck.be\/\" target=\"_blank\">Le Jacques Franck<\/a><\/td>\n<td width=\"80\" align=\"right\" valign=\"top\">24-02-2013<\/td>\n<td width=\"40\" align=\"right\" valign=\"top\">20h00<\/td>\n<\/tr>\n<\/tbody>\n<\/table>\n<table border=\"0\" cellspacing=\"0\" cellpadding=\"0\" width=\"100%\">\n<tbody>\n<tr>\n<td align=\"left\" valign=\"top\">Centre culturel Jacques Franck<br \/>\nChauss\u00e9e de Waterloo 94 &#8211; 1060 Saint-Gilles<\/td>\n<\/tr>\n<\/tbody>\n<\/table>\n<\/td>\n<\/tr>\n<\/tbody>\n<\/table>\n<\/div>\n<p><img loading=\"lazy\" decoding=\"async\" src=\"http:\/\/www.lesmagritteducinema.com\/_images\/spacer8.gif\" alt=\"spacer\" width=\"8\" height=\"8\" \/><\/p>\n<div>\n<table border=\"0\" cellspacing=\"0\" cellpadding=\"0\" width=\"100%\">\n<tbody>\n<tr>\n<td align=\"left\" valign=\"top\">\n<table border=\"0\" cellspacing=\"0\" cellpadding=\"0\" width=\"100%\">\n<tbody>\n<tr>\n<td align=\"left\" valign=\"top\"><a href=\"http:\/\/www.lesmagritteducinema.com\/workfile?id=31\">La t\u00eate la premi\u00e8re<\/a><\/td>\n<\/tr>\n<\/tbody>\n<\/table>\n<table border=\"0\" cellspacing=\"0\" cellpadding=\"0\" width=\"100%\">\n<tbody>\n<tr>\n<td align=\"left\" valign=\"top\"><a href=\"http:\/\/www.maisonculturelledath.be\/\" target=\"_blank\">Maison culturelle d&rsquo;Ath<\/a><\/td>\n<td width=\"80\" align=\"right\" valign=\"top\">27-03-2013<\/td>\n<td width=\"40\" align=\"right\" valign=\"top\">20h00<\/td>\n<\/tr>\n<\/tbody>\n<\/table>\n<table border=\"0\" cellspacing=\"0\" cellpadding=\"0\" width=\"100%\">\n<tbody>\n<tr>\n<td align=\"left\" valign=\"top\">Cin\u00e9ma L&rsquo;Ecran<br \/>\nSite Burbant &#8211; Rue du Gouvernement<br \/>\n7800 Ath<\/td>\n<\/tr>\n<\/tbody>\n<\/table>\n<\/td>\n<\/tr>\n<\/tbody>\n<\/table>\n<\/div>\n<p><img loading=\"lazy\" decoding=\"async\" src=\"http:\/\/www.lesmagritteducinema.com\/_images\/spacer8.gif\" alt=\"spacer\" width=\"8\" height=\"8\" \/><\/p>\n<div>\n<table border=\"0\" cellspacing=\"0\" cellpadding=\"0\" width=\"100%\">\n<tbody>\n<tr>\n<td align=\"left\" valign=\"top\">\n<table border=\"0\" cellspacing=\"0\" cellpadding=\"0\" width=\"100%\">\n<tbody>\n<tr>\n<td align=\"left\" valign=\"top\"><a href=\"http:\/\/www.lesmagritteducinema.com\/workfile?id=36\">Le grand tour<\/a><\/td>\n<\/tr>\n<\/tbody>\n<\/table>\n<table border=\"0\" cellspacing=\"0\" cellpadding=\"0\" width=\"100%\">\n<tbody>\n<tr>\n<td align=\"left\" valign=\"top\"><a href=\"http:\/\/www.centrecultureldenivelles.be\/\" target=\"_blank\">Centre culturel de Nivelles<\/a><\/td>\n<td width=\"80\" align=\"right\" valign=\"top\">8-03-2013<\/td>\n<td width=\"40\" align=\"right\" valign=\"top\">18h00<\/td>\n<\/tr>\n<\/tbody>\n<\/table>\n<table border=\"0\" cellspacing=\"0\" cellpadding=\"0\" width=\"100%\">\n<tbody>\n<tr>\n<td align=\"left\" valign=\"top\">Place Albert 1er, 1 &#8211; 1400 Nivelles<\/td>\n<\/tr>\n<\/tbody>\n<\/table>\n<\/td>\n<\/tr>\n<\/tbody>\n<\/table>\n<\/div>\n<p><img loading=\"lazy\" decoding=\"async\" src=\"http:\/\/www.lesmagritteducinema.com\/_images\/spacer8.gif\" alt=\"spacer\" width=\"8\" height=\"8\" \/><\/p>\n<div>\n<table border=\"0\" cellspacing=\"0\" cellpadding=\"0\" width=\"100%\">\n<tbody>\n<tr>\n<td align=\"left\" valign=\"top\">\n<table border=\"0\" cellspacing=\"0\" cellpadding=\"0\" width=\"100%\">\n<tbody>\n<tr>\n<td align=\"left\" valign=\"top\"><a href=\"http:\/\/www.lesmagritteducinema.com\/workfile?id=42\">Miss Mouche<\/a><\/td>\n<\/tr>\n<\/tbody>\n<\/table>\n<table border=\"0\" cellspacing=\"0\" cellpadding=\"0\" width=\"100%\">\n<tbody>\n<tr>\n<td align=\"left\" valign=\"top\"><a href=\"http:\/\/www.culture1030.be\/\" target=\"_blank\">Centre culturel de Schaerbeek<\/a><\/td>\n<td width=\"80\" align=\"right\" valign=\"top\"><span style=\"color: #00538b;\">19-04-2013<\/span><\/td>\n<td width=\"40\" align=\"right\" valign=\"top\">20h00<\/td>\n<\/tr>\n<\/tbody>\n<\/table>\n<table border=\"0\" cellspacing=\"0\" cellpadding=\"0\" width=\"100%\">\n<tbody>\n<tr>\n<td align=\"left\" valign=\"top\">Rue de Locht, 91-93 &#8211; 1030 Schaerbeek<\/td>\n<\/tr>\n<\/tbody>\n<\/table>\n<\/td>\n<\/tr>\n<\/tbody>\n<\/table>\n<\/div>\n<p><img loading=\"lazy\" decoding=\"async\" src=\"http:\/\/www.lesmagritteducinema.com\/_images\/spacer8.gif\" alt=\"spacer\" width=\"8\" height=\"8\" \/><\/p>\n<div>\n<table border=\"0\" cellspacing=\"0\" cellpadding=\"0\" width=\"100%\">\n<tbody>\n<tr>\n<td align=\"left\" valign=\"top\">\n<table border=\"0\" cellspacing=\"0\" cellpadding=\"0\" width=\"100%\">\n<tbody>\n<tr>\n<td align=\"left\" valign=\"top\"><a href=\"http:\/\/www.lesmagritteducinema.com\/workfile?id=43\">Mobile Home<\/a><\/td>\n<\/tr>\n<\/tbody>\n<\/table>\n<table border=\"0\" cellspacing=\"0\" cellpadding=\"0\" width=\"100%\">\n<tbody>\n<tr>\n<td align=\"left\" valign=\"top\"><a href=\"http:\/\/www.ccblc.canalblog.com\/\" target=\"_blank\">Centre culturel de Braine-le-Comte<\/a><\/td>\n<td width=\"80\" align=\"right\" valign=\"top\">08-02-2013<\/td>\n<td width=\"40\" align=\"right\" valign=\"top\">20h00<\/td>\n<\/tr>\n<\/tbody>\n<\/table>\n<table border=\"0\" cellspacing=\"0\" cellpadding=\"0\" width=\"100%\">\n<tbody>\n<tr>\n<td align=\"left\" valign=\"top\">Salle Baudouin IV<br \/>\n16 rue Rey A\u00een\u00e9 &#8211; 7090 Braine-le-Comte<\/td>\n<\/tr>\n<\/tbody>\n<\/table>\n<table border=\"0\" cellspacing=\"0\" cellpadding=\"0\" width=\"100%\">\n<tbody>\n<tr>\n<td align=\"left\" valign=\"top\"><\/td>\n<\/tr>\n<\/tbody>\n<\/table>\n<table border=\"0\" cellspacing=\"0\" cellpadding=\"0\" width=\"100%\">\n<tbody>\n<tr>\n<td align=\"left\" valign=\"top\"><a href=\"http:\/\/www.centreculturelfloreffe.be\/\" target=\"_blank\">Centre culturel de Floreffe<\/a><\/td>\n<td width=\"80\" align=\"right\" valign=\"top\">14-03-2013<\/td>\n<td width=\"40\" align=\"right\" valign=\"top\">20h00<\/td>\n<\/tr>\n<\/tbody>\n<\/table>\n<table border=\"0\" cellspacing=\"0\" cellpadding=\"0\" width=\"100%\">\n<tbody>\n<tr>\n<td align=\"left\" valign=\"top\">Salle communale de Floreffe<br \/>\nRue Joseph Piret &#8211; 5150 Floreffe<\/td>\n<\/tr>\n<\/tbody>\n<\/table>\n<table border=\"0\" cellspacing=\"0\" cellpadding=\"0\" width=\"100%\">\n<tbody>\n<tr>\n<td align=\"left\" valign=\"top\"><\/td>\n<\/tr>\n<\/tbody>\n<\/table>\n<table border=\"0\" cellspacing=\"0\" cellpadding=\"0\" width=\"100%\">\n<tbody>\n<tr>\n<td align=\"left\" valign=\"top\"><a href=\"http:\/\/www.braineculture.be\/\" target=\"_blank\">Centre culturel Braine-L&rsquo;Alleud<\/a><\/td>\n<td width=\"80\" align=\"right\" valign=\"top\">15-03-2013<\/td>\n<td width=\"40\" align=\"right\" valign=\"top\">20h00<\/td>\n<\/tr>\n<\/tbody>\n<\/table>\n<table border=\"0\" cellspacing=\"0\" cellpadding=\"0\" width=\"100%\">\n<tbody>\n<tr>\n<td align=\"left\" valign=\"top\">Cin\u00e9-club Riva-Bella,<br \/>\nAth\u00e9n\u00e9e royal, Place Riva-Bella &#8211; 1420 Braine-l&rsquo;Alleud<\/td>\n<\/tr>\n<\/tbody>\n<\/table>\n<table border=\"0\" cellspacing=\"0\" cellpadding=\"0\" width=\"100%\">\n<tbody>\n<tr>\n<td align=\"left\" valign=\"top\"><\/td>\n<\/tr>\n<\/tbody>\n<\/table>\n<table border=\"0\" cellspacing=\"0\" cellpadding=\"0\" width=\"100%\">\n<tbody>\n<tr>\n<td align=\"left\" valign=\"top\"><a href=\"http:\/\/www.jupiculture.be\/\" target=\"_blank\">Foyer culturel de Jupille-Wandre<\/a><\/td>\n<td width=\"80\" align=\"right\" valign=\"top\">20-03-2013<\/td>\n<td width=\"40\" align=\"right\" valign=\"top\">20h15<\/td>\n<\/tr>\n<\/tbody>\n<\/table>\n<table border=\"0\" cellspacing=\"0\" cellpadding=\"0\" width=\"100%\">\n<tbody>\n<tr>\n<td align=\"left\" valign=\"top\">Salle Pr\u00e9vers<br \/>\nRue Jean Hermesse &#8211; 4020 Jupille<\/td>\n<\/tr>\n<\/tbody>\n<\/table>\n<table border=\"0\" cellspacing=\"0\" cellpadding=\"0\" width=\"100%\">\n<tbody>\n<tr>\n<td align=\"left\" valign=\"top\"><\/td>\n<\/tr>\n<\/tbody>\n<\/table>\n<table border=\"0\" cellspacing=\"0\" cellpadding=\"0\" width=\"100%\">\n<tbody>\n<tr>\n<td align=\"left\" valign=\"top\"><a href=\"http:\/\/www.centreculturelandenne.be\/\" target=\"_blank\">Centre culturel d&rsquo;Andenne<\/a><\/td>\n<td width=\"80\" align=\"right\" valign=\"top\">28-03-2013<\/td>\n<td width=\"40\" align=\"right\" valign=\"top\">20h00<\/td>\n<\/tr>\n<\/tbody>\n<\/table>\n<table border=\"0\" cellspacing=\"0\" cellpadding=\"0\" width=\"100%\">\n<tbody>\n<tr>\n<td align=\"left\" valign=\"top\">Centre culturel d&rsquo;Andenne<br \/>\nRue Malev\u00e9, 5 &#8211; 5300 Andenne<\/td>\n<\/tr>\n<\/tbody>\n<\/table>\n<\/td>\n<\/tr>\n<\/tbody>\n<\/table>\n<\/div>\n<p><img loading=\"lazy\" decoding=\"async\" src=\"http:\/\/www.lesmagritteducinema.com\/_images\/spacer8.gif\" alt=\"spacer\" width=\"8\" height=\"8\" \/><\/p>\n<div>\n<table border=\"0\" cellspacing=\"0\" cellpadding=\"0\" width=\"100%\">\n<tbody>\n<tr>\n<td align=\"left\" valign=\"top\">\n<table border=\"0\" cellspacing=\"0\" cellpadding=\"0\" width=\"100%\">\n<tbody>\n<tr>\n<td align=\"left\" valign=\"top\"><a href=\"http:\/\/www.lesmagritteducinema.com\/workfile?id=46\">Torp\u00e9do<\/a><\/td>\n<\/tr>\n<\/tbody>\n<\/table>\n<table border=\"0\" cellspacing=\"0\" cellpadding=\"0\" width=\"100%\">\n<tbody>\n<tr>\n<td align=\"left\" valign=\"top\"><a href=\"http:\/\/www.foyerflorennes.be\/\" target=\"_blank\">Centre culturel de Florennes<\/a><\/td>\n<td width=\"80\" align=\"right\" valign=\"top\">14-03-2013<\/td>\n<td width=\"40\" align=\"right\" valign=\"top\">19h30<\/td>\n<\/tr>\n<\/tbody>\n<\/table>\n<table border=\"0\" cellspacing=\"0\" cellpadding=\"0\" width=\"100%\">\n<tbody>\n<tr>\n<td align=\"left\" valign=\"top\">Espace Culture<br \/>\n4 Av. Jules Lahaye &#8211; 5620 Florennes<\/td>\n<\/tr>\n<\/tbody>\n<\/table>\n<table border=\"0\" cellspacing=\"0\" cellpadding=\"0\" width=\"100%\">\n<tbody>\n<tr>\n<td align=\"left\" valign=\"top\"><\/td>\n<\/tr>\n<\/tbody>\n<\/table>\n<table border=\"0\" cellspacing=\"0\" cellpadding=\"0\" width=\"100%\">\n<tbody>\n<tr>\n<td align=\"left\" valign=\"top\"><a href=\"http:\/\/centreculturel.gembloux.com\/\" target=\"_blank\">Centre culturel de Gembloux<\/a><\/td>\n<td width=\"80\" align=\"right\" valign=\"top\">19-03-2013<\/td>\n<td width=\"40\" align=\"right\" valign=\"top\">20h00<\/td>\n<\/tr>\n<\/tbody>\n<\/table>\n<table border=\"0\" cellspacing=\"0\" cellpadding=\"0\" width=\"100%\">\n<tbody>\n<tr>\n<td align=\"left\" valign=\"top\">Centre culturel Cin\u00e9ma Royal<br \/>\nRue du Moulin, 55b &#8211; 5030 Gembloux<\/td>\n<\/tr>\n<\/tbody>\n<\/table>\n<table border=\"0\" cellspacing=\"0\" cellpadding=\"0\" width=\"100%\">\n<tbody>\n<tr>\n<td align=\"left\" valign=\"top\"><\/td>\n<\/tr>\n<\/tbody>\n<\/table>\n<table border=\"0\" cellspacing=\"0\" cellpadding=\"0\" width=\"100%\">\n<tbody>\n<tr>\n<td align=\"left\" valign=\"top\"><a href=\"http:\/\/cinemarche.marche.be\/\" target=\"_blank\">Cin\u00e9marche<\/a><\/td>\n<td width=\"80\" align=\"right\" valign=\"top\">27-03-2013<\/td>\n<td width=\"40\" align=\"right\" valign=\"top\">17h00<\/td>\n<\/tr>\n<tr>\n<td align=\"left\" valign=\"top\"><\/td>\n<td width=\"80\" align=\"right\" valign=\"top\"><span style=\"color: #00538b;\">29-03-2013<\/span><\/td>\n<td width=\"40\" align=\"right\" valign=\"top\">20h00<\/td>\n<\/tr>\n<tr>\n<td align=\"left\" valign=\"top\"><\/td>\n<td width=\"80\" align=\"right\" valign=\"top\">31-03-2013<\/td>\n<td width=\"40\" align=\"right\" valign=\"top\">17h00<\/td>\n<\/tr>\n<tr>\n<td align=\"left\" valign=\"top\"><\/td>\n<td width=\"80\" align=\"right\" valign=\"top\">02-04-2013<\/td>\n<td width=\"40\" align=\"right\" valign=\"top\">20h00<\/td>\n<\/tr>\n<\/tbody>\n<\/table>\n<table border=\"0\" cellspacing=\"0\" cellpadding=\"0\" width=\"100%\">\n<tbody>\n<tr>\n<td align=\"left\" valign=\"top\">Cin\u00e9pointcom Marche<br \/>\nPlace de l&rsquo;\u00c9tang &#8211; 6900 Marche-en-Famenne<\/td>\n<\/tr>\n<\/tbody>\n<\/table>\n<\/td>\n<\/tr>\n<\/tbody>\n<\/table>\n<\/div>\n<p>&nbsp;<\/p>\n<p>&nbsp;<\/p>\n","protected":false},"excerpt":{"rendered":"<p>Pendant deux mois, les 12 premiers films qui concourraient pour le Magritte 2013 du meilleur film seront pr\u00e9sent\u00e9s dans dix-huit centres culturels en Wallonie et \u00e0 Bruxelles se sont associ\u00e9s \u00e0 l\u2019initiative.\u00a0Ils proposent au public une trentaine de projections auront lieu jusqu\u2019au 29 avril 2013. Le but est d&rsquo;\u00e9lire le meilleur premier film de l&rsquo;ann\u00e9e &hellip;<\/p>\n","protected":false},"author":7,"featured_media":38127,"comment_status":"closed","ping_status":"closed","sticky":false,"template":"","format":"standard","meta":{"ngg_post_thumbnail":0,"footnotes":""},"categories":[12,7],"tags":[],"class_list":["post-38121","post","type-post","status-publish","format-standard","has-post-thumbnail","","category-awards","category-actualites"],"yoast_head":"<!-- This site is optimized with the Yoast SEO plugin v20.4 - https:\/\/yoast.com\/wordpress\/plugins\/seo\/ -->\n<title>Magritte du 1er film : toutes les projections - w-l-c<\/title>\n<meta name=\"robots\" content=\"noindex, follow, max-snippet:-1, max-image-preview:large, max-video-preview:-1\" \/>\n<meta property=\"og:locale\" content=\"fr_FR\" \/>\n<meta property=\"og:type\" content=\"article\" \/>\n<meta property=\"og:title\" content=\"Magritte du 1er film : toutes les projections - w-l-c\" \/>\n<meta property=\"og:description\" content=\"Pendant deux mois, les 12 premiers films qui concourraient pour le Magritte 2013 du meilleur film seront pr\u00e9sent\u00e9s dans dix-huit centres culturels en Wallonie et \u00e0 Bruxelles se sont associ\u00e9s \u00e0 l\u2019initiative.\u00a0Ils proposent au public une trentaine de projections auront lieu jusqu\u2019au 29 avril 2013. Le but est d&rsquo;\u00e9lire le meilleur premier film de l&rsquo;ann\u00e9e &hellip;\" \/>\n<meta property=\"og:url\" content=\"https:\/\/w-l-c.be\/fr\/magritte-du-1er-film-toutes-les-projections\/\" \/>\n<meta property=\"og:site_name\" content=\"w-l-c\" \/>\n<meta property=\"article:published_time\" content=\"2013-02-27T05:53:04+00:00\" \/>\n<meta property=\"article:modified_time\" content=\"2013-02-26T16:14:32+00:00\" \/>\n<meta property=\"og:image\" content=\"https:\/\/w-l-c.be\/wp-content\/uploads\/2013\/02\/2013-02-25_11h04_351.jpg\" \/>\n\t<meta property=\"og:image:width\" content=\"832\" \/>\n\t<meta property=\"og:image:height\" content=\"423\" \/>\n\t<meta property=\"og:image:type\" content=\"image\/jpeg\" \/>\n<meta name=\"author\" content=\"Philippe.Pierquin\" \/>\n<meta name=\"twitter:card\" content=\"summary_large_image\" \/>\n<meta name=\"twitter:label1\" content=\"\u00c9crit par\" \/>\n\t<meta name=\"twitter:data1\" content=\"Philippe.Pierquin\" \/>\n\t<meta name=\"twitter:label2\" content=\"Dur\u00e9e de lecture estim\u00e9e\" \/>\n\t<meta name=\"twitter:data2\" content=\"3 minutes\" \/>\n<script type=\"application\/ld+json\" class=\"yoast-schema-graph\">{\"@context\":\"https:\/\/schema.org\",\"@graph\":[{\"@type\":\"WebPage\",\"@id\":\"https:\/\/w-l-c.be\/fr\/magritte-du-1er-film-toutes-les-projections\/\",\"url\":\"https:\/\/w-l-c.be\/fr\/magritte-du-1er-film-toutes-les-projections\/\",\"name\":\"Magritte du 1er film : toutes les projections - w-l-c\",\"isPartOf\":{\"@id\":\"https:\/\/w-l-c.be\/fr\/#website\"},\"datePublished\":\"2013-02-27T05:53:04+00:00\",\"dateModified\":\"2013-02-26T16:14:32+00:00\",\"author\":{\"@id\":\"https:\/\/w-l-c.be\/fr\/#\/schema\/person\/4b9b1d857f0943453a38a7c2859ef756\"},\"breadcrumb\":{\"@id\":\"https:\/\/w-l-c.be\/fr\/magritte-du-1er-film-toutes-les-projections\/#breadcrumb\"},\"inLanguage\":\"fr-FR\",\"potentialAction\":[{\"@type\":\"ReadAction\",\"target\":[\"https:\/\/w-l-c.be\/fr\/magritte-du-1er-film-toutes-les-projections\/\"]}]},{\"@type\":\"BreadcrumbList\",\"@id\":\"https:\/\/w-l-c.be\/fr\/magritte-du-1er-film-toutes-les-projections\/#breadcrumb\",\"itemListElement\":[{\"@type\":\"ListItem\",\"position\":1,\"name\":\"Accueil\",\"item\":\"https:\/\/w-l-c.be\/fr\/\"},{\"@type\":\"ListItem\",\"position\":2,\"name\":\"Magritte du 1er film : toutes les projections\"}]},{\"@type\":\"WebSite\",\"@id\":\"https:\/\/w-l-c.be\/fr\/#website\",\"url\":\"https:\/\/w-l-c.be\/fr\/\",\"name\":\"w-l-c\",\"description\":\"Le cin\u00e9ma vu par les belges\",\"potentialAction\":[{\"@type\":\"SearchAction\",\"target\":{\"@type\":\"EntryPoint\",\"urlTemplate\":\"https:\/\/w-l-c.be\/fr\/?s={search_term_string}\"},\"query-input\":\"required name=search_term_string\"}],\"inLanguage\":\"fr-FR\"},{\"@type\":\"Person\",\"@id\":\"https:\/\/w-l-c.be\/fr\/#\/schema\/person\/4b9b1d857f0943453a38a7c2859ef756\",\"name\":\"Philippe.Pierquin\",\"url\":\"https:\/\/w-l-c.be\/fr\/author\/philippe-pierquin\/\"}]}<\/script>\n<!-- \/ Yoast SEO plugin. -->","yoast_head_json":{"title":"Magritte du 1er film : toutes les projections - w-l-c","robots":{"index":"noindex","follow":"follow","max-snippet":"max-snippet:-1","max-image-preview":"max-image-preview:large","max-video-preview":"max-video-preview:-1"},"og_locale":"fr_FR","og_type":"article","og_title":"Magritte du 1er film : toutes les projections - w-l-c","og_description":"Pendant deux mois, les 12 premiers films qui concourraient pour le Magritte 2013 du meilleur film seront pr\u00e9sent\u00e9s dans dix-huit centres culturels en Wallonie et \u00e0 Bruxelles se sont associ\u00e9s \u00e0 l\u2019initiative.\u00a0Ils proposent au public une trentaine de projections auront lieu jusqu\u2019au 29 avril 2013. Le but est d&rsquo;\u00e9lire le meilleur premier film de l&rsquo;ann\u00e9e &hellip;","og_url":"https:\/\/w-l-c.be\/fr\/magritte-du-1er-film-toutes-les-projections\/","og_site_name":"w-l-c","article_published_time":"2013-02-27T05:53:04+00:00","article_modified_time":"2013-02-26T16:14:32+00:00","og_image":[{"width":"832","height":"423","url":"https:\/\/w-l-c.be\/wp-content\/uploads\/2013\/02\/2013-02-25_11h04_351.jpg","type":"image\/jpeg"}],"author":"Philippe.Pierquin","twitter_card":"summary_large_image","twitter_misc":{"\u00c9crit par":"Philippe.Pierquin","Dur\u00e9e de lecture estim\u00e9e":"3 minutes"},"schema":{"@context":"https:\/\/schema.org","@graph":[{"@type":"WebPage","@id":"https:\/\/w-l-c.be\/fr\/magritte-du-1er-film-toutes-les-projections\/","url":"https:\/\/w-l-c.be\/fr\/magritte-du-1er-film-toutes-les-projections\/","name":"Magritte du 1er film : toutes les projections - w-l-c","isPartOf":{"@id":"https:\/\/w-l-c.be\/fr\/#website"},"datePublished":"2013-02-27T05:53:04+00:00","dateModified":"2013-02-26T16:14:32+00:00","author":{"@id":"https:\/\/w-l-c.be\/fr\/#\/schema\/person\/4b9b1d857f0943453a38a7c2859ef756"},"breadcrumb":{"@id":"https:\/\/w-l-c.be\/fr\/magritte-du-1er-film-toutes-les-projections\/#breadcrumb"},"inLanguage":"fr-FR","potentialAction":[{"@type":"ReadAction","target":["https:\/\/w-l-c.be\/fr\/magritte-du-1er-film-toutes-les-projections\/"]}]},{"@type":"BreadcrumbList","@id":"https:\/\/w-l-c.be\/fr\/magritte-du-1er-film-toutes-les-projections\/#breadcrumb","itemListElement":[{"@type":"ListItem","position":1,"name":"Accueil","item":"https:\/\/w-l-c.be\/fr\/"},{"@type":"ListItem","position":2,"name":"Magritte du 1er film : toutes les projections"}]},{"@type":"WebSite","@id":"https:\/\/w-l-c.be\/fr\/#website","url":"https:\/\/w-l-c.be\/fr\/","name":"w-l-c","description":"Le cin\u00e9ma vu par les belges","potentialAction":[{"@type":"SearchAction","target":{"@type":"EntryPoint","urlTemplate":"https:\/\/w-l-c.be\/fr\/?s={search_term_string}"},"query-input":"required name=search_term_string"}],"inLanguage":"fr-FR"},{"@type":"Person","@id":"https:\/\/w-l-c.be\/fr\/#\/schema\/person\/4b9b1d857f0943453a38a7c2859ef756","name":"Philippe.Pierquin","url":"https:\/\/w-l-c.be\/fr\/author\/philippe-pierquin\/"}]}},"_links":{"self":[{"href":"https:\/\/w-l-c.be\/fr\/wp-json\/wp\/v2\/posts\/38121","targetHints":{"allow":["GET"]}}],"collection":[{"href":"https:\/\/w-l-c.be\/fr\/wp-json\/wp\/v2\/posts"}],"about":[{"href":"https:\/\/w-l-c.be\/fr\/wp-json\/wp\/v2\/types\/post"}],"author":[{"embeddable":true,"href":"https:\/\/w-l-c.be\/fr\/wp-json\/wp\/v2\/users\/7"}],"replies":[{"embeddable":true,"href":"https:\/\/w-l-c.be\/fr\/wp-json\/wp\/v2\/comments?post=38121"}],"version-history":[{"count":0,"href":"https:\/\/w-l-c.be\/fr\/wp-json\/wp\/v2\/posts\/38121\/revisions"}],"wp:featuredmedia":[{"embeddable":true,"href":"https:\/\/w-l-c.be\/fr\/wp-json\/wp\/v2\/media\/38127"}],"wp:attachment":[{"href":"https:\/\/w-l-c.be\/fr\/wp-json\/wp\/v2\/media?parent=38121"}],"wp:term":[{"taxonomy":"category","embeddable":true,"href":"https:\/\/w-l-c.be\/fr\/wp-json\/wp\/v2\/categories?post=38121"},{"taxonomy":"post_tag","embeddable":true,"href":"https:\/\/w-l-c.be\/fr\/wp-json\/wp\/v2\/tags?post=38121"}],"curies":[{"name":"wp","href":"https:\/\/api.w.org\/{rel}","templated":true}]}}