
{"id":38149,"date":"2013-02-27T05:49:47","date_gmt":"2013-02-27T05:49:47","guid":{"rendered":"http:\/\/www.cinevox.be\/?p=38149"},"modified":"2013-03-02T11:01:29","modified_gmt":"2013-03-02T11:01:29","slug":"magritte-du-premier-film-les-longs-metrages-en-competition","status":"publish","type":"post","link":"https:\/\/w-l-c.be\/fr\/magritte-du-premier-film-les-longs-metrages-en-competition\/","title":{"rendered":"Magritte du Premier film : les longs m\u00e9trages en comp\u00e9tition."},"content":{"rendered":"<p>Les douze longs m\u00e9trages belges, issus de la s\u00e9lection de la 3e C\u00e9r\u00e9monie des Magritte du Cin\u00e9ma qui concourent pour ce nouveau prix sont<!--more--><\/p>\n<p>&nbsp;<\/p>\n<p>&#8211; Au cul du loup, de Pierre Duculot, avec Christelle Cornil, produit par Need Productions<\/p>\n<p>&#8211; Couleur de peau : miel, de Jung et Laurent Boileau, produit par Art\u00e9mis Productions<\/p>\n<p>&#8211; Dead man talking, de Patrick Ridremont, avec Virginie Efira, Fran\u00e7ois Berl\u00e9and, Denis M\u2019Punga et<\/p>\n<p>Jean-Luc Couchard, produit par Nexus Factory<\/p>\n<p>&#8211; De leur vivant, de G\u00e9raldine Doignon, avec Anne-Pascale Clairembourg, Mathylde Demarez,<\/p>\n<p>Christian Crahay, Yoann Blanc, produit par H\u00e9licotronc<\/p>\n<p>&#8211; L\u2019envahisseur, de Nicolas Provost, avec Isaka Sawadogo, Stefania Rocca, Dieudonn\u00e9 Kabongo,<\/p>\n<p>produit par Versus production<\/p>\n<p>&#8211; Le grand tour, de J\u00e9r\u00f4me le Maire, avec Vincent Solheid, produit par La Parti Production<\/p>\n<p>&#8211; L\u2019hiver dernier, de John Shank, avec Vincent Rottiers, produit par Tarantula<\/p>\n<p>&#8211; JC comme J\u00e9sus Christ, de Jonathan Zacca\u00ef, avec Vincent Lacoste, Jonathan Zacca\u00ef, produit par<\/p>\n<p>Nexus Factory<\/p>\n<p>&#8211; Miss Mouche, de Bernard Halut, avec Mona Jab\u00e9, Thierry De Coster, produit par Cin\u00e9astes<\/p>\n<p>associ\u00e9s<\/p>\n<p>&#8211; Mobile Home, de Fran\u00e7ois Pirot, avec Arthur Dupont, Guillaume Gouix, produit par Tarantula<\/p>\n<p>&#8211; La T\u00eate la Premi\u00e8re, d\u2019Am\u00e9lie Van Elmbt, avec David Murgia, Alice de Lencquesaing, produit par<\/p>\n<p>Media international et Am\u00e9lie Van Elmbt<\/p>\n<p>&#8211; Torp\u00e9do, de Mathieu Donck, avec Fran\u00e7ois Damiens, C\u00e9dric Constantin, produit par K2<\/p>\n<p>&nbsp;<\/p>\n<p>&nbsp;<\/p>\n<p>Pour voter rendez-vous<a href=\"http:\/\/www.lesmagritteducinema.com\/public_vote.php?lang=fr\" target=\"_blank\"> ICI<\/a><\/p>\n<p>&nbsp;<\/p>\n","protected":false},"excerpt":{"rendered":"<p>Les douze longs m\u00e9trages belges, issus de la s\u00e9lection de la 3e C\u00e9r\u00e9monie des Magritte du Cin\u00e9ma qui concourent pour ce nouveau prix sont<\/p>\n","protected":false},"author":7,"featured_media":38155,"comment_status":"closed","ping_status":"closed","sticky":false,"template":"","format":"standard","meta":{"ngg_post_thumbnail":0,"footnotes":""},"categories":[12,7],"tags":[],"class_list":["post-38149","post","type-post","status-publish","format-standard","has-post-thumbnail","","category-awards","category-actualites"],"yoast_head":"<!-- This site is optimized with the Yoast SEO plugin v20.4 - https:\/\/yoast.com\/wordpress\/plugins\/seo\/ -->\n<title>Magritte du Premier film : les longs m\u00e9trages en comp\u00e9tition. - w-l-c<\/title>\n<meta name=\"robots\" content=\"noindex, follow, max-snippet:-1, max-image-preview:large, max-video-preview:-1\" \/>\n<meta property=\"og:locale\" content=\"fr_FR\" \/>\n<meta property=\"og:type\" content=\"article\" \/>\n<meta property=\"og:title\" content=\"Magritte du Premier film : les longs m\u00e9trages en comp\u00e9tition. - w-l-c\" \/>\n<meta property=\"og:description\" content=\"Les douze longs m\u00e9trages belges, issus de la s\u00e9lection de la 3e C\u00e9r\u00e9monie des Magritte du Cin\u00e9ma qui concourent pour ce nouveau prix sont\" \/>\n<meta property=\"og:url\" content=\"https:\/\/w-l-c.be\/fr\/magritte-du-premier-film-les-longs-metrages-en-competition\/\" \/>\n<meta property=\"og:site_name\" content=\"w-l-c\" \/>\n<meta property=\"article:published_time\" content=\"2013-02-27T05:49:47+00:00\" \/>\n<meta property=\"article:modified_time\" content=\"2013-03-02T11:01:29+00:00\" \/>\n<meta property=\"og:image\" content=\"https:\/\/w-l-c.be\/wp-content\/uploads\/2013\/02\/Magritte-720x360.jpg\" \/>\n\t<meta property=\"og:image:width\" content=\"720\" \/>\n\t<meta property=\"og:image:height\" content=\"360\" \/>\n\t<meta property=\"og:image:type\" content=\"image\/jpeg\" \/>\n<meta name=\"author\" content=\"Philippe.Pierquin\" \/>\n<meta name=\"twitter:card\" content=\"summary_large_image\" \/>\n<meta name=\"twitter:label1\" content=\"\u00c9crit par\" \/>\n\t<meta name=\"twitter:data1\" content=\"Philippe.Pierquin\" \/>\n\t<meta name=\"twitter:label2\" content=\"Dur\u00e9e de lecture estim\u00e9e\" \/>\n\t<meta name=\"twitter:data2\" content=\"1 minute\" \/>\n<script type=\"application\/ld+json\" class=\"yoast-schema-graph\">{\"@context\":\"https:\/\/schema.org\",\"@graph\":[{\"@type\":\"WebPage\",\"@id\":\"https:\/\/w-l-c.be\/fr\/magritte-du-premier-film-les-longs-metrages-en-competition\/\",\"url\":\"https:\/\/w-l-c.be\/fr\/magritte-du-premier-film-les-longs-metrages-en-competition\/\",\"name\":\"Magritte du Premier film : les longs m\u00e9trages en comp\u00e9tition. - w-l-c\",\"isPartOf\":{\"@id\":\"https:\/\/w-l-c.be\/fr\/#website\"},\"datePublished\":\"2013-02-27T05:49:47+00:00\",\"dateModified\":\"2013-03-02T11:01:29+00:00\",\"author\":{\"@id\":\"https:\/\/w-l-c.be\/fr\/#\/schema\/person\/4b9b1d857f0943453a38a7c2859ef756\"},\"breadcrumb\":{\"@id\":\"https:\/\/w-l-c.be\/fr\/magritte-du-premier-film-les-longs-metrages-en-competition\/#breadcrumb\"},\"inLanguage\":\"fr-FR\",\"potentialAction\":[{\"@type\":\"ReadAction\",\"target\":[\"https:\/\/w-l-c.be\/fr\/magritte-du-premier-film-les-longs-metrages-en-competition\/\"]}]},{\"@type\":\"BreadcrumbList\",\"@id\":\"https:\/\/w-l-c.be\/fr\/magritte-du-premier-film-les-longs-metrages-en-competition\/#breadcrumb\",\"itemListElement\":[{\"@type\":\"ListItem\",\"position\":1,\"name\":\"Accueil\",\"item\":\"https:\/\/w-l-c.be\/fr\/\"},{\"@type\":\"ListItem\",\"position\":2,\"name\":\"Magritte du Premier film : les longs m\u00e9trages en comp\u00e9tition.\"}]},{\"@type\":\"WebSite\",\"@id\":\"https:\/\/w-l-c.be\/fr\/#website\",\"url\":\"https:\/\/w-l-c.be\/fr\/\",\"name\":\"w-l-c\",\"description\":\"Le cin\u00e9ma vu par les belges\",\"potentialAction\":[{\"@type\":\"SearchAction\",\"target\":{\"@type\":\"EntryPoint\",\"urlTemplate\":\"https:\/\/w-l-c.be\/fr\/?s={search_term_string}\"},\"query-input\":\"required name=search_term_string\"}],\"inLanguage\":\"fr-FR\"},{\"@type\":\"Person\",\"@id\":\"https:\/\/w-l-c.be\/fr\/#\/schema\/person\/4b9b1d857f0943453a38a7c2859ef756\",\"name\":\"Philippe.Pierquin\",\"url\":\"https:\/\/w-l-c.be\/fr\/author\/philippe-pierquin\/\"}]}<\/script>\n<!-- \/ Yoast SEO plugin. -->","yoast_head_json":{"title":"Magritte du Premier film : les longs m\u00e9trages en comp\u00e9tition. - w-l-c","robots":{"index":"noindex","follow":"follow","max-snippet":"max-snippet:-1","max-image-preview":"max-image-preview:large","max-video-preview":"max-video-preview:-1"},"og_locale":"fr_FR","og_type":"article","og_title":"Magritte du Premier film : les longs m\u00e9trages en comp\u00e9tition. - w-l-c","og_description":"Les douze longs m\u00e9trages belges, issus de la s\u00e9lection de la 3e C\u00e9r\u00e9monie des Magritte du Cin\u00e9ma qui concourent pour ce nouveau prix sont","og_url":"https:\/\/w-l-c.be\/fr\/magritte-du-premier-film-les-longs-metrages-en-competition\/","og_site_name":"w-l-c","article_published_time":"2013-02-27T05:49:47+00:00","article_modified_time":"2013-03-02T11:01:29+00:00","og_image":[{"width":"720","height":"360","url":"https:\/\/w-l-c.be\/wp-content\/uploads\/2013\/02\/Magritte-720x360.jpg","type":"image\/jpeg"}],"author":"Philippe.Pierquin","twitter_card":"summary_large_image","twitter_misc":{"\u00c9crit par":"Philippe.Pierquin","Dur\u00e9e de lecture estim\u00e9e":"1 minute"},"schema":{"@context":"https:\/\/schema.org","@graph":[{"@type":"WebPage","@id":"https:\/\/w-l-c.be\/fr\/magritte-du-premier-film-les-longs-metrages-en-competition\/","url":"https:\/\/w-l-c.be\/fr\/magritte-du-premier-film-les-longs-metrages-en-competition\/","name":"Magritte du Premier film : les longs m\u00e9trages en comp\u00e9tition. - w-l-c","isPartOf":{"@id":"https:\/\/w-l-c.be\/fr\/#website"},"datePublished":"2013-02-27T05:49:47+00:00","dateModified":"2013-03-02T11:01:29+00:00","author":{"@id":"https:\/\/w-l-c.be\/fr\/#\/schema\/person\/4b9b1d857f0943453a38a7c2859ef756"},"breadcrumb":{"@id":"https:\/\/w-l-c.be\/fr\/magritte-du-premier-film-les-longs-metrages-en-competition\/#breadcrumb"},"inLanguage":"fr-FR","potentialAction":[{"@type":"ReadAction","target":["https:\/\/w-l-c.be\/fr\/magritte-du-premier-film-les-longs-metrages-en-competition\/"]}]},{"@type":"BreadcrumbList","@id":"https:\/\/w-l-c.be\/fr\/magritte-du-premier-film-les-longs-metrages-en-competition\/#breadcrumb","itemListElement":[{"@type":"ListItem","position":1,"name":"Accueil","item":"https:\/\/w-l-c.be\/fr\/"},{"@type":"ListItem","position":2,"name":"Magritte du Premier film : les longs m\u00e9trages en comp\u00e9tition."}]},{"@type":"WebSite","@id":"https:\/\/w-l-c.be\/fr\/#website","url":"https:\/\/w-l-c.be\/fr\/","name":"w-l-c","description":"Le cin\u00e9ma vu par les belges","potentialAction":[{"@type":"SearchAction","target":{"@type":"EntryPoint","urlTemplate":"https:\/\/w-l-c.be\/fr\/?s={search_term_string}"},"query-input":"required name=search_term_string"}],"inLanguage":"fr-FR"},{"@type":"Person","@id":"https:\/\/w-l-c.be\/fr\/#\/schema\/person\/4b9b1d857f0943453a38a7c2859ef756","name":"Philippe.Pierquin","url":"https:\/\/w-l-c.be\/fr\/author\/philippe-pierquin\/"}]}},"_links":{"self":[{"href":"https:\/\/w-l-c.be\/fr\/wp-json\/wp\/v2\/posts\/38149","targetHints":{"allow":["GET"]}}],"collection":[{"href":"https:\/\/w-l-c.be\/fr\/wp-json\/wp\/v2\/posts"}],"about":[{"href":"https:\/\/w-l-c.be\/fr\/wp-json\/wp\/v2\/types\/post"}],"author":[{"embeddable":true,"href":"https:\/\/w-l-c.be\/fr\/wp-json\/wp\/v2\/users\/7"}],"replies":[{"embeddable":true,"href":"https:\/\/w-l-c.be\/fr\/wp-json\/wp\/v2\/comments?post=38149"}],"version-history":[{"count":0,"href":"https:\/\/w-l-c.be\/fr\/wp-json\/wp\/v2\/posts\/38149\/revisions"}],"wp:featuredmedia":[{"embeddable":true,"href":"https:\/\/w-l-c.be\/fr\/wp-json\/wp\/v2\/media\/38155"}],"wp:attachment":[{"href":"https:\/\/w-l-c.be\/fr\/wp-json\/wp\/v2\/media?parent=38149"}],"wp:term":[{"taxonomy":"category","embeddable":true,"href":"https:\/\/w-l-c.be\/fr\/wp-json\/wp\/v2\/categories?post=38149"},{"taxonomy":"post_tag","embeddable":true,"href":"https:\/\/w-l-c.be\/fr\/wp-json\/wp\/v2\/tags?post=38149"}],"curies":[{"name":"wp","href":"https:\/\/api.w.org\/{rel}","templated":true}]}}