
{"id":38166,"date":"2013-02-25T11:58:55","date_gmt":"2013-02-25T11:58:55","guid":{"rendered":"http:\/\/www.cinevox.be\/?p=38166"},"modified":"2013-02-25T12:10:39","modified_gmt":"2013-02-25T12:10:39","slug":"marion-cotillard-chez-les-freres","status":"publish","type":"post","link":"https:\/\/w-l-c.be\/fr\/marion-cotillard-chez-les-freres\/","title":{"rendered":"Marion Cotillard chez les Fr\u00e8res"},"content":{"rendered":"<p>Le cin\u00e9ma est un petit monde. Les rencontres y sont forc\u00e9ment d\u00e9terminantes. <strong>Matthias Schoenaerts<\/strong> qui jouait le r\u00f4le principal de <em>De Rouille et d&rsquo;Os<\/em> y a c\u00f4toy\u00e9 <strong>Marion Cotillard<\/strong>. Guillaume Canet, (Monsieur Cotillard), qui passait par l\u00e0, l&rsquo;a crois\u00e9 sur le plateau et, impressionn\u00e9, lui a propos\u00e9 un r\u00f4le sur son remake am\u00e9ricain des <em>Liens de Sang, Blood Ties.<!--more--><\/em><\/p>\n<p>&nbsp;<\/p>\n<p><em>De Rouille et d&rsquo;Os<\/em> \u00e9tait coproduit en Belgique par les fr\u00e8res <strong>Dardenne<\/strong>. Et m\u00eame si on n&rsquo;a pas la certitude absolue que ce fut le d\u00e9clencheur de leur d\u00e9sir (ils nous l&rsquo;expliqueront bient\u00f4t), voil\u00e0 que <strong>Marion Cotillard<\/strong>, plus \u00e0 l&rsquo;aise dans des oeuvres plus exigeantes que dans des blockbusters o\u00f9 elle est souvent sous-employ\u00e9e, vient de signer avec <em>les Films du Fleuve<\/em> pour incarner l&rsquo;h\u00e9ro\u00efne de leur prochain film,<em> Deux jours, une nuit,<\/em><\/p>\n<p>&nbsp;<\/p>\n<p><a rel=\"attachment wp-att-38167\" href=\"http:\/\/www.cinevox.be\/marion-cotillard-chez-les-freres\/extrait-3b-4\"><img loading=\"lazy\" decoding=\"async\" class=\"alignright size-full wp-image-38167\" title=\"extrait 3b\" src=\"http:\/\/www.cinevox.be\/wp-content\/uploads\/2013\/02\/extrait-3b.jpg\" alt=\"\" width=\"305\" height=\"382\" srcset=\"https:\/\/w-l-c.be\/wp-content\/uploads\/2013\/02\/extrait-3b.jpg 305w, https:\/\/w-l-c.be\/wp-content\/uploads\/2013\/02\/extrait-3b-215x270.jpg 215w\" sizes=\"auto, (max-width: 305px) 100vw, 305px\" \/><\/a><\/p>\n<p>Autre bonne nouvelle: <strong>Fabrizio Rongione<\/strong> dont la popularit\u00e9 est mont\u00e9e de trois crans apr\u00e8s sa formidable prestation sur la sc\u00e8ne des Magritte 2013 sera lui aussi de la partie. Fid\u00e8le parmi les fid\u00e8les, il sera le mari de Marion dans ce film bas\u00e9 sur une histoire que les fr\u00e8res veulent d\u00e9velopper depuis plusieurs ann\u00e9es, celle d&rsquo;une jeune femme\u00a0qui n&rsquo;a qu&rsquo;un week-end pour aller voir ses coll\u00e8gues et les convaincre de renoncer \u00e0 leur prime afin qu&rsquo;elle puisse garder son emploi.<\/p>\n<p>&nbsp;<\/p>\n<p>Apr\u00e8s avoir r\u00e9v\u00e9l\u00e9 des actrices aujourd&rsquo;hui incontournables comme <strong>\u00c9milie Dequenne<\/strong> ou <strong>D\u00e9borah Fran\u00e7ois, Jean-Pierre <\/strong>et <strong>Luc<\/strong> continuent ainsi sur leur lanc\u00e9e du <em>Gamin au V\u00e9lo<\/em> o\u00f9, pour la premi\u00e8re fois, ils avaient fait appel \u00e0 une actrice confirm\u00e9e qui ne faisait pas a priori partie de leur univers : <strong>C\u00e9cile de France.<\/strong><\/p>\n<p>&nbsp;<\/p>\n<p>Du c\u00f4t\u00e9 de Li\u00e8ge, tout le monde est tr\u00e8s excit\u00e9 de ce nouveau sc\u00e9nario et de l&rsquo;accord conclu avec l&rsquo;actrice fran\u00e7aise.\u00a0Pour Marion, il s&rsquo;agit en outre de la quasi-certitude de retourner en fanfare au Festival de Cannes, probablement en 2014 d\u00e9j\u00e0.<\/p>\n<p>Affaire \u00e0 suivre.<\/p>\n<p>&nbsp;<\/p>\n","protected":false},"excerpt":{"rendered":"<p>Le cin\u00e9ma est un petit monde. Les rencontres y sont forc\u00e9ment d\u00e9terminantes. Matthias Schoenaerts qui jouait le r\u00f4le principal de De Rouille et d&rsquo;Os y a c\u00f4toy\u00e9 Marion Cotillard. Guillaume Canet, (Monsieur Cotillard), qui passait par l\u00e0, l&rsquo;a crois\u00e9 sur le plateau et, impressionn\u00e9, lui a propos\u00e9 un r\u00f4le sur son remake am\u00e9ricain des Liens &hellip;<\/p>\n","protected":false},"author":7,"featured_media":38169,"comment_status":"closed","ping_status":"closed","sticky":false,"template":"","format":"standard","meta":{"ngg_post_thumbnail":0,"footnotes":""},"categories":[1923,7],"tags":[],"class_list":["post-38166","post","type-post","status-publish","format-standard","has-post-thumbnail","","category-en-bref","category-actualites"],"yoast_head":"<!-- This site is optimized with the Yoast SEO plugin v20.4 - https:\/\/yoast.com\/wordpress\/plugins\/seo\/ -->\n<title>Marion Cotillard chez les Fr\u00e8res - w-l-c<\/title>\n<meta name=\"robots\" content=\"noindex, follow, max-snippet:-1, max-image-preview:large, max-video-preview:-1\" \/>\n<meta property=\"og:locale\" content=\"fr_FR\" \/>\n<meta property=\"og:type\" content=\"article\" \/>\n<meta property=\"og:title\" content=\"Marion Cotillard chez les Fr\u00e8res - w-l-c\" \/>\n<meta property=\"og:description\" content=\"Le cin\u00e9ma est un petit monde. Les rencontres y sont forc\u00e9ment d\u00e9terminantes. Matthias Schoenaerts qui jouait le r\u00f4le principal de De Rouille et d&rsquo;Os y a c\u00f4toy\u00e9 Marion Cotillard. Guillaume Canet, (Monsieur Cotillard), qui passait par l\u00e0, l&rsquo;a crois\u00e9 sur le plateau et, impressionn\u00e9, lui a propos\u00e9 un r\u00f4le sur son remake am\u00e9ricain des Liens &hellip;\" \/>\n<meta property=\"og:url\" content=\"https:\/\/w-l-c.be\/fr\/marion-cotillard-chez-les-freres\/\" \/>\n<meta property=\"og:site_name\" content=\"w-l-c\" \/>\n<meta property=\"article:published_time\" content=\"2013-02-25T11:58:55+00:00\" \/>\n<meta property=\"article:modified_time\" content=\"2013-02-25T12:10:39+00:00\" \/>\n<meta property=\"og:image\" content=\"https:\/\/w-l-c.be\/wp-content\/uploads\/2013\/02\/144678268.jpg\" \/>\n\t<meta property=\"og:image:width\" content=\"620\" \/>\n\t<meta property=\"og:image:height\" content=\"408\" \/>\n\t<meta property=\"og:image:type\" content=\"image\/jpeg\" \/>\n<meta name=\"author\" content=\"Philippe.Pierquin\" \/>\n<meta name=\"twitter:card\" content=\"summary_large_image\" \/>\n<meta name=\"twitter:label1\" content=\"\u00c9crit par\" \/>\n\t<meta name=\"twitter:data1\" content=\"Philippe.Pierquin\" \/>\n\t<meta name=\"twitter:label2\" content=\"Dur\u00e9e de lecture estim\u00e9e\" \/>\n\t<meta name=\"twitter:data2\" content=\"2 minutes\" \/>\n<script type=\"application\/ld+json\" class=\"yoast-schema-graph\">{\"@context\":\"https:\/\/schema.org\",\"@graph\":[{\"@type\":\"WebPage\",\"@id\":\"https:\/\/w-l-c.be\/fr\/marion-cotillard-chez-les-freres\/\",\"url\":\"https:\/\/w-l-c.be\/fr\/marion-cotillard-chez-les-freres\/\",\"name\":\"Marion Cotillard chez les Fr\u00e8res - w-l-c\",\"isPartOf\":{\"@id\":\"https:\/\/w-l-c.be\/fr\/#website\"},\"datePublished\":\"2013-02-25T11:58:55+00:00\",\"dateModified\":\"2013-02-25T12:10:39+00:00\",\"author\":{\"@id\":\"https:\/\/w-l-c.be\/fr\/#\/schema\/person\/4b9b1d857f0943453a38a7c2859ef756\"},\"breadcrumb\":{\"@id\":\"https:\/\/w-l-c.be\/fr\/marion-cotillard-chez-les-freres\/#breadcrumb\"},\"inLanguage\":\"fr-FR\",\"potentialAction\":[{\"@type\":\"ReadAction\",\"target\":[\"https:\/\/w-l-c.be\/fr\/marion-cotillard-chez-les-freres\/\"]}]},{\"@type\":\"BreadcrumbList\",\"@id\":\"https:\/\/w-l-c.be\/fr\/marion-cotillard-chez-les-freres\/#breadcrumb\",\"itemListElement\":[{\"@type\":\"ListItem\",\"position\":1,\"name\":\"Accueil\",\"item\":\"https:\/\/w-l-c.be\/fr\/\"},{\"@type\":\"ListItem\",\"position\":2,\"name\":\"Marion Cotillard chez les Fr\u00e8res\"}]},{\"@type\":\"WebSite\",\"@id\":\"https:\/\/w-l-c.be\/fr\/#website\",\"url\":\"https:\/\/w-l-c.be\/fr\/\",\"name\":\"w-l-c\",\"description\":\"Le cin\u00e9ma vu par les belges\",\"potentialAction\":[{\"@type\":\"SearchAction\",\"target\":{\"@type\":\"EntryPoint\",\"urlTemplate\":\"https:\/\/w-l-c.be\/fr\/?s={search_term_string}\"},\"query-input\":\"required name=search_term_string\"}],\"inLanguage\":\"fr-FR\"},{\"@type\":\"Person\",\"@id\":\"https:\/\/w-l-c.be\/fr\/#\/schema\/person\/4b9b1d857f0943453a38a7c2859ef756\",\"name\":\"Philippe.Pierquin\",\"url\":\"https:\/\/w-l-c.be\/fr\/author\/philippe-pierquin\/\"}]}<\/script>\n<!-- \/ Yoast SEO plugin. -->","yoast_head_json":{"title":"Marion Cotillard chez les Fr\u00e8res - w-l-c","robots":{"index":"noindex","follow":"follow","max-snippet":"max-snippet:-1","max-image-preview":"max-image-preview:large","max-video-preview":"max-video-preview:-1"},"og_locale":"fr_FR","og_type":"article","og_title":"Marion Cotillard chez les Fr\u00e8res - w-l-c","og_description":"Le cin\u00e9ma est un petit monde. Les rencontres y sont forc\u00e9ment d\u00e9terminantes. Matthias Schoenaerts qui jouait le r\u00f4le principal de De Rouille et d&rsquo;Os y a c\u00f4toy\u00e9 Marion Cotillard. Guillaume Canet, (Monsieur Cotillard), qui passait par l\u00e0, l&rsquo;a crois\u00e9 sur le plateau et, impressionn\u00e9, lui a propos\u00e9 un r\u00f4le sur son remake am\u00e9ricain des Liens &hellip;","og_url":"https:\/\/w-l-c.be\/fr\/marion-cotillard-chez-les-freres\/","og_site_name":"w-l-c","article_published_time":"2013-02-25T11:58:55+00:00","article_modified_time":"2013-02-25T12:10:39+00:00","og_image":[{"width":"620","height":"408","url":"https:\/\/w-l-c.be\/wp-content\/uploads\/2013\/02\/144678268.jpg","type":"image\/jpeg"}],"author":"Philippe.Pierquin","twitter_card":"summary_large_image","twitter_misc":{"\u00c9crit par":"Philippe.Pierquin","Dur\u00e9e de lecture estim\u00e9e":"2 minutes"},"schema":{"@context":"https:\/\/schema.org","@graph":[{"@type":"WebPage","@id":"https:\/\/w-l-c.be\/fr\/marion-cotillard-chez-les-freres\/","url":"https:\/\/w-l-c.be\/fr\/marion-cotillard-chez-les-freres\/","name":"Marion Cotillard chez les Fr\u00e8res - w-l-c","isPartOf":{"@id":"https:\/\/w-l-c.be\/fr\/#website"},"datePublished":"2013-02-25T11:58:55+00:00","dateModified":"2013-02-25T12:10:39+00:00","author":{"@id":"https:\/\/w-l-c.be\/fr\/#\/schema\/person\/4b9b1d857f0943453a38a7c2859ef756"},"breadcrumb":{"@id":"https:\/\/w-l-c.be\/fr\/marion-cotillard-chez-les-freres\/#breadcrumb"},"inLanguage":"fr-FR","potentialAction":[{"@type":"ReadAction","target":["https:\/\/w-l-c.be\/fr\/marion-cotillard-chez-les-freres\/"]}]},{"@type":"BreadcrumbList","@id":"https:\/\/w-l-c.be\/fr\/marion-cotillard-chez-les-freres\/#breadcrumb","itemListElement":[{"@type":"ListItem","position":1,"name":"Accueil","item":"https:\/\/w-l-c.be\/fr\/"},{"@type":"ListItem","position":2,"name":"Marion Cotillard chez les Fr\u00e8res"}]},{"@type":"WebSite","@id":"https:\/\/w-l-c.be\/fr\/#website","url":"https:\/\/w-l-c.be\/fr\/","name":"w-l-c","description":"Le cin\u00e9ma vu par les belges","potentialAction":[{"@type":"SearchAction","target":{"@type":"EntryPoint","urlTemplate":"https:\/\/w-l-c.be\/fr\/?s={search_term_string}"},"query-input":"required name=search_term_string"}],"inLanguage":"fr-FR"},{"@type":"Person","@id":"https:\/\/w-l-c.be\/fr\/#\/schema\/person\/4b9b1d857f0943453a38a7c2859ef756","name":"Philippe.Pierquin","url":"https:\/\/w-l-c.be\/fr\/author\/philippe-pierquin\/"}]}},"_links":{"self":[{"href":"https:\/\/w-l-c.be\/fr\/wp-json\/wp\/v2\/posts\/38166","targetHints":{"allow":["GET"]}}],"collection":[{"href":"https:\/\/w-l-c.be\/fr\/wp-json\/wp\/v2\/posts"}],"about":[{"href":"https:\/\/w-l-c.be\/fr\/wp-json\/wp\/v2\/types\/post"}],"author":[{"embeddable":true,"href":"https:\/\/w-l-c.be\/fr\/wp-json\/wp\/v2\/users\/7"}],"replies":[{"embeddable":true,"href":"https:\/\/w-l-c.be\/fr\/wp-json\/wp\/v2\/comments?post=38166"}],"version-history":[{"count":0,"href":"https:\/\/w-l-c.be\/fr\/wp-json\/wp\/v2\/posts\/38166\/revisions"}],"wp:featuredmedia":[{"embeddable":true,"href":"https:\/\/w-l-c.be\/fr\/wp-json\/wp\/v2\/media\/38169"}],"wp:attachment":[{"href":"https:\/\/w-l-c.be\/fr\/wp-json\/wp\/v2\/media?parent=38166"}],"wp:term":[{"taxonomy":"category","embeddable":true,"href":"https:\/\/w-l-c.be\/fr\/wp-json\/wp\/v2\/categories?post=38166"},{"taxonomy":"post_tag","embeddable":true,"href":"https:\/\/w-l-c.be\/fr\/wp-json\/wp\/v2\/tags?post=38166"}],"curies":[{"name":"wp","href":"https:\/\/api.w.org\/{rel}","templated":true}]}}