
{"id":39186,"date":"2013-03-12T12:19:38","date_gmt":"2013-03-12T12:19:38","guid":{"rendered":"http:\/\/www.cinevox.be\/?p=39186"},"modified":"2013-03-12T12:22:52","modified_gmt":"2013-03-12T12:22:52","slug":"couleur-de-peau-miel-triomphe-au-canada","status":"publish","type":"post","link":"https:\/\/w-l-c.be\/fr\/couleur-de-peau-miel-triomphe-au-canada\/","title":{"rendered":"\u00ab\u00a0Couleur de Peau : Miel\u00a0\u00bb triomphe au Canada"},"content":{"rendered":"<p><em>Couleur de peau : Miel<\/em> vient tout juste de remporter le Grand prix du Festival International du Film pour Enfants de Montr\u00e9al ainsi que le prix de l&rsquo;INIS&#8230;<!--more--><\/p>\n<p>&nbsp;<\/p>\n<p>&nbsp;<\/p>\n<p>&nbsp;<\/p>\n<p>Cr\u00e9\u00e9 en 1996, le FIFEM est l&rsquo;un des plus importants festivals de films pour enfants programm\u00e9s au Canada. Sa programmation de longs et courts-m\u00e9trages de fiction et d\u2019animation s&rsquo;adresse en priorit\u00e9 aux\u00a0 2-12 ans. Traditionnellement, il se d\u00e9roule pendant la semaine de rel\u00e2che (vacances scolaires) du mois de mars, au Cin\u00e9ma Beaubien. Plus de 30 films dont des premi\u00e8res nord am\u00e9ricaines et des films d&rsquo;une vingtaine de pays y sont pr\u00e9sent\u00e9s. Les diff\u00e9rentes sections incluent la s\u00e9lection officielle, panorama, \u00ab focus \u00bb sur un pays et\u00a0\u00e9v\u00e8nements\u00a0sp\u00e9ciaux. Gros succ\u00e8s populaire, le FIFEM est, chaque ann\u00e9e, fr\u00e9quent\u00e9 par environ 15 000 personnes assistent au festival.<\/p>\n<p>&nbsp;<\/p>\n<p>Cette ann\u00e9e, le jury international qui remettait le Grand prix \u00e9tait compos\u00e9 de l&rsquo;acteur canadien Jean-Nicolas Verreault, du r\u00e9alisateur tch\u00e8que Petr Koliha, de la programmatrice fran\u00e7aise Florence Dupont et du sc\u00e9nariste Alain Jacques.<\/p>\n<p>Le prix Inis est octroy\u00e9 par un autre jury au film qui s&rsquo;est le plus illustr\u00e9 sur le plan de l&rsquo;innovation et de l&rsquo;originalit\u00e9. Cette ann\u00e9e, le jury y \u00e9tait compos\u00e9 de Christine Doyon, Sandrine Brodeur-Decrosiers et Meriem Archour Bouakkaz.<\/p>\n<p>&nbsp;<\/p>\n<p>Rappelons que <em>Couleur de Peau : Miel <\/em>est en course pour le Magritte du premier film, comp\u00e9tition pour laquelle VOUS pouvez voter en vous rendant sur <a href=\"http:\/\/www.lesmagritteducinema.com\/public_vote.php?lang=fr\" target=\"_blank\">cette page<\/a>.<\/p>\n<p>&nbsp;<\/p>\n<p>&nbsp;<\/p>\n","protected":false},"excerpt":{"rendered":"<p>Couleur de peau : Miel vient tout juste de remporter le Grand prix du Festival International du Film pour Enfants de Montr\u00e9al ainsi que le prix de l&rsquo;INIS&#8230;<\/p>\n","protected":false},"author":7,"featured_media":39188,"comment_status":"closed","ping_status":"closed","sticky":false,"template":"","format":"standard","meta":{"ngg_post_thumbnail":0,"footnotes":""},"categories":[12,7],"tags":[],"class_list":["post-39186","post","type-post","status-publish","format-standard","has-post-thumbnail","","category-awards","category-actualites"],"yoast_head":"<!-- This site is optimized with the Yoast SEO plugin v20.4 - https:\/\/yoast.com\/wordpress\/plugins\/seo\/ -->\n<title>&quot;Couleur de Peau : Miel&quot; triomphe au Canada - w-l-c<\/title>\n<meta name=\"robots\" content=\"noindex, follow, max-snippet:-1, max-image-preview:large, max-video-preview:-1\" \/>\n<meta property=\"og:locale\" content=\"fr_FR\" \/>\n<meta property=\"og:type\" content=\"article\" \/>\n<meta property=\"og:title\" content=\"&quot;Couleur de Peau : Miel&quot; triomphe au Canada - w-l-c\" \/>\n<meta property=\"og:description\" content=\"Couleur de peau : Miel vient tout juste de remporter le Grand prix du Festival International du Film pour Enfants de Montr\u00e9al ainsi que le prix de l&rsquo;INIS&#8230;\" \/>\n<meta property=\"og:url\" content=\"https:\/\/w-l-c.be\/fr\/couleur-de-peau-miel-triomphe-au-canada\/\" \/>\n<meta property=\"og:site_name\" content=\"w-l-c\" \/>\n<meta property=\"article:published_time\" content=\"2013-03-12T12:19:38+00:00\" \/>\n<meta property=\"article:modified_time\" content=\"2013-03-12T12:22:52+00:00\" \/>\n<meta property=\"og:image\" content=\"https:\/\/w-l-c.be\/wp-content\/uploads\/2013\/03\/afa_1.2.4.T.jpg\" \/>\n\t<meta property=\"og:image:width\" content=\"749\" \/>\n\t<meta property=\"og:image:height\" content=\"405\" \/>\n\t<meta property=\"og:image:type\" content=\"image\/jpeg\" \/>\n<meta name=\"author\" content=\"Philippe.Pierquin\" \/>\n<meta name=\"twitter:card\" content=\"summary_large_image\" \/>\n<meta name=\"twitter:label1\" content=\"\u00c9crit par\" \/>\n\t<meta name=\"twitter:data1\" content=\"Philippe.Pierquin\" \/>\n\t<meta name=\"twitter:label2\" content=\"Dur\u00e9e de lecture estim\u00e9e\" \/>\n\t<meta name=\"twitter:data2\" content=\"1 minute\" \/>\n<script type=\"application\/ld+json\" class=\"yoast-schema-graph\">{\"@context\":\"https:\/\/schema.org\",\"@graph\":[{\"@type\":\"WebPage\",\"@id\":\"https:\/\/w-l-c.be\/fr\/couleur-de-peau-miel-triomphe-au-canada\/\",\"url\":\"https:\/\/w-l-c.be\/fr\/couleur-de-peau-miel-triomphe-au-canada\/\",\"name\":\"\\\"Couleur de Peau : Miel\\\" triomphe au Canada - w-l-c\",\"isPartOf\":{\"@id\":\"https:\/\/w-l-c.be\/fr\/#website\"},\"datePublished\":\"2013-03-12T12:19:38+00:00\",\"dateModified\":\"2013-03-12T12:22:52+00:00\",\"author\":{\"@id\":\"https:\/\/w-l-c.be\/fr\/#\/schema\/person\/4b9b1d857f0943453a38a7c2859ef756\"},\"breadcrumb\":{\"@id\":\"https:\/\/w-l-c.be\/fr\/couleur-de-peau-miel-triomphe-au-canada\/#breadcrumb\"},\"inLanguage\":\"fr-FR\",\"potentialAction\":[{\"@type\":\"ReadAction\",\"target\":[\"https:\/\/w-l-c.be\/fr\/couleur-de-peau-miel-triomphe-au-canada\/\"]}]},{\"@type\":\"BreadcrumbList\",\"@id\":\"https:\/\/w-l-c.be\/fr\/couleur-de-peau-miel-triomphe-au-canada\/#breadcrumb\",\"itemListElement\":[{\"@type\":\"ListItem\",\"position\":1,\"name\":\"Accueil\",\"item\":\"https:\/\/w-l-c.be\/fr\/\"},{\"@type\":\"ListItem\",\"position\":2,\"name\":\"\u00ab\u00a0Couleur de Peau : Miel\u00a0\u00bb triomphe au Canada\"}]},{\"@type\":\"WebSite\",\"@id\":\"https:\/\/w-l-c.be\/fr\/#website\",\"url\":\"https:\/\/w-l-c.be\/fr\/\",\"name\":\"w-l-c\",\"description\":\"Le cin\u00e9ma vu par les belges\",\"potentialAction\":[{\"@type\":\"SearchAction\",\"target\":{\"@type\":\"EntryPoint\",\"urlTemplate\":\"https:\/\/w-l-c.be\/fr\/?s={search_term_string}\"},\"query-input\":\"required name=search_term_string\"}],\"inLanguage\":\"fr-FR\"},{\"@type\":\"Person\",\"@id\":\"https:\/\/w-l-c.be\/fr\/#\/schema\/person\/4b9b1d857f0943453a38a7c2859ef756\",\"name\":\"Philippe.Pierquin\",\"url\":\"https:\/\/w-l-c.be\/fr\/author\/philippe-pierquin\/\"}]}<\/script>\n<!-- \/ Yoast SEO plugin. -->","yoast_head_json":{"title":"\"Couleur de Peau : Miel\" triomphe au Canada - w-l-c","robots":{"index":"noindex","follow":"follow","max-snippet":"max-snippet:-1","max-image-preview":"max-image-preview:large","max-video-preview":"max-video-preview:-1"},"og_locale":"fr_FR","og_type":"article","og_title":"\"Couleur de Peau : Miel\" triomphe au Canada - w-l-c","og_description":"Couleur de peau : Miel vient tout juste de remporter le Grand prix du Festival International du Film pour Enfants de Montr\u00e9al ainsi que le prix de l&rsquo;INIS&#8230;","og_url":"https:\/\/w-l-c.be\/fr\/couleur-de-peau-miel-triomphe-au-canada\/","og_site_name":"w-l-c","article_published_time":"2013-03-12T12:19:38+00:00","article_modified_time":"2013-03-12T12:22:52+00:00","og_image":[{"width":"749","height":"405","url":"https:\/\/w-l-c.be\/wp-content\/uploads\/2013\/03\/afa_1.2.4.T.jpg","type":"image\/jpeg"}],"author":"Philippe.Pierquin","twitter_card":"summary_large_image","twitter_misc":{"\u00c9crit par":"Philippe.Pierquin","Dur\u00e9e de lecture estim\u00e9e":"1 minute"},"schema":{"@context":"https:\/\/schema.org","@graph":[{"@type":"WebPage","@id":"https:\/\/w-l-c.be\/fr\/couleur-de-peau-miel-triomphe-au-canada\/","url":"https:\/\/w-l-c.be\/fr\/couleur-de-peau-miel-triomphe-au-canada\/","name":"\"Couleur de Peau : Miel\" triomphe au Canada - w-l-c","isPartOf":{"@id":"https:\/\/w-l-c.be\/fr\/#website"},"datePublished":"2013-03-12T12:19:38+00:00","dateModified":"2013-03-12T12:22:52+00:00","author":{"@id":"https:\/\/w-l-c.be\/fr\/#\/schema\/person\/4b9b1d857f0943453a38a7c2859ef756"},"breadcrumb":{"@id":"https:\/\/w-l-c.be\/fr\/couleur-de-peau-miel-triomphe-au-canada\/#breadcrumb"},"inLanguage":"fr-FR","potentialAction":[{"@type":"ReadAction","target":["https:\/\/w-l-c.be\/fr\/couleur-de-peau-miel-triomphe-au-canada\/"]}]},{"@type":"BreadcrumbList","@id":"https:\/\/w-l-c.be\/fr\/couleur-de-peau-miel-triomphe-au-canada\/#breadcrumb","itemListElement":[{"@type":"ListItem","position":1,"name":"Accueil","item":"https:\/\/w-l-c.be\/fr\/"},{"@type":"ListItem","position":2,"name":"\u00ab\u00a0Couleur de Peau : Miel\u00a0\u00bb triomphe au Canada"}]},{"@type":"WebSite","@id":"https:\/\/w-l-c.be\/fr\/#website","url":"https:\/\/w-l-c.be\/fr\/","name":"w-l-c","description":"Le cin\u00e9ma vu par les belges","potentialAction":[{"@type":"SearchAction","target":{"@type":"EntryPoint","urlTemplate":"https:\/\/w-l-c.be\/fr\/?s={search_term_string}"},"query-input":"required name=search_term_string"}],"inLanguage":"fr-FR"},{"@type":"Person","@id":"https:\/\/w-l-c.be\/fr\/#\/schema\/person\/4b9b1d857f0943453a38a7c2859ef756","name":"Philippe.Pierquin","url":"https:\/\/w-l-c.be\/fr\/author\/philippe-pierquin\/"}]}},"_links":{"self":[{"href":"https:\/\/w-l-c.be\/fr\/wp-json\/wp\/v2\/posts\/39186","targetHints":{"allow":["GET"]}}],"collection":[{"href":"https:\/\/w-l-c.be\/fr\/wp-json\/wp\/v2\/posts"}],"about":[{"href":"https:\/\/w-l-c.be\/fr\/wp-json\/wp\/v2\/types\/post"}],"author":[{"embeddable":true,"href":"https:\/\/w-l-c.be\/fr\/wp-json\/wp\/v2\/users\/7"}],"replies":[{"embeddable":true,"href":"https:\/\/w-l-c.be\/fr\/wp-json\/wp\/v2\/comments?post=39186"}],"version-history":[{"count":0,"href":"https:\/\/w-l-c.be\/fr\/wp-json\/wp\/v2\/posts\/39186\/revisions"}],"wp:featuredmedia":[{"embeddable":true,"href":"https:\/\/w-l-c.be\/fr\/wp-json\/wp\/v2\/media\/39188"}],"wp:attachment":[{"href":"https:\/\/w-l-c.be\/fr\/wp-json\/wp\/v2\/media?parent=39186"}],"wp:term":[{"taxonomy":"category","embeddable":true,"href":"https:\/\/w-l-c.be\/fr\/wp-json\/wp\/v2\/categories?post=39186"},{"taxonomy":"post_tag","embeddable":true,"href":"https:\/\/w-l-c.be\/fr\/wp-json\/wp\/v2\/tags?post=39186"}],"curies":[{"name":"wp","href":"https:\/\/api.w.org\/{rel}","templated":true}]}}