
{"id":39420,"date":"2013-03-18T09:46:21","date_gmt":"2013-03-18T09:46:21","guid":{"rendered":"http:\/\/www.cinevox.be\/?p=39420"},"modified":"2013-10-16T17:47:31","modified_gmt":"2013-10-16T15:47:31","slug":"stephane-de-groodt-sur-tous-les-fronts","status":"publish","type":"post","link":"https:\/\/w-l-c.be\/fr\/stephane-de-groodt-sur-tous-les-fronts\/","title":{"rendered":"St\u00e9phane De Groodt sur tous les fronts."},"content":{"rendered":"<p>La vie est faite de conjonctures hautes et basses. Dans chacun des cas, il convient de g\u00e9rer adroitement la situation pour surfer sur la vague ou remonter \u00e0 la surface. La carri\u00e8re de <strong>St\u00e9phane De Groodt <\/strong>est indiscutablement au beau fixe. On le voit au cin\u00e9, on l\u2019entend \u00e0 la radio, on le d\u00e9guste \u00e0 la t\u00e9l\u00e9. Et tout cela en France, preuve que la fascination de nos voisins pour les talents belges n\u2019est pas \u00e9teinte. Il suffisait juste qu\u2019il mette la main sur une personnalit\u00e9 hors norme. C\u2019est fait.<\/p>\n<p><!--more--><\/p>\n<p>&nbsp;<\/p>\n<p>Les billets qu\u2019il signe chaque jour sur <em>Canal Plus<\/em> valent \u00e0 St\u00e9phane une l\u00e9gitime renomm\u00e9e de jongleurs hors pair. Un exercice qu\u2019il pratique avec les mots. Et un art consomm\u00e9 qui consiste \u00e0 constamment donner l\u2019impression que c\u2019est la premi\u00e8re fois qu\u2019on entend les carambolages et les juxtapositions qu\u2019il nous propose. Tr\u00e8s fort. Le format de sa s\u00e9quence, court et punchy, lui permet d\u2019\u00eatre relay\u00e9 sur les r\u00e9seaux sociaux et de \u00ab\u00a0faire le buzz\u00a0\u00bb, comme on dit. On sait tr\u00e8s bien qu\u2019aujourd\u2019hui, c\u2019est le meilleur moyen de consolider une r\u00e9putation. Demandez \u00e0 Psy ce qu\u2019il en pense.<\/p>\n<p>&nbsp;<\/p>\n<p><a href=\"http:\/\/www.cinevox.be\/stephane-de-groodt-sur-tous-les-fronts\/2013-03-18_09h46_52\" rel=\"attachment wp-att-39424\"><img loading=\"lazy\" decoding=\"async\" class=\"aligncenter size-full wp-image-39424\" title=\"2013-03-18_09h46_52\" alt=\"\" src=\"http:\/\/www.cinevox.be\/wp-content\/uploads\/2013\/03\/2013-03-18_09h46_52.jpg\" width=\"609\" height=\"351\" srcset=\"https:\/\/w-l-c.be\/wp-content\/uploads\/2013\/03\/2013-03-18_09h46_52.jpg 609w, https:\/\/w-l-c.be\/wp-content\/uploads\/2013\/03\/2013-03-18_09h46_52-468x270.jpg 468w\" sizes=\"auto, (max-width: 609px) 100vw, 609px\" \/><\/a><\/p>\n<p>&nbsp;<\/p>\n<p>Si vous ne connaissez pas ces apparitions hilarantes, regardez donc quelques exemples : sa \u00ab\u00a0rencontre\u00a0\u00bb avec David Beckham <a href=\"http:\/\/www.tuxboard.com\/stephane-de-groodt-a-rencontre-david-beckham\/\" target=\"_blank\">ICI<\/a> et son d\u00e9sormais classique billet consacr\u00e9 \u00e0 l\u2019anniversaire de Bernard Tapie <a href=\"http:\/\/www.tuxboard.com\/stephane-de-groodt-a-rencontre-bernard-tapie\/\" target=\"_blank\">ICI<\/a> : \u00e7a d\u00e9marre lentement et \u00e7a se termine en feu d\u2019artifice, irr\u00e9sistible. \u00a0Oui, son <em>Retour vers le Futur<\/em> dans <em>le Suppl\u00e9ment<\/em> de Canal anim\u00e9 par Ma\u00eftena Biraben est devenu un des musts de Canal Plus. Ce qui n\u2019est pas un mince exploit quand on conna\u00eet le nombre de snipers talentueux qui y s\u00e9vissent.<\/p>\n<p>&nbsp;<\/p>\n<p><a href=\"http:\/\/www.cinevox.be\/stephane-de-groodt-sur-tous-les-fronts\/2013-03-18_09h47_47\" rel=\"attachment wp-att-39425\"><img loading=\"lazy\" decoding=\"async\" class=\"aligncenter size-full wp-image-39425\" title=\"2013-03-18_09h47_47\" alt=\"\" src=\"http:\/\/www.cinevox.be\/wp-content\/uploads\/2013\/03\/2013-03-18_09h47_47.jpg\" width=\"609\" height=\"328\" srcset=\"https:\/\/w-l-c.be\/wp-content\/uploads\/2013\/03\/2013-03-18_09h47_47.jpg 609w, https:\/\/w-l-c.be\/wp-content\/uploads\/2013\/03\/2013-03-18_09h47_47-480x258.jpg 480w\" sizes=\"auto, (max-width: 609px) 100vw, 609px\" \/><\/a><\/p>\n<p>&nbsp;<\/p>\n<p>Comme si cela ne suffisait pas \u00e0 notre bonheur, St\u00e9phane excelle \u00e9galement \u00e0 nous offrir des billets tout aussi d\u00e9sopilants sur RTL France \u00a0dans <em>A la Bonne Heure<\/em>, l\u2019\u00e9mission radio de St\u00e9phane Bern : \u00e9coutez et zieutez <a href=\"http:\/\/video-streaming.orange.fr\/comedie-humour\/stephane-de-groodt-fait-son-billet-du-jour-dans-a-la-bonne-heure-du-14-09-2012_12962226.html\" target=\"_blank\">ICI<\/a> son intervention lors du passage dans le studio de G\u00e9rard Lanvin. Un exemple parmi d\u2019autres\u2026<\/p>\n<p>&nbsp;<\/p>\n<p><a href=\"http:\/\/www.cinevox.be\/stephane-de-groodt-sur-tous-les-fronts\/chez-nous-cest-trois\" rel=\"attachment wp-att-39426\"><img loading=\"lazy\" decoding=\"async\" class=\"size-full wp-image-39426 alignright\" title=\"chez nous c'est trois\" alt=\"\" src=\"http:\/\/www.cinevox.be\/wp-content\/uploads\/2013\/03\/chez-nous-cest-trois.jpg\" width=\"329\" height=\"247\" srcset=\"https:\/\/w-l-c.be\/wp-content\/uploads\/2013\/03\/chez-nous-cest-trois.jpg 470w, https:\/\/w-l-c.be\/wp-content\/uploads\/2013\/03\/chez-nous-cest-trois-359x270.jpg 359w, https:\/\/w-l-c.be\/wp-content\/uploads\/2013\/03\/chez-nous-cest-trois-300x225.jpg 300w\" sizes=\"auto, (max-width: 329px) 100vw, 329px\" \/><\/a><\/p>\n<p>Tout cela n\u2019emp\u00eache pas l\u2019humoriste de s\u2019amuser aussi sur le grand \u00e9cran. Tr\u00e8s bient\u00f4t, on le verra dans\u00a0<em>Chez nous c\u2019est trois<\/em>, une com\u00e9die de Claude Duty qui parle de cin\u00e9ma (photo de Ouest-France). Le film ne risque pas de passer inaper\u00e7u puisque St\u00e9phane y partage l\u2019affiche avec notre compatriote\u00a0<strong>Marie Kremer,<\/strong> Guillaume Gouix et une certaine No\u00e9mie Lvovski qui est devenue la coqueluche de la critique fran\u00e7aise avec\u00a0<em>Camille Redouble<\/em> qu\u2019elle a r\u00e9alis\u00e9 et dans lequel elle joue le r\u00f4le principal. \u00a0St\u00e9phane y incarne Gabriel le grand amour de jeunesse de l\u2019h\u00e9ro\u00efne qu\u2019elle n\u2019a pas revu depuis vingt ans et qu\u2019elle va croiser \u00e0 l\u2019occasion d\u2019une tourn\u00e9e d\u2019\u00e9t\u00e9 pendant laquelle elle pr\u00e9sente son dernier film dans des cin\u00e9-clubs r\u00e9gionaux.<\/p>\n<p>&nbsp;<\/p>\n<p>Comme la vie est faite de conjonctures, elle est aussi faite de rencontres : St\u00e9phane participe aussi \u00e0 l\u2019aventure <em>Supercondriaque,<\/em> la com\u00e9die de Dany Boon, actuellement en tournage en Belgique et coproduite ici par Artemis. Il y joue l\u2019avocat du h\u00e9ros angoiss\u00e9. Un personnage bien n\u00e9cessaire quand on sait les ennuis que le Chtis empiles comme des Legos. Mais chut, nous ne pouvons pas encore en dire trop (vous pouvez quand m\u00eame lire <a href=\"http:\/\/www.cinevox.be\/dany-boon-super-condriaque-en-belgique\" target=\"_blank\">l&rsquo;article<\/a> que nous avons d\u00e9j\u00e0 consacr\u00e9 au film).<\/p>\n<p>&nbsp;<\/p>\n<p><a href=\"http:\/\/www.cinevox.be\/stephane-de-groodt-sur-tous-les-fronts\/img_1248-2\" rel=\"attachment wp-att-39427\"><img loading=\"lazy\" decoding=\"async\" class=\"aligncenter size-full wp-image-39427\" title=\"IMG_1248\" alt=\"\" src=\"http:\/\/www.cinevox.be\/wp-content\/uploads\/2013\/03\/IMG_1248.jpg\" width=\"1200\" height=\"636\" srcset=\"https:\/\/w-l-c.be\/wp-content\/uploads\/2013\/03\/IMG_1248.jpg 1200w, https:\/\/w-l-c.be\/wp-content\/uploads\/2013\/03\/IMG_1248-480x254.jpg 480w, https:\/\/w-l-c.be\/wp-content\/uploads\/2013\/03\/IMG_1248-800x424.jpg 800w\" sizes=\"auto, (max-width: 1200px) 100vw, 1200px\" \/><\/a><\/p>\n<p>&nbsp;<\/p>\n<p>Il s&rsquo;agit d&rsquo;un r\u00f4le moins cons\u00e9quent que celui de <em>Chez nous c&rsquo;est trois<\/em> mais qui aura des cons\u00e9quences capitales sur la suite de la carri\u00e8re de St\u00e9phane puisque que Dany Boon\u2026 va produire le nouveau court m\u00e9trage r\u00e9alis\u00e9 par St\u00e9phane De Groodt : <em>Palais de Justesse<\/em> se tournera en avril. Info confirm\u00e9e par l&rsquo;int\u00e9ress\u00e9, tr\u00e8s heureux comme vous pouvez l&rsquo;imaginer.<\/p>\n<p>&nbsp;<\/p>\n<p>Cet \u00e9t\u00e9, on croisera encore St\u00e9phane sur le plateau de <em>Jacques a vu<\/em>, le premier long m\u00e9trage de Xavier Diskeuve dont nous vous reparlerons abondamment, c&rsquo;est promis.<\/p>\n<p>&nbsp;<\/p>\n<p>Belle actualit\u00e9, belle conjoncture. Et une morale encourageante : le talent passe rarement inaper\u00e7u. \u00a0Vivement la suite !<\/p>\n<p>&nbsp;<\/p>\n","protected":false},"excerpt":{"rendered":"<p>La vie est faite de conjonctures hautes et basses. Dans chacun des cas, il convient de g\u00e9rer adroitement la situation pour surfer sur la vague ou remonter \u00e0 la surface. La carri\u00e8re de St\u00e9phane De Groodt est indiscutablement au beau fixe. On le voit au cin\u00e9, on l\u2019entend \u00e0 la radio, on le d\u00e9guste \u00e0 &hellip;<\/p>\n","protected":false},"author":7,"featured_media":39422,"comment_status":"closed","ping_status":"closed","sticky":false,"template":"","format":"standard","meta":{"ngg_post_thumbnail":0,"footnotes":""},"categories":[1923,7],"tags":[],"class_list":["post-39420","post","type-post","status-publish","format-standard","has-post-thumbnail","","category-en-bref","category-actualites"],"yoast_head":"<!-- This site is optimized with the Yoast SEO plugin v20.4 - https:\/\/yoast.com\/wordpress\/plugins\/seo\/ -->\n<title>St\u00e9phane De Groodt sur tous les fronts. - w-l-c<\/title>\n<meta name=\"robots\" content=\"noindex, follow, max-snippet:-1, max-image-preview:large, max-video-preview:-1\" \/>\n<meta property=\"og:locale\" content=\"fr_FR\" \/>\n<meta property=\"og:type\" content=\"article\" \/>\n<meta property=\"og:title\" content=\"St\u00e9phane De Groodt sur tous les fronts. - w-l-c\" \/>\n<meta property=\"og:description\" content=\"La vie est faite de conjonctures hautes et basses. Dans chacun des cas, il convient de g\u00e9rer adroitement la situation pour surfer sur la vague ou remonter \u00e0 la surface. La carri\u00e8re de St\u00e9phane De Groodt est indiscutablement au beau fixe. On le voit au cin\u00e9, on l\u2019entend \u00e0 la radio, on le d\u00e9guste \u00e0 &hellip;\" \/>\n<meta property=\"og:url\" content=\"https:\/\/w-l-c.be\/fr\/stephane-de-groodt-sur-tous-les-fronts\/\" \/>\n<meta property=\"og:site_name\" content=\"w-l-c\" \/>\n<meta property=\"article:published_time\" content=\"2013-03-18T09:46:21+00:00\" \/>\n<meta property=\"article:modified_time\" content=\"2013-10-16T15:47:31+00:00\" \/>\n<meta property=\"og:image\" content=\"https:\/\/w-l-c.be\/wp-content\/uploads\/2013\/03\/2013-03-18_09h47_03.jpg\" \/>\n\t<meta property=\"og:image:width\" content=\"630\" \/>\n\t<meta property=\"og:image:height\" content=\"356\" \/>\n\t<meta property=\"og:image:type\" content=\"image\/jpeg\" \/>\n<meta name=\"author\" content=\"Philippe.Pierquin\" \/>\n<meta name=\"twitter:card\" content=\"summary_large_image\" \/>\n<meta name=\"twitter:label1\" content=\"\u00c9crit par\" \/>\n\t<meta name=\"twitter:data1\" content=\"Philippe.Pierquin\" \/>\n\t<meta name=\"twitter:label2\" content=\"Dur\u00e9e de lecture estim\u00e9e\" \/>\n\t<meta name=\"twitter:data2\" content=\"4 minutes\" \/>\n<script type=\"application\/ld+json\" class=\"yoast-schema-graph\">{\"@context\":\"https:\/\/schema.org\",\"@graph\":[{\"@type\":\"WebPage\",\"@id\":\"https:\/\/w-l-c.be\/fr\/stephane-de-groodt-sur-tous-les-fronts\/\",\"url\":\"https:\/\/w-l-c.be\/fr\/stephane-de-groodt-sur-tous-les-fronts\/\",\"name\":\"St\u00e9phane De Groodt sur tous les fronts. - w-l-c\",\"isPartOf\":{\"@id\":\"https:\/\/w-l-c.be\/fr\/#website\"},\"datePublished\":\"2013-03-18T09:46:21+00:00\",\"dateModified\":\"2013-10-16T15:47:31+00:00\",\"author\":{\"@id\":\"https:\/\/w-l-c.be\/fr\/#\/schema\/person\/4b9b1d857f0943453a38a7c2859ef756\"},\"breadcrumb\":{\"@id\":\"https:\/\/w-l-c.be\/fr\/stephane-de-groodt-sur-tous-les-fronts\/#breadcrumb\"},\"inLanguage\":\"fr-FR\",\"potentialAction\":[{\"@type\":\"ReadAction\",\"target\":[\"https:\/\/w-l-c.be\/fr\/stephane-de-groodt-sur-tous-les-fronts\/\"]}]},{\"@type\":\"BreadcrumbList\",\"@id\":\"https:\/\/w-l-c.be\/fr\/stephane-de-groodt-sur-tous-les-fronts\/#breadcrumb\",\"itemListElement\":[{\"@type\":\"ListItem\",\"position\":1,\"name\":\"Accueil\",\"item\":\"https:\/\/w-l-c.be\/fr\/\"},{\"@type\":\"ListItem\",\"position\":2,\"name\":\"St\u00e9phane De Groodt sur tous les fronts.\"}]},{\"@type\":\"WebSite\",\"@id\":\"https:\/\/w-l-c.be\/fr\/#website\",\"url\":\"https:\/\/w-l-c.be\/fr\/\",\"name\":\"w-l-c\",\"description\":\"Le cin\u00e9ma vu par les belges\",\"potentialAction\":[{\"@type\":\"SearchAction\",\"target\":{\"@type\":\"EntryPoint\",\"urlTemplate\":\"https:\/\/w-l-c.be\/fr\/?s={search_term_string}\"},\"query-input\":\"required name=search_term_string\"}],\"inLanguage\":\"fr-FR\"},{\"@type\":\"Person\",\"@id\":\"https:\/\/w-l-c.be\/fr\/#\/schema\/person\/4b9b1d857f0943453a38a7c2859ef756\",\"name\":\"Philippe.Pierquin\",\"url\":\"https:\/\/w-l-c.be\/fr\/author\/philippe-pierquin\/\"}]}<\/script>\n<!-- \/ Yoast SEO plugin. -->","yoast_head_json":{"title":"St\u00e9phane De Groodt sur tous les fronts. - w-l-c","robots":{"index":"noindex","follow":"follow","max-snippet":"max-snippet:-1","max-image-preview":"max-image-preview:large","max-video-preview":"max-video-preview:-1"},"og_locale":"fr_FR","og_type":"article","og_title":"St\u00e9phane De Groodt sur tous les fronts. - w-l-c","og_description":"La vie est faite de conjonctures hautes et basses. Dans chacun des cas, il convient de g\u00e9rer adroitement la situation pour surfer sur la vague ou remonter \u00e0 la surface. La carri\u00e8re de St\u00e9phane De Groodt est indiscutablement au beau fixe. On le voit au cin\u00e9, on l\u2019entend \u00e0 la radio, on le d\u00e9guste \u00e0 &hellip;","og_url":"https:\/\/w-l-c.be\/fr\/stephane-de-groodt-sur-tous-les-fronts\/","og_site_name":"w-l-c","article_published_time":"2013-03-18T09:46:21+00:00","article_modified_time":"2013-10-16T15:47:31+00:00","og_image":[{"width":"630","height":"356","url":"https:\/\/w-l-c.be\/wp-content\/uploads\/2013\/03\/2013-03-18_09h47_03.jpg","type":"image\/jpeg"}],"author":"Philippe.Pierquin","twitter_card":"summary_large_image","twitter_misc":{"\u00c9crit par":"Philippe.Pierquin","Dur\u00e9e de lecture estim\u00e9e":"4 minutes"},"schema":{"@context":"https:\/\/schema.org","@graph":[{"@type":"WebPage","@id":"https:\/\/w-l-c.be\/fr\/stephane-de-groodt-sur-tous-les-fronts\/","url":"https:\/\/w-l-c.be\/fr\/stephane-de-groodt-sur-tous-les-fronts\/","name":"St\u00e9phane De Groodt sur tous les fronts. - w-l-c","isPartOf":{"@id":"https:\/\/w-l-c.be\/fr\/#website"},"datePublished":"2013-03-18T09:46:21+00:00","dateModified":"2013-10-16T15:47:31+00:00","author":{"@id":"https:\/\/w-l-c.be\/fr\/#\/schema\/person\/4b9b1d857f0943453a38a7c2859ef756"},"breadcrumb":{"@id":"https:\/\/w-l-c.be\/fr\/stephane-de-groodt-sur-tous-les-fronts\/#breadcrumb"},"inLanguage":"fr-FR","potentialAction":[{"@type":"ReadAction","target":["https:\/\/w-l-c.be\/fr\/stephane-de-groodt-sur-tous-les-fronts\/"]}]},{"@type":"BreadcrumbList","@id":"https:\/\/w-l-c.be\/fr\/stephane-de-groodt-sur-tous-les-fronts\/#breadcrumb","itemListElement":[{"@type":"ListItem","position":1,"name":"Accueil","item":"https:\/\/w-l-c.be\/fr\/"},{"@type":"ListItem","position":2,"name":"St\u00e9phane De Groodt sur tous les fronts."}]},{"@type":"WebSite","@id":"https:\/\/w-l-c.be\/fr\/#website","url":"https:\/\/w-l-c.be\/fr\/","name":"w-l-c","description":"Le cin\u00e9ma vu par les belges","potentialAction":[{"@type":"SearchAction","target":{"@type":"EntryPoint","urlTemplate":"https:\/\/w-l-c.be\/fr\/?s={search_term_string}"},"query-input":"required name=search_term_string"}],"inLanguage":"fr-FR"},{"@type":"Person","@id":"https:\/\/w-l-c.be\/fr\/#\/schema\/person\/4b9b1d857f0943453a38a7c2859ef756","name":"Philippe.Pierquin","url":"https:\/\/w-l-c.be\/fr\/author\/philippe-pierquin\/"}]}},"_links":{"self":[{"href":"https:\/\/w-l-c.be\/fr\/wp-json\/wp\/v2\/posts\/39420","targetHints":{"allow":["GET"]}}],"collection":[{"href":"https:\/\/w-l-c.be\/fr\/wp-json\/wp\/v2\/posts"}],"about":[{"href":"https:\/\/w-l-c.be\/fr\/wp-json\/wp\/v2\/types\/post"}],"author":[{"embeddable":true,"href":"https:\/\/w-l-c.be\/fr\/wp-json\/wp\/v2\/users\/7"}],"replies":[{"embeddable":true,"href":"https:\/\/w-l-c.be\/fr\/wp-json\/wp\/v2\/comments?post=39420"}],"version-history":[{"count":0,"href":"https:\/\/w-l-c.be\/fr\/wp-json\/wp\/v2\/posts\/39420\/revisions"}],"wp:featuredmedia":[{"embeddable":true,"href":"https:\/\/w-l-c.be\/fr\/wp-json\/wp\/v2\/media\/39422"}],"wp:attachment":[{"href":"https:\/\/w-l-c.be\/fr\/wp-json\/wp\/v2\/media?parent=39420"}],"wp:term":[{"taxonomy":"category","embeddable":true,"href":"https:\/\/w-l-c.be\/fr\/wp-json\/wp\/v2\/categories?post=39420"},{"taxonomy":"post_tag","embeddable":true,"href":"https:\/\/w-l-c.be\/fr\/wp-json\/wp\/v2\/tags?post=39420"}],"curies":[{"name":"wp","href":"https:\/\/api.w.org\/{rel}","templated":true}]}}