
{"id":39470,"date":"2013-03-21T06:05:51","date_gmt":"2013-03-21T06:05:51","guid":{"rendered":"http:\/\/www.cinevox.be\/?p=39470"},"modified":"2013-06-24T07:52:11","modified_gmt":"2013-06-24T07:52:11","slug":"au-nom-du-fils-astrid-whettnall-ton","status":"publish","type":"post","link":"https:\/\/w-l-c.be\/fr\/au-nom-du-fils-astrid-whettnall-ton\/","title":{"rendered":"Au Nom du Fils &#8211; Astrid Whettnall &#8211; la tonalit\u00e9 du film"},"content":{"rendered":"<p>Elisabeth a tout pour \u00eatre heureuse (lui) semble-t-il. Une famille aimante, portrait crach\u00e9 d&rsquo;une famille mod\u00e8le, un r\u00f4le actif et appr\u00e9ci\u00e9 au sien de sa communaut\u00e9, et surtout, une foi in\u00e9branlable. Alors que la Paroisse doit se serrer la ceinture pour subvenir \u00e0 ses frais de fonctionnement, Elisabeth accueille au sein de son foyer le p\u00e8re Achille. La fr\u00e9quentation au quotidien de cet homme d&rsquo;\u00e9glise bien sous tous rapports devrait \u00e0 n&rsquo;en pas douter contribuer \u00e0 \u00e9lever moralement et spirituellement la petite famille. A moins que&#8230;<img decoding=\"async\" title=\"More...\" alt=\"\" src=\"http:\/\/www.cinevox.be\/wp-includes\/js\/tinymce\/plugins\/wordpress\/img\/trans.gif\" \/><!--more--><\/p>\n<p>&nbsp;<\/p>\n<p>Astrid Whettnall, l&rsquo;actrice principale, nous parle de la tonalit\u00e9 tr\u00e8s particuli\u00e8re de ce film&#8230;<\/p>\n<p>&nbsp;<\/p>\n<p><em>Au nom du fils <\/em>est un film de Vincent Lannoo<\/p>\n<p>Sc\u00e9nario &amp; dialogue : Vincent Lannoo, Philippe Falardeau, Albert Charles<\/p>\n<p>Photographe :\u00a0 Vincent Van Gelder<\/p>\n<p>Avec : Astrid Whettnall, Philippe Nahon, Achille Ridolfi, Albert Chassagne, Zacharie Chasseriaud, Denis M&rsquo;Punga, Lionel Bourguet, Jacky Nercessian<\/p>\n<p>&nbsp;<\/p>\n<p>Sortie en Belgique le 3 avril 2013<\/p>\n<p>&nbsp;<\/p>\n","protected":false},"excerpt":{"rendered":"<p>Elisabeth a tout pour \u00eatre heureuse (lui) semble-t-il. Une famille aimante, portrait crach\u00e9 d&rsquo;une famille mod\u00e8le, un r\u00f4le actif et appr\u00e9ci\u00e9 au sien de sa communaut\u00e9, et surtout, une foi in\u00e9branlable. Alors que la Paroisse doit se serrer la ceinture pour subvenir \u00e0 ses frais de fonctionnement, Elisabeth accueille au sein de son foyer le &hellip;<\/p>\n","protected":false},"author":7,"featured_media":39472,"comment_status":"closed","ping_status":"closed","sticky":false,"template":"","format":"standard","meta":{"ngg_post_thumbnail":0,"footnotes":""},"categories":[1978],"tags":[],"class_list":["post-39470","post","type-post","status-publish","format-standard","has-post-thumbnail","","category-interviews"],"yoast_head":"<!-- This site is optimized with the Yoast SEO plugin v20.4 - https:\/\/yoast.com\/wordpress\/plugins\/seo\/ -->\n<title>Au Nom du Fils - Astrid Whettnall - la tonalit\u00e9 du film - w-l-c<\/title>\n<meta name=\"robots\" content=\"noindex, follow, max-snippet:-1, max-image-preview:large, max-video-preview:-1\" \/>\n<meta property=\"og:locale\" content=\"fr_FR\" \/>\n<meta property=\"og:type\" content=\"article\" \/>\n<meta property=\"og:title\" content=\"Au Nom du Fils - Astrid Whettnall - la tonalit\u00e9 du film - w-l-c\" \/>\n<meta property=\"og:description\" content=\"Elisabeth a tout pour \u00eatre heureuse (lui) semble-t-il. Une famille aimante, portrait crach\u00e9 d&rsquo;une famille mod\u00e8le, un r\u00f4le actif et appr\u00e9ci\u00e9 au sien de sa communaut\u00e9, et surtout, une foi in\u00e9branlable. Alors que la Paroisse doit se serrer la ceinture pour subvenir \u00e0 ses frais de fonctionnement, Elisabeth accueille au sein de son foyer le &hellip;\" \/>\n<meta property=\"og:url\" content=\"https:\/\/w-l-c.be\/fr\/au-nom-du-fils-astrid-whettnall-ton\/\" \/>\n<meta property=\"og:site_name\" content=\"w-l-c\" \/>\n<meta property=\"article:published_time\" content=\"2013-03-21T06:05:51+00:00\" \/>\n<meta property=\"article:modified_time\" content=\"2013-06-24T07:52:11+00:00\" \/>\n<meta property=\"og:image\" content=\"https:\/\/w-l-c.be\/wp-content\/uploads\/2012\/03\/as-02.jpg\" \/>\n\t<meta property=\"og:image:width\" content=\"789\" \/>\n\t<meta property=\"og:image:height\" content=\"436\" \/>\n\t<meta property=\"og:image:type\" content=\"image\/jpeg\" \/>\n<meta name=\"author\" content=\"Philippe.Pierquin\" \/>\n<meta name=\"twitter:card\" content=\"summary_large_image\" \/>\n<meta name=\"twitter:label1\" content=\"\u00c9crit par\" \/>\n\t<meta name=\"twitter:data1\" content=\"Philippe.Pierquin\" \/>\n\t<meta name=\"twitter:label2\" content=\"Dur\u00e9e de lecture estim\u00e9e\" \/>\n\t<meta name=\"twitter:data2\" content=\"1 minute\" \/>\n<script type=\"application\/ld+json\" class=\"yoast-schema-graph\">{\"@context\":\"https:\/\/schema.org\",\"@graph\":[{\"@type\":\"WebPage\",\"@id\":\"https:\/\/w-l-c.be\/fr\/au-nom-du-fils-astrid-whettnall-ton\/\",\"url\":\"https:\/\/w-l-c.be\/fr\/au-nom-du-fils-astrid-whettnall-ton\/\",\"name\":\"Au Nom du Fils - Astrid Whettnall - la tonalit\u00e9 du film - w-l-c\",\"isPartOf\":{\"@id\":\"https:\/\/w-l-c.be\/fr\/#website\"},\"datePublished\":\"2013-03-21T06:05:51+00:00\",\"dateModified\":\"2013-06-24T07:52:11+00:00\",\"author\":{\"@id\":\"https:\/\/w-l-c.be\/fr\/#\/schema\/person\/4b9b1d857f0943453a38a7c2859ef756\"},\"breadcrumb\":{\"@id\":\"https:\/\/w-l-c.be\/fr\/au-nom-du-fils-astrid-whettnall-ton\/#breadcrumb\"},\"inLanguage\":\"fr-FR\",\"potentialAction\":[{\"@type\":\"ReadAction\",\"target\":[\"https:\/\/w-l-c.be\/fr\/au-nom-du-fils-astrid-whettnall-ton\/\"]}]},{\"@type\":\"BreadcrumbList\",\"@id\":\"https:\/\/w-l-c.be\/fr\/au-nom-du-fils-astrid-whettnall-ton\/#breadcrumb\",\"itemListElement\":[{\"@type\":\"ListItem\",\"position\":1,\"name\":\"Accueil\",\"item\":\"https:\/\/w-l-c.be\/fr\/\"},{\"@type\":\"ListItem\",\"position\":2,\"name\":\"Au Nom du Fils &#8211; Astrid Whettnall &#8211; la tonalit\u00e9 du film\"}]},{\"@type\":\"WebSite\",\"@id\":\"https:\/\/w-l-c.be\/fr\/#website\",\"url\":\"https:\/\/w-l-c.be\/fr\/\",\"name\":\"w-l-c\",\"description\":\"Le cin\u00e9ma vu par les belges\",\"potentialAction\":[{\"@type\":\"SearchAction\",\"target\":{\"@type\":\"EntryPoint\",\"urlTemplate\":\"https:\/\/w-l-c.be\/fr\/?s={search_term_string}\"},\"query-input\":\"required name=search_term_string\"}],\"inLanguage\":\"fr-FR\"},{\"@type\":\"Person\",\"@id\":\"https:\/\/w-l-c.be\/fr\/#\/schema\/person\/4b9b1d857f0943453a38a7c2859ef756\",\"name\":\"Philippe.Pierquin\",\"url\":\"https:\/\/w-l-c.be\/fr\/author\/philippe-pierquin\/\"}]}<\/script>\n<!-- \/ Yoast SEO plugin. -->","yoast_head_json":{"title":"Au Nom du Fils - Astrid Whettnall - la tonalit\u00e9 du film - w-l-c","robots":{"index":"noindex","follow":"follow","max-snippet":"max-snippet:-1","max-image-preview":"max-image-preview:large","max-video-preview":"max-video-preview:-1"},"og_locale":"fr_FR","og_type":"article","og_title":"Au Nom du Fils - Astrid Whettnall - la tonalit\u00e9 du film - w-l-c","og_description":"Elisabeth a tout pour \u00eatre heureuse (lui) semble-t-il. Une famille aimante, portrait crach\u00e9 d&rsquo;une famille mod\u00e8le, un r\u00f4le actif et appr\u00e9ci\u00e9 au sien de sa communaut\u00e9, et surtout, une foi in\u00e9branlable. Alors que la Paroisse doit se serrer la ceinture pour subvenir \u00e0 ses frais de fonctionnement, Elisabeth accueille au sein de son foyer le &hellip;","og_url":"https:\/\/w-l-c.be\/fr\/au-nom-du-fils-astrid-whettnall-ton\/","og_site_name":"w-l-c","article_published_time":"2013-03-21T06:05:51+00:00","article_modified_time":"2013-06-24T07:52:11+00:00","og_image":[{"width":"789","height":"436","url":"https:\/\/w-l-c.be\/wp-content\/uploads\/2012\/03\/as-02.jpg","type":"image\/jpeg"}],"author":"Philippe.Pierquin","twitter_card":"summary_large_image","twitter_misc":{"\u00c9crit par":"Philippe.Pierquin","Dur\u00e9e de lecture estim\u00e9e":"1 minute"},"schema":{"@context":"https:\/\/schema.org","@graph":[{"@type":"WebPage","@id":"https:\/\/w-l-c.be\/fr\/au-nom-du-fils-astrid-whettnall-ton\/","url":"https:\/\/w-l-c.be\/fr\/au-nom-du-fils-astrid-whettnall-ton\/","name":"Au Nom du Fils - Astrid Whettnall - la tonalit\u00e9 du film - w-l-c","isPartOf":{"@id":"https:\/\/w-l-c.be\/fr\/#website"},"datePublished":"2013-03-21T06:05:51+00:00","dateModified":"2013-06-24T07:52:11+00:00","author":{"@id":"https:\/\/w-l-c.be\/fr\/#\/schema\/person\/4b9b1d857f0943453a38a7c2859ef756"},"breadcrumb":{"@id":"https:\/\/w-l-c.be\/fr\/au-nom-du-fils-astrid-whettnall-ton\/#breadcrumb"},"inLanguage":"fr-FR","potentialAction":[{"@type":"ReadAction","target":["https:\/\/w-l-c.be\/fr\/au-nom-du-fils-astrid-whettnall-ton\/"]}]},{"@type":"BreadcrumbList","@id":"https:\/\/w-l-c.be\/fr\/au-nom-du-fils-astrid-whettnall-ton\/#breadcrumb","itemListElement":[{"@type":"ListItem","position":1,"name":"Accueil","item":"https:\/\/w-l-c.be\/fr\/"},{"@type":"ListItem","position":2,"name":"Au Nom du Fils &#8211; Astrid Whettnall &#8211; la tonalit\u00e9 du film"}]},{"@type":"WebSite","@id":"https:\/\/w-l-c.be\/fr\/#website","url":"https:\/\/w-l-c.be\/fr\/","name":"w-l-c","description":"Le cin\u00e9ma vu par les belges","potentialAction":[{"@type":"SearchAction","target":{"@type":"EntryPoint","urlTemplate":"https:\/\/w-l-c.be\/fr\/?s={search_term_string}"},"query-input":"required name=search_term_string"}],"inLanguage":"fr-FR"},{"@type":"Person","@id":"https:\/\/w-l-c.be\/fr\/#\/schema\/person\/4b9b1d857f0943453a38a7c2859ef756","name":"Philippe.Pierquin","url":"https:\/\/w-l-c.be\/fr\/author\/philippe-pierquin\/"}]}},"_links":{"self":[{"href":"https:\/\/w-l-c.be\/fr\/wp-json\/wp\/v2\/posts\/39470","targetHints":{"allow":["GET"]}}],"collection":[{"href":"https:\/\/w-l-c.be\/fr\/wp-json\/wp\/v2\/posts"}],"about":[{"href":"https:\/\/w-l-c.be\/fr\/wp-json\/wp\/v2\/types\/post"}],"author":[{"embeddable":true,"href":"https:\/\/w-l-c.be\/fr\/wp-json\/wp\/v2\/users\/7"}],"replies":[{"embeddable":true,"href":"https:\/\/w-l-c.be\/fr\/wp-json\/wp\/v2\/comments?post=39470"}],"version-history":[{"count":0,"href":"https:\/\/w-l-c.be\/fr\/wp-json\/wp\/v2\/posts\/39470\/revisions"}],"wp:featuredmedia":[{"embeddable":true,"href":"https:\/\/w-l-c.be\/fr\/wp-json\/wp\/v2\/media\/39472"}],"wp:attachment":[{"href":"https:\/\/w-l-c.be\/fr\/wp-json\/wp\/v2\/media?parent=39470"}],"wp:term":[{"taxonomy":"category","embeddable":true,"href":"https:\/\/w-l-c.be\/fr\/wp-json\/wp\/v2\/categories?post=39470"},{"taxonomy":"post_tag","embeddable":true,"href":"https:\/\/w-l-c.be\/fr\/wp-json\/wp\/v2\/tags?post=39470"}],"curies":[{"name":"wp","href":"https:\/\/api.w.org\/{rel}","templated":true}]}}